{"id":11144,"date":"2021-08-10T15:03:31","date_gmt":"2021-08-10T15:03:31","guid":{"rendered":"https:\/\/www.africa-press.net\/cotedivoire\/?p=11144"},"modified":"2021-08-11T21:11:13","modified_gmt":"2021-08-11T21:11:13","slug":"cote-divoire-le-depute-de-man-s-p-sia-andre-na-pas-lache-affi-dementi","status":"publish","type":"post","link":"https:\/\/www.africa-press.net\/cotedivoire\/politique\/cote-divoire-le-depute-de-man-s-p-sia-andre-na-pas-lache-affi-dementi","title":{"rendered":"Le d\u00e9put\u00e9 de Man S\/P Sia Andr\u00e9 n\u2019a pas l\u00e2ch\u00e9 Affi \u00ab\u00a0d\u00e9menti\u00a0\u00bb"},"content":{"rendered":"<p><span style=\"color: #ff6600\"><strong><a href=\"https:\/\/www.africa-press.net\/\">Africa-Press<\/a> &#8211; <a href=\"https:\/\/www.africa-press.net\/cotedivoire\">C\u00f4te d&rsquo;Ivoire<\/a>. <\/strong><\/span>Annonc\u00e9 r\u00e9cemment au FPI de Laurent Gbagbo ou \u00e0 l\u2019UDPCI de Mabri Toikeusse, le d\u00e9put\u00e9 de Man sous-pr\u00e9fecture, Sangouin\u00e9\u2026apporte par la voix de son directeur de cabinet un d\u00e9menti.<\/p>\n<p>Sia Andr\u00e9 demeure donc pour le moment avec Affi, malgr\u00e9 les fortes pressions des bases du FPI dans le Tonkpi pour qu\u2019il s\u2019aligne derri\u00e8re Laurent Gbagbo.\u2026..D\u00c9MENTICe mardi 10 ao\u00fbt 2021 la page Facebook PDCI 24 affiche sur son mur : APR\u00c8S KONAT\u00c9 NAVIGU\u00c9, AFFI PERD UN SOUTIEN DE TAILLE\u2026Dans le d\u00e9veloppement de cette publication, il est affirm\u00e9 que l\u2019honorable SIA ANDRE d\u00e9put\u00e9 de sanguouine quitte le FPI et son pr\u00e9sident PASCAL AFFI NGUESSAN pour rejoindre l\u2019UDPCI.<\/p>\n<p><b>Nous tenons \u00e0 apporter les pr\u00e9cisions suivantes :<\/b><\/p>\n<p><b>L\u2019honorable SIA ANDRE, d\u00e9put\u00e9 de la circonscription \u00e9lectorale des sous pr\u00e9fecture de Man, Sanguouin\u00e9 Podiagouin\u00e9 Sandougou soba, Zagou\u00e9 et Fayampleu n\u2019a jamais quitt\u00e9 le FPI et son pr\u00e9sident pour rejoindre l\u2019UDPCI.<\/b><\/p>\n<p><b>L\u2019honorable demeure au FPI son parti politique dans lequel il a toujours \u00e9t\u00e9 depuis les ann\u00e9es 1980.<\/b><\/p>\n<p><b>Il demeure \u00e0 son poste de vice pr\u00e9sident du FPI charg\u00e9 de la r\u00e9gion du Tonkpi.<\/b><\/p>\n<p><b>Il s\u2019inscrit enti\u00e8rement dans le combat du pr\u00e9sident PASCAL AFFI NGUESSAN en vue de redonner un visage nouveau \u00e0 la politique ivoirienne\u2026<\/b><\/p>\n<p><b>L\u2019honorable demande donc aux auteurs de la page Facebook PDCI 24 de publier ce d\u00e9menti dans les m\u00eames conditions et les m\u00eames formes que leur pr\u00e9c\u00e9dent post sur l\u2019honorable au quel cas il se r\u00e9serve le droit de saisir les juridictions comp\u00e9tentes pour obtenir r\u00e9paration.<\/b><\/p>\n<p><b>GOUE JULES, directeur de cabinet de l\u2019honorable SIA ANDRE<\/b><\/p>\n","protected":false},"excerpt":{"rendered":"<p>Africa-Press &#8211; C\u00f4te d&rsquo;Ivoire. Annonc\u00e9 r\u00e9cemment au FPI de Laurent Gbagbo ou \u00e0 l\u2019UDPCI de Mabri Toikeusse, le d\u00e9put\u00e9 de Man sous-pr\u00e9fecture, Sangouin\u00e9\u2026apporte par la voix de son directeur de cabinet un d\u00e9menti. Sia Andr\u00e9 demeure donc pour le moment avec Affi, malgr\u00e9 les fortes pressions des bases du FPI dans le Tonkpi pour qu\u2019il [&hellip;]<\/p>\n","protected":false},"author":82,"featured_media":11143,"comment_status":"open","ping_status":"closed","sticky":false,"template":"","format":"standard","meta":{"footnotes":""},"categories":[11,2,20,10],"tags":[56,63,29],"class_list":["post-11144","post","type-post","status-publish","format-standard","has-post-thumbnail","hentry","category-homepage-french","category-politique","category-top-nouvelles","category-toutes-les-actualites","tag-africa-press","tag-africa-press-cote-divoire","tag-cote-divoire"],"yoast_head":"<!-- This site is optimized with the Yoast SEO Premium plugin v26.1 (Yoast SEO v27.0) - https:\/\/yoast.com\/product\/yoast-seo-premium-wordpress\/ -->\n<title>Le d\u00e9put\u00e9 de Man S\/P Sia Andr\u00e9 n\u2019a pas l\u00e2ch\u00e9 Affi \u00ab\u00a0d\u00e9menti\u00a0\u00bb - C\u00f4te d&#039;Ivoire<\/title>\n<meta name=\"description\" content=\"Annonc\u00e9 r\u00e9cemment au FPI de Laurent Gbagbo ou \u00e0 l\u2019UDPCI de Mabri Toikeusse, le d\u00e9put\u00e9 de Man sous-pr\u00e9fecture, Sangouin\u00e9\u2026 ...\" \/>\n<meta name=\"robots\" content=\"index, follow, max-snippet:-1, max-image-preview:large, max-video-preview:-1\" \/>\n<link rel=\"canonical\" href=\"https:\/\/www.africa-press.net\/cotedivoire\/politique\/cote-divoire-le-depute-de-man-s-p-sia-andre-na-pas-lache-affi-dementi\" \/>\n<meta property=\"og:locale\" content=\"fr_FR\" \/>\n<meta property=\"og:type\" content=\"article\" \/>\n<meta property=\"og:title\" content=\"Le d\u00e9put\u00e9 de Man S\/P Sia Andr\u00e9 n\u2019a pas l\u00e2ch\u00e9 Affi \u00ab\u00a0d\u00e9menti\u00a0\u00bb\" \/>\n<meta property=\"og:description\" content=\"Annonc\u00e9 r\u00e9cemment au FPI de Laurent Gbagbo ou \u00e0 l\u2019UDPCI de Mabri Toikeusse, le d\u00e9put\u00e9 de Man sous-pr\u00e9fecture, Sangouin\u00e9\u2026 ...\" \/>\n<meta property=\"og:url\" content=\"https:\/\/www.africa-press.net\/cotedivoire\/politique\/cote-divoire-le-depute-de-man-s-p-sia-andre-na-pas-lache-affi-dementi\" \/>\n<meta property=\"og:site_name\" content=\"C\u00f4te d&#039;Ivoire\" \/>\n<meta property=\"article:published_time\" content=\"2021-08-10T15:03:31+00:00\" \/>\n<meta property=\"article:modified_time\" content=\"2021-08-11T21:11:13+00:00\" \/>\n<meta property=\"og:image\" content=\"https:\/\/static.africa-press.net\/cote\/sites\/43\/2021\/08\/img-611287d9e5fa6.jpg\" \/>\n\t<meta property=\"og:image:width\" content=\"1508\" \/>\n\t<meta property=\"og:image:height\" content=\"1053\" \/>\n\t<meta property=\"og:image:type\" content=\"image\/jpeg\" \/>\n<meta name=\"author\" content=\"cfeditorfr\" \/>\n<meta name=\"twitter:card\" content=\"summary_large_image\" \/>\n<meta name=\"twitter:label1\" content=\"\u00c9crit par\" \/>\n\t<meta name=\"twitter:data1\" content=\"cfeditorfr\" \/>\n\t<meta name=\"twitter:label2\" content=\"Dur\u00e9e de lecture estim\u00e9e\" \/>\n\t<meta name=\"twitter:data2\" content=\"1 minute\" \/>\n<script type=\"application\/ld+json\" class=\"yoast-schema-graph\">{\"@context\":\"https:\/\/schema.org\",\"@graph\":[{\"@type\":\"Article\",\"@id\":\"https:\/\/www.africa-press.net\/cotedivoire\/politique\/cote-divoire-le-depute-de-man-s-p-sia-andre-na-pas-lache-affi-dementi#article\",\"isPartOf\":{\"@id\":\"https:\/\/www.africa-press.net\/cotedivoire\/politique\/cote-divoire-le-depute-de-man-s-p-sia-andre-na-pas-lache-affi-dementi\"},\"author\":{\"name\":\"cfeditorfr\",\"@id\":\"https:\/\/www.africa-press.net\/cotedivoire\/#\/schema\/person\/2b1cf3cd81a31e3cd26889ca66d677f1\"},\"headline\":\"Le d\u00e9put\u00e9 de Man S\/P Sia Andr\u00e9 n\u2019a pas l\u00e2ch\u00e9 Affi \u00ab\u00a0d\u00e9menti\u00a0\u00bb\",\"datePublished\":\"2021-08-10T15:03:31+00:00\",\"dateModified\":\"2021-08-11T21:11:13+00:00\",\"mainEntityOfPage\":{\"@id\":\"https:\/\/www.africa-press.net\/cotedivoire\/politique\/cote-divoire-le-depute-de-man-s-p-sia-andre-na-pas-lache-affi-dementi\"},\"wordCount\":309,\"commentCount\":0,\"image\":{\"@id\":\"https:\/\/www.africa-press.net\/cotedivoire\/politique\/cote-divoire-le-depute-de-man-s-p-sia-andre-na-pas-lache-affi-dementi#primaryimage\"},\"thumbnailUrl\":\"https:\/\/static.africa-press.net\/cote\/sites\/43\/2021\/08\/img-611287d9e5fa6.jpg\",\"keywords\":[\"Africa Press\",\"Africa Press-C\u00f4te d'Ivoire\",\"C\u00d4TE D'IVOIRE\"],\"articleSection\":[\"homepage-french\",\"Politique\",\"Top Nouvelles\",\"Toutes les actualit\u00e9s\"],\"inLanguage\":\"fr-FR\",\"potentialAction\":[{\"@type\":\"CommentAction\",\"name\":\"Comment\",\"target\":[\"https:\/\/www.africa-press.net\/cotedivoire\/politique\/cote-divoire-le-depute-de-man-s-p-sia-andre-na-pas-lache-affi-dementi#respond\"]}]},{\"@type\":\"WebPage\",\"@id\":\"https:\/\/www.africa-press.net\/cotedivoire\/politique\/cote-divoire-le-depute-de-man-s-p-sia-andre-na-pas-lache-affi-dementi\",\"url\":\"https:\/\/www.africa-press.net\/cotedivoire\/politique\/cote-divoire-le-depute-de-man-s-p-sia-andre-na-pas-lache-affi-dementi\",\"name\":\"Le d\u00e9put\u00e9 de Man S\/P Sia Andr\u00e9 n\u2019a pas l\u00e2ch\u00e9 Affi \u00ab\u00a0d\u00e9menti\u00a0\u00bb - C\u00f4te d&#039;Ivoire\",\"isPartOf\":{\"@id\":\"https:\/\/www.africa-press.net\/cotedivoire\/#website\"},\"primaryImageOfPage\":{\"@id\":\"https:\/\/www.africa-press.net\/cotedivoire\/politique\/cote-divoire-le-depute-de-man-s-p-sia-andre-na-pas-lache-affi-dementi#primaryimage\"},\"image\":{\"@id\":\"https:\/\/www.africa-press.net\/cotedivoire\/politique\/cote-divoire-le-depute-de-man-s-p-sia-andre-na-pas-lache-affi-dementi#primaryimage\"},\"thumbnailUrl\":\"https:\/\/static.africa-press.net\/cote\/sites\/43\/2021\/08\/img-611287d9e5fa6.jpg\",\"datePublished\":\"2021-08-10T15:03:31+00:00\",\"dateModified\":\"2021-08-11T21:11:13+00:00\",\"author\":{\"@id\":\"https:\/\/www.africa-press.net\/cotedivoire\/#\/schema\/person\/2b1cf3cd81a31e3cd26889ca66d677f1\"},\"description\":\"Annonc\u00e9 r\u00e9cemment au FPI de Laurent Gbagbo ou \u00e0 l\u2019UDPCI de Mabri Toikeusse, le d\u00e9put\u00e9 de Man sous-pr\u00e9fecture, Sangouin\u00e9\u2026 ...\",\"breadcrumb\":{\"@id\":\"https:\/\/www.africa-press.net\/cotedivoire\/politique\/cote-divoire-le-depute-de-man-s-p-sia-andre-na-pas-lache-affi-dementi#breadcrumb\"},\"inLanguage\":\"fr-FR\",\"potentialAction\":[{\"@type\":\"ReadAction\",\"target\":[\"https:\/\/www.africa-press.net\/cotedivoire\/politique\/cote-divoire-le-depute-de-man-s-p-sia-andre-na-pas-lache-affi-dementi\"]}]},{\"@type\":\"ImageObject\",\"inLanguage\":\"fr-FR\",\"@id\":\"https:\/\/www.africa-press.net\/cotedivoire\/politique\/cote-divoire-le-depute-de-man-s-p-sia-andre-na-pas-lache-affi-dementi#primaryimage\",\"url\":\"https:\/\/static.africa-press.net\/cote\/sites\/43\/2021\/08\/img-611287d9e5fa6.jpg\",\"contentUrl\":\"https:\/\/static.africa-press.net\/cote\/sites\/43\/2021\/08\/img-611287d9e5fa6.jpg\",\"width\":1508,\"height\":1053,\"caption\":\"C\u00f4te-d\u2019Ivoire: Le d\u00e9put\u00e9 de Man S\/P Sia Andr\u00e9 n\u2019a pas l\u00e2ch\u00e9 Affi \u00ab\u00a0d\u00e9menti\u00a0\u00bb\"},{\"@type\":\"BreadcrumbList\",\"@id\":\"https:\/\/www.africa-press.net\/cotedivoire\/politique\/cote-divoire-le-depute-de-man-s-p-sia-andre-na-pas-lache-affi-dementi#breadcrumb\",\"itemListElement\":[{\"@type\":\"ListItem\",\"position\":1,\"name\":\"Accueil\",\"item\":\"https:\/\/www.africa-press.net\/cotedivoire\/\"},{\"@type\":\"ListItem\",\"position\":2,\"name\":\"Le d\u00e9put\u00e9 de Man S\/P Sia Andr\u00e9 n\u2019a pas l\u00e2ch\u00e9 Affi \u00ab\u00a0d\u00e9menti\u00a0\u00bb\"}]},{\"@type\":\"WebSite\",\"@id\":\"https:\/\/www.africa-press.net\/cotedivoire\/#website\",\"url\":\"https:\/\/www.africa-press.net\/cotedivoire\/\",\"name\":\"C\u00f4te d&#039;Ivoire\",\"description\":\"Just another Africa News Agency Sites site\",\"potentialAction\":[{\"@type\":\"SearchAction\",\"target\":{\"@type\":\"EntryPoint\",\"urlTemplate\":\"https:\/\/www.africa-press.net\/cotedivoire\/?s={search_term_string}\"},\"query-input\":{\"@type\":\"PropertyValueSpecification\",\"valueRequired\":true,\"valueName\":\"search_term_string\"}}],\"inLanguage\":\"fr-FR\"},{\"@type\":\"Person\",\"@id\":\"https:\/\/www.africa-press.net\/cotedivoire\/#\/schema\/person\/2b1cf3cd81a31e3cd26889ca66d677f1\",\"name\":\"cfeditorfr\"}]}<\/script>\n<!-- \/ Yoast SEO Premium plugin. -->","yoast_head_json":{"title":"Le d\u00e9put\u00e9 de Man S\/P Sia Andr\u00e9 n\u2019a pas l\u00e2ch\u00e9 Affi \u00ab\u00a0d\u00e9menti\u00a0\u00bb - C\u00f4te d&#039;Ivoire","description":"Annonc\u00e9 r\u00e9cemment au FPI de Laurent Gbagbo ou \u00e0 l\u2019UDPCI de Mabri Toikeusse, le d\u00e9put\u00e9 de Man sous-pr\u00e9fecture, Sangouin\u00e9\u2026 ...","robots":{"index":"index","follow":"follow","max-snippet":"max-snippet:-1","max-image-preview":"max-image-preview:large","max-video-preview":"max-video-preview:-1"},"canonical":"https:\/\/www.africa-press.net\/cotedivoire\/politique\/cote-divoire-le-depute-de-man-s-p-sia-andre-na-pas-lache-affi-dementi","og_locale":"fr_FR","og_type":"article","og_title":"Le d\u00e9put\u00e9 de Man S\/P Sia Andr\u00e9 n\u2019a pas l\u00e2ch\u00e9 Affi \u00ab\u00a0d\u00e9menti\u00a0\u00bb","og_description":"Annonc\u00e9 r\u00e9cemment au FPI de Laurent Gbagbo ou \u00e0 l\u2019UDPCI de Mabri Toikeusse, le d\u00e9put\u00e9 de Man sous-pr\u00e9fecture, Sangouin\u00e9\u2026 ...","og_url":"https:\/\/www.africa-press.net\/cotedivoire\/politique\/cote-divoire-le-depute-de-man-s-p-sia-andre-na-pas-lache-affi-dementi","og_site_name":"C\u00f4te d&#039;Ivoire","article_published_time":"2021-08-10T15:03:31+00:00","article_modified_time":"2021-08-11T21:11:13+00:00","og_image":[{"width":1508,"height":1053,"url":"https:\/\/static.africa-press.net\/cote\/sites\/43\/2021\/08\/img-611287d9e5fa6.jpg","type":"image\/jpeg"}],"author":"cfeditorfr","twitter_card":"summary_large_image","twitter_misc":{"\u00c9crit par":"cfeditorfr","Dur\u00e9e de lecture estim\u00e9e":"1 minute"},"schema":{"@context":"https:\/\/schema.org","@graph":[{"@type":"Article","@id":"https:\/\/www.africa-press.net\/cotedivoire\/politique\/cote-divoire-le-depute-de-man-s-p-sia-andre-na-pas-lache-affi-dementi#article","isPartOf":{"@id":"https:\/\/www.africa-press.net\/cotedivoire\/politique\/cote-divoire-le-depute-de-man-s-p-sia-andre-na-pas-lache-affi-dementi"},"author":{"name":"cfeditorfr","@id":"https:\/\/www.africa-press.net\/cotedivoire\/#\/schema\/person\/2b1cf3cd81a31e3cd26889ca66d677f1"},"headline":"Le d\u00e9put\u00e9 de Man S\/P Sia Andr\u00e9 n\u2019a pas l\u00e2ch\u00e9 Affi \u00ab\u00a0d\u00e9menti\u00a0\u00bb","datePublished":"2021-08-10T15:03:31+00:00","dateModified":"2021-08-11T21:11:13+00:00","mainEntityOfPage":{"@id":"https:\/\/www.africa-press.net\/cotedivoire\/politique\/cote-divoire-le-depute-de-man-s-p-sia-andre-na-pas-lache-affi-dementi"},"wordCount":309,"commentCount":0,"image":{"@id":"https:\/\/www.africa-press.net\/cotedivoire\/politique\/cote-divoire-le-depute-de-man-s-p-sia-andre-na-pas-lache-affi-dementi#primaryimage"},"thumbnailUrl":"https:\/\/static.africa-press.net\/cote\/sites\/43\/2021\/08\/img-611287d9e5fa6.jpg","keywords":["Africa Press","Africa Press-C\u00f4te d'Ivoire","C\u00d4TE D'IVOIRE"],"articleSection":["homepage-french","Politique","Top Nouvelles","Toutes les actualit\u00e9s"],"inLanguage":"fr-FR","potentialAction":[{"@type":"CommentAction","name":"Comment","target":["https:\/\/www.africa-press.net\/cotedivoire\/politique\/cote-divoire-le-depute-de-man-s-p-sia-andre-na-pas-lache-affi-dementi#respond"]}]},{"@type":"WebPage","@id":"https:\/\/www.africa-press.net\/cotedivoire\/politique\/cote-divoire-le-depute-de-man-s-p-sia-andre-na-pas-lache-affi-dementi","url":"https:\/\/www.africa-press.net\/cotedivoire\/politique\/cote-divoire-le-depute-de-man-s-p-sia-andre-na-pas-lache-affi-dementi","name":"Le d\u00e9put\u00e9 de Man S\/P Sia Andr\u00e9 n\u2019a pas l\u00e2ch\u00e9 Affi \u00ab\u00a0d\u00e9menti\u00a0\u00bb - C\u00f4te d&#039;Ivoire","isPartOf":{"@id":"https:\/\/www.africa-press.net\/cotedivoire\/#website"},"primaryImageOfPage":{"@id":"https:\/\/www.africa-press.net\/cotedivoire\/politique\/cote-divoire-le-depute-de-man-s-p-sia-andre-na-pas-lache-affi-dementi#primaryimage"},"image":{"@id":"https:\/\/www.africa-press.net\/cotedivoire\/politique\/cote-divoire-le-depute-de-man-s-p-sia-andre-na-pas-lache-affi-dementi#primaryimage"},"thumbnailUrl":"https:\/\/static.africa-press.net\/cote\/sites\/43\/2021\/08\/img-611287d9e5fa6.jpg","datePublished":"2021-08-10T15:03:31+00:00","dateModified":"2021-08-11T21:11:13+00:00","author":{"@id":"https:\/\/www.africa-press.net\/cotedivoire\/#\/schema\/person\/2b1cf3cd81a31e3cd26889ca66d677f1"},"description":"Annonc\u00e9 r\u00e9cemment au FPI de Laurent Gbagbo ou \u00e0 l\u2019UDPCI de Mabri Toikeusse, le d\u00e9put\u00e9 de Man sous-pr\u00e9fecture, Sangouin\u00e9\u2026 ...","breadcrumb":{"@id":"https:\/\/www.africa-press.net\/cotedivoire\/politique\/cote-divoire-le-depute-de-man-s-p-sia-andre-na-pas-lache-affi-dementi#breadcrumb"},"inLanguage":"fr-FR","potentialAction":[{"@type":"ReadAction","target":["https:\/\/www.africa-press.net\/cotedivoire\/politique\/cote-divoire-le-depute-de-man-s-p-sia-andre-na-pas-lache-affi-dementi"]}]},{"@type":"ImageObject","inLanguage":"fr-FR","@id":"https:\/\/www.africa-press.net\/cotedivoire\/politique\/cote-divoire-le-depute-de-man-s-p-sia-andre-na-pas-lache-affi-dementi#primaryimage","url":"https:\/\/static.africa-press.net\/cote\/sites\/43\/2021\/08\/img-611287d9e5fa6.jpg","contentUrl":"https:\/\/static.africa-press.net\/cote\/sites\/43\/2021\/08\/img-611287d9e5fa6.jpg","width":1508,"height":1053,"caption":"C\u00f4te-d\u2019Ivoire: Le d\u00e9put\u00e9 de Man S\/P Sia Andr\u00e9 n\u2019a pas l\u00e2ch\u00e9 Affi \u00ab\u00a0d\u00e9menti\u00a0\u00bb"},{"@type":"BreadcrumbList","@id":"https:\/\/www.africa-press.net\/cotedivoire\/politique\/cote-divoire-le-depute-de-man-s-p-sia-andre-na-pas-lache-affi-dementi#breadcrumb","itemListElement":[{"@type":"ListItem","position":1,"name":"Accueil","item":"https:\/\/www.africa-press.net\/cotedivoire\/"},{"@type":"ListItem","position":2,"name":"Le d\u00e9put\u00e9 de Man S\/P Sia Andr\u00e9 n\u2019a pas l\u00e2ch\u00e9 Affi \u00ab\u00a0d\u00e9menti\u00a0\u00bb"}]},{"@type":"WebSite","@id":"https:\/\/www.africa-press.net\/cotedivoire\/#website","url":"https:\/\/www.africa-press.net\/cotedivoire\/","name":"C\u00f4te d&#039;Ivoire","description":"Just another Africa News Agency Sites site","potentialAction":[{"@type":"SearchAction","target":{"@type":"EntryPoint","urlTemplate":"https:\/\/www.africa-press.net\/cotedivoire\/?s={search_term_string}"},"query-input":{"@type":"PropertyValueSpecification","valueRequired":true,"valueName":"search_term_string"}}],"inLanguage":"fr-FR"},{"@type":"Person","@id":"https:\/\/www.africa-press.net\/cotedivoire\/#\/schema\/person\/2b1cf3cd81a31e3cd26889ca66d677f1","name":"cfeditorfr"}]}},"_links":{"self":[{"href":"https:\/\/www.africa-press.net\/cotedivoire\/wp-json\/wp\/v2\/posts\/11144","targetHints":{"allow":["GET"]}}],"collection":[{"href":"https:\/\/www.africa-press.net\/cotedivoire\/wp-json\/wp\/v2\/posts"}],"about":[{"href":"https:\/\/www.africa-press.net\/cotedivoire\/wp-json\/wp\/v2\/types\/post"}],"author":[{"embeddable":true,"href":"https:\/\/www.africa-press.net\/cotedivoire\/wp-json\/wp\/v2\/users\/82"}],"replies":[{"embeddable":true,"href":"https:\/\/www.africa-press.net\/cotedivoire\/wp-json\/wp\/v2\/comments?post=11144"}],"version-history":[{"count":0,"href":"https:\/\/www.africa-press.net\/cotedivoire\/wp-json\/wp\/v2\/posts\/11144\/revisions"}],"wp:featuredmedia":[{"embeddable":true,"href":"https:\/\/www.africa-press.net\/cotedivoire\/wp-json\/wp\/v2\/media\/11143"}],"wp:attachment":[{"href":"https:\/\/www.africa-press.net\/cotedivoire\/wp-json\/wp\/v2\/media?parent=11144"}],"wp:term":[{"taxonomy":"category","embeddable":true,"href":"https:\/\/www.africa-press.net\/cotedivoire\/wp-json\/wp\/v2\/categories?post=11144"},{"taxonomy":"post_tag","embeddable":true,"href":"https:\/\/www.africa-press.net\/cotedivoire\/wp-json\/wp\/v2\/tags?post=11144"}],"curies":[{"name":"wp","href":"https:\/\/api.w.org\/{rel}","templated":true}]}}