{"id":111447,"date":"2026-01-04T13:01:11","date_gmt":"2026-01-04T13:01:11","guid":{"rendered":"https:\/\/www.africa-press.net\/cotedivoire\/politique\/note-dinformation-au-ministre-moussa-sanogo-sur-forme-interrogative"},"modified":"2026-01-05T12:08:33","modified_gmt":"2026-01-05T12:08:33","slug":"note-dinformation-au-ministre-moussa-sanogo-sur-forme-interrogative","status":"publish","type":"post","link":"https:\/\/www.africa-press.net\/cotedivoire\/politique\/note-dinformation-au-ministre-moussa-sanogo-sur-forme-interrogative","title":{"rendered":"Note d&rsquo;information au Ministre Moussa Sanogo sur forme interrogative"},"content":{"rendered":"<p><span style=\"color: #ff6600\"><strong>Africa-Press &#8211; C\u00f4te d&rsquo;Ivoire. <\/strong><\/span>Le ministre conseiller a\u0300 la pre\u0301sidence de la Re\u0301publique, Mamadou Sanogo et le ministre du Patrimoine, du Portefeuille de l\u2019Etat et des Entreprises publiques, Moussa Sanogo, scellant la paix et l\u2019union en juin 2025 a\u0300 Touba (DR)<\/p>\n<p>Une note d\u2019information consulte\u0301e, ce samedi 03 janvier 2026, par KOACI et attribue\u0301e au Ministre du Patrimoine, du Portefeuille de l\u2019Etat et des Entreprises Publiques, Moussa Sanogo, au Conseiller-Ministre a\u0300 la Pre\u0301sidence de la Re\u0301publique, Mamadou Sanogo interroge sur la forme.<\/p>\n<p>La note<\/p>\n<p>Ladite note est libelle\u0301e ainsi: \u00ab Subodorant que vous n\u2019en e\u0302tes certainement pas e\u0301te\u0301 informe\u0301, je porte a\u0300 votre connaissance que Monsieur Arouna Doh Bamba, responsable de votre service de communication, a publie\u0301 ce jeudi 1er janvier 2026 sur la plateforme MEDIA RHDP, un e\u0301crit diffamatoire a\u0300 mon encontre, m\u2019imputant des faits graves de de\u0301loyaute\u0301 envers ma famille politique. Aussi, ai-je saisi mon Conseil juridique afin que Monsieur Bamba puisse apporter les preuves de ses alle\u0301gations, au besoin de l\u2019y contraindre par voie de justice&#8230; \u00bb<\/p>\n<p>Ce qui suscite l\u2019interrogation sur cette note qui pourrait en dire sur une e\u0301ventuelle crise de leadership entre des cadres du RHDP dans la re\u0301gion du Bafing, est de savoir pourquoi une querelle politicienne se retrouve en pleine administration publique?<\/p>\n<p>La preuve, la note attribue\u0301e au Ministre Sanogo est estampille\u0301e du sceau et de l\u2019ente\u0302te du Ministe\u0300re du Patrimoine, du Portefeuille de l\u2019Etat et des Entreprises Publiques.<\/p>\n<p><strong>Pour plus d&rsquo;informations et d&rsquo;analyses sur la <span style=\"color: #ff6600\">C\u00f4te d&rsquo;Ivoire<\/span>, suivez <span style=\"color: #ff6600\">Africa-Press<\/span><\/strong><\/p>\n","protected":false},"excerpt":{"rendered":"<p>Africa-Press &#8211; C\u00f4te d&rsquo;Ivoire. Le ministre conseiller a\u0300 la pre\u0301sidence de la Re\u0301publique, Mamadou Sanogo et le ministre du Patrimoine, du Portefeuille de l\u2019Etat et des Entreprises publiques, Moussa Sanogo, scellant la paix et l\u2019union en juin 2025 a\u0300 Touba (DR) Une note d\u2019information consulte\u0301e, ce samedi 03 janvier 2026, par KOACI et attribue\u0301e au [&hellip;]<\/p>\n","protected":false},"author":82,"featured_media":111446,"comment_status":"open","ping_status":"closed","sticky":false,"template":"","format":"standard","meta":{"footnotes":""},"categories":[2,10],"tags":[20041,29,4921,1660,1102,5422,371],"class_list":["post-111447","post","type-post","status-publish","format-standard","has-post-thumbnail","hentry","category-politique","category-toutes-les-actualites","tag-arouna-doh-bamba","tag-cote-divoire","tag-information","tag-mamadou-sanogo","tag-moussa-sanogo","tag-note","tag-rhdp"],"yoast_head":"<!-- This site is optimized with the Yoast SEO Premium plugin v26.1 (Yoast SEO v27.0) - https:\/\/yoast.com\/product\/yoast-seo-premium-wordpress\/ -->\n<title>Note d&#039;information au Ministre Moussa Sanogo sur forme interrogative - C\u00f4te d&#039;Ivoire<\/title>\n<meta name=\"description\" content=\"Le ministre conseiller a\u0300 la pre\u0301sidence de la Re\u0301publique, Mamadou Sanogo et le ministre du Patrimoine, du Portefeuille ...\" \/>\n<meta name=\"robots\" content=\"index, follow, max-snippet:-1, max-image-preview:large, max-video-preview:-1\" \/>\n<link rel=\"canonical\" href=\"https:\/\/www.africa-press.net\/cotedivoire\/politique\/note-dinformation-au-ministre-moussa-sanogo-sur-forme-interrogative\" \/>\n<meta property=\"og:locale\" content=\"fr_FR\" \/>\n<meta property=\"og:type\" content=\"article\" \/>\n<meta property=\"og:title\" content=\"Note d&#039;information au Ministre Moussa Sanogo sur forme interrogative\" \/>\n<meta property=\"og:description\" content=\"Le ministre conseiller a\u0300 la pre\u0301sidence de la Re\u0301publique, Mamadou Sanogo et le ministre du Patrimoine, du Portefeuille ...\" \/>\n<meta property=\"og:url\" content=\"https:\/\/www.africa-press.net\/cotedivoire\/politique\/note-dinformation-au-ministre-moussa-sanogo-sur-forme-interrogative\" \/>\n<meta property=\"og:site_name\" content=\"C\u00f4te d&#039;Ivoire\" \/>\n<meta property=\"article:published_time\" content=\"2026-01-04T13:01:11+00:00\" \/>\n<meta property=\"article:modified_time\" content=\"2026-01-05T12:08:33+00:00\" \/>\n<meta property=\"og:image\" content=\"https:\/\/static.africa-press.net\/cote\/sites\/43\/2026\/01\/sm_1767520344.7165.jpg\" \/>\n\t<meta property=\"og:image:width\" content=\"720\" \/>\n\t<meta property=\"og:image:height\" content=\"493\" \/>\n\t<meta property=\"og:image:type\" content=\"image\/jpeg\" \/>\n<meta name=\"author\" content=\"cfeditorfr\" \/>\n<meta name=\"twitter:card\" content=\"summary_large_image\" \/>\n<meta name=\"twitter:label1\" content=\"\u00c9crit par\" \/>\n\t<meta name=\"twitter:data1\" content=\"cfeditorfr\" \/>\n\t<meta name=\"twitter:label2\" content=\"Dur\u00e9e de lecture estim\u00e9e\" \/>\n\t<meta name=\"twitter:data2\" content=\"2 minutes\" \/>\n<script type=\"application\/ld+json\" class=\"yoast-schema-graph\">{\"@context\":\"https:\/\/schema.org\",\"@graph\":[{\"@type\":\"Article\",\"@id\":\"https:\/\/www.africa-press.net\/cotedivoire\/politique\/note-dinformation-au-ministre-moussa-sanogo-sur-forme-interrogative#article\",\"isPartOf\":{\"@id\":\"https:\/\/www.africa-press.net\/cotedivoire\/politique\/note-dinformation-au-ministre-moussa-sanogo-sur-forme-interrogative\"},\"author\":{\"name\":\"cfeditorfr\",\"@id\":\"https:\/\/www.africa-press.net\/cotedivoire\/#\/schema\/person\/2b1cf3cd81a31e3cd26889ca66d677f1\"},\"headline\":\"Note d&rsquo;information au Ministre Moussa Sanogo sur forme interrogative\",\"datePublished\":\"2026-01-04T13:01:11+00:00\",\"dateModified\":\"2026-01-05T12:08:33+00:00\",\"mainEntityOfPage\":{\"@id\":\"https:\/\/www.africa-press.net\/cotedivoire\/politique\/note-dinformation-au-ministre-moussa-sanogo-sur-forme-interrogative\"},\"wordCount\":286,\"commentCount\":0,\"image\":{\"@id\":\"https:\/\/www.africa-press.net\/cotedivoire\/politique\/note-dinformation-au-ministre-moussa-sanogo-sur-forme-interrogative#primaryimage\"},\"thumbnailUrl\":\"https:\/\/static.africa-press.net\/cote\/sites\/43\/2026\/01\/sm_1767520344.7165.jpg\",\"keywords\":[\"Arouna Doh Bamba\",\"C\u00d4TE D'IVOIRE\",\"information\",\"Mamadou Sanogo\",\"Moussa Sanogo\",\"note\",\"RHDP\"],\"articleSection\":[\"Politique\",\"Toutes les actualit\u00e9s\"],\"inLanguage\":\"fr-FR\",\"potentialAction\":[{\"@type\":\"CommentAction\",\"name\":\"Comment\",\"target\":[\"https:\/\/www.africa-press.net\/cotedivoire\/politique\/note-dinformation-au-ministre-moussa-sanogo-sur-forme-interrogative#respond\"]}]},{\"@type\":\"WebPage\",\"@id\":\"https:\/\/www.africa-press.net\/cotedivoire\/politique\/note-dinformation-au-ministre-moussa-sanogo-sur-forme-interrogative\",\"url\":\"https:\/\/www.africa-press.net\/cotedivoire\/politique\/note-dinformation-au-ministre-moussa-sanogo-sur-forme-interrogative\",\"name\":\"Note d'information au Ministre Moussa Sanogo sur forme interrogative - C\u00f4te d&#039;Ivoire\",\"isPartOf\":{\"@id\":\"https:\/\/www.africa-press.net\/cotedivoire\/#website\"},\"primaryImageOfPage\":{\"@id\":\"https:\/\/www.africa-press.net\/cotedivoire\/politique\/note-dinformation-au-ministre-moussa-sanogo-sur-forme-interrogative#primaryimage\"},\"image\":{\"@id\":\"https:\/\/www.africa-press.net\/cotedivoire\/politique\/note-dinformation-au-ministre-moussa-sanogo-sur-forme-interrogative#primaryimage\"},\"thumbnailUrl\":\"https:\/\/static.africa-press.net\/cote\/sites\/43\/2026\/01\/sm_1767520344.7165.jpg\",\"datePublished\":\"2026-01-04T13:01:11+00:00\",\"dateModified\":\"2026-01-05T12:08:33+00:00\",\"author\":{\"@id\":\"https:\/\/www.africa-press.net\/cotedivoire\/#\/schema\/person\/2b1cf3cd81a31e3cd26889ca66d677f1\"},\"description\":\"Le ministre conseiller a\u0300 la pre\u0301sidence de la Re\u0301publique, Mamadou Sanogo et le ministre du Patrimoine, du Portefeuille ...\",\"breadcrumb\":{\"@id\":\"https:\/\/www.africa-press.net\/cotedivoire\/politique\/note-dinformation-au-ministre-moussa-sanogo-sur-forme-interrogative#breadcrumb\"},\"inLanguage\":\"fr-FR\",\"potentialAction\":[{\"@type\":\"ReadAction\",\"target\":[\"https:\/\/www.africa-press.net\/cotedivoire\/politique\/note-dinformation-au-ministre-moussa-sanogo-sur-forme-interrogative\"]}]},{\"@type\":\"ImageObject\",\"inLanguage\":\"fr-FR\",\"@id\":\"https:\/\/www.africa-press.net\/cotedivoire\/politique\/note-dinformation-au-ministre-moussa-sanogo-sur-forme-interrogative#primaryimage\",\"url\":\"https:\/\/static.africa-press.net\/cote\/sites\/43\/2026\/01\/sm_1767520344.7165.jpg\",\"contentUrl\":\"https:\/\/static.africa-press.net\/cote\/sites\/43\/2026\/01\/sm_1767520344.7165.jpg\",\"width\":720,\"height\":493,\"caption\":\"Note d'information au Ministre Moussa Sanogo sur forme interrogative\"},{\"@type\":\"BreadcrumbList\",\"@id\":\"https:\/\/www.africa-press.net\/cotedivoire\/politique\/note-dinformation-au-ministre-moussa-sanogo-sur-forme-interrogative#breadcrumb\",\"itemListElement\":[{\"@type\":\"ListItem\",\"position\":1,\"name\":\"Accueil\",\"item\":\"https:\/\/www.africa-press.net\/cotedivoire\/\"},{\"@type\":\"ListItem\",\"position\":2,\"name\":\"Note d&#8217;information au Ministre Moussa Sanogo sur forme interrogative\"}]},{\"@type\":\"WebSite\",\"@id\":\"https:\/\/www.africa-press.net\/cotedivoire\/#website\",\"url\":\"https:\/\/www.africa-press.net\/cotedivoire\/\",\"name\":\"C\u00f4te d&#039;Ivoire\",\"description\":\"Just another Africa News Agency Sites site\",\"potentialAction\":[{\"@type\":\"SearchAction\",\"target\":{\"@type\":\"EntryPoint\",\"urlTemplate\":\"https:\/\/www.africa-press.net\/cotedivoire\/?s={search_term_string}\"},\"query-input\":{\"@type\":\"PropertyValueSpecification\",\"valueRequired\":true,\"valueName\":\"search_term_string\"}}],\"inLanguage\":\"fr-FR\"},{\"@type\":\"Person\",\"@id\":\"https:\/\/www.africa-press.net\/cotedivoire\/#\/schema\/person\/2b1cf3cd81a31e3cd26889ca66d677f1\",\"name\":\"cfeditorfr\"}]}<\/script>\n<!-- \/ Yoast SEO Premium plugin. -->","yoast_head_json":{"title":"Note d'information au Ministre Moussa Sanogo sur forme interrogative - C\u00f4te d&#039;Ivoire","description":"Le ministre conseiller a\u0300 la pre\u0301sidence de la Re\u0301publique, Mamadou Sanogo et le ministre du Patrimoine, du Portefeuille ...","robots":{"index":"index","follow":"follow","max-snippet":"max-snippet:-1","max-image-preview":"max-image-preview:large","max-video-preview":"max-video-preview:-1"},"canonical":"https:\/\/www.africa-press.net\/cotedivoire\/politique\/note-dinformation-au-ministre-moussa-sanogo-sur-forme-interrogative","og_locale":"fr_FR","og_type":"article","og_title":"Note d'information au Ministre Moussa Sanogo sur forme interrogative","og_description":"Le ministre conseiller a\u0300 la pre\u0301sidence de la Re\u0301publique, Mamadou Sanogo et le ministre du Patrimoine, du Portefeuille ...","og_url":"https:\/\/www.africa-press.net\/cotedivoire\/politique\/note-dinformation-au-ministre-moussa-sanogo-sur-forme-interrogative","og_site_name":"C\u00f4te d&#039;Ivoire","article_published_time":"2026-01-04T13:01:11+00:00","article_modified_time":"2026-01-05T12:08:33+00:00","og_image":[{"width":720,"height":493,"url":"https:\/\/static.africa-press.net\/cote\/sites\/43\/2026\/01\/sm_1767520344.7165.jpg","type":"image\/jpeg"}],"author":"cfeditorfr","twitter_card":"summary_large_image","twitter_misc":{"\u00c9crit par":"cfeditorfr","Dur\u00e9e de lecture estim\u00e9e":"2 minutes"},"schema":{"@context":"https:\/\/schema.org","@graph":[{"@type":"Article","@id":"https:\/\/www.africa-press.net\/cotedivoire\/politique\/note-dinformation-au-ministre-moussa-sanogo-sur-forme-interrogative#article","isPartOf":{"@id":"https:\/\/www.africa-press.net\/cotedivoire\/politique\/note-dinformation-au-ministre-moussa-sanogo-sur-forme-interrogative"},"author":{"name":"cfeditorfr","@id":"https:\/\/www.africa-press.net\/cotedivoire\/#\/schema\/person\/2b1cf3cd81a31e3cd26889ca66d677f1"},"headline":"Note d&rsquo;information au Ministre Moussa Sanogo sur forme interrogative","datePublished":"2026-01-04T13:01:11+00:00","dateModified":"2026-01-05T12:08:33+00:00","mainEntityOfPage":{"@id":"https:\/\/www.africa-press.net\/cotedivoire\/politique\/note-dinformation-au-ministre-moussa-sanogo-sur-forme-interrogative"},"wordCount":286,"commentCount":0,"image":{"@id":"https:\/\/www.africa-press.net\/cotedivoire\/politique\/note-dinformation-au-ministre-moussa-sanogo-sur-forme-interrogative#primaryimage"},"thumbnailUrl":"https:\/\/static.africa-press.net\/cote\/sites\/43\/2026\/01\/sm_1767520344.7165.jpg","keywords":["Arouna Doh Bamba","C\u00d4TE D'IVOIRE","information","Mamadou Sanogo","Moussa Sanogo","note","RHDP"],"articleSection":["Politique","Toutes les actualit\u00e9s"],"inLanguage":"fr-FR","potentialAction":[{"@type":"CommentAction","name":"Comment","target":["https:\/\/www.africa-press.net\/cotedivoire\/politique\/note-dinformation-au-ministre-moussa-sanogo-sur-forme-interrogative#respond"]}]},{"@type":"WebPage","@id":"https:\/\/www.africa-press.net\/cotedivoire\/politique\/note-dinformation-au-ministre-moussa-sanogo-sur-forme-interrogative","url":"https:\/\/www.africa-press.net\/cotedivoire\/politique\/note-dinformation-au-ministre-moussa-sanogo-sur-forme-interrogative","name":"Note d'information au Ministre Moussa Sanogo sur forme interrogative - C\u00f4te d&#039;Ivoire","isPartOf":{"@id":"https:\/\/www.africa-press.net\/cotedivoire\/#website"},"primaryImageOfPage":{"@id":"https:\/\/www.africa-press.net\/cotedivoire\/politique\/note-dinformation-au-ministre-moussa-sanogo-sur-forme-interrogative#primaryimage"},"image":{"@id":"https:\/\/www.africa-press.net\/cotedivoire\/politique\/note-dinformation-au-ministre-moussa-sanogo-sur-forme-interrogative#primaryimage"},"thumbnailUrl":"https:\/\/static.africa-press.net\/cote\/sites\/43\/2026\/01\/sm_1767520344.7165.jpg","datePublished":"2026-01-04T13:01:11+00:00","dateModified":"2026-01-05T12:08:33+00:00","author":{"@id":"https:\/\/www.africa-press.net\/cotedivoire\/#\/schema\/person\/2b1cf3cd81a31e3cd26889ca66d677f1"},"description":"Le ministre conseiller a\u0300 la pre\u0301sidence de la Re\u0301publique, Mamadou Sanogo et le ministre du Patrimoine, du Portefeuille ...","breadcrumb":{"@id":"https:\/\/www.africa-press.net\/cotedivoire\/politique\/note-dinformation-au-ministre-moussa-sanogo-sur-forme-interrogative#breadcrumb"},"inLanguage":"fr-FR","potentialAction":[{"@type":"ReadAction","target":["https:\/\/www.africa-press.net\/cotedivoire\/politique\/note-dinformation-au-ministre-moussa-sanogo-sur-forme-interrogative"]}]},{"@type":"ImageObject","inLanguage":"fr-FR","@id":"https:\/\/www.africa-press.net\/cotedivoire\/politique\/note-dinformation-au-ministre-moussa-sanogo-sur-forme-interrogative#primaryimage","url":"https:\/\/static.africa-press.net\/cote\/sites\/43\/2026\/01\/sm_1767520344.7165.jpg","contentUrl":"https:\/\/static.africa-press.net\/cote\/sites\/43\/2026\/01\/sm_1767520344.7165.jpg","width":720,"height":493,"caption":"Note d'information au Ministre Moussa Sanogo sur forme interrogative"},{"@type":"BreadcrumbList","@id":"https:\/\/www.africa-press.net\/cotedivoire\/politique\/note-dinformation-au-ministre-moussa-sanogo-sur-forme-interrogative#breadcrumb","itemListElement":[{"@type":"ListItem","position":1,"name":"Accueil","item":"https:\/\/www.africa-press.net\/cotedivoire\/"},{"@type":"ListItem","position":2,"name":"Note d&#8217;information au Ministre Moussa Sanogo sur forme interrogative"}]},{"@type":"WebSite","@id":"https:\/\/www.africa-press.net\/cotedivoire\/#website","url":"https:\/\/www.africa-press.net\/cotedivoire\/","name":"C\u00f4te d&#039;Ivoire","description":"Just another Africa News Agency Sites site","potentialAction":[{"@type":"SearchAction","target":{"@type":"EntryPoint","urlTemplate":"https:\/\/www.africa-press.net\/cotedivoire\/?s={search_term_string}"},"query-input":{"@type":"PropertyValueSpecification","valueRequired":true,"valueName":"search_term_string"}}],"inLanguage":"fr-FR"},{"@type":"Person","@id":"https:\/\/www.africa-press.net\/cotedivoire\/#\/schema\/person\/2b1cf3cd81a31e3cd26889ca66d677f1","name":"cfeditorfr"}]}},"_links":{"self":[{"href":"https:\/\/www.africa-press.net\/cotedivoire\/wp-json\/wp\/v2\/posts\/111447","targetHints":{"allow":["GET"]}}],"collection":[{"href":"https:\/\/www.africa-press.net\/cotedivoire\/wp-json\/wp\/v2\/posts"}],"about":[{"href":"https:\/\/www.africa-press.net\/cotedivoire\/wp-json\/wp\/v2\/types\/post"}],"author":[{"embeddable":true,"href":"https:\/\/www.africa-press.net\/cotedivoire\/wp-json\/wp\/v2\/users\/82"}],"replies":[{"embeddable":true,"href":"https:\/\/www.africa-press.net\/cotedivoire\/wp-json\/wp\/v2\/comments?post=111447"}],"version-history":[{"count":0,"href":"https:\/\/www.africa-press.net\/cotedivoire\/wp-json\/wp\/v2\/posts\/111447\/revisions"}],"wp:featuredmedia":[{"embeddable":true,"href":"https:\/\/www.africa-press.net\/cotedivoire\/wp-json\/wp\/v2\/media\/111446"}],"wp:attachment":[{"href":"https:\/\/www.africa-press.net\/cotedivoire\/wp-json\/wp\/v2\/media?parent=111447"}],"wp:term":[{"taxonomy":"category","embeddable":true,"href":"https:\/\/www.africa-press.net\/cotedivoire\/wp-json\/wp\/v2\/categories?post=111447"},{"taxonomy":"post_tag","embeddable":true,"href":"https:\/\/www.africa-press.net\/cotedivoire\/wp-json\/wp\/v2\/tags?post=111447"}],"curies":[{"name":"wp","href":"https:\/\/api.w.org\/{rel}","templated":true}]}}