{"id":111476,"date":"2026-01-05T12:01:18","date_gmt":"2026-01-05T12:01:18","guid":{"rendered":"https:\/\/www.africa-press.net\/cotedivoire\/politique\/vigilance-sanitaire-renforcee-pour-fetes-de-fin-dannee"},"modified":"2026-01-05T12:01:18","modified_gmt":"2026-01-05T12:01:18","slug":"vigilance-sanitaire-renforcee-pour-fetes-de-fin-dannee","status":"publish","type":"post","link":"https:\/\/www.africa-press.net\/cotedivoire\/toutes-les-actualites\/vigilance-sanitaire-renforcee-pour-fetes-de-fin-dannee","title":{"rendered":"Vigilance Sanitaire Renforc\u00e9e pour F\u00eates de Fin d&rsquo;Ann\u00e9e"},"content":{"rendered":"<p><span style=\"color: #ff6600\"><strong>Africa-Press &#8211; C\u00f4te d&rsquo;Ivoire. <\/strong><\/span>Lors des fe\u0302tes de fin d\u2019anne\u0301e, la Nouvelle Pharmacie de la Sante\u0301 Publique de Co\u0302te d\u2019Ivoire a renforce\u0301 son dispositif de pre\u0301vention et de re\u0301ponse sanitaire afin d\u2019assurer une prise en charge rapide et efficace des populations.<\/p>\n<p>Selon une note de la structure consulte\u0301e par KOACI, pour ce faire, la Nouvelle PSP CI a mis en \u0153uvre des actions coordonne\u0301es sur l\u2019ensemble du territoire national afin de garantir la disponibilite\u0301 continue des produits pharmaceutiques et des intrants me\u0301dicaux essentiels.<\/p>\n<p>Dans ce cadre, des kits \u00ab Accidents de la Voie Publique (AVP) ont e\u0301te\u0301, comme chaque anne\u0301e, de\u0301ploye\u0301s dans les sites strate\u0301giques, notamment les postes de secours et les centres de sante\u0301 de re\u0301fe\u0301rence.<\/p>\n<p>Compose\u0301s de consommables d\u2019urgence, de me\u0301dicaments essentiels et de mate\u0301riels de protection, ces kits permettent une prise en charge imme\u0301diate des victimes d\u2019accidents et contribuent ainsi a\u0300 limiter la gravite\u0301 des traumatismes avant leur e\u0301vacuation vers les structures hospitalie\u0300res.<\/p>\n<p>Pour cette fin d\u2019anne\u0301e, en plus de la mise a\u0300 disposition des kits AVP, la Nouvelle PSP CI a renforce\u0301 son dispositif pre\u0301ventif par la re\u0301alisation d\u2019une campagne de de\u0301sinfection de certains e\u0301tablissements de sante\u0301.<\/p>\n<p>Mene\u0301e en partenariat avec les directions re\u0301gionales de la sante\u0301 et les e\u0301quipes hospitalie\u0300res, cette ope\u0301ration qui inclut la fourniture de produits d\u2019hygie\u0300ne hospitalie\u0300re, vise a\u0300 re\u0301duire les risques sanitaires dans les structures de soins, particulie\u0300rement en pe\u0301riode de forte affluence.<\/p>\n<p>Par ailleurs, la centrale nationale d\u2019achats a entame\u0301 la re\u0301alisation de son inventaire de fin d\u2019anne\u0301e, une ope\u0301ration strate\u0301gique destine\u0301e a\u0300 se\u0301curiser les stocks, mieux e\u0301valuer les besoins et garantir par conse\u0301quent la disponibilite\u0301 continue des me\u0301dicaments essentiels sur l\u2019ensemble du territoire.<\/p>\n<p>A\u0300 travers l\u2019ensemble de ces actions, la Nouvelle PSP CI a re\u0301affirme\u0301 son engagement a\u0300 anticiper les risques sanitaires et a\u0300 accompagner efficacement les e\u0301tablissements de sante\u0301 afin de prote\u0301ger les populations durant cette pe\u0301riode sensible de l\u2019anne\u0301e.<\/p>\n<p><strong>Pour plus d&rsquo;informations et d&rsquo;analyses sur la <span style=\"color: #ff6600\">C\u00f4te d&rsquo;Ivoire<\/span>, suivez <span style=\"color: #ff6600\">Africa-Press<span style=\"color: #ff6600\"><\/span><\/strong><\/p>\n","protected":false},"excerpt":{"rendered":"<p>Africa-Press &#8211; C\u00f4te d&rsquo;Ivoire. Lors des fe\u0302tes de fin d\u2019anne\u0301e, la Nouvelle Pharmacie de la Sante\u0301 Publique de Co\u0302te d\u2019Ivoire a renforce\u0301 son dispositif de pre\u0301vention et de re\u0301ponse sanitaire afin d\u2019assurer une prise en charge rapide et efficace des populations. Selon une note de la structure consulte\u0301e par KOACI, pour ce faire, la Nouvelle [&hellip;]<\/p>\n","protected":false},"author":82,"featured_media":111475,"comment_status":"open","ping_status":"closed","sticky":false,"template":"","format":"standard","meta":{"footnotes":""},"categories":[21,10],"tags":[37,297,20045,3816],"class_list":["post-111476","post","type-post","status-publish","format-standard","has-post-thumbnail","hentry","category-communaute","category-toutes-les-actualites","tag-cote-divoire-2","tag-nouvelle","tag-psp-ci","tag-sanitaires"],"yoast_head":"<!-- This site is optimized with the Yoast SEO Premium plugin v26.1 (Yoast SEO v27.0) - https:\/\/yoast.com\/product\/yoast-seo-premium-wordpress\/ -->\n<title>Vigilance Sanitaire Renforc\u00e9e pour F\u00eates de Fin d&#039;Ann\u00e9e - C\u00f4te d&#039;Ivoire<\/title>\n<meta name=\"robots\" content=\"index, follow, max-snippet:-1, max-image-preview:large, max-video-preview:-1\" \/>\n<link rel=\"canonical\" href=\"https:\/\/www.africa-press.net\/cotedivoire\/politique\/vigilance-sanitaire-renforcee-pour-fetes-de-fin-dannee\" \/>\n<meta property=\"og:locale\" content=\"fr_FR\" \/>\n<meta property=\"og:type\" content=\"article\" \/>\n<meta property=\"og:title\" content=\"Vigilance Sanitaire Renforc\u00e9e pour F\u00eates de Fin d&#039;Ann\u00e9e\" \/>\n<meta property=\"og:description\" content=\"Africa-Press &#8211; C\u00f4te d&rsquo;Ivoire. Lors des fe\u0302tes de fin d\u2019anne\u0301e, la Nouvelle Pharmacie de la Sante\u0301 Publique de Co\u0302te d\u2019Ivoire a renforce\u0301 son dispositif de pre\u0301vention et de re\u0301ponse sanitaire afin d\u2019assurer une prise en charge rapide et efficace des populations. Selon une note de la structure consulte\u0301e par KOACI, pour ce faire, la Nouvelle [&hellip;]\" \/>\n<meta property=\"og:url\" content=\"https:\/\/www.africa-press.net\/cotedivoire\/politique\/vigilance-sanitaire-renforcee-pour-fetes-de-fin-dannee\" \/>\n<meta property=\"og:site_name\" content=\"C\u00f4te d&#039;Ivoire\" \/>\n<meta property=\"article:published_time\" content=\"2026-01-05T12:01:18+00:00\" \/>\n<meta name=\"author\" content=\"cfeditorfr\" \/>\n<meta name=\"twitter:card\" content=\"summary_large_image\" \/>\n<meta name=\"twitter:label1\" content=\"\u00c9crit par\" \/>\n\t<meta name=\"twitter:data1\" content=\"cfeditorfr\" \/>\n\t<meta name=\"twitter:label2\" content=\"Dur\u00e9e de lecture estim\u00e9e\" \/>\n\t<meta name=\"twitter:data2\" content=\"2 minutes\" \/>\n<script type=\"application\/ld+json\" class=\"yoast-schema-graph\">{\"@context\":\"https:\/\/schema.org\",\"@graph\":[{\"@type\":\"Article\",\"@id\":\"https:\/\/www.africa-press.net\/cotedivoire\/politique\/vigilance-sanitaire-renforcee-pour-fetes-de-fin-dannee#article\",\"isPartOf\":{\"@id\":\"https:\/\/www.africa-press.net\/cotedivoire\/politique\/vigilance-sanitaire-renforcee-pour-fetes-de-fin-dannee\"},\"author\":{\"name\":\"cfeditorfr\",\"@id\":\"https:\/\/www.africa-press.net\/cotedivoire\/#\/schema\/person\/2b1cf3cd81a31e3cd26889ca66d677f1\"},\"headline\":\"Vigilance Sanitaire Renforc\u00e9e pour F\u00eates de Fin d&rsquo;Ann\u00e9e\",\"datePublished\":\"2026-01-05T12:01:18+00:00\",\"mainEntityOfPage\":{\"@id\":\"https:\/\/www.africa-press.net\/cotedivoire\/politique\/vigilance-sanitaire-renforcee-pour-fetes-de-fin-dannee\"},\"wordCount\":404,\"commentCount\":0,\"image\":{\"@id\":\"https:\/\/www.africa-press.net\/cotedivoire\/politique\/vigilance-sanitaire-renforcee-pour-fetes-de-fin-dannee#primaryimage\"},\"thumbnailUrl\":\"https:\/\/static.africa-press.net\/cote\/sites\/43\/2026\/01\/sm_1767606755.538042.jpg\",\"keywords\":[\"C\u00f4te d'Ivoire\",\"nouvelle\",\"PSP CI\",\"sanitaires\"],\"articleSection\":[\"Communaut\u00e9\",\"Toutes les actualit\u00e9s\"],\"inLanguage\":\"fr-FR\",\"potentialAction\":[{\"@type\":\"CommentAction\",\"name\":\"Comment\",\"target\":[\"https:\/\/www.africa-press.net\/cotedivoire\/politique\/vigilance-sanitaire-renforcee-pour-fetes-de-fin-dannee#respond\"]}]},{\"@type\":\"WebPage\",\"@id\":\"https:\/\/www.africa-press.net\/cotedivoire\/politique\/vigilance-sanitaire-renforcee-pour-fetes-de-fin-dannee\",\"url\":\"https:\/\/www.africa-press.net\/cotedivoire\/politique\/vigilance-sanitaire-renforcee-pour-fetes-de-fin-dannee\",\"name\":\"Vigilance Sanitaire Renforc\u00e9e pour F\u00eates de Fin d'Ann\u00e9e - C\u00f4te d&#039;Ivoire\",\"isPartOf\":{\"@id\":\"https:\/\/www.africa-press.net\/cotedivoire\/#website\"},\"primaryImageOfPage\":{\"@id\":\"https:\/\/www.africa-press.net\/cotedivoire\/politique\/vigilance-sanitaire-renforcee-pour-fetes-de-fin-dannee#primaryimage\"},\"image\":{\"@id\":\"https:\/\/www.africa-press.net\/cotedivoire\/politique\/vigilance-sanitaire-renforcee-pour-fetes-de-fin-dannee#primaryimage\"},\"thumbnailUrl\":\"https:\/\/static.africa-press.net\/cote\/sites\/43\/2026\/01\/sm_1767606755.538042.jpg\",\"datePublished\":\"2026-01-05T12:01:18+00:00\",\"author\":{\"@id\":\"https:\/\/www.africa-press.net\/cotedivoire\/#\/schema\/person\/2b1cf3cd81a31e3cd26889ca66d677f1\"},\"breadcrumb\":{\"@id\":\"https:\/\/www.africa-press.net\/cotedivoire\/politique\/vigilance-sanitaire-renforcee-pour-fetes-de-fin-dannee#breadcrumb\"},\"inLanguage\":\"fr-FR\",\"potentialAction\":[{\"@type\":\"ReadAction\",\"target\":[\"https:\/\/www.africa-press.net\/cotedivoire\/politique\/vigilance-sanitaire-renforcee-pour-fetes-de-fin-dannee\"]}]},{\"@type\":\"ImageObject\",\"inLanguage\":\"fr-FR\",\"@id\":\"https:\/\/www.africa-press.net\/cotedivoire\/politique\/vigilance-sanitaire-renforcee-pour-fetes-de-fin-dannee#primaryimage\",\"url\":\"https:\/\/static.africa-press.net\/cote\/sites\/43\/2026\/01\/sm_1767606755.538042.jpg\",\"contentUrl\":\"https:\/\/static.africa-press.net\/cote\/sites\/43\/2026\/01\/sm_1767606755.538042.jpg\",\"width\":720,\"height\":354,\"caption\":\"Vigilance Sanitaire Renforc\u00e9e pour F\u00eates de Fin d'Ann\u00e9e\"},{\"@type\":\"BreadcrumbList\",\"@id\":\"https:\/\/www.africa-press.net\/cotedivoire\/politique\/vigilance-sanitaire-renforcee-pour-fetes-de-fin-dannee#breadcrumb\",\"itemListElement\":[{\"@type\":\"ListItem\",\"position\":1,\"name\":\"Accueil\",\"item\":\"https:\/\/www.africa-press.net\/cotedivoire\/\"},{\"@type\":\"ListItem\",\"position\":2,\"name\":\"Vigilance Sanitaire Renforc\u00e9e pour F\u00eates de Fin d&rsquo;Ann\u00e9e\"}]},{\"@type\":\"WebSite\",\"@id\":\"https:\/\/www.africa-press.net\/cotedivoire\/#website\",\"url\":\"https:\/\/www.africa-press.net\/cotedivoire\/\",\"name\":\"C\u00f4te d&#039;Ivoire\",\"description\":\"Just another Africa News Agency Sites site\",\"potentialAction\":[{\"@type\":\"SearchAction\",\"target\":{\"@type\":\"EntryPoint\",\"urlTemplate\":\"https:\/\/www.africa-press.net\/cotedivoire\/?s={search_term_string}\"},\"query-input\":{\"@type\":\"PropertyValueSpecification\",\"valueRequired\":true,\"valueName\":\"search_term_string\"}}],\"inLanguage\":\"fr-FR\"},{\"@type\":\"Person\",\"@id\":\"https:\/\/www.africa-press.net\/cotedivoire\/#\/schema\/person\/2b1cf3cd81a31e3cd26889ca66d677f1\",\"name\":\"cfeditorfr\"}]}<\/script>\n<!-- \/ Yoast SEO Premium plugin. -->","yoast_head_json":{"title":"Vigilance Sanitaire Renforc\u00e9e pour F\u00eates de Fin d'Ann\u00e9e - C\u00f4te d&#039;Ivoire","robots":{"index":"index","follow":"follow","max-snippet":"max-snippet:-1","max-image-preview":"max-image-preview:large","max-video-preview":"max-video-preview:-1"},"canonical":"https:\/\/www.africa-press.net\/cotedivoire\/politique\/vigilance-sanitaire-renforcee-pour-fetes-de-fin-dannee","og_locale":"fr_FR","og_type":"article","og_title":"Vigilance Sanitaire Renforc\u00e9e pour F\u00eates de Fin d'Ann\u00e9e","og_description":"Africa-Press &#8211; C\u00f4te d&rsquo;Ivoire. Lors des fe\u0302tes de fin d\u2019anne\u0301e, la Nouvelle Pharmacie de la Sante\u0301 Publique de Co\u0302te d\u2019Ivoire a renforce\u0301 son dispositif de pre\u0301vention et de re\u0301ponse sanitaire afin d\u2019assurer une prise en charge rapide et efficace des populations. Selon une note de la structure consulte\u0301e par KOACI, pour ce faire, la Nouvelle [&hellip;]","og_url":"https:\/\/www.africa-press.net\/cotedivoire\/politique\/vigilance-sanitaire-renforcee-pour-fetes-de-fin-dannee","og_site_name":"C\u00f4te d&#039;Ivoire","article_published_time":"2026-01-05T12:01:18+00:00","author":"cfeditorfr","twitter_card":"summary_large_image","twitter_misc":{"\u00c9crit par":"cfeditorfr","Dur\u00e9e de lecture estim\u00e9e":"2 minutes"},"schema":{"@context":"https:\/\/schema.org","@graph":[{"@type":"Article","@id":"https:\/\/www.africa-press.net\/cotedivoire\/politique\/vigilance-sanitaire-renforcee-pour-fetes-de-fin-dannee#article","isPartOf":{"@id":"https:\/\/www.africa-press.net\/cotedivoire\/politique\/vigilance-sanitaire-renforcee-pour-fetes-de-fin-dannee"},"author":{"name":"cfeditorfr","@id":"https:\/\/www.africa-press.net\/cotedivoire\/#\/schema\/person\/2b1cf3cd81a31e3cd26889ca66d677f1"},"headline":"Vigilance Sanitaire Renforc\u00e9e pour F\u00eates de Fin d&rsquo;Ann\u00e9e","datePublished":"2026-01-05T12:01:18+00:00","mainEntityOfPage":{"@id":"https:\/\/www.africa-press.net\/cotedivoire\/politique\/vigilance-sanitaire-renforcee-pour-fetes-de-fin-dannee"},"wordCount":404,"commentCount":0,"image":{"@id":"https:\/\/www.africa-press.net\/cotedivoire\/politique\/vigilance-sanitaire-renforcee-pour-fetes-de-fin-dannee#primaryimage"},"thumbnailUrl":"https:\/\/static.africa-press.net\/cote\/sites\/43\/2026\/01\/sm_1767606755.538042.jpg","keywords":["C\u00f4te d'Ivoire","nouvelle","PSP CI","sanitaires"],"articleSection":["Communaut\u00e9","Toutes les actualit\u00e9s"],"inLanguage":"fr-FR","potentialAction":[{"@type":"CommentAction","name":"Comment","target":["https:\/\/www.africa-press.net\/cotedivoire\/politique\/vigilance-sanitaire-renforcee-pour-fetes-de-fin-dannee#respond"]}]},{"@type":"WebPage","@id":"https:\/\/www.africa-press.net\/cotedivoire\/politique\/vigilance-sanitaire-renforcee-pour-fetes-de-fin-dannee","url":"https:\/\/www.africa-press.net\/cotedivoire\/politique\/vigilance-sanitaire-renforcee-pour-fetes-de-fin-dannee","name":"Vigilance Sanitaire Renforc\u00e9e pour F\u00eates de Fin d'Ann\u00e9e - C\u00f4te d&#039;Ivoire","isPartOf":{"@id":"https:\/\/www.africa-press.net\/cotedivoire\/#website"},"primaryImageOfPage":{"@id":"https:\/\/www.africa-press.net\/cotedivoire\/politique\/vigilance-sanitaire-renforcee-pour-fetes-de-fin-dannee#primaryimage"},"image":{"@id":"https:\/\/www.africa-press.net\/cotedivoire\/politique\/vigilance-sanitaire-renforcee-pour-fetes-de-fin-dannee#primaryimage"},"thumbnailUrl":"https:\/\/static.africa-press.net\/cote\/sites\/43\/2026\/01\/sm_1767606755.538042.jpg","datePublished":"2026-01-05T12:01:18+00:00","author":{"@id":"https:\/\/www.africa-press.net\/cotedivoire\/#\/schema\/person\/2b1cf3cd81a31e3cd26889ca66d677f1"},"breadcrumb":{"@id":"https:\/\/www.africa-press.net\/cotedivoire\/politique\/vigilance-sanitaire-renforcee-pour-fetes-de-fin-dannee#breadcrumb"},"inLanguage":"fr-FR","potentialAction":[{"@type":"ReadAction","target":["https:\/\/www.africa-press.net\/cotedivoire\/politique\/vigilance-sanitaire-renforcee-pour-fetes-de-fin-dannee"]}]},{"@type":"ImageObject","inLanguage":"fr-FR","@id":"https:\/\/www.africa-press.net\/cotedivoire\/politique\/vigilance-sanitaire-renforcee-pour-fetes-de-fin-dannee#primaryimage","url":"https:\/\/static.africa-press.net\/cote\/sites\/43\/2026\/01\/sm_1767606755.538042.jpg","contentUrl":"https:\/\/static.africa-press.net\/cote\/sites\/43\/2026\/01\/sm_1767606755.538042.jpg","width":720,"height":354,"caption":"Vigilance Sanitaire Renforc\u00e9e pour F\u00eates de Fin d'Ann\u00e9e"},{"@type":"BreadcrumbList","@id":"https:\/\/www.africa-press.net\/cotedivoire\/politique\/vigilance-sanitaire-renforcee-pour-fetes-de-fin-dannee#breadcrumb","itemListElement":[{"@type":"ListItem","position":1,"name":"Accueil","item":"https:\/\/www.africa-press.net\/cotedivoire\/"},{"@type":"ListItem","position":2,"name":"Vigilance Sanitaire Renforc\u00e9e pour F\u00eates de Fin d&rsquo;Ann\u00e9e"}]},{"@type":"WebSite","@id":"https:\/\/www.africa-press.net\/cotedivoire\/#website","url":"https:\/\/www.africa-press.net\/cotedivoire\/","name":"C\u00f4te d&#039;Ivoire","description":"Just another Africa News Agency Sites site","potentialAction":[{"@type":"SearchAction","target":{"@type":"EntryPoint","urlTemplate":"https:\/\/www.africa-press.net\/cotedivoire\/?s={search_term_string}"},"query-input":{"@type":"PropertyValueSpecification","valueRequired":true,"valueName":"search_term_string"}}],"inLanguage":"fr-FR"},{"@type":"Person","@id":"https:\/\/www.africa-press.net\/cotedivoire\/#\/schema\/person\/2b1cf3cd81a31e3cd26889ca66d677f1","name":"cfeditorfr"}]}},"_links":{"self":[{"href":"https:\/\/www.africa-press.net\/cotedivoire\/wp-json\/wp\/v2\/posts\/111476","targetHints":{"allow":["GET"]}}],"collection":[{"href":"https:\/\/www.africa-press.net\/cotedivoire\/wp-json\/wp\/v2\/posts"}],"about":[{"href":"https:\/\/www.africa-press.net\/cotedivoire\/wp-json\/wp\/v2\/types\/post"}],"author":[{"embeddable":true,"href":"https:\/\/www.africa-press.net\/cotedivoire\/wp-json\/wp\/v2\/users\/82"}],"replies":[{"embeddable":true,"href":"https:\/\/www.africa-press.net\/cotedivoire\/wp-json\/wp\/v2\/comments?post=111476"}],"version-history":[{"count":0,"href":"https:\/\/www.africa-press.net\/cotedivoire\/wp-json\/wp\/v2\/posts\/111476\/revisions"}],"wp:featuredmedia":[{"embeddable":true,"href":"https:\/\/www.africa-press.net\/cotedivoire\/wp-json\/wp\/v2\/media\/111475"}],"wp:attachment":[{"href":"https:\/\/www.africa-press.net\/cotedivoire\/wp-json\/wp\/v2\/media?parent=111476"}],"wp:term":[{"taxonomy":"category","embeddable":true,"href":"https:\/\/www.africa-press.net\/cotedivoire\/wp-json\/wp\/v2\/categories?post=111476"},{"taxonomy":"post_tag","embeddable":true,"href":"https:\/\/www.africa-press.net\/cotedivoire\/wp-json\/wp\/v2\/tags?post=111476"}],"curies":[{"name":"wp","href":"https:\/\/api.w.org\/{rel}","templated":true}]}}