{"id":111515,"date":"2026-01-06T14:24:29","date_gmt":"2026-01-06T14:24:29","guid":{"rendered":"https:\/\/www.africa-press.net\/cotedivoire\/politique\/ppa-ci-lancement-annee-politique-2026-mobilisation-reforme"},"modified":"2026-01-06T14:31:45","modified_gmt":"2026-01-06T14:31:45","slug":"ppa-ci-lancement-annee-politique-2026-mobilisation-reforme","status":"publish","type":"post","link":"https:\/\/www.africa-press.net\/cotedivoire\/parties\/ppa-ci-lancement-annee-politique-2026-mobilisation-reforme","title":{"rendered":"PPA-CI Lancement Ann\u00e9e Politique 2026 Mobilisation R\u00e9forme"},"content":{"rendered":"<p><span style=\"color: #ff6600\"><strong>Africa-Press &#8211; C\u00f4te d&rsquo;Ivoire. <\/strong><\/span>Re\u0301uni au sie\u0300ge du Parti a\u0300 Abidjan, le Secre\u0301tariat Ge\u0301ne\u0301ral du PPA-CI a tenu sa toute premie\u0300re session ordinaire de l\u2019anne\u0301e. Cette rencontre strate\u0301gique, pre\u0301side\u0301e par le Pre\u0301sident Exe\u0301cutif, le Professeur Se\u0301bastien Dano Dje\u0301dje\u0301, et marque\u0301e par la pre\u0301sence du Secre\u0301taire Ge\u0301ne\u0301ral, l\u2019Honorable Tche\u0301ide\u0301 Jean-Gervais, a permis de poser les jalons de l\u2019action politique du Parti pour les mois a\u0300 venir.<\/p>\n<p>Les travaux ont e\u0301te\u0301 largement consacre\u0301s a\u0300 l\u2019analyse du compte rendu de la re\u0301cente tourne\u0301e nationale d\u2019information et d\u2019e\u0301changes. Pre\u0301sente\u0301e par la Deuxie\u0300me Vice-Pre\u0301sidente Exe\u0301cutive, Ouraga Euge\u0301nie, cette synthe\u0300se a mis en lumie\u0300re les attentes exprime\u0301es par les militants a\u0300 la base. Celles-ci traduisent une forte pre\u0301occupation autour du fonctionnement des fe\u0301de\u0301rations, du respect de la discipline interne et de la ne\u0301cessite\u0301 de renforcer les structures de proximite\u0301. La base a e\u0301galement re\u0301affirme\u0301 son engagement dans la lutte contre le projet de quatrie\u0300me mandat, tout en appelant a\u0300 la poursuite des actions en faveur de la libe\u0301ration des prisonniers d\u2019opinion.<\/p>\n<p>Au-dela\u0300 de ce bilan, la session a e\u0301te\u0301 l\u2019occasion pour la direction du Parti de de\u0301finir les grandes priorite\u0301s de l\u2019anne\u0301e 2026. Plusieurs rendez-vous majeurs ont ainsi e\u0301te\u0301 programme\u0301s, parmi lesquels la ce\u0301re\u0301monie de pre\u0301sentation des v\u0153ux au Pre\u0301sident du Parti, l\u2019organisation d\u2019une rentre\u0301e politique nationale, la ce\u0301le\u0301bration de la Fe\u0302te de la Renaissance, ainsi qu\u2019un atelier de re\u0301flexion de\u0301die\u0301 a\u0300 la re\u0301forme du PPA-CI. Une Convention du Parti est e\u0301galement pre\u0301vue en amont du prochain Congre\u0300s, de me\u0302me qu\u2019une e\u0301valuation approfondie de la lutte engage\u0301e contre le quatrie\u0300me mandat.<\/p>\n<p>En fin de se\u0301ance, une information sensible a e\u0301te\u0301 porte\u0301e a\u0300 l\u2019attention des membres: les corps des victimes de Nahio n\u2019auraient toujours pas e\u0301te\u0301 remis aux familles par l\u2019E\u0301tat, empe\u0302chant ainsi leur inhumation. Cette situation a suscite\u0301 une vive e\u0301motion au sein de l\u2019assemble\u0301e.<\/p>\n<p>La session s\u2019est acheve\u0301e en laissant entrevoir une anne\u0301e 2026 que le PPA-CI entend placer sous le signe de l\u2019organisation, de la mobilisation militante et du combat politique.<\/p>\n<p><strong>Pour plus d&rsquo;informations et d&rsquo;analyses sur la <span style=\"color: #ff6600\">C\u00f4te d&rsquo;Ivoire<\/span>, suivez <span style=\"color: #ff6600\">Africa-Press<\/span><\/strong><\/p>\n","protected":false},"excerpt":{"rendered":"<p>Africa-Press &#8211; C\u00f4te d&rsquo;Ivoire. Re\u0301uni au sie\u0300ge du Parti a\u0300 Abidjan, le Secre\u0301tariat Ge\u0301ne\u0301ral du PPA-CI a tenu sa toute premie\u0300re session ordinaire de l\u2019anne\u0301e. Cette rencontre strate\u0301gique, pre\u0301side\u0301e par le Pre\u0301sident Exe\u0301cutif, le Professeur Se\u0301bastien Dano Dje\u0301dje\u0301, et marque\u0301e par la pre\u0301sence du Secre\u0301taire Ge\u0301ne\u0301ral, l\u2019Honorable Tche\u0301ide\u0301 Jean-Gervais, a permis de poser les jalons [&hellip;]<\/p>\n","protected":false},"author":82,"featured_media":111514,"comment_status":"open","ping_status":"closed","sticky":false,"template":"","format":"standard","meta":{"footnotes":""},"categories":[4,10],"tags":[29,1969,720,320,1952,2843],"class_list":["post-111515","post","type-post","status-publish","format-standard","has-post-thumbnail","hentry","category-parties","category-toutes-les-actualites","tag-cote-divoire","tag-dano-djedje","tag-federation","tag-gbagbo","tag-ppa-ci","tag-siege"],"yoast_head":"<!-- This site is optimized with the Yoast SEO Premium plugin v26.1 (Yoast SEO v27.0) - https:\/\/yoast.com\/product\/yoast-seo-premium-wordpress\/ -->\n<title>PPA-CI Lancement Ann\u00e9e Politique 2026 Mobilisation R\u00e9forme - C\u00f4te d&#039;Ivoire<\/title>\n<meta name=\"description\" content=\"Re\u0301uni au sie\u0300ge du Parti a\u0300 Abidjan, le Secre\u0301tariat Ge\u0301ne\u0301ral du PPA-CI a tenu sa toute premie\u0300re session ordinaire de ...\" \/>\n<meta name=\"robots\" content=\"index, follow, max-snippet:-1, max-image-preview:large, max-video-preview:-1\" \/>\n<link rel=\"canonical\" href=\"https:\/\/www.africa-press.net\/cotedivoire\/parties\/ppa-ci-lancement-annee-politique-2026-mobilisation-reforme\" \/>\n<meta property=\"og:locale\" content=\"fr_FR\" \/>\n<meta property=\"og:type\" content=\"article\" \/>\n<meta property=\"og:title\" content=\"PPA-CI Lancement Ann\u00e9e Politique 2026 Mobilisation R\u00e9forme\" \/>\n<meta property=\"og:description\" content=\"Re\u0301uni au sie\u0300ge du Parti a\u0300 Abidjan, le Secre\u0301tariat Ge\u0301ne\u0301ral du PPA-CI a tenu sa toute premie\u0300re session ordinaire de ...\" \/>\n<meta property=\"og:url\" content=\"https:\/\/www.africa-press.net\/cotedivoire\/parties\/ppa-ci-lancement-annee-politique-2026-mobilisation-reforme\" \/>\n<meta property=\"og:site_name\" content=\"C\u00f4te d&#039;Ivoire\" \/>\n<meta property=\"article:published_time\" content=\"2026-01-06T14:24:29+00:00\" \/>\n<meta property=\"article:modified_time\" content=\"2026-01-06T14:31:45+00:00\" \/>\n<meta property=\"og:image\" content=\"https:\/\/static.africa-press.net\/cote\/sites\/43\/2026\/01\/sm_1767697245.11313.jpg\" \/>\n\t<meta property=\"og:image:width\" content=\"720\" \/>\n\t<meta property=\"og:image:height\" content=\"379\" \/>\n\t<meta property=\"og:image:type\" content=\"image\/jpeg\" \/>\n<meta name=\"author\" content=\"cfeditorfr\" \/>\n<meta name=\"twitter:card\" content=\"summary_large_image\" \/>\n<meta name=\"twitter:label1\" content=\"\u00c9crit par\" \/>\n\t<meta name=\"twitter:data1\" content=\"cfeditorfr\" \/>\n\t<meta name=\"twitter:label2\" content=\"Dur\u00e9e de lecture estim\u00e9e\" \/>\n\t<meta name=\"twitter:data2\" content=\"2 minutes\" \/>\n<script type=\"application\/ld+json\" class=\"yoast-schema-graph\">{\"@context\":\"https:\/\/schema.org\",\"@graph\":[{\"@type\":\"Article\",\"@id\":\"https:\/\/www.africa-press.net\/cotedivoire\/parties\/ppa-ci-lancement-annee-politique-2026-mobilisation-reforme#article\",\"isPartOf\":{\"@id\":\"https:\/\/www.africa-press.net\/cotedivoire\/parties\/ppa-ci-lancement-annee-politique-2026-mobilisation-reforme\"},\"author\":{\"name\":\"cfeditorfr\",\"@id\":\"https:\/\/www.africa-press.net\/cotedivoire\/#\/schema\/person\/2b1cf3cd81a31e3cd26889ca66d677f1\"},\"headline\":\"PPA-CI Lancement Ann\u00e9e Politique 2026 Mobilisation R\u00e9forme\",\"datePublished\":\"2026-01-06T14:24:29+00:00\",\"dateModified\":\"2026-01-06T14:31:45+00:00\",\"mainEntityOfPage\":{\"@id\":\"https:\/\/www.africa-press.net\/cotedivoire\/parties\/ppa-ci-lancement-annee-politique-2026-mobilisation-reforme\"},\"wordCount\":446,\"commentCount\":0,\"image\":{\"@id\":\"https:\/\/www.africa-press.net\/cotedivoire\/parties\/ppa-ci-lancement-annee-politique-2026-mobilisation-reforme#primaryimage\"},\"thumbnailUrl\":\"https:\/\/static.africa-press.net\/cote\/sites\/43\/2026\/01\/sm_1767697245.11313.jpg\",\"keywords\":[\"C\u00d4TE D'IVOIRE\",\"Dano Dj\u00e9dj\u00e9\",\"f\u00e9d\u00e9ration\",\"Gbagbo\",\"PPA-CI\",\"Si\u00e8ge\"],\"articleSection\":[\"Parties\",\"Toutes les actualit\u00e9s\"],\"inLanguage\":\"fr-FR\",\"potentialAction\":[{\"@type\":\"CommentAction\",\"name\":\"Comment\",\"target\":[\"https:\/\/www.africa-press.net\/cotedivoire\/parties\/ppa-ci-lancement-annee-politique-2026-mobilisation-reforme#respond\"]}]},{\"@type\":\"WebPage\",\"@id\":\"https:\/\/www.africa-press.net\/cotedivoire\/parties\/ppa-ci-lancement-annee-politique-2026-mobilisation-reforme\",\"url\":\"https:\/\/www.africa-press.net\/cotedivoire\/parties\/ppa-ci-lancement-annee-politique-2026-mobilisation-reforme\",\"name\":\"PPA-CI Lancement Ann\u00e9e Politique 2026 Mobilisation R\u00e9forme - C\u00f4te d&#039;Ivoire\",\"isPartOf\":{\"@id\":\"https:\/\/www.africa-press.net\/cotedivoire\/#website\"},\"primaryImageOfPage\":{\"@id\":\"https:\/\/www.africa-press.net\/cotedivoire\/parties\/ppa-ci-lancement-annee-politique-2026-mobilisation-reforme#primaryimage\"},\"image\":{\"@id\":\"https:\/\/www.africa-press.net\/cotedivoire\/parties\/ppa-ci-lancement-annee-politique-2026-mobilisation-reforme#primaryimage\"},\"thumbnailUrl\":\"https:\/\/static.africa-press.net\/cote\/sites\/43\/2026\/01\/sm_1767697245.11313.jpg\",\"datePublished\":\"2026-01-06T14:24:29+00:00\",\"dateModified\":\"2026-01-06T14:31:45+00:00\",\"author\":{\"@id\":\"https:\/\/www.africa-press.net\/cotedivoire\/#\/schema\/person\/2b1cf3cd81a31e3cd26889ca66d677f1\"},\"description\":\"Re\u0301uni au sie\u0300ge du Parti a\u0300 Abidjan, le Secre\u0301tariat Ge\u0301ne\u0301ral du PPA-CI a tenu sa toute premie\u0300re session ordinaire de ...\",\"breadcrumb\":{\"@id\":\"https:\/\/www.africa-press.net\/cotedivoire\/parties\/ppa-ci-lancement-annee-politique-2026-mobilisation-reforme#breadcrumb\"},\"inLanguage\":\"fr-FR\",\"potentialAction\":[{\"@type\":\"ReadAction\",\"target\":[\"https:\/\/www.africa-press.net\/cotedivoire\/parties\/ppa-ci-lancement-annee-politique-2026-mobilisation-reforme\"]}]},{\"@type\":\"ImageObject\",\"inLanguage\":\"fr-FR\",\"@id\":\"https:\/\/www.africa-press.net\/cotedivoire\/parties\/ppa-ci-lancement-annee-politique-2026-mobilisation-reforme#primaryimage\",\"url\":\"https:\/\/static.africa-press.net\/cote\/sites\/43\/2026\/01\/sm_1767697245.11313.jpg\",\"contentUrl\":\"https:\/\/static.africa-press.net\/cote\/sites\/43\/2026\/01\/sm_1767697245.11313.jpg\",\"width\":720,\"height\":379,\"caption\":\"PPA-CI Lancement Ann\u00e9e Politique 2026 Mobilisation R\u00e9forme\"},{\"@type\":\"BreadcrumbList\",\"@id\":\"https:\/\/www.africa-press.net\/cotedivoire\/parties\/ppa-ci-lancement-annee-politique-2026-mobilisation-reforme#breadcrumb\",\"itemListElement\":[{\"@type\":\"ListItem\",\"position\":1,\"name\":\"Accueil\",\"item\":\"https:\/\/www.africa-press.net\/cotedivoire\/\"},{\"@type\":\"ListItem\",\"position\":2,\"name\":\"PPA-CI Lancement Ann\u00e9e Politique 2026 Mobilisation R\u00e9forme\"}]},{\"@type\":\"WebSite\",\"@id\":\"https:\/\/www.africa-press.net\/cotedivoire\/#website\",\"url\":\"https:\/\/www.africa-press.net\/cotedivoire\/\",\"name\":\"C\u00f4te d&#039;Ivoire\",\"description\":\"Just another Africa News Agency Sites site\",\"potentialAction\":[{\"@type\":\"SearchAction\",\"target\":{\"@type\":\"EntryPoint\",\"urlTemplate\":\"https:\/\/www.africa-press.net\/cotedivoire\/?s={search_term_string}\"},\"query-input\":{\"@type\":\"PropertyValueSpecification\",\"valueRequired\":true,\"valueName\":\"search_term_string\"}}],\"inLanguage\":\"fr-FR\"},{\"@type\":\"Person\",\"@id\":\"https:\/\/www.africa-press.net\/cotedivoire\/#\/schema\/person\/2b1cf3cd81a31e3cd26889ca66d677f1\",\"name\":\"cfeditorfr\"}]}<\/script>\n<!-- \/ Yoast SEO Premium plugin. -->","yoast_head_json":{"title":"PPA-CI Lancement Ann\u00e9e Politique 2026 Mobilisation R\u00e9forme - C\u00f4te d&#039;Ivoire","description":"Re\u0301uni au sie\u0300ge du Parti a\u0300 Abidjan, le Secre\u0301tariat Ge\u0301ne\u0301ral du PPA-CI a tenu sa toute premie\u0300re session ordinaire de ...","robots":{"index":"index","follow":"follow","max-snippet":"max-snippet:-1","max-image-preview":"max-image-preview:large","max-video-preview":"max-video-preview:-1"},"canonical":"https:\/\/www.africa-press.net\/cotedivoire\/parties\/ppa-ci-lancement-annee-politique-2026-mobilisation-reforme","og_locale":"fr_FR","og_type":"article","og_title":"PPA-CI Lancement Ann\u00e9e Politique 2026 Mobilisation R\u00e9forme","og_description":"Re\u0301uni au sie\u0300ge du Parti a\u0300 Abidjan, le Secre\u0301tariat Ge\u0301ne\u0301ral du PPA-CI a tenu sa toute premie\u0300re session ordinaire de ...","og_url":"https:\/\/www.africa-press.net\/cotedivoire\/parties\/ppa-ci-lancement-annee-politique-2026-mobilisation-reforme","og_site_name":"C\u00f4te d&#039;Ivoire","article_published_time":"2026-01-06T14:24:29+00:00","article_modified_time":"2026-01-06T14:31:45+00:00","og_image":[{"width":720,"height":379,"url":"https:\/\/static.africa-press.net\/cote\/sites\/43\/2026\/01\/sm_1767697245.11313.jpg","type":"image\/jpeg"}],"author":"cfeditorfr","twitter_card":"summary_large_image","twitter_misc":{"\u00c9crit par":"cfeditorfr","Dur\u00e9e de lecture estim\u00e9e":"2 minutes"},"schema":{"@context":"https:\/\/schema.org","@graph":[{"@type":"Article","@id":"https:\/\/www.africa-press.net\/cotedivoire\/parties\/ppa-ci-lancement-annee-politique-2026-mobilisation-reforme#article","isPartOf":{"@id":"https:\/\/www.africa-press.net\/cotedivoire\/parties\/ppa-ci-lancement-annee-politique-2026-mobilisation-reforme"},"author":{"name":"cfeditorfr","@id":"https:\/\/www.africa-press.net\/cotedivoire\/#\/schema\/person\/2b1cf3cd81a31e3cd26889ca66d677f1"},"headline":"PPA-CI Lancement Ann\u00e9e Politique 2026 Mobilisation R\u00e9forme","datePublished":"2026-01-06T14:24:29+00:00","dateModified":"2026-01-06T14:31:45+00:00","mainEntityOfPage":{"@id":"https:\/\/www.africa-press.net\/cotedivoire\/parties\/ppa-ci-lancement-annee-politique-2026-mobilisation-reforme"},"wordCount":446,"commentCount":0,"image":{"@id":"https:\/\/www.africa-press.net\/cotedivoire\/parties\/ppa-ci-lancement-annee-politique-2026-mobilisation-reforme#primaryimage"},"thumbnailUrl":"https:\/\/static.africa-press.net\/cote\/sites\/43\/2026\/01\/sm_1767697245.11313.jpg","keywords":["C\u00d4TE D'IVOIRE","Dano Dj\u00e9dj\u00e9","f\u00e9d\u00e9ration","Gbagbo","PPA-CI","Si\u00e8ge"],"articleSection":["Parties","Toutes les actualit\u00e9s"],"inLanguage":"fr-FR","potentialAction":[{"@type":"CommentAction","name":"Comment","target":["https:\/\/www.africa-press.net\/cotedivoire\/parties\/ppa-ci-lancement-annee-politique-2026-mobilisation-reforme#respond"]}]},{"@type":"WebPage","@id":"https:\/\/www.africa-press.net\/cotedivoire\/parties\/ppa-ci-lancement-annee-politique-2026-mobilisation-reforme","url":"https:\/\/www.africa-press.net\/cotedivoire\/parties\/ppa-ci-lancement-annee-politique-2026-mobilisation-reforme","name":"PPA-CI Lancement Ann\u00e9e Politique 2026 Mobilisation R\u00e9forme - C\u00f4te d&#039;Ivoire","isPartOf":{"@id":"https:\/\/www.africa-press.net\/cotedivoire\/#website"},"primaryImageOfPage":{"@id":"https:\/\/www.africa-press.net\/cotedivoire\/parties\/ppa-ci-lancement-annee-politique-2026-mobilisation-reforme#primaryimage"},"image":{"@id":"https:\/\/www.africa-press.net\/cotedivoire\/parties\/ppa-ci-lancement-annee-politique-2026-mobilisation-reforme#primaryimage"},"thumbnailUrl":"https:\/\/static.africa-press.net\/cote\/sites\/43\/2026\/01\/sm_1767697245.11313.jpg","datePublished":"2026-01-06T14:24:29+00:00","dateModified":"2026-01-06T14:31:45+00:00","author":{"@id":"https:\/\/www.africa-press.net\/cotedivoire\/#\/schema\/person\/2b1cf3cd81a31e3cd26889ca66d677f1"},"description":"Re\u0301uni au sie\u0300ge du Parti a\u0300 Abidjan, le Secre\u0301tariat Ge\u0301ne\u0301ral du PPA-CI a tenu sa toute premie\u0300re session ordinaire de ...","breadcrumb":{"@id":"https:\/\/www.africa-press.net\/cotedivoire\/parties\/ppa-ci-lancement-annee-politique-2026-mobilisation-reforme#breadcrumb"},"inLanguage":"fr-FR","potentialAction":[{"@type":"ReadAction","target":["https:\/\/www.africa-press.net\/cotedivoire\/parties\/ppa-ci-lancement-annee-politique-2026-mobilisation-reforme"]}]},{"@type":"ImageObject","inLanguage":"fr-FR","@id":"https:\/\/www.africa-press.net\/cotedivoire\/parties\/ppa-ci-lancement-annee-politique-2026-mobilisation-reforme#primaryimage","url":"https:\/\/static.africa-press.net\/cote\/sites\/43\/2026\/01\/sm_1767697245.11313.jpg","contentUrl":"https:\/\/static.africa-press.net\/cote\/sites\/43\/2026\/01\/sm_1767697245.11313.jpg","width":720,"height":379,"caption":"PPA-CI Lancement Ann\u00e9e Politique 2026 Mobilisation R\u00e9forme"},{"@type":"BreadcrumbList","@id":"https:\/\/www.africa-press.net\/cotedivoire\/parties\/ppa-ci-lancement-annee-politique-2026-mobilisation-reforme#breadcrumb","itemListElement":[{"@type":"ListItem","position":1,"name":"Accueil","item":"https:\/\/www.africa-press.net\/cotedivoire\/"},{"@type":"ListItem","position":2,"name":"PPA-CI Lancement Ann\u00e9e Politique 2026 Mobilisation R\u00e9forme"}]},{"@type":"WebSite","@id":"https:\/\/www.africa-press.net\/cotedivoire\/#website","url":"https:\/\/www.africa-press.net\/cotedivoire\/","name":"C\u00f4te d&#039;Ivoire","description":"Just another Africa News Agency Sites site","potentialAction":[{"@type":"SearchAction","target":{"@type":"EntryPoint","urlTemplate":"https:\/\/www.africa-press.net\/cotedivoire\/?s={search_term_string}"},"query-input":{"@type":"PropertyValueSpecification","valueRequired":true,"valueName":"search_term_string"}}],"inLanguage":"fr-FR"},{"@type":"Person","@id":"https:\/\/www.africa-press.net\/cotedivoire\/#\/schema\/person\/2b1cf3cd81a31e3cd26889ca66d677f1","name":"cfeditorfr"}]}},"_links":{"self":[{"href":"https:\/\/www.africa-press.net\/cotedivoire\/wp-json\/wp\/v2\/posts\/111515","targetHints":{"allow":["GET"]}}],"collection":[{"href":"https:\/\/www.africa-press.net\/cotedivoire\/wp-json\/wp\/v2\/posts"}],"about":[{"href":"https:\/\/www.africa-press.net\/cotedivoire\/wp-json\/wp\/v2\/types\/post"}],"author":[{"embeddable":true,"href":"https:\/\/www.africa-press.net\/cotedivoire\/wp-json\/wp\/v2\/users\/82"}],"replies":[{"embeddable":true,"href":"https:\/\/www.africa-press.net\/cotedivoire\/wp-json\/wp\/v2\/comments?post=111515"}],"version-history":[{"count":0,"href":"https:\/\/www.africa-press.net\/cotedivoire\/wp-json\/wp\/v2\/posts\/111515\/revisions"}],"wp:featuredmedia":[{"embeddable":true,"href":"https:\/\/www.africa-press.net\/cotedivoire\/wp-json\/wp\/v2\/media\/111514"}],"wp:attachment":[{"href":"https:\/\/www.africa-press.net\/cotedivoire\/wp-json\/wp\/v2\/media?parent=111515"}],"wp:term":[{"taxonomy":"category","embeddable":true,"href":"https:\/\/www.africa-press.net\/cotedivoire\/wp-json\/wp\/v2\/categories?post=111515"},{"taxonomy":"post_tag","embeddable":true,"href":"https:\/\/www.africa-press.net\/cotedivoire\/wp-json\/wp\/v2\/tags?post=111515"}],"curies":[{"name":"wp","href":"https:\/\/api.w.org\/{rel}","templated":true}]}}