{"id":111546,"date":"2026-01-07T14:30:16","date_gmt":"2026-01-07T14:30:16","guid":{"rendered":"https:\/\/www.africa-press.net\/cotedivoire\/politique\/krasso-pret-a-saisir-les-occasions-contre-burkina"},"modified":"2026-01-07T14:35:16","modified_gmt":"2026-01-07T14:35:16","slug":"krasso-pret-a-saisir-les-occasions-contre-burkina","status":"publish","type":"post","link":"https:\/\/www.africa-press.net\/cotedivoire\/sports\/krasso-pret-a-saisir-les-occasions-contre-burkina","title":{"rendered":"Krasso Pr\u00eat \u00e0 Saisir les Occasions Contre Burkina"},"content":{"rendered":"<p><span style=\"color: #ff6600\"><strong>Africa-Press &#8211; C\u00f4te d&rsquo;Ivoire. <\/strong><\/span>La Co\u0302te d&rsquo;Ivoire et le Burkina Faso s\u2019affrontent ce mardi 06 janvier 2026 a\u0300 Marrakech, a\u0300 l\u2019occasion des huitie\u0300mes de finale de l CAN Maroc 2025.<\/p>\n<p>Bien avant cette rencontre de\u0301cisive, le se\u0301lectionneur des e\u0301le\u0301phants, Emerse Fae\u0301 et son attaquant, Jean-Philippe Krasso e\u0301tait face a\u0300 la presse le lundi.<\/p>\n<p>Une occasion pour le socie\u0301taire du Paris FC auteur d\u2019une re\u0301alisation face au Gabon lors du dernier match des phases de poule et pressenti titulaire, d\u2019afficher sa confiance mesure\u0301e.<\/p>\n<p>\u00ab Ce sera un match difficile, mais nous sommes pre\u0301pare\u0301s. Le plus important sera de rester concentre\u0301s et de jouer ensemble. Si les occasions se pre\u0301sentent, nous devrons e\u0302tre re\u0301alistes. \u00bb<\/p>\n<p>L\u2019attaquant des E\u0301le\u0301phants met e\u0301galement l\u2019accent sur la solidarite\u0301 du groupe:<\/p>\n<p>\u00ab Dans ce genre de match, ce n\u2019est pas une question d\u2019individualite\u0301. C\u2019est l\u2019e\u0301quipe qui gagne. Nous allons tout donner pour aller en quarts de finale. \u00bb<\/p>\n<p>Porte\u0301s par leur statut de champions d&rsquo;Afrique et par le soutien massif des supporters, les E\u0301le\u0301phants savent qu\u2019ils n\u2019ont pas droit a\u0300 l\u2019erreur devant une se\u0301lection burkinabe\u0300 toujours dangereuse dans les phases a\u0300 e\u0301limination directe.<\/p>\n<p>Le vainqueur de ce derby ouest-africain affrontera l\u2019Egypte en quarts de finale samedi prochain a\u0300 Agadir au Maroc.<\/p>\n<p><strong>Pour plus d&rsquo;informations et d&rsquo;analyses sur la <span style=\"color: #ff6600\">C\u00f4te d&rsquo;Ivoire<\/span>, suivez <span style=\"color: #ff6600\">Africa-Press<\/span><\/strong><\/p>\n","protected":false},"excerpt":{"rendered":"<p>Africa-Press &#8211; C\u00f4te d&rsquo;Ivoire. La Co\u0302te d&rsquo;Ivoire et le Burkina Faso s\u2019affrontent ce mardi 06 janvier 2026 a\u0300 Marrakech, a\u0300 l\u2019occasion des huitie\u0300mes de finale de l CAN Maroc 2025. Bien avant cette rencontre de\u0301cisive, le se\u0301lectionneur des e\u0301le\u0301phants, Emerse Fae\u0301 et son attaquant, Jean-Philippe Krasso e\u0301tait face a\u0300 la presse le lundi. Une occasion [&hellip;]<\/p>\n","protected":false},"author":82,"featured_media":111545,"comment_status":"open","ping_status":"closed","sticky":false,"template":"","format":"standard","meta":{"footnotes":""},"categories":[6,10],"tags":[4033,13587,29,12422,14669,7636],"class_list":["post-111546","post","type-post","status-publish","format-standard","has-post-thumbnail","hentry","category-sports","category-toutes-les-actualites","tag-burkina","tag-can-2025","tag-cote-divoire","tag-emerse-fae","tag-krasso","tag-marrakech"],"yoast_head":"<!-- This site is optimized with the Yoast SEO Premium plugin v26.1 (Yoast SEO v27.0) - https:\/\/yoast.com\/product\/yoast-seo-premium-wordpress\/ -->\n<title>Krasso Pr\u00eat \u00e0 Saisir les Occasions Contre Burkina - C\u00f4te d&#039;Ivoire<\/title>\n<meta name=\"description\" content=\"La Co\u0302te d&#039;Ivoire et le Burkina Faso s\u2019affrontent ce mardi 06 janvier 2026 a\u0300 Marrakech, a\u0300 l\u2019occasion des huitie\u0300mes de ...\" \/>\n<meta name=\"robots\" content=\"index, follow, max-snippet:-1, max-image-preview:large, max-video-preview:-1\" \/>\n<link rel=\"canonical\" href=\"https:\/\/www.africa-press.net\/cotedivoire\/sports\/krasso-pret-a-saisir-les-occasions-contre-burkina\" \/>\n<meta property=\"og:locale\" content=\"fr_FR\" \/>\n<meta property=\"og:type\" content=\"article\" \/>\n<meta property=\"og:title\" content=\"Krasso Pr\u00eat \u00e0 Saisir les Occasions Contre Burkina\" \/>\n<meta property=\"og:description\" content=\"La Co\u0302te d&#039;Ivoire et le Burkina Faso s\u2019affrontent ce mardi 06 janvier 2026 a\u0300 Marrakech, a\u0300 l\u2019occasion des huitie\u0300mes de ...\" \/>\n<meta property=\"og:url\" content=\"https:\/\/www.africa-press.net\/cotedivoire\/sports\/krasso-pret-a-saisir-les-occasions-contre-burkina\" \/>\n<meta property=\"og:site_name\" content=\"C\u00f4te d&#039;Ivoire\" \/>\n<meta property=\"article:published_time\" content=\"2026-01-07T14:30:16+00:00\" \/>\n<meta property=\"article:modified_time\" content=\"2026-01-07T14:35:16+00:00\" \/>\n<meta property=\"og:image\" content=\"https:\/\/static.africa-press.net\/cote\/sites\/43\/2026\/01\/sm_1767783652.156223.jpg\" \/>\n\t<meta property=\"og:image:width\" content=\"720\" \/>\n\t<meta property=\"og:image:height\" content=\"433\" \/>\n\t<meta property=\"og:image:type\" content=\"image\/jpeg\" \/>\n<meta name=\"author\" content=\"cfeditorfr\" \/>\n<meta name=\"twitter:card\" content=\"summary_large_image\" \/>\n<meta name=\"twitter:label1\" content=\"\u00c9crit par\" \/>\n\t<meta name=\"twitter:data1\" content=\"cfeditorfr\" \/>\n\t<meta name=\"twitter:label2\" content=\"Dur\u00e9e de lecture estim\u00e9e\" \/>\n\t<meta name=\"twitter:data2\" content=\"2 minutes\" \/>\n<script type=\"application\/ld+json\" class=\"yoast-schema-graph\">{\"@context\":\"https:\/\/schema.org\",\"@graph\":[{\"@type\":\"Article\",\"@id\":\"https:\/\/www.africa-press.net\/cotedivoire\/sports\/krasso-pret-a-saisir-les-occasions-contre-burkina#article\",\"isPartOf\":{\"@id\":\"https:\/\/www.africa-press.net\/cotedivoire\/sports\/krasso-pret-a-saisir-les-occasions-contre-burkina\"},\"author\":{\"name\":\"cfeditorfr\",\"@id\":\"https:\/\/www.africa-press.net\/cotedivoire\/#\/schema\/person\/2b1cf3cd81a31e3cd26889ca66d677f1\"},\"headline\":\"Krasso Pr\u00eat \u00e0 Saisir les Occasions Contre Burkina\",\"datePublished\":\"2026-01-07T14:30:16+00:00\",\"dateModified\":\"2026-01-07T14:35:16+00:00\",\"mainEntityOfPage\":{\"@id\":\"https:\/\/www.africa-press.net\/cotedivoire\/sports\/krasso-pret-a-saisir-les-occasions-contre-burkina\"},\"wordCount\":263,\"commentCount\":0,\"image\":{\"@id\":\"https:\/\/www.africa-press.net\/cotedivoire\/sports\/krasso-pret-a-saisir-les-occasions-contre-burkina#primaryimage\"},\"thumbnailUrl\":\"https:\/\/static.africa-press.net\/cote\/sites\/43\/2026\/01\/sm_1767783652.156223.jpg\",\"keywords\":[\"Burkina\",\"CAN 2025\",\"C\u00d4TE D'IVOIRE\",\"Emerse Fae\",\"Krasso\",\"Marrakech\"],\"articleSection\":[\"Sports\",\"Toutes les actualit\u00e9s\"],\"inLanguage\":\"fr-FR\",\"potentialAction\":[{\"@type\":\"CommentAction\",\"name\":\"Comment\",\"target\":[\"https:\/\/www.africa-press.net\/cotedivoire\/sports\/krasso-pret-a-saisir-les-occasions-contre-burkina#respond\"]}]},{\"@type\":\"WebPage\",\"@id\":\"https:\/\/www.africa-press.net\/cotedivoire\/sports\/krasso-pret-a-saisir-les-occasions-contre-burkina\",\"url\":\"https:\/\/www.africa-press.net\/cotedivoire\/sports\/krasso-pret-a-saisir-les-occasions-contre-burkina\",\"name\":\"Krasso Pr\u00eat \u00e0 Saisir les Occasions Contre Burkina - C\u00f4te d&#039;Ivoire\",\"isPartOf\":{\"@id\":\"https:\/\/www.africa-press.net\/cotedivoire\/#website\"},\"primaryImageOfPage\":{\"@id\":\"https:\/\/www.africa-press.net\/cotedivoire\/sports\/krasso-pret-a-saisir-les-occasions-contre-burkina#primaryimage\"},\"image\":{\"@id\":\"https:\/\/www.africa-press.net\/cotedivoire\/sports\/krasso-pret-a-saisir-les-occasions-contre-burkina#primaryimage\"},\"thumbnailUrl\":\"https:\/\/static.africa-press.net\/cote\/sites\/43\/2026\/01\/sm_1767783652.156223.jpg\",\"datePublished\":\"2026-01-07T14:30:16+00:00\",\"dateModified\":\"2026-01-07T14:35:16+00:00\",\"author\":{\"@id\":\"https:\/\/www.africa-press.net\/cotedivoire\/#\/schema\/person\/2b1cf3cd81a31e3cd26889ca66d677f1\"},\"description\":\"La Co\u0302te d'Ivoire et le Burkina Faso s\u2019affrontent ce mardi 06 janvier 2026 a\u0300 Marrakech, a\u0300 l\u2019occasion des huitie\u0300mes de ...\",\"breadcrumb\":{\"@id\":\"https:\/\/www.africa-press.net\/cotedivoire\/sports\/krasso-pret-a-saisir-les-occasions-contre-burkina#breadcrumb\"},\"inLanguage\":\"fr-FR\",\"potentialAction\":[{\"@type\":\"ReadAction\",\"target\":[\"https:\/\/www.africa-press.net\/cotedivoire\/sports\/krasso-pret-a-saisir-les-occasions-contre-burkina\"]}]},{\"@type\":\"ImageObject\",\"inLanguage\":\"fr-FR\",\"@id\":\"https:\/\/www.africa-press.net\/cotedivoire\/sports\/krasso-pret-a-saisir-les-occasions-contre-burkina#primaryimage\",\"url\":\"https:\/\/static.africa-press.net\/cote\/sites\/43\/2026\/01\/sm_1767783652.156223.jpg\",\"contentUrl\":\"https:\/\/static.africa-press.net\/cote\/sites\/43\/2026\/01\/sm_1767783652.156223.jpg\",\"width\":720,\"height\":433,\"caption\":\"Krasso Pr\u00eat \u00e0 Saisir les Occasions Contre Burkina\"},{\"@type\":\"BreadcrumbList\",\"@id\":\"https:\/\/www.africa-press.net\/cotedivoire\/sports\/krasso-pret-a-saisir-les-occasions-contre-burkina#breadcrumb\",\"itemListElement\":[{\"@type\":\"ListItem\",\"position\":1,\"name\":\"Accueil\",\"item\":\"https:\/\/www.africa-press.net\/cotedivoire\/\"},{\"@type\":\"ListItem\",\"position\":2,\"name\":\"Krasso Pr\u00eat \u00e0 Saisir les Occasions Contre Burkina\"}]},{\"@type\":\"WebSite\",\"@id\":\"https:\/\/www.africa-press.net\/cotedivoire\/#website\",\"url\":\"https:\/\/www.africa-press.net\/cotedivoire\/\",\"name\":\"C\u00f4te d&#039;Ivoire\",\"description\":\"Just another Africa News Agency Sites site\",\"potentialAction\":[{\"@type\":\"SearchAction\",\"target\":{\"@type\":\"EntryPoint\",\"urlTemplate\":\"https:\/\/www.africa-press.net\/cotedivoire\/?s={search_term_string}\"},\"query-input\":{\"@type\":\"PropertyValueSpecification\",\"valueRequired\":true,\"valueName\":\"search_term_string\"}}],\"inLanguage\":\"fr-FR\"},{\"@type\":\"Person\",\"@id\":\"https:\/\/www.africa-press.net\/cotedivoire\/#\/schema\/person\/2b1cf3cd81a31e3cd26889ca66d677f1\",\"name\":\"cfeditorfr\"}]}<\/script>\n<!-- \/ Yoast SEO Premium plugin. -->","yoast_head_json":{"title":"Krasso Pr\u00eat \u00e0 Saisir les Occasions Contre Burkina - C\u00f4te d&#039;Ivoire","description":"La Co\u0302te d'Ivoire et le Burkina Faso s\u2019affrontent ce mardi 06 janvier 2026 a\u0300 Marrakech, a\u0300 l\u2019occasion des huitie\u0300mes de ...","robots":{"index":"index","follow":"follow","max-snippet":"max-snippet:-1","max-image-preview":"max-image-preview:large","max-video-preview":"max-video-preview:-1"},"canonical":"https:\/\/www.africa-press.net\/cotedivoire\/sports\/krasso-pret-a-saisir-les-occasions-contre-burkina","og_locale":"fr_FR","og_type":"article","og_title":"Krasso Pr\u00eat \u00e0 Saisir les Occasions Contre Burkina","og_description":"La Co\u0302te d'Ivoire et le Burkina Faso s\u2019affrontent ce mardi 06 janvier 2026 a\u0300 Marrakech, a\u0300 l\u2019occasion des huitie\u0300mes de ...","og_url":"https:\/\/www.africa-press.net\/cotedivoire\/sports\/krasso-pret-a-saisir-les-occasions-contre-burkina","og_site_name":"C\u00f4te d&#039;Ivoire","article_published_time":"2026-01-07T14:30:16+00:00","article_modified_time":"2026-01-07T14:35:16+00:00","og_image":[{"width":720,"height":433,"url":"https:\/\/static.africa-press.net\/cote\/sites\/43\/2026\/01\/sm_1767783652.156223.jpg","type":"image\/jpeg"}],"author":"cfeditorfr","twitter_card":"summary_large_image","twitter_misc":{"\u00c9crit par":"cfeditorfr","Dur\u00e9e de lecture estim\u00e9e":"2 minutes"},"schema":{"@context":"https:\/\/schema.org","@graph":[{"@type":"Article","@id":"https:\/\/www.africa-press.net\/cotedivoire\/sports\/krasso-pret-a-saisir-les-occasions-contre-burkina#article","isPartOf":{"@id":"https:\/\/www.africa-press.net\/cotedivoire\/sports\/krasso-pret-a-saisir-les-occasions-contre-burkina"},"author":{"name":"cfeditorfr","@id":"https:\/\/www.africa-press.net\/cotedivoire\/#\/schema\/person\/2b1cf3cd81a31e3cd26889ca66d677f1"},"headline":"Krasso Pr\u00eat \u00e0 Saisir les Occasions Contre Burkina","datePublished":"2026-01-07T14:30:16+00:00","dateModified":"2026-01-07T14:35:16+00:00","mainEntityOfPage":{"@id":"https:\/\/www.africa-press.net\/cotedivoire\/sports\/krasso-pret-a-saisir-les-occasions-contre-burkina"},"wordCount":263,"commentCount":0,"image":{"@id":"https:\/\/www.africa-press.net\/cotedivoire\/sports\/krasso-pret-a-saisir-les-occasions-contre-burkina#primaryimage"},"thumbnailUrl":"https:\/\/static.africa-press.net\/cote\/sites\/43\/2026\/01\/sm_1767783652.156223.jpg","keywords":["Burkina","CAN 2025","C\u00d4TE D'IVOIRE","Emerse Fae","Krasso","Marrakech"],"articleSection":["Sports","Toutes les actualit\u00e9s"],"inLanguage":"fr-FR","potentialAction":[{"@type":"CommentAction","name":"Comment","target":["https:\/\/www.africa-press.net\/cotedivoire\/sports\/krasso-pret-a-saisir-les-occasions-contre-burkina#respond"]}]},{"@type":"WebPage","@id":"https:\/\/www.africa-press.net\/cotedivoire\/sports\/krasso-pret-a-saisir-les-occasions-contre-burkina","url":"https:\/\/www.africa-press.net\/cotedivoire\/sports\/krasso-pret-a-saisir-les-occasions-contre-burkina","name":"Krasso Pr\u00eat \u00e0 Saisir les Occasions Contre Burkina - C\u00f4te d&#039;Ivoire","isPartOf":{"@id":"https:\/\/www.africa-press.net\/cotedivoire\/#website"},"primaryImageOfPage":{"@id":"https:\/\/www.africa-press.net\/cotedivoire\/sports\/krasso-pret-a-saisir-les-occasions-contre-burkina#primaryimage"},"image":{"@id":"https:\/\/www.africa-press.net\/cotedivoire\/sports\/krasso-pret-a-saisir-les-occasions-contre-burkina#primaryimage"},"thumbnailUrl":"https:\/\/static.africa-press.net\/cote\/sites\/43\/2026\/01\/sm_1767783652.156223.jpg","datePublished":"2026-01-07T14:30:16+00:00","dateModified":"2026-01-07T14:35:16+00:00","author":{"@id":"https:\/\/www.africa-press.net\/cotedivoire\/#\/schema\/person\/2b1cf3cd81a31e3cd26889ca66d677f1"},"description":"La Co\u0302te d'Ivoire et le Burkina Faso s\u2019affrontent ce mardi 06 janvier 2026 a\u0300 Marrakech, a\u0300 l\u2019occasion des huitie\u0300mes de ...","breadcrumb":{"@id":"https:\/\/www.africa-press.net\/cotedivoire\/sports\/krasso-pret-a-saisir-les-occasions-contre-burkina#breadcrumb"},"inLanguage":"fr-FR","potentialAction":[{"@type":"ReadAction","target":["https:\/\/www.africa-press.net\/cotedivoire\/sports\/krasso-pret-a-saisir-les-occasions-contre-burkina"]}]},{"@type":"ImageObject","inLanguage":"fr-FR","@id":"https:\/\/www.africa-press.net\/cotedivoire\/sports\/krasso-pret-a-saisir-les-occasions-contre-burkina#primaryimage","url":"https:\/\/static.africa-press.net\/cote\/sites\/43\/2026\/01\/sm_1767783652.156223.jpg","contentUrl":"https:\/\/static.africa-press.net\/cote\/sites\/43\/2026\/01\/sm_1767783652.156223.jpg","width":720,"height":433,"caption":"Krasso Pr\u00eat \u00e0 Saisir les Occasions Contre Burkina"},{"@type":"BreadcrumbList","@id":"https:\/\/www.africa-press.net\/cotedivoire\/sports\/krasso-pret-a-saisir-les-occasions-contre-burkina#breadcrumb","itemListElement":[{"@type":"ListItem","position":1,"name":"Accueil","item":"https:\/\/www.africa-press.net\/cotedivoire\/"},{"@type":"ListItem","position":2,"name":"Krasso Pr\u00eat \u00e0 Saisir les Occasions Contre Burkina"}]},{"@type":"WebSite","@id":"https:\/\/www.africa-press.net\/cotedivoire\/#website","url":"https:\/\/www.africa-press.net\/cotedivoire\/","name":"C\u00f4te d&#039;Ivoire","description":"Just another Africa News Agency Sites site","potentialAction":[{"@type":"SearchAction","target":{"@type":"EntryPoint","urlTemplate":"https:\/\/www.africa-press.net\/cotedivoire\/?s={search_term_string}"},"query-input":{"@type":"PropertyValueSpecification","valueRequired":true,"valueName":"search_term_string"}}],"inLanguage":"fr-FR"},{"@type":"Person","@id":"https:\/\/www.africa-press.net\/cotedivoire\/#\/schema\/person\/2b1cf3cd81a31e3cd26889ca66d677f1","name":"cfeditorfr"}]}},"_links":{"self":[{"href":"https:\/\/www.africa-press.net\/cotedivoire\/wp-json\/wp\/v2\/posts\/111546","targetHints":{"allow":["GET"]}}],"collection":[{"href":"https:\/\/www.africa-press.net\/cotedivoire\/wp-json\/wp\/v2\/posts"}],"about":[{"href":"https:\/\/www.africa-press.net\/cotedivoire\/wp-json\/wp\/v2\/types\/post"}],"author":[{"embeddable":true,"href":"https:\/\/www.africa-press.net\/cotedivoire\/wp-json\/wp\/v2\/users\/82"}],"replies":[{"embeddable":true,"href":"https:\/\/www.africa-press.net\/cotedivoire\/wp-json\/wp\/v2\/comments?post=111546"}],"version-history":[{"count":0,"href":"https:\/\/www.africa-press.net\/cotedivoire\/wp-json\/wp\/v2\/posts\/111546\/revisions"}],"wp:featuredmedia":[{"embeddable":true,"href":"https:\/\/www.africa-press.net\/cotedivoire\/wp-json\/wp\/v2\/media\/111545"}],"wp:attachment":[{"href":"https:\/\/www.africa-press.net\/cotedivoire\/wp-json\/wp\/v2\/media?parent=111546"}],"wp:term":[{"taxonomy":"category","embeddable":true,"href":"https:\/\/www.africa-press.net\/cotedivoire\/wp-json\/wp\/v2\/categories?post=111546"},{"taxonomy":"post_tag","embeddable":true,"href":"https:\/\/www.africa-press.net\/cotedivoire\/wp-json\/wp\/v2\/tags?post=111546"}],"curies":[{"name":"wp","href":"https:\/\/api.w.org\/{rel}","templated":true}]}}