{"id":111581,"date":"2026-01-07T14:30:13","date_gmt":"2026-01-07T14:30:13","guid":{"rendered":"https:\/\/www.africa-press.net\/cotedivoire\/politique\/nouvelle-legislature-convoque-deputes-elus-pour-dossiers"},"modified":"2026-01-07T16:27:37","modified_gmt":"2026-01-07T16:27:37","slug":"nouvelle-legislature-convoque-deputes-elus-pour-dossiers","status":"publish","type":"post","link":"https:\/\/www.africa-press.net\/cotedivoire\/politique\/nouvelle-legislature-convoque-deputes-elus-pour-dossiers","title":{"rendered":"Nouvelle L\u00e9gislature Convoque D\u00e9put\u00e9s \u00c9lus Pour Dossiers"},"content":{"rendered":"<p><span style=\"color: #ff6600\"><strong>Africa-Press &#8211; C\u00f4te d&rsquo;Ivoire. <\/strong><\/span>L\u2019Assemble\u0301e nationale de Co\u0302te d\u2019Ivoire enclenche officiellement le processus administratif marquant l\u2019entre\u0301e en fonction des de\u0301pute\u0301s e\u0301lus lors des e\u0301lections le\u0301gislatives du 27 de\u0301cembre 2025.<\/p>\n<p>Dans un communique\u0301 signe\u0301 par le Secre\u0301taire ge\u0301ne\u0301ral de l\u2019institution, Diomande\u0301 Aboubacar Sidiki, il est porte\u0301 a\u0300 la connaissance des de\u0301pute\u0301s re\u0301gulie\u0300rement e\u0301lus et dont les re\u0301sultats ne font l\u2019objet d\u2019aucun contentieux devant le Conseil constitutionnel, qu\u2019ils sont invite\u0301s a\u0300 se rendre de\u0300s le mercredi 7 janvier 2026 au Secre\u0301tariat ge\u0301ne\u0301ral de l\u2019Assemble\u0301e nationale.<\/p>\n<p>Cette de\u0301marche vise le retrait des documents constitutifs de leur dossier administratif, e\u0301tape indispensable a\u0300 leur installation officielle au sein de la nouvelle le\u0301gislature. Elle s\u2019inscrit dans le cadre des proce\u0301dures administratives pre\u0301vues par l\u2019institution parlementaire afin d\u2019assurer une prise de fonction conforme aux re\u0300gles en vigueur.<\/p>\n<p>Par ailleurs, les de\u0301pute\u0301s concerne\u0301s sont informe\u0301s qu\u2019une fiche biographique doit e\u0302tre renseigne\u0301e en ligne via la plateforme de\u0301die\u0301e: http:\/\/fiche-depute.ci. La liste comple\u0300te des pie\u0300ces a\u0300 fournir est e\u0301galement disponible sur le site officiel de l\u2019Assemble\u0301e nationale, a\u0300 l\u2019adresse www.assnat.ci.<\/p>\n<p>A\u0300 travers ce communique\u0301, l\u2019Assemble\u0301e nationale re\u0301affirme sa volonte\u0301 d\u2019assurer une organisation rigoureuse et transparente de la nouvelle mandature, dans le respect des principes re\u0301publicains et des textes institutionnels.<\/p>\n<p><strong>Pour plus d&rsquo;informations et d&rsquo;analyses sur la <span style=\"color: #ff6600\">C\u00f4te d&rsquo;Ivoire<\/span>, suivez <span style=\"color: #ff6600\">Africa-Press<\/span><\/strong><\/p>\n","protected":false},"excerpt":{"rendered":"<p>Africa-Press &#8211; C\u00f4te d&rsquo;Ivoire. L\u2019Assemble\u0301e nationale de Co\u0302te d\u2019Ivoire enclenche officiellement le processus administratif marquant l\u2019entre\u0301e en fonction des de\u0301pute\u0301s e\u0301lus lors des e\u0301lections le\u0301gislatives du 27 de\u0301cembre 2025. Dans un communique\u0301 signe\u0301 par le Secre\u0301taire ge\u0301ne\u0301ral de l\u2019institution, Diomande\u0301 Aboubacar Sidiki, il est porte\u0301 a\u0300 la connaissance des de\u0301pute\u0301s re\u0301gulie\u0300rement e\u0301lus et dont les [&hellip;]<\/p>\n","protected":false},"author":82,"featured_media":111580,"comment_status":"open","ping_status":"closed","sticky":false,"template":"","format":"standard","meta":{"footnotes":""},"categories":[2,20,10],"tags":[30,2188,29,1738,897,9063,7257,19356,305,1348,60,4608],"class_list":["post-111581","post","type-post","status-publish","format-standard","has-post-thumbnail","hentry","category-politique","category-top-nouvelles","category-toutes-les-actualites","tag-abidjan","tag-assemblee","tag-cote-divoire","tag-deputes","tag-elus","tag-institutions","tag-ivoirienne","tag-legislatives-2025","tag-nationale","tag-parlementaire","tag-politique","tag-vie"],"yoast_head":"<!-- This site is optimized with the Yoast SEO Premium plugin v26.1 (Yoast SEO v27.0) - https:\/\/yoast.com\/product\/yoast-seo-premium-wordpress\/ -->\n<title>Nouvelle L\u00e9gislature Convoque D\u00e9put\u00e9s \u00c9lus Pour Dossiers - C\u00f4te d&#039;Ivoire<\/title>\n<meta name=\"description\" content=\"L\u2019Assemble\u0301e nationale de Co\u0302te d\u2019Ivoire enclenche officiellement le processus administratif marquant l\u2019entre\u0301e en fonct ...\" \/>\n<meta name=\"robots\" content=\"index, follow, max-snippet:-1, max-image-preview:large, max-video-preview:-1\" \/>\n<link rel=\"canonical\" href=\"https:\/\/www.africa-press.net\/cotedivoire\/politique\/nouvelle-legislature-convoque-deputes-elus-pour-dossiers\" \/>\n<meta property=\"og:locale\" content=\"fr_FR\" \/>\n<meta property=\"og:type\" content=\"article\" \/>\n<meta property=\"og:title\" content=\"Nouvelle L\u00e9gislature Convoque D\u00e9put\u00e9s \u00c9lus Pour Dossiers\" \/>\n<meta property=\"og:description\" content=\"L\u2019Assemble\u0301e nationale de Co\u0302te d\u2019Ivoire enclenche officiellement le processus administratif marquant l\u2019entre\u0301e en fonct ...\" \/>\n<meta property=\"og:url\" content=\"https:\/\/www.africa-press.net\/cotedivoire\/politique\/nouvelle-legislature-convoque-deputes-elus-pour-dossiers\" \/>\n<meta property=\"og:site_name\" content=\"C\u00f4te d&#039;Ivoire\" \/>\n<meta property=\"article:published_time\" content=\"2026-01-07T14:30:13+00:00\" \/>\n<meta property=\"article:modified_time\" content=\"2026-01-07T16:27:37+00:00\" \/>\n<meta property=\"og:image\" content=\"https:\/\/static.africa-press.net\/cote\/sites\/43\/2026\/01\/sm_1767790372.401135.jpg\" \/>\n\t<meta property=\"og:image:width\" content=\"720\" \/>\n\t<meta property=\"og:image:height\" content=\"474\" \/>\n\t<meta property=\"og:image:type\" content=\"image\/jpeg\" \/>\n<meta name=\"author\" content=\"cfeditorfr\" \/>\n<meta name=\"twitter:card\" content=\"summary_large_image\" \/>\n<meta name=\"twitter:label1\" content=\"\u00c9crit par\" \/>\n\t<meta name=\"twitter:data1\" content=\"cfeditorfr\" \/>\n\t<meta name=\"twitter:label2\" content=\"Dur\u00e9e de lecture estim\u00e9e\" \/>\n\t<meta name=\"twitter:data2\" content=\"2 minutes\" \/>\n<script type=\"application\/ld+json\" class=\"yoast-schema-graph\">{\"@context\":\"https:\/\/schema.org\",\"@graph\":[{\"@type\":\"Article\",\"@id\":\"https:\/\/www.africa-press.net\/cotedivoire\/politique\/nouvelle-legislature-convoque-deputes-elus-pour-dossiers#article\",\"isPartOf\":{\"@id\":\"https:\/\/www.africa-press.net\/cotedivoire\/politique\/nouvelle-legislature-convoque-deputes-elus-pour-dossiers\"},\"author\":{\"name\":\"cfeditorfr\",\"@id\":\"https:\/\/www.africa-press.net\/cotedivoire\/#\/schema\/person\/2b1cf3cd81a31e3cd26889ca66d677f1\"},\"headline\":\"Nouvelle L\u00e9gislature Convoque D\u00e9put\u00e9s \u00c9lus Pour Dossiers\",\"datePublished\":\"2026-01-07T14:30:13+00:00\",\"dateModified\":\"2026-01-07T16:27:37+00:00\",\"mainEntityOfPage\":{\"@id\":\"https:\/\/www.africa-press.net\/cotedivoire\/politique\/nouvelle-legislature-convoque-deputes-elus-pour-dossiers\"},\"wordCount\":287,\"commentCount\":0,\"image\":{\"@id\":\"https:\/\/www.africa-press.net\/cotedivoire\/politique\/nouvelle-legislature-convoque-deputes-elus-pour-dossiers#primaryimage\"},\"thumbnailUrl\":\"https:\/\/static.africa-press.net\/cote\/sites\/43\/2026\/01\/sm_1767790372.401135.jpg\",\"keywords\":[\"Abidjan\",\"Assembl\u00e9e\",\"C\u00d4TE D'IVOIRE\",\"d\u00e9put\u00e9s\",\"\u00e9lus\",\"institutions\",\"ivoirienne\",\"L\u00e9gislatives 2025\",\"nationale\",\"parlementaire\",\"Politique\",\"vie\"],\"articleSection\":[\"Politique\",\"Top Nouvelles\",\"Toutes les actualit\u00e9s\"],\"inLanguage\":\"fr-FR\",\"potentialAction\":[{\"@type\":\"CommentAction\",\"name\":\"Comment\",\"target\":[\"https:\/\/www.africa-press.net\/cotedivoire\/politique\/nouvelle-legislature-convoque-deputes-elus-pour-dossiers#respond\"]}]},{\"@type\":\"WebPage\",\"@id\":\"https:\/\/www.africa-press.net\/cotedivoire\/politique\/nouvelle-legislature-convoque-deputes-elus-pour-dossiers\",\"url\":\"https:\/\/www.africa-press.net\/cotedivoire\/politique\/nouvelle-legislature-convoque-deputes-elus-pour-dossiers\",\"name\":\"Nouvelle L\u00e9gislature Convoque D\u00e9put\u00e9s \u00c9lus Pour Dossiers - C\u00f4te d&#039;Ivoire\",\"isPartOf\":{\"@id\":\"https:\/\/www.africa-press.net\/cotedivoire\/#website\"},\"primaryImageOfPage\":{\"@id\":\"https:\/\/www.africa-press.net\/cotedivoire\/politique\/nouvelle-legislature-convoque-deputes-elus-pour-dossiers#primaryimage\"},\"image\":{\"@id\":\"https:\/\/www.africa-press.net\/cotedivoire\/politique\/nouvelle-legislature-convoque-deputes-elus-pour-dossiers#primaryimage\"},\"thumbnailUrl\":\"https:\/\/static.africa-press.net\/cote\/sites\/43\/2026\/01\/sm_1767790372.401135.jpg\",\"datePublished\":\"2026-01-07T14:30:13+00:00\",\"dateModified\":\"2026-01-07T16:27:37+00:00\",\"author\":{\"@id\":\"https:\/\/www.africa-press.net\/cotedivoire\/#\/schema\/person\/2b1cf3cd81a31e3cd26889ca66d677f1\"},\"description\":\"L\u2019Assemble\u0301e nationale de Co\u0302te d\u2019Ivoire enclenche officiellement le processus administratif marquant l\u2019entre\u0301e en fonct ...\",\"breadcrumb\":{\"@id\":\"https:\/\/www.africa-press.net\/cotedivoire\/politique\/nouvelle-legislature-convoque-deputes-elus-pour-dossiers#breadcrumb\"},\"inLanguage\":\"fr-FR\",\"potentialAction\":[{\"@type\":\"ReadAction\",\"target\":[\"https:\/\/www.africa-press.net\/cotedivoire\/politique\/nouvelle-legislature-convoque-deputes-elus-pour-dossiers\"]}]},{\"@type\":\"ImageObject\",\"inLanguage\":\"fr-FR\",\"@id\":\"https:\/\/www.africa-press.net\/cotedivoire\/politique\/nouvelle-legislature-convoque-deputes-elus-pour-dossiers#primaryimage\",\"url\":\"https:\/\/static.africa-press.net\/cote\/sites\/43\/2026\/01\/sm_1767790372.401135.jpg\",\"contentUrl\":\"https:\/\/static.africa-press.net\/cote\/sites\/43\/2026\/01\/sm_1767790372.401135.jpg\",\"width\":720,\"height\":474,\"caption\":\"Nouvelle L\u00e9gislature Convoque D\u00e9put\u00e9s \u00c9lus Pour Dossiers\"},{\"@type\":\"BreadcrumbList\",\"@id\":\"https:\/\/www.africa-press.net\/cotedivoire\/politique\/nouvelle-legislature-convoque-deputes-elus-pour-dossiers#breadcrumb\",\"itemListElement\":[{\"@type\":\"ListItem\",\"position\":1,\"name\":\"Accueil\",\"item\":\"https:\/\/www.africa-press.net\/cotedivoire\/\"},{\"@type\":\"ListItem\",\"position\":2,\"name\":\"Nouvelle L\u00e9gislature Convoque D\u00e9put\u00e9s \u00c9lus Pour Dossiers\"}]},{\"@type\":\"WebSite\",\"@id\":\"https:\/\/www.africa-press.net\/cotedivoire\/#website\",\"url\":\"https:\/\/www.africa-press.net\/cotedivoire\/\",\"name\":\"C\u00f4te d&#039;Ivoire\",\"description\":\"Just another Africa News Agency Sites site\",\"potentialAction\":[{\"@type\":\"SearchAction\",\"target\":{\"@type\":\"EntryPoint\",\"urlTemplate\":\"https:\/\/www.africa-press.net\/cotedivoire\/?s={search_term_string}\"},\"query-input\":{\"@type\":\"PropertyValueSpecification\",\"valueRequired\":true,\"valueName\":\"search_term_string\"}}],\"inLanguage\":\"fr-FR\"},{\"@type\":\"Person\",\"@id\":\"https:\/\/www.africa-press.net\/cotedivoire\/#\/schema\/person\/2b1cf3cd81a31e3cd26889ca66d677f1\",\"name\":\"cfeditorfr\"}]}<\/script>\n<!-- \/ Yoast SEO Premium plugin. -->","yoast_head_json":{"title":"Nouvelle L\u00e9gislature Convoque D\u00e9put\u00e9s \u00c9lus Pour Dossiers - C\u00f4te d&#039;Ivoire","description":"L\u2019Assemble\u0301e nationale de Co\u0302te d\u2019Ivoire enclenche officiellement le processus administratif marquant l\u2019entre\u0301e en fonct ...","robots":{"index":"index","follow":"follow","max-snippet":"max-snippet:-1","max-image-preview":"max-image-preview:large","max-video-preview":"max-video-preview:-1"},"canonical":"https:\/\/www.africa-press.net\/cotedivoire\/politique\/nouvelle-legislature-convoque-deputes-elus-pour-dossiers","og_locale":"fr_FR","og_type":"article","og_title":"Nouvelle L\u00e9gislature Convoque D\u00e9put\u00e9s \u00c9lus Pour Dossiers","og_description":"L\u2019Assemble\u0301e nationale de Co\u0302te d\u2019Ivoire enclenche officiellement le processus administratif marquant l\u2019entre\u0301e en fonct ...","og_url":"https:\/\/www.africa-press.net\/cotedivoire\/politique\/nouvelle-legislature-convoque-deputes-elus-pour-dossiers","og_site_name":"C\u00f4te d&#039;Ivoire","article_published_time":"2026-01-07T14:30:13+00:00","article_modified_time":"2026-01-07T16:27:37+00:00","og_image":[{"width":720,"height":474,"url":"https:\/\/static.africa-press.net\/cote\/sites\/43\/2026\/01\/sm_1767790372.401135.jpg","type":"image\/jpeg"}],"author":"cfeditorfr","twitter_card":"summary_large_image","twitter_misc":{"\u00c9crit par":"cfeditorfr","Dur\u00e9e de lecture estim\u00e9e":"2 minutes"},"schema":{"@context":"https:\/\/schema.org","@graph":[{"@type":"Article","@id":"https:\/\/www.africa-press.net\/cotedivoire\/politique\/nouvelle-legislature-convoque-deputes-elus-pour-dossiers#article","isPartOf":{"@id":"https:\/\/www.africa-press.net\/cotedivoire\/politique\/nouvelle-legislature-convoque-deputes-elus-pour-dossiers"},"author":{"name":"cfeditorfr","@id":"https:\/\/www.africa-press.net\/cotedivoire\/#\/schema\/person\/2b1cf3cd81a31e3cd26889ca66d677f1"},"headline":"Nouvelle L\u00e9gislature Convoque D\u00e9put\u00e9s \u00c9lus Pour Dossiers","datePublished":"2026-01-07T14:30:13+00:00","dateModified":"2026-01-07T16:27:37+00:00","mainEntityOfPage":{"@id":"https:\/\/www.africa-press.net\/cotedivoire\/politique\/nouvelle-legislature-convoque-deputes-elus-pour-dossiers"},"wordCount":287,"commentCount":0,"image":{"@id":"https:\/\/www.africa-press.net\/cotedivoire\/politique\/nouvelle-legislature-convoque-deputes-elus-pour-dossiers#primaryimage"},"thumbnailUrl":"https:\/\/static.africa-press.net\/cote\/sites\/43\/2026\/01\/sm_1767790372.401135.jpg","keywords":["Abidjan","Assembl\u00e9e","C\u00d4TE D'IVOIRE","d\u00e9put\u00e9s","\u00e9lus","institutions","ivoirienne","L\u00e9gislatives 2025","nationale","parlementaire","Politique","vie"],"articleSection":["Politique","Top Nouvelles","Toutes les actualit\u00e9s"],"inLanguage":"fr-FR","potentialAction":[{"@type":"CommentAction","name":"Comment","target":["https:\/\/www.africa-press.net\/cotedivoire\/politique\/nouvelle-legislature-convoque-deputes-elus-pour-dossiers#respond"]}]},{"@type":"WebPage","@id":"https:\/\/www.africa-press.net\/cotedivoire\/politique\/nouvelle-legislature-convoque-deputes-elus-pour-dossiers","url":"https:\/\/www.africa-press.net\/cotedivoire\/politique\/nouvelle-legislature-convoque-deputes-elus-pour-dossiers","name":"Nouvelle L\u00e9gislature Convoque D\u00e9put\u00e9s \u00c9lus Pour Dossiers - C\u00f4te d&#039;Ivoire","isPartOf":{"@id":"https:\/\/www.africa-press.net\/cotedivoire\/#website"},"primaryImageOfPage":{"@id":"https:\/\/www.africa-press.net\/cotedivoire\/politique\/nouvelle-legislature-convoque-deputes-elus-pour-dossiers#primaryimage"},"image":{"@id":"https:\/\/www.africa-press.net\/cotedivoire\/politique\/nouvelle-legislature-convoque-deputes-elus-pour-dossiers#primaryimage"},"thumbnailUrl":"https:\/\/static.africa-press.net\/cote\/sites\/43\/2026\/01\/sm_1767790372.401135.jpg","datePublished":"2026-01-07T14:30:13+00:00","dateModified":"2026-01-07T16:27:37+00:00","author":{"@id":"https:\/\/www.africa-press.net\/cotedivoire\/#\/schema\/person\/2b1cf3cd81a31e3cd26889ca66d677f1"},"description":"L\u2019Assemble\u0301e nationale de Co\u0302te d\u2019Ivoire enclenche officiellement le processus administratif marquant l\u2019entre\u0301e en fonct ...","breadcrumb":{"@id":"https:\/\/www.africa-press.net\/cotedivoire\/politique\/nouvelle-legislature-convoque-deputes-elus-pour-dossiers#breadcrumb"},"inLanguage":"fr-FR","potentialAction":[{"@type":"ReadAction","target":["https:\/\/www.africa-press.net\/cotedivoire\/politique\/nouvelle-legislature-convoque-deputes-elus-pour-dossiers"]}]},{"@type":"ImageObject","inLanguage":"fr-FR","@id":"https:\/\/www.africa-press.net\/cotedivoire\/politique\/nouvelle-legislature-convoque-deputes-elus-pour-dossiers#primaryimage","url":"https:\/\/static.africa-press.net\/cote\/sites\/43\/2026\/01\/sm_1767790372.401135.jpg","contentUrl":"https:\/\/static.africa-press.net\/cote\/sites\/43\/2026\/01\/sm_1767790372.401135.jpg","width":720,"height":474,"caption":"Nouvelle L\u00e9gislature Convoque D\u00e9put\u00e9s \u00c9lus Pour Dossiers"},{"@type":"BreadcrumbList","@id":"https:\/\/www.africa-press.net\/cotedivoire\/politique\/nouvelle-legislature-convoque-deputes-elus-pour-dossiers#breadcrumb","itemListElement":[{"@type":"ListItem","position":1,"name":"Accueil","item":"https:\/\/www.africa-press.net\/cotedivoire\/"},{"@type":"ListItem","position":2,"name":"Nouvelle L\u00e9gislature Convoque D\u00e9put\u00e9s \u00c9lus Pour Dossiers"}]},{"@type":"WebSite","@id":"https:\/\/www.africa-press.net\/cotedivoire\/#website","url":"https:\/\/www.africa-press.net\/cotedivoire\/","name":"C\u00f4te d&#039;Ivoire","description":"Just another Africa News Agency Sites site","potentialAction":[{"@type":"SearchAction","target":{"@type":"EntryPoint","urlTemplate":"https:\/\/www.africa-press.net\/cotedivoire\/?s={search_term_string}"},"query-input":{"@type":"PropertyValueSpecification","valueRequired":true,"valueName":"search_term_string"}}],"inLanguage":"fr-FR"},{"@type":"Person","@id":"https:\/\/www.africa-press.net\/cotedivoire\/#\/schema\/person\/2b1cf3cd81a31e3cd26889ca66d677f1","name":"cfeditorfr"}]}},"_links":{"self":[{"href":"https:\/\/www.africa-press.net\/cotedivoire\/wp-json\/wp\/v2\/posts\/111581","targetHints":{"allow":["GET"]}}],"collection":[{"href":"https:\/\/www.africa-press.net\/cotedivoire\/wp-json\/wp\/v2\/posts"}],"about":[{"href":"https:\/\/www.africa-press.net\/cotedivoire\/wp-json\/wp\/v2\/types\/post"}],"author":[{"embeddable":true,"href":"https:\/\/www.africa-press.net\/cotedivoire\/wp-json\/wp\/v2\/users\/82"}],"replies":[{"embeddable":true,"href":"https:\/\/www.africa-press.net\/cotedivoire\/wp-json\/wp\/v2\/comments?post=111581"}],"version-history":[{"count":0,"href":"https:\/\/www.africa-press.net\/cotedivoire\/wp-json\/wp\/v2\/posts\/111581\/revisions"}],"wp:featuredmedia":[{"embeddable":true,"href":"https:\/\/www.africa-press.net\/cotedivoire\/wp-json\/wp\/v2\/media\/111580"}],"wp:attachment":[{"href":"https:\/\/www.africa-press.net\/cotedivoire\/wp-json\/wp\/v2\/media?parent=111581"}],"wp:term":[{"taxonomy":"category","embeddable":true,"href":"https:\/\/www.africa-press.net\/cotedivoire\/wp-json\/wp\/v2\/categories?post=111581"},{"taxonomy":"post_tag","embeddable":true,"href":"https:\/\/www.africa-press.net\/cotedivoire\/wp-json\/wp\/v2\/tags?post=111581"}],"curies":[{"name":"wp","href":"https:\/\/api.w.org\/{rel}","templated":true}]}}