{"id":111604,"date":"2026-01-20T20:45:10","date_gmt":"2026-01-20T20:45:10","guid":{"rendered":"https:\/\/www.africa-press.net\/cotedivoire\/politique\/ppa-ci-gbagbo-convoque-son-comite-central-a-une-session-extraordinaire-vendredi"},"modified":"2026-01-20T20:45:10","modified_gmt":"2026-01-20T20:45:10","slug":"ppa-ci-gbagbo-convoque-son-comite-central-a-une-session-extraordinaire-vendredi","status":"publish","type":"post","link":"https:\/\/www.africa-press.net\/cotedivoire\/parties\/ppa-ci-gbagbo-convoque-son-comite-central-a-une-session-extraordinaire-vendredi","title":{"rendered":"PPA-CI, Gbagbo convoque son Comit\u00e9 Central \u00e0 une session extraordinaire vendredi"},"content":{"rendered":"<p>Gbagbo (Ph)<\/p>\n<p>Laurent Gbagbo, pr\u00e9sident du Parti des Peuples Africains de C\u00f4te d\u2019Ivoire (PPA-CI), convoque les membres du Comit\u00e9 Central \u00e0 une session extraordinaire, qui se tiendra le vendredi 23 janvier 2026, au si\u00e8ge du parti \u00e0 Abidjan-Cocody.<\/p>\n<p>Selon la note sign\u00e9e du Secr\u00e9taire G\u00e9n\u00e9ral, Porte-Parole adjoint du PPA-CI, Gervais Tch\u00e9id\u00e9, cette session est \u00e9largie aux pr\u00e9sidents des organes et des commissions du parti.<\/p>\n<p>L\u2019ordre du jour s\u2019\u00e9tablit ainsi:<\/p>\n<p>&#8211; Pr\u00e9paratifs du 1er Congr\u00e8s Ordinaire ;<\/p>\n<p>&#8211; F\u00eate de la Renaissance ;<\/p>\n<p>&#8211; Questions diverses.<\/p>\n<p>Notons que, cette rencontre intervient apr\u00e8s les \u00e9lections L\u00e9gislatives de decembre 2025 boycott\u00e9es par un PPA-CI en perte de vitesse \u00e0 l&rsquo;image de l&rsquo;ensemble de l&rsquo;opposition, et que Laurent Gbagbo, affaibli par le poids de l&rsquo;\u00e2ge, avait annonc\u00e9 prendre sa retraite politique apr\u00e8s cette \u00e9ch\u00e9ance.<\/p>\n<p>Donatien Kautcha, Abidjan<\/p>\n","protected":false},"excerpt":{"rendered":"<p>Gbagbo (Ph) Laurent Gbagbo, pr\u00e9sident du Parti des Peuples Africains de C\u00f4te d\u2019Ivoire (PPA-CI), convoque les membres du Comit\u00e9 Central \u00e0 une session extraordinaire, qui se tiendra le vendredi 23 janvier 2026, au si\u00e8ge du parti \u00e0 Abidjan-Cocody. Selon la note sign\u00e9e du Secr\u00e9taire G\u00e9n\u00e9ral, Porte-Parole adjoint du PPA-CI, Gervais Tch\u00e9id\u00e9, cette session est \u00e9largie [&hellip;]<\/p>\n","protected":false},"author":82,"featured_media":111603,"comment_status":"open","ping_status":"closed","sticky":false,"template":"","format":"standard","meta":{"footnotes":""},"categories":[4,20,10],"tags":[1991,663,3783,20064,50,1952,3784],"class_list":["post-111604","post","type-post","status-publish","format-standard","has-post-thumbnail","hentry","category-parties","category-top-nouvelles","category-toutes-les-actualites","tag-comite","tag-congres","tag-extraodinaire","tag-gervais-tcheide-2","tag-laurent-gbagbo","tag-ppa-ci","tag-session"],"yoast_head":"<!-- This site is optimized with the Yoast SEO Premium plugin v26.1 (Yoast SEO v27.0) - https:\/\/yoast.com\/product\/yoast-seo-premium-wordpress\/ -->\n<title>PPA-CI, Gbagbo convoque son Comit\u00e9 Central \u00e0 une session extraordinaire vendredi - C\u00f4te d&#039;Ivoire<\/title>\n<meta name=\"robots\" content=\"index, follow, max-snippet:-1, max-image-preview:large, max-video-preview:-1\" \/>\n<link rel=\"canonical\" href=\"https:\/\/www.africa-press.net\/cotedivoire\/politique\/ppa-ci-gbagbo-convoque-son-comite-central-a-une-session-extraordinaire-vendredi\" \/>\n<meta property=\"og:locale\" content=\"fr_FR\" \/>\n<meta property=\"og:type\" content=\"article\" \/>\n<meta property=\"og:title\" content=\"PPA-CI, Gbagbo convoque son Comit\u00e9 Central \u00e0 une session extraordinaire vendredi\" \/>\n<meta property=\"og:description\" content=\"Gbagbo (Ph) Laurent Gbagbo, pr\u00e9sident du Parti des Peuples Africains de C\u00f4te d\u2019Ivoire (PPA-CI), convoque les membres du Comit\u00e9 Central \u00e0 une session extraordinaire, qui se tiendra le vendredi 23 janvier 2026, au si\u00e8ge du parti \u00e0 Abidjan-Cocody. Selon la note sign\u00e9e du Secr\u00e9taire G\u00e9n\u00e9ral, Porte-Parole adjoint du PPA-CI, Gervais Tch\u00e9id\u00e9, cette session est \u00e9largie [&hellip;]\" \/>\n<meta property=\"og:url\" content=\"https:\/\/www.africa-press.net\/cotedivoire\/politique\/ppa-ci-gbagbo-convoque-son-comite-central-a-une-session-extraordinaire-vendredi\" \/>\n<meta property=\"og:site_name\" content=\"C\u00f4te d&#039;Ivoire\" \/>\n<meta property=\"article:published_time\" content=\"2026-01-20T20:45:10+00:00\" \/>\n<meta name=\"author\" content=\"cfeditorfr\" \/>\n<meta name=\"twitter:card\" content=\"summary_large_image\" \/>\n<meta name=\"twitter:label1\" content=\"\u00c9crit par\" \/>\n\t<meta name=\"twitter:data1\" content=\"cfeditorfr\" \/>\n\t<meta name=\"twitter:label2\" content=\"Dur\u00e9e de lecture estim\u00e9e\" \/>\n\t<meta name=\"twitter:data2\" content=\"1 minute\" \/>\n<script type=\"application\/ld+json\" class=\"yoast-schema-graph\">{\"@context\":\"https:\/\/schema.org\",\"@graph\":[{\"@type\":\"Article\",\"@id\":\"https:\/\/www.africa-press.net\/cotedivoire\/politique\/ppa-ci-gbagbo-convoque-son-comite-central-a-une-session-extraordinaire-vendredi#article\",\"isPartOf\":{\"@id\":\"https:\/\/www.africa-press.net\/cotedivoire\/politique\/ppa-ci-gbagbo-convoque-son-comite-central-a-une-session-extraordinaire-vendredi\"},\"author\":{\"name\":\"cfeditorfr\",\"@id\":\"https:\/\/www.africa-press.net\/cotedivoire\/#\/schema\/person\/2b1cf3cd81a31e3cd26889ca66d677f1\"},\"headline\":\"PPA-CI, Gbagbo convoque son Comit\u00e9 Central \u00e0 une session extraordinaire vendredi\",\"datePublished\":\"2026-01-20T20:45:10+00:00\",\"mainEntityOfPage\":{\"@id\":\"https:\/\/www.africa-press.net\/cotedivoire\/politique\/ppa-ci-gbagbo-convoque-son-comite-central-a-une-session-extraordinaire-vendredi\"},\"wordCount\":159,\"commentCount\":0,\"image\":{\"@id\":\"https:\/\/www.africa-press.net\/cotedivoire\/politique\/ppa-ci-gbagbo-convoque-son-comite-central-a-une-session-extraordinaire-vendredi#primaryimage\"},\"thumbnailUrl\":\"https:\/\/static.africa-press.net\/cote\/sites\/43\/2026\/01\/sm_1768941910.724335.jpg\",\"keywords\":[\"Comit\u00e9\",\"congr\u00e8s\",\"extraodinaire\",\"Gervais Tch\u00e9id\u00e9\",\"Laurent Gbagbo\",\"PPA-CI\",\"session\"],\"articleSection\":[\"Parties\",\"Top Nouvelles\",\"Toutes les actualit\u00e9s\"],\"inLanguage\":\"fr-FR\",\"potentialAction\":[{\"@type\":\"CommentAction\",\"name\":\"Comment\",\"target\":[\"https:\/\/www.africa-press.net\/cotedivoire\/politique\/ppa-ci-gbagbo-convoque-son-comite-central-a-une-session-extraordinaire-vendredi#respond\"]}]},{\"@type\":\"WebPage\",\"@id\":\"https:\/\/www.africa-press.net\/cotedivoire\/politique\/ppa-ci-gbagbo-convoque-son-comite-central-a-une-session-extraordinaire-vendredi\",\"url\":\"https:\/\/www.africa-press.net\/cotedivoire\/politique\/ppa-ci-gbagbo-convoque-son-comite-central-a-une-session-extraordinaire-vendredi\",\"name\":\"PPA-CI, Gbagbo convoque son Comit\u00e9 Central \u00e0 une session extraordinaire vendredi - C\u00f4te d&#039;Ivoire\",\"isPartOf\":{\"@id\":\"https:\/\/www.africa-press.net\/cotedivoire\/#website\"},\"primaryImageOfPage\":{\"@id\":\"https:\/\/www.africa-press.net\/cotedivoire\/politique\/ppa-ci-gbagbo-convoque-son-comite-central-a-une-session-extraordinaire-vendredi#primaryimage\"},\"image\":{\"@id\":\"https:\/\/www.africa-press.net\/cotedivoire\/politique\/ppa-ci-gbagbo-convoque-son-comite-central-a-une-session-extraordinaire-vendredi#primaryimage\"},\"thumbnailUrl\":\"https:\/\/static.africa-press.net\/cote\/sites\/43\/2026\/01\/sm_1768941910.724335.jpg\",\"datePublished\":\"2026-01-20T20:45:10+00:00\",\"author\":{\"@id\":\"https:\/\/www.africa-press.net\/cotedivoire\/#\/schema\/person\/2b1cf3cd81a31e3cd26889ca66d677f1\"},\"breadcrumb\":{\"@id\":\"https:\/\/www.africa-press.net\/cotedivoire\/politique\/ppa-ci-gbagbo-convoque-son-comite-central-a-une-session-extraordinaire-vendredi#breadcrumb\"},\"inLanguage\":\"fr-FR\",\"potentialAction\":[{\"@type\":\"ReadAction\",\"target\":[\"https:\/\/www.africa-press.net\/cotedivoire\/politique\/ppa-ci-gbagbo-convoque-son-comite-central-a-une-session-extraordinaire-vendredi\"]}]},{\"@type\":\"ImageObject\",\"inLanguage\":\"fr-FR\",\"@id\":\"https:\/\/www.africa-press.net\/cotedivoire\/politique\/ppa-ci-gbagbo-convoque-son-comite-central-a-une-session-extraordinaire-vendredi#primaryimage\",\"url\":\"https:\/\/static.africa-press.net\/cote\/sites\/43\/2026\/01\/sm_1768941910.724335.jpg\",\"contentUrl\":\"https:\/\/static.africa-press.net\/cote\/sites\/43\/2026\/01\/sm_1768941910.724335.jpg\",\"width\":600,\"height\":390,\"caption\":\"PPA-CI, Gbagbo convoque son Comit\u00e9 Central \u00e0 une session extraordinaire vendredi\"},{\"@type\":\"BreadcrumbList\",\"@id\":\"https:\/\/www.africa-press.net\/cotedivoire\/politique\/ppa-ci-gbagbo-convoque-son-comite-central-a-une-session-extraordinaire-vendredi#breadcrumb\",\"itemListElement\":[{\"@type\":\"ListItem\",\"position\":1,\"name\":\"Accueil\",\"item\":\"https:\/\/www.africa-press.net\/cotedivoire\/\"},{\"@type\":\"ListItem\",\"position\":2,\"name\":\"PPA-CI, Gbagbo convoque son Comit\u00e9 Central \u00e0 une session extraordinaire vendredi\"}]},{\"@type\":\"WebSite\",\"@id\":\"https:\/\/www.africa-press.net\/cotedivoire\/#website\",\"url\":\"https:\/\/www.africa-press.net\/cotedivoire\/\",\"name\":\"C\u00f4te d&#039;Ivoire\",\"description\":\"Just another Africa News Agency Sites site\",\"potentialAction\":[{\"@type\":\"SearchAction\",\"target\":{\"@type\":\"EntryPoint\",\"urlTemplate\":\"https:\/\/www.africa-press.net\/cotedivoire\/?s={search_term_string}\"},\"query-input\":{\"@type\":\"PropertyValueSpecification\",\"valueRequired\":true,\"valueName\":\"search_term_string\"}}],\"inLanguage\":\"fr-FR\"},{\"@type\":\"Person\",\"@id\":\"https:\/\/www.africa-press.net\/cotedivoire\/#\/schema\/person\/2b1cf3cd81a31e3cd26889ca66d677f1\",\"name\":\"cfeditorfr\"}]}<\/script>\n<!-- \/ Yoast SEO Premium plugin. -->","yoast_head_json":{"title":"PPA-CI, Gbagbo convoque son Comit\u00e9 Central \u00e0 une session extraordinaire vendredi - C\u00f4te d&#039;Ivoire","robots":{"index":"index","follow":"follow","max-snippet":"max-snippet:-1","max-image-preview":"max-image-preview:large","max-video-preview":"max-video-preview:-1"},"canonical":"https:\/\/www.africa-press.net\/cotedivoire\/politique\/ppa-ci-gbagbo-convoque-son-comite-central-a-une-session-extraordinaire-vendredi","og_locale":"fr_FR","og_type":"article","og_title":"PPA-CI, Gbagbo convoque son Comit\u00e9 Central \u00e0 une session extraordinaire vendredi","og_description":"Gbagbo (Ph) Laurent Gbagbo, pr\u00e9sident du Parti des Peuples Africains de C\u00f4te d\u2019Ivoire (PPA-CI), convoque les membres du Comit\u00e9 Central \u00e0 une session extraordinaire, qui se tiendra le vendredi 23 janvier 2026, au si\u00e8ge du parti \u00e0 Abidjan-Cocody. Selon la note sign\u00e9e du Secr\u00e9taire G\u00e9n\u00e9ral, Porte-Parole adjoint du PPA-CI, Gervais Tch\u00e9id\u00e9, cette session est \u00e9largie [&hellip;]","og_url":"https:\/\/www.africa-press.net\/cotedivoire\/politique\/ppa-ci-gbagbo-convoque-son-comite-central-a-une-session-extraordinaire-vendredi","og_site_name":"C\u00f4te d&#039;Ivoire","article_published_time":"2026-01-20T20:45:10+00:00","author":"cfeditorfr","twitter_card":"summary_large_image","twitter_misc":{"\u00c9crit par":"cfeditorfr","Dur\u00e9e de lecture estim\u00e9e":"1 minute"},"schema":{"@context":"https:\/\/schema.org","@graph":[{"@type":"Article","@id":"https:\/\/www.africa-press.net\/cotedivoire\/politique\/ppa-ci-gbagbo-convoque-son-comite-central-a-une-session-extraordinaire-vendredi#article","isPartOf":{"@id":"https:\/\/www.africa-press.net\/cotedivoire\/politique\/ppa-ci-gbagbo-convoque-son-comite-central-a-une-session-extraordinaire-vendredi"},"author":{"name":"cfeditorfr","@id":"https:\/\/www.africa-press.net\/cotedivoire\/#\/schema\/person\/2b1cf3cd81a31e3cd26889ca66d677f1"},"headline":"PPA-CI, Gbagbo convoque son Comit\u00e9 Central \u00e0 une session extraordinaire vendredi","datePublished":"2026-01-20T20:45:10+00:00","mainEntityOfPage":{"@id":"https:\/\/www.africa-press.net\/cotedivoire\/politique\/ppa-ci-gbagbo-convoque-son-comite-central-a-une-session-extraordinaire-vendredi"},"wordCount":159,"commentCount":0,"image":{"@id":"https:\/\/www.africa-press.net\/cotedivoire\/politique\/ppa-ci-gbagbo-convoque-son-comite-central-a-une-session-extraordinaire-vendredi#primaryimage"},"thumbnailUrl":"https:\/\/static.africa-press.net\/cote\/sites\/43\/2026\/01\/sm_1768941910.724335.jpg","keywords":["Comit\u00e9","congr\u00e8s","extraodinaire","Gervais Tch\u00e9id\u00e9","Laurent Gbagbo","PPA-CI","session"],"articleSection":["Parties","Top Nouvelles","Toutes les actualit\u00e9s"],"inLanguage":"fr-FR","potentialAction":[{"@type":"CommentAction","name":"Comment","target":["https:\/\/www.africa-press.net\/cotedivoire\/politique\/ppa-ci-gbagbo-convoque-son-comite-central-a-une-session-extraordinaire-vendredi#respond"]}]},{"@type":"WebPage","@id":"https:\/\/www.africa-press.net\/cotedivoire\/politique\/ppa-ci-gbagbo-convoque-son-comite-central-a-une-session-extraordinaire-vendredi","url":"https:\/\/www.africa-press.net\/cotedivoire\/politique\/ppa-ci-gbagbo-convoque-son-comite-central-a-une-session-extraordinaire-vendredi","name":"PPA-CI, Gbagbo convoque son Comit\u00e9 Central \u00e0 une session extraordinaire vendredi - C\u00f4te d&#039;Ivoire","isPartOf":{"@id":"https:\/\/www.africa-press.net\/cotedivoire\/#website"},"primaryImageOfPage":{"@id":"https:\/\/www.africa-press.net\/cotedivoire\/politique\/ppa-ci-gbagbo-convoque-son-comite-central-a-une-session-extraordinaire-vendredi#primaryimage"},"image":{"@id":"https:\/\/www.africa-press.net\/cotedivoire\/politique\/ppa-ci-gbagbo-convoque-son-comite-central-a-une-session-extraordinaire-vendredi#primaryimage"},"thumbnailUrl":"https:\/\/static.africa-press.net\/cote\/sites\/43\/2026\/01\/sm_1768941910.724335.jpg","datePublished":"2026-01-20T20:45:10+00:00","author":{"@id":"https:\/\/www.africa-press.net\/cotedivoire\/#\/schema\/person\/2b1cf3cd81a31e3cd26889ca66d677f1"},"breadcrumb":{"@id":"https:\/\/www.africa-press.net\/cotedivoire\/politique\/ppa-ci-gbagbo-convoque-son-comite-central-a-une-session-extraordinaire-vendredi#breadcrumb"},"inLanguage":"fr-FR","potentialAction":[{"@type":"ReadAction","target":["https:\/\/www.africa-press.net\/cotedivoire\/politique\/ppa-ci-gbagbo-convoque-son-comite-central-a-une-session-extraordinaire-vendredi"]}]},{"@type":"ImageObject","inLanguage":"fr-FR","@id":"https:\/\/www.africa-press.net\/cotedivoire\/politique\/ppa-ci-gbagbo-convoque-son-comite-central-a-une-session-extraordinaire-vendredi#primaryimage","url":"https:\/\/static.africa-press.net\/cote\/sites\/43\/2026\/01\/sm_1768941910.724335.jpg","contentUrl":"https:\/\/static.africa-press.net\/cote\/sites\/43\/2026\/01\/sm_1768941910.724335.jpg","width":600,"height":390,"caption":"PPA-CI, Gbagbo convoque son Comit\u00e9 Central \u00e0 une session extraordinaire vendredi"},{"@type":"BreadcrumbList","@id":"https:\/\/www.africa-press.net\/cotedivoire\/politique\/ppa-ci-gbagbo-convoque-son-comite-central-a-une-session-extraordinaire-vendredi#breadcrumb","itemListElement":[{"@type":"ListItem","position":1,"name":"Accueil","item":"https:\/\/www.africa-press.net\/cotedivoire\/"},{"@type":"ListItem","position":2,"name":"PPA-CI, Gbagbo convoque son Comit\u00e9 Central \u00e0 une session extraordinaire vendredi"}]},{"@type":"WebSite","@id":"https:\/\/www.africa-press.net\/cotedivoire\/#website","url":"https:\/\/www.africa-press.net\/cotedivoire\/","name":"C\u00f4te d&#039;Ivoire","description":"Just another Africa News Agency Sites site","potentialAction":[{"@type":"SearchAction","target":{"@type":"EntryPoint","urlTemplate":"https:\/\/www.africa-press.net\/cotedivoire\/?s={search_term_string}"},"query-input":{"@type":"PropertyValueSpecification","valueRequired":true,"valueName":"search_term_string"}}],"inLanguage":"fr-FR"},{"@type":"Person","@id":"https:\/\/www.africa-press.net\/cotedivoire\/#\/schema\/person\/2b1cf3cd81a31e3cd26889ca66d677f1","name":"cfeditorfr"}]}},"_links":{"self":[{"href":"https:\/\/www.africa-press.net\/cotedivoire\/wp-json\/wp\/v2\/posts\/111604","targetHints":{"allow":["GET"]}}],"collection":[{"href":"https:\/\/www.africa-press.net\/cotedivoire\/wp-json\/wp\/v2\/posts"}],"about":[{"href":"https:\/\/www.africa-press.net\/cotedivoire\/wp-json\/wp\/v2\/types\/post"}],"author":[{"embeddable":true,"href":"https:\/\/www.africa-press.net\/cotedivoire\/wp-json\/wp\/v2\/users\/82"}],"replies":[{"embeddable":true,"href":"https:\/\/www.africa-press.net\/cotedivoire\/wp-json\/wp\/v2\/comments?post=111604"}],"version-history":[{"count":0,"href":"https:\/\/www.africa-press.net\/cotedivoire\/wp-json\/wp\/v2\/posts\/111604\/revisions"}],"wp:featuredmedia":[{"embeddable":true,"href":"https:\/\/www.africa-press.net\/cotedivoire\/wp-json\/wp\/v2\/media\/111603"}],"wp:attachment":[{"href":"https:\/\/www.africa-press.net\/cotedivoire\/wp-json\/wp\/v2\/media?parent=111604"}],"wp:term":[{"taxonomy":"category","embeddable":true,"href":"https:\/\/www.africa-press.net\/cotedivoire\/wp-json\/wp\/v2\/categories?post=111604"},{"taxonomy":"post_tag","embeddable":true,"href":"https:\/\/www.africa-press.net\/cotedivoire\/wp-json\/wp\/v2\/tags?post=111604"}],"curies":[{"name":"wp","href":"https:\/\/api.w.org\/{rel}","templated":true}]}}