{"id":111610,"date":"2026-01-20T20:48:33","date_gmt":"2026-01-20T20:48:33","guid":{"rendered":"https:\/\/www.africa-press.net\/cotedivoire\/politique\/apres-la-can-les-elephants-gagnent-cinq-places-au-classement-fifa"},"modified":"2026-01-20T20:48:33","modified_gmt":"2026-01-20T20:48:33","slug":"apres-la-can-les-elephants-gagnent-cinq-places-au-classement-fifa","status":"publish","type":"post","link":"https:\/\/www.africa-press.net\/cotedivoire\/sports\/apres-la-can-les-elephants-gagnent-cinq-places-au-classement-fifa","title":{"rendered":"Apr\u00e8s la CAN, les El\u00e9phants gagnent cinq places au classement FIFA"},"content":{"rendered":"<p>Les El\u00e9phants (DR)<\/p>\n<p>Une tendance positive pour la C\u00f4te d\u2019Ivoire apr\u00e8s la CAN 2025 o\u00f9 elle a \u00e9t\u00e9 \u00e9limin\u00e9e en quarts de finale.<\/p>\n<p>Le classement FIFA publi\u00e9 lundi 19 janvier 2026, les El\u00e9phants ont gagn\u00e9 cinq places. Franck Kessi\u00e9 et ses co\u00e9quipiers sont pass\u00e9s de la 42 \u00e8 place \u00e0 la 37\u00e8 et sont class\u00e9s au sixi\u00e8me rang sur le plan African.<\/p>\n<p>La r\u00e9cente Coupe d\u2019Afrique des Nations de la CAF (CAN) a eu un impact significatif sur l\u2019\u00e9dition de janvier 2026 du classement mondial masculin FIFA\/Coca-Cola, les deux finalistes, sans surprise, ayant fait des progr\u00e8s significatifs, ainsi que d\u2019autres s\u00e9lections.<\/p>\n<p>Ci-dessous, le Top 10 du classement FIFA des s\u00e9lections Africaines au 19 janvier 2026 &#8230;<\/p>\n<p>1er Maroc (8\u00e8)<\/p>\n<p>2\u00e8 S\u00e9n\u00e9gal (12\u00e8)<\/p>\n<p>3\u00e8 Nigeria (26\u00e8)<\/p>\n<p>4\u00e8 Alg\u00e9rie (28\u00e8)<\/p>\n<p>5\u00e8 Egypte (31\u00e8)<\/p>\n<p>6\u00e8 C\u00f4te d\u2019Ivoire (37\u00e8)<\/p>\n<p>7\u00e8 Cameroun (45\u00e8)<\/p>\n<p>8\u00e8 Tunisie (47\u00e8)<\/p>\n<p>9\u00e8 RD Congo (48\u00e8)<\/p>\n<p>10\u00e8 Mali (54\u00e8)<\/p>\n<p>La prochaine \u00e9dition du classement mondial FIFA\/Coca-Cola sera publi\u00e9e le 1er avril 2026.<\/p>\n<p>Donatien Kautcha, Abidjan<\/p>\n","protected":false},"excerpt":{"rendered":"<p>Les El\u00e9phants (DR) Une tendance positive pour la C\u00f4te d\u2019Ivoire apr\u00e8s la CAN 2025 o\u00f9 elle a \u00e9t\u00e9 \u00e9limin\u00e9e en quarts de finale. Le classement FIFA publi\u00e9 lundi 19 janvier 2026, les El\u00e9phants ont gagn\u00e9 cinq places. Franck Kessi\u00e9 et ses co\u00e9quipiers sont pass\u00e9s de la 42 \u00e8 place \u00e0 la 37\u00e8 et sont class\u00e9s [&hellip;]<\/p>\n","protected":false},"author":82,"featured_media":111609,"comment_status":"open","ping_status":"closed","sticky":false,"template":"","format":"standard","meta":{"footnotes":""},"categories":[6,10],"tags":[13587,10546,2650,569],"class_list":["post-111610","post","type-post","status-publish","format-standard","has-post-thumbnail","hentry","category-sports","category-toutes-les-actualites","tag-can-2025","tag-classement","tag-elephants-2","tag-fifa"],"yoast_head":"<!-- This site is optimized with the Yoast SEO Premium plugin v26.1 (Yoast SEO v27.0) - https:\/\/yoast.com\/product\/yoast-seo-premium-wordpress\/ -->\n<title>Apr\u00e8s la CAN, les El\u00e9phants gagnent cinq places au classement FIFA - C\u00f4te d&#039;Ivoire<\/title>\n<meta name=\"robots\" content=\"index, follow, max-snippet:-1, max-image-preview:large, max-video-preview:-1\" \/>\n<link rel=\"canonical\" href=\"https:\/\/www.africa-press.net\/cotedivoire\/politique\/apres-la-can-les-elephants-gagnent-cinq-places-au-classement-fifa\" \/>\n<meta property=\"og:locale\" content=\"fr_FR\" \/>\n<meta property=\"og:type\" content=\"article\" \/>\n<meta property=\"og:title\" content=\"Apr\u00e8s la CAN, les El\u00e9phants gagnent cinq places au classement FIFA\" \/>\n<meta property=\"og:description\" content=\"Les El\u00e9phants (DR) Une tendance positive pour la C\u00f4te d\u2019Ivoire apr\u00e8s la CAN 2025 o\u00f9 elle a \u00e9t\u00e9 \u00e9limin\u00e9e en quarts de finale. Le classement FIFA publi\u00e9 lundi 19 janvier 2026, les El\u00e9phants ont gagn\u00e9 cinq places. Franck Kessi\u00e9 et ses co\u00e9quipiers sont pass\u00e9s de la 42 \u00e8 place \u00e0 la 37\u00e8 et sont class\u00e9s [&hellip;]\" \/>\n<meta property=\"og:url\" content=\"https:\/\/www.africa-press.net\/cotedivoire\/politique\/apres-la-can-les-elephants-gagnent-cinq-places-au-classement-fifa\" \/>\n<meta property=\"og:site_name\" content=\"C\u00f4te d&#039;Ivoire\" \/>\n<meta property=\"article:published_time\" content=\"2026-01-20T20:48:33+00:00\" \/>\n<meta name=\"author\" content=\"cfeditorfr\" \/>\n<meta name=\"twitter:card\" content=\"summary_large_image\" \/>\n<meta name=\"twitter:label1\" content=\"\u00c9crit par\" \/>\n\t<meta name=\"twitter:data1\" content=\"cfeditorfr\" \/>\n\t<meta name=\"twitter:label2\" content=\"Dur\u00e9e de lecture estim\u00e9e\" \/>\n\t<meta name=\"twitter:data2\" content=\"1 minute\" \/>\n<script type=\"application\/ld+json\" class=\"yoast-schema-graph\">{\"@context\":\"https:\/\/schema.org\",\"@graph\":[{\"@type\":\"Article\",\"@id\":\"https:\/\/www.africa-press.net\/cotedivoire\/politique\/apres-la-can-les-elephants-gagnent-cinq-places-au-classement-fifa#article\",\"isPartOf\":{\"@id\":\"https:\/\/www.africa-press.net\/cotedivoire\/politique\/apres-la-can-les-elephants-gagnent-cinq-places-au-classement-fifa\"},\"author\":{\"name\":\"cfeditorfr\",\"@id\":\"https:\/\/www.africa-press.net\/cotedivoire\/#\/schema\/person\/2b1cf3cd81a31e3cd26889ca66d677f1\"},\"headline\":\"Apr\u00e8s la CAN, les El\u00e9phants gagnent cinq places au classement FIFA\",\"datePublished\":\"2026-01-20T20:48:33+00:00\",\"mainEntityOfPage\":{\"@id\":\"https:\/\/www.africa-press.net\/cotedivoire\/politique\/apres-la-can-les-elephants-gagnent-cinq-places-au-classement-fifa\"},\"wordCount\":170,\"commentCount\":0,\"image\":{\"@id\":\"https:\/\/www.africa-press.net\/cotedivoire\/politique\/apres-la-can-les-elephants-gagnent-cinq-places-au-classement-fifa#primaryimage\"},\"thumbnailUrl\":\"https:\/\/static.africa-press.net\/cote\/sites\/43\/2026\/01\/sm_1768942113.249604.jpg\",\"keywords\":[\"CAN 2025\",\"classement\",\"El\u00e9phants\",\"FIFA\"],\"articleSection\":[\"Sports\",\"Toutes les actualit\u00e9s\"],\"inLanguage\":\"fr-FR\",\"potentialAction\":[{\"@type\":\"CommentAction\",\"name\":\"Comment\",\"target\":[\"https:\/\/www.africa-press.net\/cotedivoire\/politique\/apres-la-can-les-elephants-gagnent-cinq-places-au-classement-fifa#respond\"]}]},{\"@type\":\"WebPage\",\"@id\":\"https:\/\/www.africa-press.net\/cotedivoire\/politique\/apres-la-can-les-elephants-gagnent-cinq-places-au-classement-fifa\",\"url\":\"https:\/\/www.africa-press.net\/cotedivoire\/politique\/apres-la-can-les-elephants-gagnent-cinq-places-au-classement-fifa\",\"name\":\"Apr\u00e8s la CAN, les El\u00e9phants gagnent cinq places au classement FIFA - C\u00f4te d&#039;Ivoire\",\"isPartOf\":{\"@id\":\"https:\/\/www.africa-press.net\/cotedivoire\/#website\"},\"primaryImageOfPage\":{\"@id\":\"https:\/\/www.africa-press.net\/cotedivoire\/politique\/apres-la-can-les-elephants-gagnent-cinq-places-au-classement-fifa#primaryimage\"},\"image\":{\"@id\":\"https:\/\/www.africa-press.net\/cotedivoire\/politique\/apres-la-can-les-elephants-gagnent-cinq-places-au-classement-fifa#primaryimage\"},\"thumbnailUrl\":\"https:\/\/static.africa-press.net\/cote\/sites\/43\/2026\/01\/sm_1768942113.249604.jpg\",\"datePublished\":\"2026-01-20T20:48:33+00:00\",\"author\":{\"@id\":\"https:\/\/www.africa-press.net\/cotedivoire\/#\/schema\/person\/2b1cf3cd81a31e3cd26889ca66d677f1\"},\"breadcrumb\":{\"@id\":\"https:\/\/www.africa-press.net\/cotedivoire\/politique\/apres-la-can-les-elephants-gagnent-cinq-places-au-classement-fifa#breadcrumb\"},\"inLanguage\":\"fr-FR\",\"potentialAction\":[{\"@type\":\"ReadAction\",\"target\":[\"https:\/\/www.africa-press.net\/cotedivoire\/politique\/apres-la-can-les-elephants-gagnent-cinq-places-au-classement-fifa\"]}]},{\"@type\":\"ImageObject\",\"inLanguage\":\"fr-FR\",\"@id\":\"https:\/\/www.africa-press.net\/cotedivoire\/politique\/apres-la-can-les-elephants-gagnent-cinq-places-au-classement-fifa#primaryimage\",\"url\":\"https:\/\/static.africa-press.net\/cote\/sites\/43\/2026\/01\/sm_1768942113.249604.jpg\",\"contentUrl\":\"https:\/\/static.africa-press.net\/cote\/sites\/43\/2026\/01\/sm_1768942113.249604.jpg\",\"width\":600,\"height\":392,\"caption\":\"Apr\u00e8s la CAN, les El\u00e9phants gagnent cinq places au classement FIFA\"},{\"@type\":\"BreadcrumbList\",\"@id\":\"https:\/\/www.africa-press.net\/cotedivoire\/politique\/apres-la-can-les-elephants-gagnent-cinq-places-au-classement-fifa#breadcrumb\",\"itemListElement\":[{\"@type\":\"ListItem\",\"position\":1,\"name\":\"Accueil\",\"item\":\"https:\/\/www.africa-press.net\/cotedivoire\/\"},{\"@type\":\"ListItem\",\"position\":2,\"name\":\"Apr\u00e8s la CAN, les El\u00e9phants gagnent cinq places au classement FIFA\"}]},{\"@type\":\"WebSite\",\"@id\":\"https:\/\/www.africa-press.net\/cotedivoire\/#website\",\"url\":\"https:\/\/www.africa-press.net\/cotedivoire\/\",\"name\":\"C\u00f4te d&#039;Ivoire\",\"description\":\"Just another Africa News Agency Sites site\",\"potentialAction\":[{\"@type\":\"SearchAction\",\"target\":{\"@type\":\"EntryPoint\",\"urlTemplate\":\"https:\/\/www.africa-press.net\/cotedivoire\/?s={search_term_string}\"},\"query-input\":{\"@type\":\"PropertyValueSpecification\",\"valueRequired\":true,\"valueName\":\"search_term_string\"}}],\"inLanguage\":\"fr-FR\"},{\"@type\":\"Person\",\"@id\":\"https:\/\/www.africa-press.net\/cotedivoire\/#\/schema\/person\/2b1cf3cd81a31e3cd26889ca66d677f1\",\"name\":\"cfeditorfr\"}]}<\/script>\n<!-- \/ Yoast SEO Premium plugin. -->","yoast_head_json":{"title":"Apr\u00e8s la CAN, les El\u00e9phants gagnent cinq places au classement FIFA - C\u00f4te d&#039;Ivoire","robots":{"index":"index","follow":"follow","max-snippet":"max-snippet:-1","max-image-preview":"max-image-preview:large","max-video-preview":"max-video-preview:-1"},"canonical":"https:\/\/www.africa-press.net\/cotedivoire\/politique\/apres-la-can-les-elephants-gagnent-cinq-places-au-classement-fifa","og_locale":"fr_FR","og_type":"article","og_title":"Apr\u00e8s la CAN, les El\u00e9phants gagnent cinq places au classement FIFA","og_description":"Les El\u00e9phants (DR) Une tendance positive pour la C\u00f4te d\u2019Ivoire apr\u00e8s la CAN 2025 o\u00f9 elle a \u00e9t\u00e9 \u00e9limin\u00e9e en quarts de finale. Le classement FIFA publi\u00e9 lundi 19 janvier 2026, les El\u00e9phants ont gagn\u00e9 cinq places. Franck Kessi\u00e9 et ses co\u00e9quipiers sont pass\u00e9s de la 42 \u00e8 place \u00e0 la 37\u00e8 et sont class\u00e9s [&hellip;]","og_url":"https:\/\/www.africa-press.net\/cotedivoire\/politique\/apres-la-can-les-elephants-gagnent-cinq-places-au-classement-fifa","og_site_name":"C\u00f4te d&#039;Ivoire","article_published_time":"2026-01-20T20:48:33+00:00","author":"cfeditorfr","twitter_card":"summary_large_image","twitter_misc":{"\u00c9crit par":"cfeditorfr","Dur\u00e9e de lecture estim\u00e9e":"1 minute"},"schema":{"@context":"https:\/\/schema.org","@graph":[{"@type":"Article","@id":"https:\/\/www.africa-press.net\/cotedivoire\/politique\/apres-la-can-les-elephants-gagnent-cinq-places-au-classement-fifa#article","isPartOf":{"@id":"https:\/\/www.africa-press.net\/cotedivoire\/politique\/apres-la-can-les-elephants-gagnent-cinq-places-au-classement-fifa"},"author":{"name":"cfeditorfr","@id":"https:\/\/www.africa-press.net\/cotedivoire\/#\/schema\/person\/2b1cf3cd81a31e3cd26889ca66d677f1"},"headline":"Apr\u00e8s la CAN, les El\u00e9phants gagnent cinq places au classement FIFA","datePublished":"2026-01-20T20:48:33+00:00","mainEntityOfPage":{"@id":"https:\/\/www.africa-press.net\/cotedivoire\/politique\/apres-la-can-les-elephants-gagnent-cinq-places-au-classement-fifa"},"wordCount":170,"commentCount":0,"image":{"@id":"https:\/\/www.africa-press.net\/cotedivoire\/politique\/apres-la-can-les-elephants-gagnent-cinq-places-au-classement-fifa#primaryimage"},"thumbnailUrl":"https:\/\/static.africa-press.net\/cote\/sites\/43\/2026\/01\/sm_1768942113.249604.jpg","keywords":["CAN 2025","classement","El\u00e9phants","FIFA"],"articleSection":["Sports","Toutes les actualit\u00e9s"],"inLanguage":"fr-FR","potentialAction":[{"@type":"CommentAction","name":"Comment","target":["https:\/\/www.africa-press.net\/cotedivoire\/politique\/apres-la-can-les-elephants-gagnent-cinq-places-au-classement-fifa#respond"]}]},{"@type":"WebPage","@id":"https:\/\/www.africa-press.net\/cotedivoire\/politique\/apres-la-can-les-elephants-gagnent-cinq-places-au-classement-fifa","url":"https:\/\/www.africa-press.net\/cotedivoire\/politique\/apres-la-can-les-elephants-gagnent-cinq-places-au-classement-fifa","name":"Apr\u00e8s la CAN, les El\u00e9phants gagnent cinq places au classement FIFA - C\u00f4te d&#039;Ivoire","isPartOf":{"@id":"https:\/\/www.africa-press.net\/cotedivoire\/#website"},"primaryImageOfPage":{"@id":"https:\/\/www.africa-press.net\/cotedivoire\/politique\/apres-la-can-les-elephants-gagnent-cinq-places-au-classement-fifa#primaryimage"},"image":{"@id":"https:\/\/www.africa-press.net\/cotedivoire\/politique\/apres-la-can-les-elephants-gagnent-cinq-places-au-classement-fifa#primaryimage"},"thumbnailUrl":"https:\/\/static.africa-press.net\/cote\/sites\/43\/2026\/01\/sm_1768942113.249604.jpg","datePublished":"2026-01-20T20:48:33+00:00","author":{"@id":"https:\/\/www.africa-press.net\/cotedivoire\/#\/schema\/person\/2b1cf3cd81a31e3cd26889ca66d677f1"},"breadcrumb":{"@id":"https:\/\/www.africa-press.net\/cotedivoire\/politique\/apres-la-can-les-elephants-gagnent-cinq-places-au-classement-fifa#breadcrumb"},"inLanguage":"fr-FR","potentialAction":[{"@type":"ReadAction","target":["https:\/\/www.africa-press.net\/cotedivoire\/politique\/apres-la-can-les-elephants-gagnent-cinq-places-au-classement-fifa"]}]},{"@type":"ImageObject","inLanguage":"fr-FR","@id":"https:\/\/www.africa-press.net\/cotedivoire\/politique\/apres-la-can-les-elephants-gagnent-cinq-places-au-classement-fifa#primaryimage","url":"https:\/\/static.africa-press.net\/cote\/sites\/43\/2026\/01\/sm_1768942113.249604.jpg","contentUrl":"https:\/\/static.africa-press.net\/cote\/sites\/43\/2026\/01\/sm_1768942113.249604.jpg","width":600,"height":392,"caption":"Apr\u00e8s la CAN, les El\u00e9phants gagnent cinq places au classement FIFA"},{"@type":"BreadcrumbList","@id":"https:\/\/www.africa-press.net\/cotedivoire\/politique\/apres-la-can-les-elephants-gagnent-cinq-places-au-classement-fifa#breadcrumb","itemListElement":[{"@type":"ListItem","position":1,"name":"Accueil","item":"https:\/\/www.africa-press.net\/cotedivoire\/"},{"@type":"ListItem","position":2,"name":"Apr\u00e8s la CAN, les El\u00e9phants gagnent cinq places au classement FIFA"}]},{"@type":"WebSite","@id":"https:\/\/www.africa-press.net\/cotedivoire\/#website","url":"https:\/\/www.africa-press.net\/cotedivoire\/","name":"C\u00f4te d&#039;Ivoire","description":"Just another Africa News Agency Sites site","potentialAction":[{"@type":"SearchAction","target":{"@type":"EntryPoint","urlTemplate":"https:\/\/www.africa-press.net\/cotedivoire\/?s={search_term_string}"},"query-input":{"@type":"PropertyValueSpecification","valueRequired":true,"valueName":"search_term_string"}}],"inLanguage":"fr-FR"},{"@type":"Person","@id":"https:\/\/www.africa-press.net\/cotedivoire\/#\/schema\/person\/2b1cf3cd81a31e3cd26889ca66d677f1","name":"cfeditorfr"}]}},"_links":{"self":[{"href":"https:\/\/www.africa-press.net\/cotedivoire\/wp-json\/wp\/v2\/posts\/111610","targetHints":{"allow":["GET"]}}],"collection":[{"href":"https:\/\/www.africa-press.net\/cotedivoire\/wp-json\/wp\/v2\/posts"}],"about":[{"href":"https:\/\/www.africa-press.net\/cotedivoire\/wp-json\/wp\/v2\/types\/post"}],"author":[{"embeddable":true,"href":"https:\/\/www.africa-press.net\/cotedivoire\/wp-json\/wp\/v2\/users\/82"}],"replies":[{"embeddable":true,"href":"https:\/\/www.africa-press.net\/cotedivoire\/wp-json\/wp\/v2\/comments?post=111610"}],"version-history":[{"count":0,"href":"https:\/\/www.africa-press.net\/cotedivoire\/wp-json\/wp\/v2\/posts\/111610\/revisions"}],"wp:featuredmedia":[{"embeddable":true,"href":"https:\/\/www.africa-press.net\/cotedivoire\/wp-json\/wp\/v2\/media\/111609"}],"wp:attachment":[{"href":"https:\/\/www.africa-press.net\/cotedivoire\/wp-json\/wp\/v2\/media?parent=111610"}],"wp:term":[{"taxonomy":"category","embeddable":true,"href":"https:\/\/www.africa-press.net\/cotedivoire\/wp-json\/wp\/v2\/categories?post=111610"},{"taxonomy":"post_tag","embeddable":true,"href":"https:\/\/www.africa-press.net\/cotedivoire\/wp-json\/wp\/v2\/tags?post=111610"}],"curies":[{"name":"wp","href":"https:\/\/api.w.org\/{rel}","templated":true}]}}