{"id":111616,"date":"2026-01-21T11:25:43","date_gmt":"2026-01-21T11:25:43","guid":{"rendered":"https:\/\/www.africa-press.net\/cotedivoire\/politique\/assemblee-nationale-la-session-ordinaire-2026-souvre-sous-le-sceau-des-reformes-et-de-la-responsabilite"},"modified":"2026-01-21T11:25:43","modified_gmt":"2026-01-21T11:25:43","slug":"assemblee-nationale-la-session-ordinaire-2026-souvre-sous-le-sceau-des-reformes-et-de-la-responsabilite","status":"publish","type":"post","link":"https:\/\/www.africa-press.net\/cotedivoire\/politique\/assemblee-nationale-la-session-ordinaire-2026-souvre-sous-le-sceau-des-reformes-et-de-la-responsabilite","title":{"rendered":"Assembl\u00e9e nationale, la session ordinaire 2026 s&rsquo;ouvre sous le sceau des r\u00e9formes et de la responsabilit\u00e9"},"content":{"rendered":"<p>Achi ce lundi \u00e0 Abidjan<\/p>\n<p>La premi\u00e8re session ordinaire de l\u2019ann\u00e9e 2026 de l\u2019Assembl\u00e9e nationale de C\u00f4te d\u2019Ivoire s\u2019est officiellement ouverte ce lundi \u00e0 Abidjan, lors d\u2019une c\u00e9r\u00e9monie solennelle marqu\u00e9e par la pr\u00e9sence de Ti\u00e9moko Meyliet Kon\u00e9, Vice-pr\u00e9sident de la R\u00e9publique, repr\u00e9sentant le Pr\u00e9sident de la R\u00e9publique, SEM Alassane Ouattara. Les Pr\u00e9sidents des Institutions de la R\u00e9publique, les membres du corps diplomatique, ainsi que de nombreuses personnalit\u00e9s politiques, administratives et coutumi\u00e8res ont \u00e9galement pris part \u00e0 cet \u00e9v\u00e9nement majeur de la vie d\u00e9mocratique nationale.<\/p>\n<p>Cette rentr\u00e9e parlementaire consacre le v\u00e9ritable d\u00e9marrage des travaux de la l\u00e9gislature 2026-2030. \u00c0 cette occasion, le nouveau Pr\u00e9sident \u00e9lu de l\u2019Assembl\u00e9e nationale a dress\u00e9 les grandes lignes du programme d\u2019activit\u00e9s de cette premi\u00e8re session ordinaire, pla\u00e7ant son action sous le signe de la rigueur, de l\u2019efficacit\u00e9 et du service de l\u2019int\u00e9r\u00eat g\u00e9n\u00e9ral.<\/p>\n<p>Dans son allocution, le Pr\u00e9sident de l\u2019Assembl\u00e9e nationale a annonc\u00e9 que vingt-quatre projets de loi sont inscrits \u00e0 l\u2019ordre du jour de cette session. Il s\u2019agit de six projets de loi ordinaires, treize projets de loi de ratification d\u2019ordonnances et cinq projets de loi d\u2019autorisation de ratification de conventions internationales.<\/p>\n<p>Ces textes couvrent des secteurs strat\u00e9giques pour le d\u00e9veloppement du pays, notamment l\u2019exercice de la m\u00e9decine, la fiscalit\u00e9, la protection sociale, les droits humains et l\u2019int\u00e9gration \u00e9conomique r\u00e9gionale. Parmi les projets phares figure le projet de loi relatif \u00e0 la biologie m\u00e9dicale, destin\u00e9 \u00e0 adapter l\u2019exercice de cette profession aux exigences de la r\u00e9forme hospitali\u00e8re en cours.<\/p>\n<p>Les d\u00e9put\u00e9s seront \u00e9galement appel\u00e9s \u00e0 se prononcer sur la ratification de l\u2019ordonnance relative au d\u00e9mant\u00e8lement tarifaire dans le cadre de la Zone de libre-\u00e9change continentale africaine (ZLECAf), pr\u00e9sent\u00e9e comme une \u00e9tape d\u00e9cisive pour l\u2019int\u00e9gration \u00e9conomique du continent africain.<\/p>\n<p>D\u2019autres textes majeurs porteront sur la protection sociale, la mise en conformit\u00e9 du droit maritime ivoirien avec les normes communautaires, ainsi que la ratification du Protocole \u00e0 la Charte africaine des droits de l\u2019homme relatif aux droits des personnes handicap\u00e9es.<\/p>\n<p>Selon le Pr\u00e9sident de l\u2019Assembl\u00e9e nationale, ces lois contribueront \u00e0 renforcer le cadre juridique du d\u00e9veloppement national et \u00e0 r\u00e9pondre aux attentes l\u00e9gitimes des populations.<\/p>\n<p>S\u2019adressant aux d\u00e9put\u00e9s, le Pr\u00e9sident de l\u2019Assembl\u00e9e nationale les a invit\u00e9s \u00e0 aborder les travaux parlementaires avec assiduit\u00e9, rigueur et sens \u00e9lev\u00e9 de l\u2019int\u00e9r\u00eat g\u00e9n\u00e9ral, tout en formulant, chaque fois que n\u00e9cessaire, des amendements constructifs afin d\u2019am\u00e9liorer la qualit\u00e9 et l\u2019impact des lois adopt\u00e9es.<\/p>\n<p>Il a \u00e9galement r\u00e9affirm\u00e9 son engagement \u00e0 d\u00e9fendre toutes les initiatives et mesures susceptibles de contribuer \u00e0 l\u2019atteinte des grandes missions assign\u00e9es \u00e0 l\u2019institution parlementaire.<\/p>\n<p>Au cours de cette session, l\u2019Assembl\u00e9e nationale proc\u00e9dera \u00e0 la mise en place de ses principaux organes, notamment le Bureau, les groupes parlementaires et les commissions permanentes. Leur fonctionnement harmonieux, a soulign\u00e9 le Pr\u00e9sident, conditionnera l\u2019efficacit\u00e9 de l\u2019action collective des d\u00e9put\u00e9s.<\/p>\n<p>Par ailleurs, un accent particulier sera mis sur le renforcement de la coop\u00e9ration interparlementaire, avec pour objectif de consolider les acquis de l\u2019institution et d\u2019ouvrir de nouveaux partenariats au plan international.<\/p>\n<p>Cl\u00f4turant son discours, le Pr\u00e9sident de l\u2019Assembl\u00e9e nationale a rappel\u00e9 que l\u2019ouverture de cette premi\u00e8re session ordinaire de 2026 marque le d\u00e9but d\u2019une s\u00e9quence de responsabilit\u00e9, de maturit\u00e9 d\u00e9mocratique et de travail exigeant au service de la Nation.<\/p>\n<p>Il a r\u00e9it\u00e9r\u00e9 l\u2019adh\u00e9sion de l\u2019Assembl\u00e9e nationale \u00e0 la vision du Pr\u00e9sident de la R\u00e9publique, SEM Alassane Ouattara, visant \u00e0 b\u00e2tir une Grande C\u00f4te d\u2019Ivoire, stable, solidaire et ambitieuse \u00e0 l\u2019horizon 2030. Aux c\u00f4t\u00e9s du Gouvernement, le Parlement aura la responsabilit\u00e9 de traduire cette vision en r\u00e9sultats concrets au b\u00e9n\u00e9fice de chaque Ivoirienne et de chaque Ivoirien.<\/p>\n<p>S\u2019engageant \u00e0 conduire les travaux parlementaires avec impartialit\u00e9, \u00e9quit\u00e9 et exigence, le Pr\u00e9sident de l\u2019Assembl\u00e9e nationale a appel\u00e9 l\u2019ensemble des d\u00e9put\u00e9s \u00e0 faire de cette l\u00e9gislature un pilier de la stabilit\u00e9 d\u00e9mocratique et un moteur de transformation \u00e9conomique et social.<\/p>\n<p>Wassimagnon<\/p>\n","protected":false},"excerpt":{"rendered":"<p>Achi ce lundi \u00e0 Abidjan La premi\u00e8re session ordinaire de l\u2019ann\u00e9e 2026 de l\u2019Assembl\u00e9e nationale de C\u00f4te d\u2019Ivoire s\u2019est officiellement ouverte ce lundi \u00e0 Abidjan, lors d\u2019une c\u00e9r\u00e9monie solennelle marqu\u00e9e par la pr\u00e9sence de Ti\u00e9moko Meyliet Kon\u00e9, Vice-pr\u00e9sident de la R\u00e9publique, repr\u00e9sentant le Pr\u00e9sident de la R\u00e9publique, SEM Alassane Ouattara. Les Pr\u00e9sidents des Institutions de [&hellip;]<\/p>\n","protected":false},"author":82,"featured_media":111615,"comment_status":"open","ping_status":"closed","sticky":false,"template":"","format":"standard","meta":{"footnotes":""},"categories":[2,20,10],"tags":[2188,7509,1583,9063,7257,305,20067,60,13953,3784,3051],"class_list":["post-111616","post","type-post","status-publish","format-standard","has-post-thumbnail","hentry","category-politique","category-top-nouvelles","category-toutes-les-actualites","tag-assemblee","tag-democratie","tag-developpement","tag-institutions","tag-ivoirienne","tag-nationale","tag-ordinaire-2026","tag-politique","tag-reformes","tag-session","tag-zlecaf"],"yoast_head":"<!-- This site is optimized with the Yoast SEO Premium plugin v26.1 (Yoast SEO v27.0) - https:\/\/yoast.com\/product\/yoast-seo-premium-wordpress\/ -->\n<title>Assembl\u00e9e nationale, la session ordinaire 2026 s&#039;ouvre sous le sceau des r\u00e9formes et de la responsabilit\u00e9 - C\u00f4te d&#039;Ivoire<\/title>\n<meta name=\"robots\" content=\"index, follow, max-snippet:-1, max-image-preview:large, max-video-preview:-1\" \/>\n<link rel=\"canonical\" href=\"https:\/\/www.africa-press.net\/cotedivoire\/politique\/assemblee-nationale-la-session-ordinaire-2026-souvre-sous-le-sceau-des-reformes-et-de-la-responsabilite\" \/>\n<meta property=\"og:locale\" content=\"fr_FR\" \/>\n<meta property=\"og:type\" content=\"article\" \/>\n<meta property=\"og:title\" content=\"Assembl\u00e9e nationale, la session ordinaire 2026 s&#039;ouvre sous le sceau des r\u00e9formes et de la responsabilit\u00e9\" \/>\n<meta property=\"og:description\" content=\"Achi ce lundi \u00e0 Abidjan La premi\u00e8re session ordinaire de l\u2019ann\u00e9e 2026 de l\u2019Assembl\u00e9e nationale de C\u00f4te d\u2019Ivoire s\u2019est officiellement ouverte ce lundi \u00e0 Abidjan, lors d\u2019une c\u00e9r\u00e9monie solennelle marqu\u00e9e par la pr\u00e9sence de Ti\u00e9moko Meyliet Kon\u00e9, Vice-pr\u00e9sident de la R\u00e9publique, repr\u00e9sentant le Pr\u00e9sident de la R\u00e9publique, SEM Alassane Ouattara. Les Pr\u00e9sidents des Institutions de [&hellip;]\" \/>\n<meta property=\"og:url\" content=\"https:\/\/www.africa-press.net\/cotedivoire\/politique\/assemblee-nationale-la-session-ordinaire-2026-souvre-sous-le-sceau-des-reformes-et-de-la-responsabilite\" \/>\n<meta property=\"og:site_name\" content=\"C\u00f4te d&#039;Ivoire\" \/>\n<meta property=\"article:published_time\" content=\"2026-01-21T11:25:43+00:00\" \/>\n<meta name=\"author\" content=\"cfeditorfr\" \/>\n<meta name=\"twitter:card\" content=\"summary_large_image\" \/>\n<meta name=\"twitter:label1\" content=\"\u00c9crit par\" \/>\n\t<meta name=\"twitter:data1\" content=\"cfeditorfr\" \/>\n\t<meta name=\"twitter:label2\" content=\"Dur\u00e9e de lecture estim\u00e9e\" \/>\n\t<meta name=\"twitter:data2\" content=\"4 minutes\" \/>\n<script type=\"application\/ld+json\" class=\"yoast-schema-graph\">{\"@context\":\"https:\/\/schema.org\",\"@graph\":[{\"@type\":\"Article\",\"@id\":\"https:\/\/www.africa-press.net\/cotedivoire\/politique\/assemblee-nationale-la-session-ordinaire-2026-souvre-sous-le-sceau-des-reformes-et-de-la-responsabilite#article\",\"isPartOf\":{\"@id\":\"https:\/\/www.africa-press.net\/cotedivoire\/politique\/assemblee-nationale-la-session-ordinaire-2026-souvre-sous-le-sceau-des-reformes-et-de-la-responsabilite\"},\"author\":{\"name\":\"cfeditorfr\",\"@id\":\"https:\/\/www.africa-press.net\/cotedivoire\/#\/schema\/person\/2b1cf3cd81a31e3cd26889ca66d677f1\"},\"headline\":\"Assembl\u00e9e nationale, la session ordinaire 2026 s&rsquo;ouvre sous le sceau des r\u00e9formes et de la responsabilit\u00e9\",\"datePublished\":\"2026-01-21T11:25:43+00:00\",\"mainEntityOfPage\":{\"@id\":\"https:\/\/www.africa-press.net\/cotedivoire\/politique\/assemblee-nationale-la-session-ordinaire-2026-souvre-sous-le-sceau-des-reformes-et-de-la-responsabilite\"},\"wordCount\":769,\"commentCount\":0,\"image\":{\"@id\":\"https:\/\/www.africa-press.net\/cotedivoire\/politique\/assemblee-nationale-la-session-ordinaire-2026-souvre-sous-le-sceau-des-reformes-et-de-la-responsabilite#primaryimage\"},\"thumbnailUrl\":\"https:\/\/static.africa-press.net\/cote\/sites\/43\/2026\/01\/sm_1768994743.419722.jpg\",\"keywords\":[\"Assembl\u00e9e\",\"D\u00e9mocratie\",\"d\u00e9veloppement\",\"institutions\",\"ivoirienne\",\"nationale\",\"Ordinaire 2026\",\"Politique\",\"r\u00e9formes\",\"session\",\"Zlecaf\"],\"articleSection\":[\"Politique\",\"Top Nouvelles\",\"Toutes les actualit\u00e9s\"],\"inLanguage\":\"fr-FR\",\"potentialAction\":[{\"@type\":\"CommentAction\",\"name\":\"Comment\",\"target\":[\"https:\/\/www.africa-press.net\/cotedivoire\/politique\/assemblee-nationale-la-session-ordinaire-2026-souvre-sous-le-sceau-des-reformes-et-de-la-responsabilite#respond\"]}]},{\"@type\":\"WebPage\",\"@id\":\"https:\/\/www.africa-press.net\/cotedivoire\/politique\/assemblee-nationale-la-session-ordinaire-2026-souvre-sous-le-sceau-des-reformes-et-de-la-responsabilite\",\"url\":\"https:\/\/www.africa-press.net\/cotedivoire\/politique\/assemblee-nationale-la-session-ordinaire-2026-souvre-sous-le-sceau-des-reformes-et-de-la-responsabilite\",\"name\":\"Assembl\u00e9e nationale, la session ordinaire 2026 s'ouvre sous le sceau des r\u00e9formes et de la responsabilit\u00e9 - C\u00f4te d&#039;Ivoire\",\"isPartOf\":{\"@id\":\"https:\/\/www.africa-press.net\/cotedivoire\/#website\"},\"primaryImageOfPage\":{\"@id\":\"https:\/\/www.africa-press.net\/cotedivoire\/politique\/assemblee-nationale-la-session-ordinaire-2026-souvre-sous-le-sceau-des-reformes-et-de-la-responsabilite#primaryimage\"},\"image\":{\"@id\":\"https:\/\/www.africa-press.net\/cotedivoire\/politique\/assemblee-nationale-la-session-ordinaire-2026-souvre-sous-le-sceau-des-reformes-et-de-la-responsabilite#primaryimage\"},\"thumbnailUrl\":\"https:\/\/static.africa-press.net\/cote\/sites\/43\/2026\/01\/sm_1768994743.419722.jpg\",\"datePublished\":\"2026-01-21T11:25:43+00:00\",\"author\":{\"@id\":\"https:\/\/www.africa-press.net\/cotedivoire\/#\/schema\/person\/2b1cf3cd81a31e3cd26889ca66d677f1\"},\"breadcrumb\":{\"@id\":\"https:\/\/www.africa-press.net\/cotedivoire\/politique\/assemblee-nationale-la-session-ordinaire-2026-souvre-sous-le-sceau-des-reformes-et-de-la-responsabilite#breadcrumb\"},\"inLanguage\":\"fr-FR\",\"potentialAction\":[{\"@type\":\"ReadAction\",\"target\":[\"https:\/\/www.africa-press.net\/cotedivoire\/politique\/assemblee-nationale-la-session-ordinaire-2026-souvre-sous-le-sceau-des-reformes-et-de-la-responsabilite\"]}]},{\"@type\":\"ImageObject\",\"inLanguage\":\"fr-FR\",\"@id\":\"https:\/\/www.africa-press.net\/cotedivoire\/politique\/assemblee-nationale-la-session-ordinaire-2026-souvre-sous-le-sceau-des-reformes-et-de-la-responsabilite#primaryimage\",\"url\":\"https:\/\/static.africa-press.net\/cote\/sites\/43\/2026\/01\/sm_1768994743.419722.jpg\",\"contentUrl\":\"https:\/\/static.africa-press.net\/cote\/sites\/43\/2026\/01\/sm_1768994743.419722.jpg\",\"width\":600,\"height\":272,\"caption\":\"Assembl\u00e9e nationale, la session ordinaire 2026 s'ouvre sous le sceau des r\u00e9formes et de la responsabilit\u00e9\"},{\"@type\":\"BreadcrumbList\",\"@id\":\"https:\/\/www.africa-press.net\/cotedivoire\/politique\/assemblee-nationale-la-session-ordinaire-2026-souvre-sous-le-sceau-des-reformes-et-de-la-responsabilite#breadcrumb\",\"itemListElement\":[{\"@type\":\"ListItem\",\"position\":1,\"name\":\"Accueil\",\"item\":\"https:\/\/www.africa-press.net\/cotedivoire\/\"},{\"@type\":\"ListItem\",\"position\":2,\"name\":\"Assembl\u00e9e nationale, la session ordinaire 2026 s&rsquo;ouvre sous le sceau des r\u00e9formes et de la responsabilit\u00e9\"}]},{\"@type\":\"WebSite\",\"@id\":\"https:\/\/www.africa-press.net\/cotedivoire\/#website\",\"url\":\"https:\/\/www.africa-press.net\/cotedivoire\/\",\"name\":\"C\u00f4te d&#039;Ivoire\",\"description\":\"Just another Africa News Agency Sites site\",\"potentialAction\":[{\"@type\":\"SearchAction\",\"target\":{\"@type\":\"EntryPoint\",\"urlTemplate\":\"https:\/\/www.africa-press.net\/cotedivoire\/?s={search_term_string}\"},\"query-input\":{\"@type\":\"PropertyValueSpecification\",\"valueRequired\":true,\"valueName\":\"search_term_string\"}}],\"inLanguage\":\"fr-FR\"},{\"@type\":\"Person\",\"@id\":\"https:\/\/www.africa-press.net\/cotedivoire\/#\/schema\/person\/2b1cf3cd81a31e3cd26889ca66d677f1\",\"name\":\"cfeditorfr\"}]}<\/script>\n<!-- \/ Yoast SEO Premium plugin. -->","yoast_head_json":{"title":"Assembl\u00e9e nationale, la session ordinaire 2026 s'ouvre sous le sceau des r\u00e9formes et de la responsabilit\u00e9 - C\u00f4te d&#039;Ivoire","robots":{"index":"index","follow":"follow","max-snippet":"max-snippet:-1","max-image-preview":"max-image-preview:large","max-video-preview":"max-video-preview:-1"},"canonical":"https:\/\/www.africa-press.net\/cotedivoire\/politique\/assemblee-nationale-la-session-ordinaire-2026-souvre-sous-le-sceau-des-reformes-et-de-la-responsabilite","og_locale":"fr_FR","og_type":"article","og_title":"Assembl\u00e9e nationale, la session ordinaire 2026 s'ouvre sous le sceau des r\u00e9formes et de la responsabilit\u00e9","og_description":"Achi ce lundi \u00e0 Abidjan La premi\u00e8re session ordinaire de l\u2019ann\u00e9e 2026 de l\u2019Assembl\u00e9e nationale de C\u00f4te d\u2019Ivoire s\u2019est officiellement ouverte ce lundi \u00e0 Abidjan, lors d\u2019une c\u00e9r\u00e9monie solennelle marqu\u00e9e par la pr\u00e9sence de Ti\u00e9moko Meyliet Kon\u00e9, Vice-pr\u00e9sident de la R\u00e9publique, repr\u00e9sentant le Pr\u00e9sident de la R\u00e9publique, SEM Alassane Ouattara. Les Pr\u00e9sidents des Institutions de [&hellip;]","og_url":"https:\/\/www.africa-press.net\/cotedivoire\/politique\/assemblee-nationale-la-session-ordinaire-2026-souvre-sous-le-sceau-des-reformes-et-de-la-responsabilite","og_site_name":"C\u00f4te d&#039;Ivoire","article_published_time":"2026-01-21T11:25:43+00:00","author":"cfeditorfr","twitter_card":"summary_large_image","twitter_misc":{"\u00c9crit par":"cfeditorfr","Dur\u00e9e de lecture estim\u00e9e":"4 minutes"},"schema":{"@context":"https:\/\/schema.org","@graph":[{"@type":"Article","@id":"https:\/\/www.africa-press.net\/cotedivoire\/politique\/assemblee-nationale-la-session-ordinaire-2026-souvre-sous-le-sceau-des-reformes-et-de-la-responsabilite#article","isPartOf":{"@id":"https:\/\/www.africa-press.net\/cotedivoire\/politique\/assemblee-nationale-la-session-ordinaire-2026-souvre-sous-le-sceau-des-reformes-et-de-la-responsabilite"},"author":{"name":"cfeditorfr","@id":"https:\/\/www.africa-press.net\/cotedivoire\/#\/schema\/person\/2b1cf3cd81a31e3cd26889ca66d677f1"},"headline":"Assembl\u00e9e nationale, la session ordinaire 2026 s&rsquo;ouvre sous le sceau des r\u00e9formes et de la responsabilit\u00e9","datePublished":"2026-01-21T11:25:43+00:00","mainEntityOfPage":{"@id":"https:\/\/www.africa-press.net\/cotedivoire\/politique\/assemblee-nationale-la-session-ordinaire-2026-souvre-sous-le-sceau-des-reformes-et-de-la-responsabilite"},"wordCount":769,"commentCount":0,"image":{"@id":"https:\/\/www.africa-press.net\/cotedivoire\/politique\/assemblee-nationale-la-session-ordinaire-2026-souvre-sous-le-sceau-des-reformes-et-de-la-responsabilite#primaryimage"},"thumbnailUrl":"https:\/\/static.africa-press.net\/cote\/sites\/43\/2026\/01\/sm_1768994743.419722.jpg","keywords":["Assembl\u00e9e","D\u00e9mocratie","d\u00e9veloppement","institutions","ivoirienne","nationale","Ordinaire 2026","Politique","r\u00e9formes","session","Zlecaf"],"articleSection":["Politique","Top Nouvelles","Toutes les actualit\u00e9s"],"inLanguage":"fr-FR","potentialAction":[{"@type":"CommentAction","name":"Comment","target":["https:\/\/www.africa-press.net\/cotedivoire\/politique\/assemblee-nationale-la-session-ordinaire-2026-souvre-sous-le-sceau-des-reformes-et-de-la-responsabilite#respond"]}]},{"@type":"WebPage","@id":"https:\/\/www.africa-press.net\/cotedivoire\/politique\/assemblee-nationale-la-session-ordinaire-2026-souvre-sous-le-sceau-des-reformes-et-de-la-responsabilite","url":"https:\/\/www.africa-press.net\/cotedivoire\/politique\/assemblee-nationale-la-session-ordinaire-2026-souvre-sous-le-sceau-des-reformes-et-de-la-responsabilite","name":"Assembl\u00e9e nationale, la session ordinaire 2026 s'ouvre sous le sceau des r\u00e9formes et de la responsabilit\u00e9 - C\u00f4te d&#039;Ivoire","isPartOf":{"@id":"https:\/\/www.africa-press.net\/cotedivoire\/#website"},"primaryImageOfPage":{"@id":"https:\/\/www.africa-press.net\/cotedivoire\/politique\/assemblee-nationale-la-session-ordinaire-2026-souvre-sous-le-sceau-des-reformes-et-de-la-responsabilite#primaryimage"},"image":{"@id":"https:\/\/www.africa-press.net\/cotedivoire\/politique\/assemblee-nationale-la-session-ordinaire-2026-souvre-sous-le-sceau-des-reformes-et-de-la-responsabilite#primaryimage"},"thumbnailUrl":"https:\/\/static.africa-press.net\/cote\/sites\/43\/2026\/01\/sm_1768994743.419722.jpg","datePublished":"2026-01-21T11:25:43+00:00","author":{"@id":"https:\/\/www.africa-press.net\/cotedivoire\/#\/schema\/person\/2b1cf3cd81a31e3cd26889ca66d677f1"},"breadcrumb":{"@id":"https:\/\/www.africa-press.net\/cotedivoire\/politique\/assemblee-nationale-la-session-ordinaire-2026-souvre-sous-le-sceau-des-reformes-et-de-la-responsabilite#breadcrumb"},"inLanguage":"fr-FR","potentialAction":[{"@type":"ReadAction","target":["https:\/\/www.africa-press.net\/cotedivoire\/politique\/assemblee-nationale-la-session-ordinaire-2026-souvre-sous-le-sceau-des-reformes-et-de-la-responsabilite"]}]},{"@type":"ImageObject","inLanguage":"fr-FR","@id":"https:\/\/www.africa-press.net\/cotedivoire\/politique\/assemblee-nationale-la-session-ordinaire-2026-souvre-sous-le-sceau-des-reformes-et-de-la-responsabilite#primaryimage","url":"https:\/\/static.africa-press.net\/cote\/sites\/43\/2026\/01\/sm_1768994743.419722.jpg","contentUrl":"https:\/\/static.africa-press.net\/cote\/sites\/43\/2026\/01\/sm_1768994743.419722.jpg","width":600,"height":272,"caption":"Assembl\u00e9e nationale, la session ordinaire 2026 s'ouvre sous le sceau des r\u00e9formes et de la responsabilit\u00e9"},{"@type":"BreadcrumbList","@id":"https:\/\/www.africa-press.net\/cotedivoire\/politique\/assemblee-nationale-la-session-ordinaire-2026-souvre-sous-le-sceau-des-reformes-et-de-la-responsabilite#breadcrumb","itemListElement":[{"@type":"ListItem","position":1,"name":"Accueil","item":"https:\/\/www.africa-press.net\/cotedivoire\/"},{"@type":"ListItem","position":2,"name":"Assembl\u00e9e nationale, la session ordinaire 2026 s&rsquo;ouvre sous le sceau des r\u00e9formes et de la responsabilit\u00e9"}]},{"@type":"WebSite","@id":"https:\/\/www.africa-press.net\/cotedivoire\/#website","url":"https:\/\/www.africa-press.net\/cotedivoire\/","name":"C\u00f4te d&#039;Ivoire","description":"Just another Africa News Agency Sites site","potentialAction":[{"@type":"SearchAction","target":{"@type":"EntryPoint","urlTemplate":"https:\/\/www.africa-press.net\/cotedivoire\/?s={search_term_string}"},"query-input":{"@type":"PropertyValueSpecification","valueRequired":true,"valueName":"search_term_string"}}],"inLanguage":"fr-FR"},{"@type":"Person","@id":"https:\/\/www.africa-press.net\/cotedivoire\/#\/schema\/person\/2b1cf3cd81a31e3cd26889ca66d677f1","name":"cfeditorfr"}]}},"_links":{"self":[{"href":"https:\/\/www.africa-press.net\/cotedivoire\/wp-json\/wp\/v2\/posts\/111616","targetHints":{"allow":["GET"]}}],"collection":[{"href":"https:\/\/www.africa-press.net\/cotedivoire\/wp-json\/wp\/v2\/posts"}],"about":[{"href":"https:\/\/www.africa-press.net\/cotedivoire\/wp-json\/wp\/v2\/types\/post"}],"author":[{"embeddable":true,"href":"https:\/\/www.africa-press.net\/cotedivoire\/wp-json\/wp\/v2\/users\/82"}],"replies":[{"embeddable":true,"href":"https:\/\/www.africa-press.net\/cotedivoire\/wp-json\/wp\/v2\/comments?post=111616"}],"version-history":[{"count":0,"href":"https:\/\/www.africa-press.net\/cotedivoire\/wp-json\/wp\/v2\/posts\/111616\/revisions"}],"wp:featuredmedia":[{"embeddable":true,"href":"https:\/\/www.africa-press.net\/cotedivoire\/wp-json\/wp\/v2\/media\/111615"}],"wp:attachment":[{"href":"https:\/\/www.africa-press.net\/cotedivoire\/wp-json\/wp\/v2\/media?parent=111616"}],"wp:term":[{"taxonomy":"category","embeddable":true,"href":"https:\/\/www.africa-press.net\/cotedivoire\/wp-json\/wp\/v2\/categories?post=111616"},{"taxonomy":"post_tag","embeddable":true,"href":"https:\/\/www.africa-press.net\/cotedivoire\/wp-json\/wp\/v2\/tags?post=111616"}],"curies":[{"name":"wp","href":"https:\/\/api.w.org\/{rel}","templated":true}]}}