{"id":111626,"date":"2026-01-21T11:27:45","date_gmt":"2026-01-21T11:27:45","guid":{"rendered":"https:\/\/www.africa-press.net\/cotedivoire\/politique\/ble-goude-chez-simone-gbagbo-chuter-peut-etre-circonstanciel-demeurer-a-terre-releve-dun-choix"},"modified":"2026-01-21T11:27:45","modified_gmt":"2026-01-21T11:27:45","slug":"ble-goude-chez-simone-gbagbo-chuter-peut-etre-circonstanciel-demeurer-a-terre-releve-dun-choix","status":"publish","type":"post","link":"https:\/\/www.africa-press.net\/cotedivoire\/politique\/ble-goude-chez-simone-gbagbo-chuter-peut-etre-circonstanciel-demeurer-a-terre-releve-dun-choix","title":{"rendered":"Bl\u00e9 Goud\u00e9 chez Simone Gbagbo : \u00ab Chuter peut \u00eatre circonstanciel, demeurer \u00e0 terre rel\u00e8ve d&rsquo;un choix \u00bb"},"content":{"rendered":"<p>Bl\u00e9 Goud\u00e9 et Simone Gbagbo mardi \u00e0 Abidjan (DR)<\/p>\n<p>Le pr\u00e9sident du Congr\u00e8s Panafricain pour la Justice et l\u2019Egalit\u00e9 des Peuples (COJEP), Charles Bl\u00e9 Goud\u00e9, a pr\u00e9sent\u00e9 mardi 20 janvier 2026, ses v\u0153ux de nouvel an, \u00e0 Simone Gbagbo, pr\u00e9sidente du Mouvement des G\u00e9n\u00e9rations Capables (MGC).<\/p>\n<p>Au sortir de l\u2019audience \u00e0 la r\u00e9sidence de l\u2019ex-premi\u00e8re dame de C\u00f4te d\u2019Ivoire, il a livr\u00e9 un message \u00e0 la presse :<\/p>\n<p>\u00ab Nous sommes venus adresser nos v\u0153ux de sant\u00e9, de paix et de pers\u00e9v\u00e9rance \u00e0 la pr\u00e9sidente du MGC, Simone Gbagbo. L\u00e0 o\u00f9 l\u2019on tentera de la mettre \u00e0 genoux, qu\u2019elle trouve la force de se tenir debout. Chuter peut \u00eatre circonstanciel, demeurer \u00e0 terre rel\u00e8ve d\u2019un choix. Or avancer est un devoir, et elle a le devoir d\u2019avancer avec nous, avec notre soutien constant, afin qu\u2019elle ne se sente jamais seule \u00bb, a d\u00e9clar\u00e9, Bl\u00e9 Goud\u00e9, \u00e0 l\u2019issue de la visite, rapporte un confr\u00e8re pr\u00e9sent \u00e0 la rencontre, avant de poursuivre.<\/p>\n<p>\u00ab Il \u00e9tait essentiel pour nous de lui dire qu\u2019elle n\u2019est pas seule et qu\u2019elle ne le sera jamais. Notre pays a besoin de toutes les forces vives, et il a besoin d\u2019elle, encore. Avec elle, nous avons travers\u00e9 en 2025 des situations de turbulence. \u00c0 ses c\u00f4t\u00e9s \u00e9galement, nous nous sommes engag\u00e9s pour sauver notre nation. \u00bb<\/p>\n<p>Sensible \u00e0 cette d\u00e9marche, la pr\u00e9sidente Simone Ehivet Gbagbo a pris la parole pour exprimer toute son admiration envers son visiteur. Dans un discours empreint de reconnaissance, elle a salu\u00e9 en Charles Bl\u00e9 Goud\u00e9 un homme de conviction.<\/p>\n<p>Je tiens \u00e0 t\u00e9moigner ma reconnaissance pour votre fid\u00e9lit\u00e9 et votre constance \u00e0 mes c\u00f4t\u00e9s, a-t-elle d\u00e9clar\u00e9, soulignant la solidit\u00e9 d&rsquo;un lien qui a r\u00e9sist\u00e9 aux \u00e9preuves du temps et de l&rsquo;exil.<\/p>\n<p>Donatien Kautcha, Abidjan<\/p>\n","protected":false},"excerpt":{"rendered":"<p>Bl\u00e9 Goud\u00e9 et Simone Gbagbo mardi \u00e0 Abidjan (DR) Le pr\u00e9sident du Congr\u00e8s Panafricain pour la Justice et l\u2019Egalit\u00e9 des Peuples (COJEP), Charles Bl\u00e9 Goud\u00e9, a pr\u00e9sent\u00e9 mardi 20 janvier 2026, ses v\u0153ux de nouvel an, \u00e0 Simone Gbagbo, pr\u00e9sidente du Mouvement des G\u00e9n\u00e9rations Capables (MGC). Au sortir de l\u2019audience \u00e0 la r\u00e9sidence de l\u2019ex-premi\u00e8re [&hellip;]<\/p>\n","protected":false},"author":82,"featured_media":111625,"comment_status":"open","ping_status":"closed","sticky":false,"template":"","format":"standard","meta":{"footnotes":""},"categories":[2,10],"tags":[495,493,1589,222],"class_list":["post-111626","post","type-post","status-publish","format-standard","has-post-thumbnail","hentry","category-politique","category-toutes-les-actualites","tag-ble-goude","tag-cojep","tag-mgc","tag-simone-gbagbo"],"yoast_head":"<!-- This site is optimized with the Yoast SEO Premium plugin v26.1 (Yoast SEO v27.0) - https:\/\/yoast.com\/product\/yoast-seo-premium-wordpress\/ -->\n<title>Bl\u00e9 Goud\u00e9 chez Simone Gbagbo : \u00ab Chuter peut \u00eatre circonstanciel, demeurer \u00e0 terre rel\u00e8ve d&#039;un choix \u00bb - C\u00f4te d&#039;Ivoire<\/title>\n<meta name=\"robots\" content=\"index, follow, max-snippet:-1, max-image-preview:large, max-video-preview:-1\" \/>\n<link rel=\"canonical\" href=\"https:\/\/www.africa-press.net\/cotedivoire\/politique\/ble-goude-chez-simone-gbagbo-chuter-peut-etre-circonstanciel-demeurer-a-terre-releve-dun-choix\" \/>\n<meta property=\"og:locale\" content=\"fr_FR\" \/>\n<meta property=\"og:type\" content=\"article\" \/>\n<meta property=\"og:title\" content=\"Bl\u00e9 Goud\u00e9 chez Simone Gbagbo : \u00ab Chuter peut \u00eatre circonstanciel, demeurer \u00e0 terre rel\u00e8ve d&#039;un choix \u00bb\" \/>\n<meta property=\"og:description\" content=\"Bl\u00e9 Goud\u00e9 et Simone Gbagbo mardi \u00e0 Abidjan (DR) Le pr\u00e9sident du Congr\u00e8s Panafricain pour la Justice et l\u2019Egalit\u00e9 des Peuples (COJEP), Charles Bl\u00e9 Goud\u00e9, a pr\u00e9sent\u00e9 mardi 20 janvier 2026, ses v\u0153ux de nouvel an, \u00e0 Simone Gbagbo, pr\u00e9sidente du Mouvement des G\u00e9n\u00e9rations Capables (MGC). Au sortir de l\u2019audience \u00e0 la r\u00e9sidence de l\u2019ex-premi\u00e8re [&hellip;]\" \/>\n<meta property=\"og:url\" content=\"https:\/\/www.africa-press.net\/cotedivoire\/politique\/ble-goude-chez-simone-gbagbo-chuter-peut-etre-circonstanciel-demeurer-a-terre-releve-dun-choix\" \/>\n<meta property=\"og:site_name\" content=\"C\u00f4te d&#039;Ivoire\" \/>\n<meta property=\"article:published_time\" content=\"2026-01-21T11:27:45+00:00\" \/>\n<meta name=\"author\" content=\"cfeditorfr\" \/>\n<meta name=\"twitter:card\" content=\"summary_large_image\" \/>\n<meta name=\"twitter:label1\" content=\"\u00c9crit par\" \/>\n\t<meta name=\"twitter:data1\" content=\"cfeditorfr\" \/>\n\t<meta name=\"twitter:label2\" content=\"Dur\u00e9e de lecture estim\u00e9e\" \/>\n\t<meta name=\"twitter:data2\" content=\"2 minutes\" \/>\n<script type=\"application\/ld+json\" class=\"yoast-schema-graph\">{\"@context\":\"https:\/\/schema.org\",\"@graph\":[{\"@type\":\"Article\",\"@id\":\"https:\/\/www.africa-press.net\/cotedivoire\/politique\/ble-goude-chez-simone-gbagbo-chuter-peut-etre-circonstanciel-demeurer-a-terre-releve-dun-choix#article\",\"isPartOf\":{\"@id\":\"https:\/\/www.africa-press.net\/cotedivoire\/politique\/ble-goude-chez-simone-gbagbo-chuter-peut-etre-circonstanciel-demeurer-a-terre-releve-dun-choix\"},\"author\":{\"name\":\"cfeditorfr\",\"@id\":\"https:\/\/www.africa-press.net\/cotedivoire\/#\/schema\/person\/2b1cf3cd81a31e3cd26889ca66d677f1\"},\"headline\":\"Bl\u00e9 Goud\u00e9 chez Simone Gbagbo : \u00ab Chuter peut \u00eatre circonstanciel, demeurer \u00e0 terre rel\u00e8ve d&rsquo;un choix \u00bb\",\"datePublished\":\"2026-01-21T11:27:45+00:00\",\"mainEntityOfPage\":{\"@id\":\"https:\/\/www.africa-press.net\/cotedivoire\/politique\/ble-goude-chez-simone-gbagbo-chuter-peut-etre-circonstanciel-demeurer-a-terre-releve-dun-choix\"},\"wordCount\":331,\"commentCount\":0,\"image\":{\"@id\":\"https:\/\/www.africa-press.net\/cotedivoire\/politique\/ble-goude-chez-simone-gbagbo-chuter-peut-etre-circonstanciel-demeurer-a-terre-releve-dun-choix#primaryimage\"},\"thumbnailUrl\":\"https:\/\/static.africa-press.net\/cote\/sites\/43\/2026\/01\/sm_1768994865.306857.jpg\",\"keywords\":[\"Bl\u00e9 Goud\u00e9\",\"Cojep\",\"MGC\",\"Simone Gbagbo\"],\"articleSection\":[\"Politique\",\"Toutes les actualit\u00e9s\"],\"inLanguage\":\"fr-FR\",\"potentialAction\":[{\"@type\":\"CommentAction\",\"name\":\"Comment\",\"target\":[\"https:\/\/www.africa-press.net\/cotedivoire\/politique\/ble-goude-chez-simone-gbagbo-chuter-peut-etre-circonstanciel-demeurer-a-terre-releve-dun-choix#respond\"]}]},{\"@type\":\"WebPage\",\"@id\":\"https:\/\/www.africa-press.net\/cotedivoire\/politique\/ble-goude-chez-simone-gbagbo-chuter-peut-etre-circonstanciel-demeurer-a-terre-releve-dun-choix\",\"url\":\"https:\/\/www.africa-press.net\/cotedivoire\/politique\/ble-goude-chez-simone-gbagbo-chuter-peut-etre-circonstanciel-demeurer-a-terre-releve-dun-choix\",\"name\":\"Bl\u00e9 Goud\u00e9 chez Simone Gbagbo : \u00ab Chuter peut \u00eatre circonstanciel, demeurer \u00e0 terre rel\u00e8ve d'un choix \u00bb - C\u00f4te d&#039;Ivoire\",\"isPartOf\":{\"@id\":\"https:\/\/www.africa-press.net\/cotedivoire\/#website\"},\"primaryImageOfPage\":{\"@id\":\"https:\/\/www.africa-press.net\/cotedivoire\/politique\/ble-goude-chez-simone-gbagbo-chuter-peut-etre-circonstanciel-demeurer-a-terre-releve-dun-choix#primaryimage\"},\"image\":{\"@id\":\"https:\/\/www.africa-press.net\/cotedivoire\/politique\/ble-goude-chez-simone-gbagbo-chuter-peut-etre-circonstanciel-demeurer-a-terre-releve-dun-choix#primaryimage\"},\"thumbnailUrl\":\"https:\/\/static.africa-press.net\/cote\/sites\/43\/2026\/01\/sm_1768994865.306857.jpg\",\"datePublished\":\"2026-01-21T11:27:45+00:00\",\"author\":{\"@id\":\"https:\/\/www.africa-press.net\/cotedivoire\/#\/schema\/person\/2b1cf3cd81a31e3cd26889ca66d677f1\"},\"breadcrumb\":{\"@id\":\"https:\/\/www.africa-press.net\/cotedivoire\/politique\/ble-goude-chez-simone-gbagbo-chuter-peut-etre-circonstanciel-demeurer-a-terre-releve-dun-choix#breadcrumb\"},\"inLanguage\":\"fr-FR\",\"potentialAction\":[{\"@type\":\"ReadAction\",\"target\":[\"https:\/\/www.africa-press.net\/cotedivoire\/politique\/ble-goude-chez-simone-gbagbo-chuter-peut-etre-circonstanciel-demeurer-a-terre-releve-dun-choix\"]}]},{\"@type\":\"ImageObject\",\"inLanguage\":\"fr-FR\",\"@id\":\"https:\/\/www.africa-press.net\/cotedivoire\/politique\/ble-goude-chez-simone-gbagbo-chuter-peut-etre-circonstanciel-demeurer-a-terre-releve-dun-choix#primaryimage\",\"url\":\"https:\/\/static.africa-press.net\/cote\/sites\/43\/2026\/01\/sm_1768994865.306857.jpg\",\"contentUrl\":\"https:\/\/static.africa-press.net\/cote\/sites\/43\/2026\/01\/sm_1768994865.306857.jpg\",\"width\":600,\"height\":458,\"caption\":\"Bl\u00e9 Goud\u00e9 chez Simone Gbagbo : \u00ab Chuter peut \u00eatre circonstanciel, demeurer \u00e0 terre rel\u00e8ve d'un choix \u00bb\"},{\"@type\":\"BreadcrumbList\",\"@id\":\"https:\/\/www.africa-press.net\/cotedivoire\/politique\/ble-goude-chez-simone-gbagbo-chuter-peut-etre-circonstanciel-demeurer-a-terre-releve-dun-choix#breadcrumb\",\"itemListElement\":[{\"@type\":\"ListItem\",\"position\":1,\"name\":\"Accueil\",\"item\":\"https:\/\/www.africa-press.net\/cotedivoire\/\"},{\"@type\":\"ListItem\",\"position\":2,\"name\":\"Bl\u00e9 Goud\u00e9 chez Simone Gbagbo : \u00ab Chuter peut \u00eatre circonstanciel, demeurer \u00e0 terre rel\u00e8ve d&rsquo;un choix \u00bb\"}]},{\"@type\":\"WebSite\",\"@id\":\"https:\/\/www.africa-press.net\/cotedivoire\/#website\",\"url\":\"https:\/\/www.africa-press.net\/cotedivoire\/\",\"name\":\"C\u00f4te d&#039;Ivoire\",\"description\":\"Just another Africa News Agency Sites site\",\"potentialAction\":[{\"@type\":\"SearchAction\",\"target\":{\"@type\":\"EntryPoint\",\"urlTemplate\":\"https:\/\/www.africa-press.net\/cotedivoire\/?s={search_term_string}\"},\"query-input\":{\"@type\":\"PropertyValueSpecification\",\"valueRequired\":true,\"valueName\":\"search_term_string\"}}],\"inLanguage\":\"fr-FR\"},{\"@type\":\"Person\",\"@id\":\"https:\/\/www.africa-press.net\/cotedivoire\/#\/schema\/person\/2b1cf3cd81a31e3cd26889ca66d677f1\",\"name\":\"cfeditorfr\"}]}<\/script>\n<!-- \/ Yoast SEO Premium plugin. -->","yoast_head_json":{"title":"Bl\u00e9 Goud\u00e9 chez Simone Gbagbo : \u00ab Chuter peut \u00eatre circonstanciel, demeurer \u00e0 terre rel\u00e8ve d'un choix \u00bb - C\u00f4te d&#039;Ivoire","robots":{"index":"index","follow":"follow","max-snippet":"max-snippet:-1","max-image-preview":"max-image-preview:large","max-video-preview":"max-video-preview:-1"},"canonical":"https:\/\/www.africa-press.net\/cotedivoire\/politique\/ble-goude-chez-simone-gbagbo-chuter-peut-etre-circonstanciel-demeurer-a-terre-releve-dun-choix","og_locale":"fr_FR","og_type":"article","og_title":"Bl\u00e9 Goud\u00e9 chez Simone Gbagbo : \u00ab Chuter peut \u00eatre circonstanciel, demeurer \u00e0 terre rel\u00e8ve d'un choix \u00bb","og_description":"Bl\u00e9 Goud\u00e9 et Simone Gbagbo mardi \u00e0 Abidjan (DR) Le pr\u00e9sident du Congr\u00e8s Panafricain pour la Justice et l\u2019Egalit\u00e9 des Peuples (COJEP), Charles Bl\u00e9 Goud\u00e9, a pr\u00e9sent\u00e9 mardi 20 janvier 2026, ses v\u0153ux de nouvel an, \u00e0 Simone Gbagbo, pr\u00e9sidente du Mouvement des G\u00e9n\u00e9rations Capables (MGC). Au sortir de l\u2019audience \u00e0 la r\u00e9sidence de l\u2019ex-premi\u00e8re [&hellip;]","og_url":"https:\/\/www.africa-press.net\/cotedivoire\/politique\/ble-goude-chez-simone-gbagbo-chuter-peut-etre-circonstanciel-demeurer-a-terre-releve-dun-choix","og_site_name":"C\u00f4te d&#039;Ivoire","article_published_time":"2026-01-21T11:27:45+00:00","author":"cfeditorfr","twitter_card":"summary_large_image","twitter_misc":{"\u00c9crit par":"cfeditorfr","Dur\u00e9e de lecture estim\u00e9e":"2 minutes"},"schema":{"@context":"https:\/\/schema.org","@graph":[{"@type":"Article","@id":"https:\/\/www.africa-press.net\/cotedivoire\/politique\/ble-goude-chez-simone-gbagbo-chuter-peut-etre-circonstanciel-demeurer-a-terre-releve-dun-choix#article","isPartOf":{"@id":"https:\/\/www.africa-press.net\/cotedivoire\/politique\/ble-goude-chez-simone-gbagbo-chuter-peut-etre-circonstanciel-demeurer-a-terre-releve-dun-choix"},"author":{"name":"cfeditorfr","@id":"https:\/\/www.africa-press.net\/cotedivoire\/#\/schema\/person\/2b1cf3cd81a31e3cd26889ca66d677f1"},"headline":"Bl\u00e9 Goud\u00e9 chez Simone Gbagbo : \u00ab Chuter peut \u00eatre circonstanciel, demeurer \u00e0 terre rel\u00e8ve d&rsquo;un choix \u00bb","datePublished":"2026-01-21T11:27:45+00:00","mainEntityOfPage":{"@id":"https:\/\/www.africa-press.net\/cotedivoire\/politique\/ble-goude-chez-simone-gbagbo-chuter-peut-etre-circonstanciel-demeurer-a-terre-releve-dun-choix"},"wordCount":331,"commentCount":0,"image":{"@id":"https:\/\/www.africa-press.net\/cotedivoire\/politique\/ble-goude-chez-simone-gbagbo-chuter-peut-etre-circonstanciel-demeurer-a-terre-releve-dun-choix#primaryimage"},"thumbnailUrl":"https:\/\/static.africa-press.net\/cote\/sites\/43\/2026\/01\/sm_1768994865.306857.jpg","keywords":["Bl\u00e9 Goud\u00e9","Cojep","MGC","Simone Gbagbo"],"articleSection":["Politique","Toutes les actualit\u00e9s"],"inLanguage":"fr-FR","potentialAction":[{"@type":"CommentAction","name":"Comment","target":["https:\/\/www.africa-press.net\/cotedivoire\/politique\/ble-goude-chez-simone-gbagbo-chuter-peut-etre-circonstanciel-demeurer-a-terre-releve-dun-choix#respond"]}]},{"@type":"WebPage","@id":"https:\/\/www.africa-press.net\/cotedivoire\/politique\/ble-goude-chez-simone-gbagbo-chuter-peut-etre-circonstanciel-demeurer-a-terre-releve-dun-choix","url":"https:\/\/www.africa-press.net\/cotedivoire\/politique\/ble-goude-chez-simone-gbagbo-chuter-peut-etre-circonstanciel-demeurer-a-terre-releve-dun-choix","name":"Bl\u00e9 Goud\u00e9 chez Simone Gbagbo : \u00ab Chuter peut \u00eatre circonstanciel, demeurer \u00e0 terre rel\u00e8ve d'un choix \u00bb - C\u00f4te d&#039;Ivoire","isPartOf":{"@id":"https:\/\/www.africa-press.net\/cotedivoire\/#website"},"primaryImageOfPage":{"@id":"https:\/\/www.africa-press.net\/cotedivoire\/politique\/ble-goude-chez-simone-gbagbo-chuter-peut-etre-circonstanciel-demeurer-a-terre-releve-dun-choix#primaryimage"},"image":{"@id":"https:\/\/www.africa-press.net\/cotedivoire\/politique\/ble-goude-chez-simone-gbagbo-chuter-peut-etre-circonstanciel-demeurer-a-terre-releve-dun-choix#primaryimage"},"thumbnailUrl":"https:\/\/static.africa-press.net\/cote\/sites\/43\/2026\/01\/sm_1768994865.306857.jpg","datePublished":"2026-01-21T11:27:45+00:00","author":{"@id":"https:\/\/www.africa-press.net\/cotedivoire\/#\/schema\/person\/2b1cf3cd81a31e3cd26889ca66d677f1"},"breadcrumb":{"@id":"https:\/\/www.africa-press.net\/cotedivoire\/politique\/ble-goude-chez-simone-gbagbo-chuter-peut-etre-circonstanciel-demeurer-a-terre-releve-dun-choix#breadcrumb"},"inLanguage":"fr-FR","potentialAction":[{"@type":"ReadAction","target":["https:\/\/www.africa-press.net\/cotedivoire\/politique\/ble-goude-chez-simone-gbagbo-chuter-peut-etre-circonstanciel-demeurer-a-terre-releve-dun-choix"]}]},{"@type":"ImageObject","inLanguage":"fr-FR","@id":"https:\/\/www.africa-press.net\/cotedivoire\/politique\/ble-goude-chez-simone-gbagbo-chuter-peut-etre-circonstanciel-demeurer-a-terre-releve-dun-choix#primaryimage","url":"https:\/\/static.africa-press.net\/cote\/sites\/43\/2026\/01\/sm_1768994865.306857.jpg","contentUrl":"https:\/\/static.africa-press.net\/cote\/sites\/43\/2026\/01\/sm_1768994865.306857.jpg","width":600,"height":458,"caption":"Bl\u00e9 Goud\u00e9 chez Simone Gbagbo : \u00ab Chuter peut \u00eatre circonstanciel, demeurer \u00e0 terre rel\u00e8ve d'un choix \u00bb"},{"@type":"BreadcrumbList","@id":"https:\/\/www.africa-press.net\/cotedivoire\/politique\/ble-goude-chez-simone-gbagbo-chuter-peut-etre-circonstanciel-demeurer-a-terre-releve-dun-choix#breadcrumb","itemListElement":[{"@type":"ListItem","position":1,"name":"Accueil","item":"https:\/\/www.africa-press.net\/cotedivoire\/"},{"@type":"ListItem","position":2,"name":"Bl\u00e9 Goud\u00e9 chez Simone Gbagbo : \u00ab Chuter peut \u00eatre circonstanciel, demeurer \u00e0 terre rel\u00e8ve d&rsquo;un choix \u00bb"}]},{"@type":"WebSite","@id":"https:\/\/www.africa-press.net\/cotedivoire\/#website","url":"https:\/\/www.africa-press.net\/cotedivoire\/","name":"C\u00f4te d&#039;Ivoire","description":"Just another Africa News Agency Sites site","potentialAction":[{"@type":"SearchAction","target":{"@type":"EntryPoint","urlTemplate":"https:\/\/www.africa-press.net\/cotedivoire\/?s={search_term_string}"},"query-input":{"@type":"PropertyValueSpecification","valueRequired":true,"valueName":"search_term_string"}}],"inLanguage":"fr-FR"},{"@type":"Person","@id":"https:\/\/www.africa-press.net\/cotedivoire\/#\/schema\/person\/2b1cf3cd81a31e3cd26889ca66d677f1","name":"cfeditorfr"}]}},"_links":{"self":[{"href":"https:\/\/www.africa-press.net\/cotedivoire\/wp-json\/wp\/v2\/posts\/111626","targetHints":{"allow":["GET"]}}],"collection":[{"href":"https:\/\/www.africa-press.net\/cotedivoire\/wp-json\/wp\/v2\/posts"}],"about":[{"href":"https:\/\/www.africa-press.net\/cotedivoire\/wp-json\/wp\/v2\/types\/post"}],"author":[{"embeddable":true,"href":"https:\/\/www.africa-press.net\/cotedivoire\/wp-json\/wp\/v2\/users\/82"}],"replies":[{"embeddable":true,"href":"https:\/\/www.africa-press.net\/cotedivoire\/wp-json\/wp\/v2\/comments?post=111626"}],"version-history":[{"count":0,"href":"https:\/\/www.africa-press.net\/cotedivoire\/wp-json\/wp\/v2\/posts\/111626\/revisions"}],"wp:featuredmedia":[{"embeddable":true,"href":"https:\/\/www.africa-press.net\/cotedivoire\/wp-json\/wp\/v2\/media\/111625"}],"wp:attachment":[{"href":"https:\/\/www.africa-press.net\/cotedivoire\/wp-json\/wp\/v2\/media?parent=111626"}],"wp:term":[{"taxonomy":"category","embeddable":true,"href":"https:\/\/www.africa-press.net\/cotedivoire\/wp-json\/wp\/v2\/categories?post=111626"},{"taxonomy":"post_tag","embeddable":true,"href":"https:\/\/www.africa-press.net\/cotedivoire\/wp-json\/wp\/v2\/tags?post=111626"}],"curies":[{"name":"wp","href":"https:\/\/api.w.org\/{rel}","templated":true}]}}