{"id":111648,"date":"2026-01-22T18:31:52","date_gmt":"2026-01-22T18:31:52","guid":{"rendered":"https:\/\/www.africa-press.net\/cotedivoire\/politique\/assemblee-nationale-deux-groupes-parlementaires-independants-formes"},"modified":"2026-01-22T18:31:52","modified_gmt":"2026-01-22T18:31:52","slug":"assemblee-nationale-deux-groupes-parlementaires-independants-formes","status":"publish","type":"post","link":"https:\/\/www.africa-press.net\/cotedivoire\/politique\/assemblee-nationale-deux-groupes-parlementaires-independants-formes","title":{"rendered":"Assembl\u00e9e Nationale, deux groupes Parlementaires  ind\u00e9pendants form\u00e9s"},"content":{"rendered":"<p>St\u00e9phane Kipr\u00e9, pr\u00e9sident du groupe parlementaire AGIR (Ph)<\/p>\n<p>Des ind\u00e9pendants issus des \u00e9lections L\u00e9gislatives de 2025 ont form\u00e9 deux (02) groupes Parlementaires \u00e0 l\u2019Assembl\u00e9e Nationale.<\/p>\n<p>Il s\u2019agit des groupes Parlementaires \u00ab Solidarit\u00e9 \u00bb et \u00ab Agir \u00bb. Le premier \u00ab Solidarit\u00e9 \u00bb est port\u00e9 par l\u2019ancien Ministre, Anzoumana Moutay\u00e9, d\u00e9put\u00e9 de la circonscription N\u00b0077 de Boahia et Kouassi-Dat\u00e9kro communes et sous-pr\u00e9fectures, a choisi le d\u00e9put\u00e9 de la circonscription N\u00b0193 de Daleu, Danan\u00e9, Gbon-Houy\u00e9, Kouan-Houl\u00e9 et Seileu commues et sous-pr\u00e9fectures, Guillaume Gbato comme pr\u00e9sident.<\/p>\n<p>Quant au second \u00ab Agir\u00bb est pr\u00e9sid\u00e9 par St\u00e9phane Kipr\u00e9. \u00c0 ce poste, l\u2019ex-cadre du PPA-CI, aura pour mission de coordonner les actions de ses membres, de porter leurs positions lors des d\u00e9bats l\u00e9gislatifs et de contribuer activement aux travaux de l\u2019Assembl\u00e9e nationale. Il s\u2019est engag\u00e9 \u00e0 favoriser un dialogue constructif, fond\u00e9 sur l\u2019int\u00e9r\u00eat g\u00e9n\u00e9ral et le respect des valeurs d\u00e9mocratiques.<\/p>\n<p>Le groupe AGIR entend jouer un r\u00f4le dynamique dans l\u2019examen des projets et propositions de loi, le contr\u00f4le de l\u2019action gouvernementale et la d\u00e9fense des pr\u00e9occupations des populations.<\/p>\n<p>Sous la conduite de St\u00e9phane Kipr\u00e9, ses membres visent \u00e9galement \u00e0 renforcer leur influence au sein des commissions et instances de d\u00e9cision de l\u2019Assembl\u00e9e.<\/p>\n<p>Donatien Kautcha, Abidjan<\/p>\n","protected":false},"excerpt":{"rendered":"<p>St\u00e9phane Kipr\u00e9, pr\u00e9sident du groupe parlementaire AGIR (Ph) Des ind\u00e9pendants issus des \u00e9lections L\u00e9gislatives de 2025 ont form\u00e9 deux (02) groupes Parlementaires \u00e0 l\u2019Assembl\u00e9e Nationale. Il s\u2019agit des groupes Parlementaires \u00ab Solidarit\u00e9 \u00bb et \u00ab Agir \u00bb. Le premier \u00ab Solidarit\u00e9 \u00bb est port\u00e9 par l\u2019ancien Ministre, Anzoumana Moutay\u00e9, d\u00e9put\u00e9 de la circonscription N\u00b0077 de [&hellip;]<\/p>\n","protected":false},"author":82,"featured_media":111647,"comment_status":"open","ping_status":"closed","sticky":false,"template":"","format":"standard","meta":{"footnotes":""},"categories":[2,70,20,10],"tags":[1741,2684,8013,6517,969,356],"class_list":["post-111648","post","type-post","status-publish","format-standard","has-post-thumbnail","hentry","category-politique","category-to-homepage","category-top-nouvelles","category-toutes-les-actualites","tag-assemblee-nationale","tag-groupes","tag-guillaume-gbato","tag-legislatives","tag-parlementaires","tag-stephane-kipre"],"yoast_head":"<!-- This site is optimized with the Yoast SEO Premium plugin v26.1 (Yoast SEO v27.0) - https:\/\/yoast.com\/product\/yoast-seo-premium-wordpress\/ -->\n<title>Assembl\u00e9e Nationale, deux groupes Parlementaires ind\u00e9pendants form\u00e9s - C\u00f4te d&#039;Ivoire<\/title>\n<meta name=\"robots\" content=\"index, follow, max-snippet:-1, max-image-preview:large, max-video-preview:-1\" \/>\n<link rel=\"canonical\" href=\"https:\/\/www.africa-press.net\/cotedivoire\/politique\/assemblee-nationale-deux-groupes-parlementaires-independants-formes\" \/>\n<meta property=\"og:locale\" content=\"fr_FR\" \/>\n<meta property=\"og:type\" content=\"article\" \/>\n<meta property=\"og:title\" content=\"Assembl\u00e9e Nationale, deux groupes Parlementaires ind\u00e9pendants form\u00e9s\" \/>\n<meta property=\"og:description\" content=\"St\u00e9phane Kipr\u00e9, pr\u00e9sident du groupe parlementaire AGIR (Ph) Des ind\u00e9pendants issus des \u00e9lections L\u00e9gislatives de 2025 ont form\u00e9 deux (02) groupes Parlementaires \u00e0 l\u2019Assembl\u00e9e Nationale. Il s\u2019agit des groupes Parlementaires \u00ab Solidarit\u00e9 \u00bb et \u00ab Agir \u00bb. Le premier \u00ab Solidarit\u00e9 \u00bb est port\u00e9 par l\u2019ancien Ministre, Anzoumana Moutay\u00e9, d\u00e9put\u00e9 de la circonscription N\u00b0077 de [&hellip;]\" \/>\n<meta property=\"og:url\" content=\"https:\/\/www.africa-press.net\/cotedivoire\/politique\/assemblee-nationale-deux-groupes-parlementaires-independants-formes\" \/>\n<meta property=\"og:site_name\" content=\"C\u00f4te d&#039;Ivoire\" \/>\n<meta property=\"article:published_time\" content=\"2026-01-22T18:31:52+00:00\" \/>\n<meta name=\"author\" content=\"cfeditorfr\" \/>\n<meta name=\"twitter:card\" content=\"summary_large_image\" \/>\n<meta name=\"twitter:label1\" content=\"\u00c9crit par\" \/>\n\t<meta name=\"twitter:data1\" content=\"cfeditorfr\" \/>\n\t<meta name=\"twitter:label2\" content=\"Dur\u00e9e de lecture estim\u00e9e\" \/>\n\t<meta name=\"twitter:data2\" content=\"1 minute\" \/>\n<script type=\"application\/ld+json\" class=\"yoast-schema-graph\">{\"@context\":\"https:\/\/schema.org\",\"@graph\":[{\"@type\":\"Article\",\"@id\":\"https:\/\/www.africa-press.net\/cotedivoire\/politique\/assemblee-nationale-deux-groupes-parlementaires-independants-formes#article\",\"isPartOf\":{\"@id\":\"https:\/\/www.africa-press.net\/cotedivoire\/politique\/assemblee-nationale-deux-groupes-parlementaires-independants-formes\"},\"author\":{\"name\":\"cfeditorfr\",\"@id\":\"https:\/\/www.africa-press.net\/cotedivoire\/#\/schema\/person\/2b1cf3cd81a31e3cd26889ca66d677f1\"},\"headline\":\"Assembl\u00e9e Nationale, deux groupes Parlementaires ind\u00e9pendants form\u00e9s\",\"datePublished\":\"2026-01-22T18:31:52+00:00\",\"mainEntityOfPage\":{\"@id\":\"https:\/\/www.africa-press.net\/cotedivoire\/politique\/assemblee-nationale-deux-groupes-parlementaires-independants-formes\"},\"wordCount\":234,\"commentCount\":0,\"image\":{\"@id\":\"https:\/\/www.africa-press.net\/cotedivoire\/politique\/assemblee-nationale-deux-groupes-parlementaires-independants-formes#primaryimage\"},\"thumbnailUrl\":\"https:\/\/static.africa-press.net\/cote\/sites\/43\/2026\/01\/sm_1769106712.868443.jpg\",\"keywords\":[\"Assembl\u00e9e nationale\",\"groupes\",\"Guillaume Gbato\",\"L\u00e9gislatives\",\"Parlementaires\",\"St\u00e9phane Kipr\u00e9\"],\"articleSection\":[\"Politique\",\"to-homepage\",\"Top Nouvelles\",\"Toutes les actualit\u00e9s\"],\"inLanguage\":\"fr-FR\",\"potentialAction\":[{\"@type\":\"CommentAction\",\"name\":\"Comment\",\"target\":[\"https:\/\/www.africa-press.net\/cotedivoire\/politique\/assemblee-nationale-deux-groupes-parlementaires-independants-formes#respond\"]}]},{\"@type\":\"WebPage\",\"@id\":\"https:\/\/www.africa-press.net\/cotedivoire\/politique\/assemblee-nationale-deux-groupes-parlementaires-independants-formes\",\"url\":\"https:\/\/www.africa-press.net\/cotedivoire\/politique\/assemblee-nationale-deux-groupes-parlementaires-independants-formes\",\"name\":\"Assembl\u00e9e Nationale, deux groupes Parlementaires ind\u00e9pendants form\u00e9s - C\u00f4te d&#039;Ivoire\",\"isPartOf\":{\"@id\":\"https:\/\/www.africa-press.net\/cotedivoire\/#website\"},\"primaryImageOfPage\":{\"@id\":\"https:\/\/www.africa-press.net\/cotedivoire\/politique\/assemblee-nationale-deux-groupes-parlementaires-independants-formes#primaryimage\"},\"image\":{\"@id\":\"https:\/\/www.africa-press.net\/cotedivoire\/politique\/assemblee-nationale-deux-groupes-parlementaires-independants-formes#primaryimage\"},\"thumbnailUrl\":\"https:\/\/static.africa-press.net\/cote\/sites\/43\/2026\/01\/sm_1769106712.868443.jpg\",\"datePublished\":\"2026-01-22T18:31:52+00:00\",\"author\":{\"@id\":\"https:\/\/www.africa-press.net\/cotedivoire\/#\/schema\/person\/2b1cf3cd81a31e3cd26889ca66d677f1\"},\"breadcrumb\":{\"@id\":\"https:\/\/www.africa-press.net\/cotedivoire\/politique\/assemblee-nationale-deux-groupes-parlementaires-independants-formes#breadcrumb\"},\"inLanguage\":\"fr-FR\",\"potentialAction\":[{\"@type\":\"ReadAction\",\"target\":[\"https:\/\/www.africa-press.net\/cotedivoire\/politique\/assemblee-nationale-deux-groupes-parlementaires-independants-formes\"]}]},{\"@type\":\"ImageObject\",\"inLanguage\":\"fr-FR\",\"@id\":\"https:\/\/www.africa-press.net\/cotedivoire\/politique\/assemblee-nationale-deux-groupes-parlementaires-independants-formes#primaryimage\",\"url\":\"https:\/\/static.africa-press.net\/cote\/sites\/43\/2026\/01\/sm_1769106712.868443.jpg\",\"contentUrl\":\"https:\/\/static.africa-press.net\/cote\/sites\/43\/2026\/01\/sm_1769106712.868443.jpg\",\"width\":600,\"height\":401,\"caption\":\"Assembl\u00e9e Nationale, deux groupes Parlementaires ind\u00e9pendants form\u00e9s\"},{\"@type\":\"BreadcrumbList\",\"@id\":\"https:\/\/www.africa-press.net\/cotedivoire\/politique\/assemblee-nationale-deux-groupes-parlementaires-independants-formes#breadcrumb\",\"itemListElement\":[{\"@type\":\"ListItem\",\"position\":1,\"name\":\"Accueil\",\"item\":\"https:\/\/www.africa-press.net\/cotedivoire\/\"},{\"@type\":\"ListItem\",\"position\":2,\"name\":\"Assembl\u00e9e Nationale, deux groupes Parlementaires ind\u00e9pendants form\u00e9s\"}]},{\"@type\":\"WebSite\",\"@id\":\"https:\/\/www.africa-press.net\/cotedivoire\/#website\",\"url\":\"https:\/\/www.africa-press.net\/cotedivoire\/\",\"name\":\"C\u00f4te d&#039;Ivoire\",\"description\":\"Just another Africa News Agency Sites site\",\"potentialAction\":[{\"@type\":\"SearchAction\",\"target\":{\"@type\":\"EntryPoint\",\"urlTemplate\":\"https:\/\/www.africa-press.net\/cotedivoire\/?s={search_term_string}\"},\"query-input\":{\"@type\":\"PropertyValueSpecification\",\"valueRequired\":true,\"valueName\":\"search_term_string\"}}],\"inLanguage\":\"fr-FR\"},{\"@type\":\"Person\",\"@id\":\"https:\/\/www.africa-press.net\/cotedivoire\/#\/schema\/person\/2b1cf3cd81a31e3cd26889ca66d677f1\",\"name\":\"cfeditorfr\"}]}<\/script>\n<!-- \/ Yoast SEO Premium plugin. -->","yoast_head_json":{"title":"Assembl\u00e9e Nationale, deux groupes Parlementaires ind\u00e9pendants form\u00e9s - C\u00f4te d&#039;Ivoire","robots":{"index":"index","follow":"follow","max-snippet":"max-snippet:-1","max-image-preview":"max-image-preview:large","max-video-preview":"max-video-preview:-1"},"canonical":"https:\/\/www.africa-press.net\/cotedivoire\/politique\/assemblee-nationale-deux-groupes-parlementaires-independants-formes","og_locale":"fr_FR","og_type":"article","og_title":"Assembl\u00e9e Nationale, deux groupes Parlementaires ind\u00e9pendants form\u00e9s","og_description":"St\u00e9phane Kipr\u00e9, pr\u00e9sident du groupe parlementaire AGIR (Ph) Des ind\u00e9pendants issus des \u00e9lections L\u00e9gislatives de 2025 ont form\u00e9 deux (02) groupes Parlementaires \u00e0 l\u2019Assembl\u00e9e Nationale. Il s\u2019agit des groupes Parlementaires \u00ab Solidarit\u00e9 \u00bb et \u00ab Agir \u00bb. Le premier \u00ab Solidarit\u00e9 \u00bb est port\u00e9 par l\u2019ancien Ministre, Anzoumana Moutay\u00e9, d\u00e9put\u00e9 de la circonscription N\u00b0077 de [&hellip;]","og_url":"https:\/\/www.africa-press.net\/cotedivoire\/politique\/assemblee-nationale-deux-groupes-parlementaires-independants-formes","og_site_name":"C\u00f4te d&#039;Ivoire","article_published_time":"2026-01-22T18:31:52+00:00","author":"cfeditorfr","twitter_card":"summary_large_image","twitter_misc":{"\u00c9crit par":"cfeditorfr","Dur\u00e9e de lecture estim\u00e9e":"1 minute"},"schema":{"@context":"https:\/\/schema.org","@graph":[{"@type":"Article","@id":"https:\/\/www.africa-press.net\/cotedivoire\/politique\/assemblee-nationale-deux-groupes-parlementaires-independants-formes#article","isPartOf":{"@id":"https:\/\/www.africa-press.net\/cotedivoire\/politique\/assemblee-nationale-deux-groupes-parlementaires-independants-formes"},"author":{"name":"cfeditorfr","@id":"https:\/\/www.africa-press.net\/cotedivoire\/#\/schema\/person\/2b1cf3cd81a31e3cd26889ca66d677f1"},"headline":"Assembl\u00e9e Nationale, deux groupes Parlementaires ind\u00e9pendants form\u00e9s","datePublished":"2026-01-22T18:31:52+00:00","mainEntityOfPage":{"@id":"https:\/\/www.africa-press.net\/cotedivoire\/politique\/assemblee-nationale-deux-groupes-parlementaires-independants-formes"},"wordCount":234,"commentCount":0,"image":{"@id":"https:\/\/www.africa-press.net\/cotedivoire\/politique\/assemblee-nationale-deux-groupes-parlementaires-independants-formes#primaryimage"},"thumbnailUrl":"https:\/\/static.africa-press.net\/cote\/sites\/43\/2026\/01\/sm_1769106712.868443.jpg","keywords":["Assembl\u00e9e nationale","groupes","Guillaume Gbato","L\u00e9gislatives","Parlementaires","St\u00e9phane Kipr\u00e9"],"articleSection":["Politique","to-homepage","Top Nouvelles","Toutes les actualit\u00e9s"],"inLanguage":"fr-FR","potentialAction":[{"@type":"CommentAction","name":"Comment","target":["https:\/\/www.africa-press.net\/cotedivoire\/politique\/assemblee-nationale-deux-groupes-parlementaires-independants-formes#respond"]}]},{"@type":"WebPage","@id":"https:\/\/www.africa-press.net\/cotedivoire\/politique\/assemblee-nationale-deux-groupes-parlementaires-independants-formes","url":"https:\/\/www.africa-press.net\/cotedivoire\/politique\/assemblee-nationale-deux-groupes-parlementaires-independants-formes","name":"Assembl\u00e9e Nationale, deux groupes Parlementaires ind\u00e9pendants form\u00e9s - C\u00f4te d&#039;Ivoire","isPartOf":{"@id":"https:\/\/www.africa-press.net\/cotedivoire\/#website"},"primaryImageOfPage":{"@id":"https:\/\/www.africa-press.net\/cotedivoire\/politique\/assemblee-nationale-deux-groupes-parlementaires-independants-formes#primaryimage"},"image":{"@id":"https:\/\/www.africa-press.net\/cotedivoire\/politique\/assemblee-nationale-deux-groupes-parlementaires-independants-formes#primaryimage"},"thumbnailUrl":"https:\/\/static.africa-press.net\/cote\/sites\/43\/2026\/01\/sm_1769106712.868443.jpg","datePublished":"2026-01-22T18:31:52+00:00","author":{"@id":"https:\/\/www.africa-press.net\/cotedivoire\/#\/schema\/person\/2b1cf3cd81a31e3cd26889ca66d677f1"},"breadcrumb":{"@id":"https:\/\/www.africa-press.net\/cotedivoire\/politique\/assemblee-nationale-deux-groupes-parlementaires-independants-formes#breadcrumb"},"inLanguage":"fr-FR","potentialAction":[{"@type":"ReadAction","target":["https:\/\/www.africa-press.net\/cotedivoire\/politique\/assemblee-nationale-deux-groupes-parlementaires-independants-formes"]}]},{"@type":"ImageObject","inLanguage":"fr-FR","@id":"https:\/\/www.africa-press.net\/cotedivoire\/politique\/assemblee-nationale-deux-groupes-parlementaires-independants-formes#primaryimage","url":"https:\/\/static.africa-press.net\/cote\/sites\/43\/2026\/01\/sm_1769106712.868443.jpg","contentUrl":"https:\/\/static.africa-press.net\/cote\/sites\/43\/2026\/01\/sm_1769106712.868443.jpg","width":600,"height":401,"caption":"Assembl\u00e9e Nationale, deux groupes Parlementaires ind\u00e9pendants form\u00e9s"},{"@type":"BreadcrumbList","@id":"https:\/\/www.africa-press.net\/cotedivoire\/politique\/assemblee-nationale-deux-groupes-parlementaires-independants-formes#breadcrumb","itemListElement":[{"@type":"ListItem","position":1,"name":"Accueil","item":"https:\/\/www.africa-press.net\/cotedivoire\/"},{"@type":"ListItem","position":2,"name":"Assembl\u00e9e Nationale, deux groupes Parlementaires ind\u00e9pendants form\u00e9s"}]},{"@type":"WebSite","@id":"https:\/\/www.africa-press.net\/cotedivoire\/#website","url":"https:\/\/www.africa-press.net\/cotedivoire\/","name":"C\u00f4te d&#039;Ivoire","description":"Just another Africa News Agency Sites site","potentialAction":[{"@type":"SearchAction","target":{"@type":"EntryPoint","urlTemplate":"https:\/\/www.africa-press.net\/cotedivoire\/?s={search_term_string}"},"query-input":{"@type":"PropertyValueSpecification","valueRequired":true,"valueName":"search_term_string"}}],"inLanguage":"fr-FR"},{"@type":"Person","@id":"https:\/\/www.africa-press.net\/cotedivoire\/#\/schema\/person\/2b1cf3cd81a31e3cd26889ca66d677f1","name":"cfeditorfr"}]}},"_links":{"self":[{"href":"https:\/\/www.africa-press.net\/cotedivoire\/wp-json\/wp\/v2\/posts\/111648","targetHints":{"allow":["GET"]}}],"collection":[{"href":"https:\/\/www.africa-press.net\/cotedivoire\/wp-json\/wp\/v2\/posts"}],"about":[{"href":"https:\/\/www.africa-press.net\/cotedivoire\/wp-json\/wp\/v2\/types\/post"}],"author":[{"embeddable":true,"href":"https:\/\/www.africa-press.net\/cotedivoire\/wp-json\/wp\/v2\/users\/82"}],"replies":[{"embeddable":true,"href":"https:\/\/www.africa-press.net\/cotedivoire\/wp-json\/wp\/v2\/comments?post=111648"}],"version-history":[{"count":0,"href":"https:\/\/www.africa-press.net\/cotedivoire\/wp-json\/wp\/v2\/posts\/111648\/revisions"}],"wp:featuredmedia":[{"embeddable":true,"href":"https:\/\/www.africa-press.net\/cotedivoire\/wp-json\/wp\/v2\/media\/111647"}],"wp:attachment":[{"href":"https:\/\/www.africa-press.net\/cotedivoire\/wp-json\/wp\/v2\/media?parent=111648"}],"wp:term":[{"taxonomy":"category","embeddable":true,"href":"https:\/\/www.africa-press.net\/cotedivoire\/wp-json\/wp\/v2\/categories?post=111648"},{"taxonomy":"post_tag","embeddable":true,"href":"https:\/\/www.africa-press.net\/cotedivoire\/wp-json\/wp\/v2\/tags?post=111648"}],"curies":[{"name":"wp","href":"https:\/\/api.w.org\/{rel}","templated":true}]}}