{"id":111652,"date":"2026-01-22T18:32:39","date_gmt":"2026-01-22T18:32:39","guid":{"rendered":"https:\/\/www.africa-press.net\/cotedivoire\/politique\/les-travaux-damenagement-du-rond-point-de-la-gendarmerie-dabobo-vont-demarrer-en-mars-voici-les-composantes-techniques-essentielles-du-projet"},"modified":"2026-01-22T18:32:39","modified_gmt":"2026-01-22T18:32:39","slug":"les-travaux-damenagement-du-rond-point-de-la-gendarmerie-dabobo-vont-demarrer-en-mars-voici-les-composantes-techniques-essentielles-du-projet","status":"publish","type":"post","link":"https:\/\/www.africa-press.net\/cotedivoire\/economie\/les-travaux-damenagement-du-rond-point-de-la-gendarmerie-dabobo-vont-demarrer-en-mars-voici-les-composantes-techniques-essentielles-du-projet","title":{"rendered":"Les travaux d&rsquo;am\u00e9nagement du rond-point de la Gendarmerie d&rsquo;Abobo vont d\u00e9marrer en mars, voici les composantes techniques essentielles du projet"},"content":{"rendered":"<p>Vue a\u00e9rienne du rond-point de la Gendarmerie d\u2019Abobo (DR)<\/p>\n<p>Dans un pr\u00e9c\u00e9dent article, nous relayions les travaux d\u2019am\u00e9nagement du rond-point de la Gendarmerie d\u2019Abobo.<\/p>\n<p>Le projet vise \u00e0 assurer une fluidification durable de la circulation au niveau du rond-point de la Gendarmerie d\u2019Abobo, \u00e0 travers notamment la mise en place d\u2019une circulation ininterrompue des deux flux directs de la voie express Abobo\u2013Adjam\u00e9, au-dessus du rond-point.<\/p>\n<p>Il s\u2019inscrit dans la dynamique nationale de modernisation et d\u2019optimisation des infrastructures routi\u00e8res urbaines.<\/p>\n<p>L\u2019Agence de Gestion des Routes (AGEROUTE) qui conduit le projet a expos\u00e9 ses composantes techniques essentielles.<\/p>\n<p>Elles porteront entre autres sur : la r\u00e9alisation d\u2019un ouvrage d\u2019art principal permettant de d\u00e9sengorger durablement le carrefour ; l\u2019am\u00e9nagement des chauss\u00e9es, trottoirs et ouvrages d\u2019assainissement ; l\u2019int\u00e9gration de l\u2019\u00e9clairage public et d\u2019un am\u00e9nagement paysager adapt\u00e9 ; la mise en \u0153uvre de dispositions sp\u00e9cifiques pour garantir le maintien du trafic pendant toute la dur\u00e9e des travaux.<\/p>\n<p>Les travaux sont pr\u00e9vus pour d\u00e9marrer au mois de mars 2026, pour une dur\u00e9e initiale de 36 mois, apr\u00e8s les op\u00e9rations pr\u00e9alables de d\u00e9placement des r\u00e9seaux, marquant ainsi une \u00e9tape d\u00e9terminante dans la transformation de ce carrefour strat\u00e9gique.<\/p>\n<p>Donatien Kautcha, Abidjan<\/p>\n","protected":false},"excerpt":{"rendered":"<p>Vue a\u00e9rienne du rond-point de la Gendarmerie d\u2019Abobo (DR) Dans un pr\u00e9c\u00e9dent article, nous relayions les travaux d\u2019am\u00e9nagement du rond-point de la Gendarmerie d\u2019Abobo. Le projet vise \u00e0 assurer une fluidification durable de la circulation au niveau du rond-point de la Gendarmerie d\u2019Abobo, \u00e0 travers notamment la mise en place d\u2019une circulation ininterrompue des deux [&hellip;]<\/p>\n","protected":false},"author":82,"featured_media":111651,"comment_status":"open","ping_status":"closed","sticky":false,"template":"","format":"standard","meta":{"footnotes":""},"categories":[3,10],"tags":[787,1729,13675,955],"class_list":["post-111652","post","type-post","status-publish","format-standard","has-post-thumbnail","hentry","category-economie","category-toutes-les-actualites","tag-abobo","tag-ageroute","tag-amenagement-2","tag-travaux"],"yoast_head":"<!-- This site is optimized with the Yoast SEO Premium plugin v26.1 (Yoast SEO v27.0) - https:\/\/yoast.com\/product\/yoast-seo-premium-wordpress\/ -->\n<title>Les travaux d&#039;am\u00e9nagement du rond-point de la Gendarmerie d&#039;Abobo vont d\u00e9marrer en mars, voici les composantes techniques essentielles du projet - C\u00f4te d&#039;Ivoire<\/title>\n<meta name=\"robots\" content=\"index, follow, max-snippet:-1, max-image-preview:large, max-video-preview:-1\" \/>\n<link rel=\"canonical\" href=\"https:\/\/www.africa-press.net\/cotedivoire\/politique\/les-travaux-damenagement-du-rond-point-de-la-gendarmerie-dabobo-vont-demarrer-en-mars-voici-les-composantes-techniques-essentielles-du-projet\" \/>\n<meta property=\"og:locale\" content=\"fr_FR\" \/>\n<meta property=\"og:type\" content=\"article\" \/>\n<meta property=\"og:title\" content=\"Les travaux d&#039;am\u00e9nagement du rond-point de la Gendarmerie d&#039;Abobo vont d\u00e9marrer en mars, voici les composantes techniques essentielles du projet\" \/>\n<meta property=\"og:description\" content=\"Vue a\u00e9rienne du rond-point de la Gendarmerie d\u2019Abobo (DR) Dans un pr\u00e9c\u00e9dent article, nous relayions les travaux d\u2019am\u00e9nagement du rond-point de la Gendarmerie d\u2019Abobo. Le projet vise \u00e0 assurer une fluidification durable de la circulation au niveau du rond-point de la Gendarmerie d\u2019Abobo, \u00e0 travers notamment la mise en place d\u2019une circulation ininterrompue des deux [&hellip;]\" \/>\n<meta property=\"og:url\" content=\"https:\/\/www.africa-press.net\/cotedivoire\/politique\/les-travaux-damenagement-du-rond-point-de-la-gendarmerie-dabobo-vont-demarrer-en-mars-voici-les-composantes-techniques-essentielles-du-projet\" \/>\n<meta property=\"og:site_name\" content=\"C\u00f4te d&#039;Ivoire\" \/>\n<meta property=\"article:published_time\" content=\"2026-01-22T18:32:39+00:00\" \/>\n<meta name=\"author\" content=\"cfeditorfr\" \/>\n<meta name=\"twitter:card\" content=\"summary_large_image\" \/>\n<meta name=\"twitter:label1\" content=\"\u00c9crit par\" \/>\n\t<meta name=\"twitter:data1\" content=\"cfeditorfr\" \/>\n\t<meta name=\"twitter:label2\" content=\"Dur\u00e9e de lecture estim\u00e9e\" \/>\n\t<meta name=\"twitter:data2\" content=\"1 minute\" \/>\n<script type=\"application\/ld+json\" class=\"yoast-schema-graph\">{\"@context\":\"https:\/\/schema.org\",\"@graph\":[{\"@type\":\"Article\",\"@id\":\"https:\/\/www.africa-press.net\/cotedivoire\/politique\/les-travaux-damenagement-du-rond-point-de-la-gendarmerie-dabobo-vont-demarrer-en-mars-voici-les-composantes-techniques-essentielles-du-projet#article\",\"isPartOf\":{\"@id\":\"https:\/\/www.africa-press.net\/cotedivoire\/politique\/les-travaux-damenagement-du-rond-point-de-la-gendarmerie-dabobo-vont-demarrer-en-mars-voici-les-composantes-techniques-essentielles-du-projet\"},\"author\":{\"name\":\"cfeditorfr\",\"@id\":\"https:\/\/www.africa-press.net\/cotedivoire\/#\/schema\/person\/2b1cf3cd81a31e3cd26889ca66d677f1\"},\"headline\":\"Les travaux d&rsquo;am\u00e9nagement du rond-point de la Gendarmerie d&rsquo;Abobo vont d\u00e9marrer en mars, voici les composantes techniques essentielles du projet\",\"datePublished\":\"2026-01-22T18:32:39+00:00\",\"mainEntityOfPage\":{\"@id\":\"https:\/\/www.africa-press.net\/cotedivoire\/politique\/les-travaux-damenagement-du-rond-point-de-la-gendarmerie-dabobo-vont-demarrer-en-mars-voici-les-composantes-techniques-essentielles-du-projet\"},\"wordCount\":247,\"commentCount\":0,\"image\":{\"@id\":\"https:\/\/www.africa-press.net\/cotedivoire\/politique\/les-travaux-damenagement-du-rond-point-de-la-gendarmerie-dabobo-vont-demarrer-en-mars-voici-les-composantes-techniques-essentielles-du-projet#primaryimage\"},\"thumbnailUrl\":\"https:\/\/static.africa-press.net\/cote\/sites\/43\/2026\/01\/sm_1769106759.91617.jpg\",\"keywords\":[\"Abobo\",\"AGEROUTE\",\"am\u00e9nagement\",\"travaux\"],\"articleSection\":[\"\u00c9conomie\",\"Toutes les actualit\u00e9s\"],\"inLanguage\":\"fr-FR\",\"potentialAction\":[{\"@type\":\"CommentAction\",\"name\":\"Comment\",\"target\":[\"https:\/\/www.africa-press.net\/cotedivoire\/politique\/les-travaux-damenagement-du-rond-point-de-la-gendarmerie-dabobo-vont-demarrer-en-mars-voici-les-composantes-techniques-essentielles-du-projet#respond\"]}]},{\"@type\":\"WebPage\",\"@id\":\"https:\/\/www.africa-press.net\/cotedivoire\/politique\/les-travaux-damenagement-du-rond-point-de-la-gendarmerie-dabobo-vont-demarrer-en-mars-voici-les-composantes-techniques-essentielles-du-projet\",\"url\":\"https:\/\/www.africa-press.net\/cotedivoire\/politique\/les-travaux-damenagement-du-rond-point-de-la-gendarmerie-dabobo-vont-demarrer-en-mars-voici-les-composantes-techniques-essentielles-du-projet\",\"name\":\"Les travaux d'am\u00e9nagement du rond-point de la Gendarmerie d'Abobo vont d\u00e9marrer en mars, voici les composantes techniques essentielles du projet - C\u00f4te d&#039;Ivoire\",\"isPartOf\":{\"@id\":\"https:\/\/www.africa-press.net\/cotedivoire\/#website\"},\"primaryImageOfPage\":{\"@id\":\"https:\/\/www.africa-press.net\/cotedivoire\/politique\/les-travaux-damenagement-du-rond-point-de-la-gendarmerie-dabobo-vont-demarrer-en-mars-voici-les-composantes-techniques-essentielles-du-projet#primaryimage\"},\"image\":{\"@id\":\"https:\/\/www.africa-press.net\/cotedivoire\/politique\/les-travaux-damenagement-du-rond-point-de-la-gendarmerie-dabobo-vont-demarrer-en-mars-voici-les-composantes-techniques-essentielles-du-projet#primaryimage\"},\"thumbnailUrl\":\"https:\/\/static.africa-press.net\/cote\/sites\/43\/2026\/01\/sm_1769106759.91617.jpg\",\"datePublished\":\"2026-01-22T18:32:39+00:00\",\"author\":{\"@id\":\"https:\/\/www.africa-press.net\/cotedivoire\/#\/schema\/person\/2b1cf3cd81a31e3cd26889ca66d677f1\"},\"breadcrumb\":{\"@id\":\"https:\/\/www.africa-press.net\/cotedivoire\/politique\/les-travaux-damenagement-du-rond-point-de-la-gendarmerie-dabobo-vont-demarrer-en-mars-voici-les-composantes-techniques-essentielles-du-projet#breadcrumb\"},\"inLanguage\":\"fr-FR\",\"potentialAction\":[{\"@type\":\"ReadAction\",\"target\":[\"https:\/\/www.africa-press.net\/cotedivoire\/politique\/les-travaux-damenagement-du-rond-point-de-la-gendarmerie-dabobo-vont-demarrer-en-mars-voici-les-composantes-techniques-essentielles-du-projet\"]}]},{\"@type\":\"ImageObject\",\"inLanguage\":\"fr-FR\",\"@id\":\"https:\/\/www.africa-press.net\/cotedivoire\/politique\/les-travaux-damenagement-du-rond-point-de-la-gendarmerie-dabobo-vont-demarrer-en-mars-voici-les-composantes-techniques-essentielles-du-projet#primaryimage\",\"url\":\"https:\/\/static.africa-press.net\/cote\/sites\/43\/2026\/01\/sm_1769106759.91617.jpg\",\"contentUrl\":\"https:\/\/static.africa-press.net\/cote\/sites\/43\/2026\/01\/sm_1769106759.91617.jpg\",\"width\":600,\"height\":322,\"caption\":\"Les travaux d'am\u00e9nagement du rond-point de la Gendarmerie d'Abobo vont d\u00e9marrer en mars, voici les composantes techniques essentielles du projet\"},{\"@type\":\"BreadcrumbList\",\"@id\":\"https:\/\/www.africa-press.net\/cotedivoire\/politique\/les-travaux-damenagement-du-rond-point-de-la-gendarmerie-dabobo-vont-demarrer-en-mars-voici-les-composantes-techniques-essentielles-du-projet#breadcrumb\",\"itemListElement\":[{\"@type\":\"ListItem\",\"position\":1,\"name\":\"Accueil\",\"item\":\"https:\/\/www.africa-press.net\/cotedivoire\/\"},{\"@type\":\"ListItem\",\"position\":2,\"name\":\"Les travaux d&rsquo;am\u00e9nagement du rond-point de la Gendarmerie d&rsquo;Abobo vont d\u00e9marrer en mars, voici les composantes techniques essentielles du projet\"}]},{\"@type\":\"WebSite\",\"@id\":\"https:\/\/www.africa-press.net\/cotedivoire\/#website\",\"url\":\"https:\/\/www.africa-press.net\/cotedivoire\/\",\"name\":\"C\u00f4te d&#039;Ivoire\",\"description\":\"Just another Africa News Agency Sites site\",\"potentialAction\":[{\"@type\":\"SearchAction\",\"target\":{\"@type\":\"EntryPoint\",\"urlTemplate\":\"https:\/\/www.africa-press.net\/cotedivoire\/?s={search_term_string}\"},\"query-input\":{\"@type\":\"PropertyValueSpecification\",\"valueRequired\":true,\"valueName\":\"search_term_string\"}}],\"inLanguage\":\"fr-FR\"},{\"@type\":\"Person\",\"@id\":\"https:\/\/www.africa-press.net\/cotedivoire\/#\/schema\/person\/2b1cf3cd81a31e3cd26889ca66d677f1\",\"name\":\"cfeditorfr\"}]}<\/script>\n<!-- \/ Yoast SEO Premium plugin. -->","yoast_head_json":{"title":"Les travaux d'am\u00e9nagement du rond-point de la Gendarmerie d'Abobo vont d\u00e9marrer en mars, voici les composantes techniques essentielles du projet - C\u00f4te d&#039;Ivoire","robots":{"index":"index","follow":"follow","max-snippet":"max-snippet:-1","max-image-preview":"max-image-preview:large","max-video-preview":"max-video-preview:-1"},"canonical":"https:\/\/www.africa-press.net\/cotedivoire\/politique\/les-travaux-damenagement-du-rond-point-de-la-gendarmerie-dabobo-vont-demarrer-en-mars-voici-les-composantes-techniques-essentielles-du-projet","og_locale":"fr_FR","og_type":"article","og_title":"Les travaux d'am\u00e9nagement du rond-point de la Gendarmerie d'Abobo vont d\u00e9marrer en mars, voici les composantes techniques essentielles du projet","og_description":"Vue a\u00e9rienne du rond-point de la Gendarmerie d\u2019Abobo (DR) Dans un pr\u00e9c\u00e9dent article, nous relayions les travaux d\u2019am\u00e9nagement du rond-point de la Gendarmerie d\u2019Abobo. Le projet vise \u00e0 assurer une fluidification durable de la circulation au niveau du rond-point de la Gendarmerie d\u2019Abobo, \u00e0 travers notamment la mise en place d\u2019une circulation ininterrompue des deux [&hellip;]","og_url":"https:\/\/www.africa-press.net\/cotedivoire\/politique\/les-travaux-damenagement-du-rond-point-de-la-gendarmerie-dabobo-vont-demarrer-en-mars-voici-les-composantes-techniques-essentielles-du-projet","og_site_name":"C\u00f4te d&#039;Ivoire","article_published_time":"2026-01-22T18:32:39+00:00","author":"cfeditorfr","twitter_card":"summary_large_image","twitter_misc":{"\u00c9crit par":"cfeditorfr","Dur\u00e9e de lecture estim\u00e9e":"1 minute"},"schema":{"@context":"https:\/\/schema.org","@graph":[{"@type":"Article","@id":"https:\/\/www.africa-press.net\/cotedivoire\/politique\/les-travaux-damenagement-du-rond-point-de-la-gendarmerie-dabobo-vont-demarrer-en-mars-voici-les-composantes-techniques-essentielles-du-projet#article","isPartOf":{"@id":"https:\/\/www.africa-press.net\/cotedivoire\/politique\/les-travaux-damenagement-du-rond-point-de-la-gendarmerie-dabobo-vont-demarrer-en-mars-voici-les-composantes-techniques-essentielles-du-projet"},"author":{"name":"cfeditorfr","@id":"https:\/\/www.africa-press.net\/cotedivoire\/#\/schema\/person\/2b1cf3cd81a31e3cd26889ca66d677f1"},"headline":"Les travaux d&rsquo;am\u00e9nagement du rond-point de la Gendarmerie d&rsquo;Abobo vont d\u00e9marrer en mars, voici les composantes techniques essentielles du projet","datePublished":"2026-01-22T18:32:39+00:00","mainEntityOfPage":{"@id":"https:\/\/www.africa-press.net\/cotedivoire\/politique\/les-travaux-damenagement-du-rond-point-de-la-gendarmerie-dabobo-vont-demarrer-en-mars-voici-les-composantes-techniques-essentielles-du-projet"},"wordCount":247,"commentCount":0,"image":{"@id":"https:\/\/www.africa-press.net\/cotedivoire\/politique\/les-travaux-damenagement-du-rond-point-de-la-gendarmerie-dabobo-vont-demarrer-en-mars-voici-les-composantes-techniques-essentielles-du-projet#primaryimage"},"thumbnailUrl":"https:\/\/static.africa-press.net\/cote\/sites\/43\/2026\/01\/sm_1769106759.91617.jpg","keywords":["Abobo","AGEROUTE","am\u00e9nagement","travaux"],"articleSection":["\u00c9conomie","Toutes les actualit\u00e9s"],"inLanguage":"fr-FR","potentialAction":[{"@type":"CommentAction","name":"Comment","target":["https:\/\/www.africa-press.net\/cotedivoire\/politique\/les-travaux-damenagement-du-rond-point-de-la-gendarmerie-dabobo-vont-demarrer-en-mars-voici-les-composantes-techniques-essentielles-du-projet#respond"]}]},{"@type":"WebPage","@id":"https:\/\/www.africa-press.net\/cotedivoire\/politique\/les-travaux-damenagement-du-rond-point-de-la-gendarmerie-dabobo-vont-demarrer-en-mars-voici-les-composantes-techniques-essentielles-du-projet","url":"https:\/\/www.africa-press.net\/cotedivoire\/politique\/les-travaux-damenagement-du-rond-point-de-la-gendarmerie-dabobo-vont-demarrer-en-mars-voici-les-composantes-techniques-essentielles-du-projet","name":"Les travaux d'am\u00e9nagement du rond-point de la Gendarmerie d'Abobo vont d\u00e9marrer en mars, voici les composantes techniques essentielles du projet - C\u00f4te d&#039;Ivoire","isPartOf":{"@id":"https:\/\/www.africa-press.net\/cotedivoire\/#website"},"primaryImageOfPage":{"@id":"https:\/\/www.africa-press.net\/cotedivoire\/politique\/les-travaux-damenagement-du-rond-point-de-la-gendarmerie-dabobo-vont-demarrer-en-mars-voici-les-composantes-techniques-essentielles-du-projet#primaryimage"},"image":{"@id":"https:\/\/www.africa-press.net\/cotedivoire\/politique\/les-travaux-damenagement-du-rond-point-de-la-gendarmerie-dabobo-vont-demarrer-en-mars-voici-les-composantes-techniques-essentielles-du-projet#primaryimage"},"thumbnailUrl":"https:\/\/static.africa-press.net\/cote\/sites\/43\/2026\/01\/sm_1769106759.91617.jpg","datePublished":"2026-01-22T18:32:39+00:00","author":{"@id":"https:\/\/www.africa-press.net\/cotedivoire\/#\/schema\/person\/2b1cf3cd81a31e3cd26889ca66d677f1"},"breadcrumb":{"@id":"https:\/\/www.africa-press.net\/cotedivoire\/politique\/les-travaux-damenagement-du-rond-point-de-la-gendarmerie-dabobo-vont-demarrer-en-mars-voici-les-composantes-techniques-essentielles-du-projet#breadcrumb"},"inLanguage":"fr-FR","potentialAction":[{"@type":"ReadAction","target":["https:\/\/www.africa-press.net\/cotedivoire\/politique\/les-travaux-damenagement-du-rond-point-de-la-gendarmerie-dabobo-vont-demarrer-en-mars-voici-les-composantes-techniques-essentielles-du-projet"]}]},{"@type":"ImageObject","inLanguage":"fr-FR","@id":"https:\/\/www.africa-press.net\/cotedivoire\/politique\/les-travaux-damenagement-du-rond-point-de-la-gendarmerie-dabobo-vont-demarrer-en-mars-voici-les-composantes-techniques-essentielles-du-projet#primaryimage","url":"https:\/\/static.africa-press.net\/cote\/sites\/43\/2026\/01\/sm_1769106759.91617.jpg","contentUrl":"https:\/\/static.africa-press.net\/cote\/sites\/43\/2026\/01\/sm_1769106759.91617.jpg","width":600,"height":322,"caption":"Les travaux d'am\u00e9nagement du rond-point de la Gendarmerie d'Abobo vont d\u00e9marrer en mars, voici les composantes techniques essentielles du projet"},{"@type":"BreadcrumbList","@id":"https:\/\/www.africa-press.net\/cotedivoire\/politique\/les-travaux-damenagement-du-rond-point-de-la-gendarmerie-dabobo-vont-demarrer-en-mars-voici-les-composantes-techniques-essentielles-du-projet#breadcrumb","itemListElement":[{"@type":"ListItem","position":1,"name":"Accueil","item":"https:\/\/www.africa-press.net\/cotedivoire\/"},{"@type":"ListItem","position":2,"name":"Les travaux d&rsquo;am\u00e9nagement du rond-point de la Gendarmerie d&rsquo;Abobo vont d\u00e9marrer en mars, voici les composantes techniques essentielles du projet"}]},{"@type":"WebSite","@id":"https:\/\/www.africa-press.net\/cotedivoire\/#website","url":"https:\/\/www.africa-press.net\/cotedivoire\/","name":"C\u00f4te d&#039;Ivoire","description":"Just another Africa News Agency Sites site","potentialAction":[{"@type":"SearchAction","target":{"@type":"EntryPoint","urlTemplate":"https:\/\/www.africa-press.net\/cotedivoire\/?s={search_term_string}"},"query-input":{"@type":"PropertyValueSpecification","valueRequired":true,"valueName":"search_term_string"}}],"inLanguage":"fr-FR"},{"@type":"Person","@id":"https:\/\/www.africa-press.net\/cotedivoire\/#\/schema\/person\/2b1cf3cd81a31e3cd26889ca66d677f1","name":"cfeditorfr"}]}},"_links":{"self":[{"href":"https:\/\/www.africa-press.net\/cotedivoire\/wp-json\/wp\/v2\/posts\/111652","targetHints":{"allow":["GET"]}}],"collection":[{"href":"https:\/\/www.africa-press.net\/cotedivoire\/wp-json\/wp\/v2\/posts"}],"about":[{"href":"https:\/\/www.africa-press.net\/cotedivoire\/wp-json\/wp\/v2\/types\/post"}],"author":[{"embeddable":true,"href":"https:\/\/www.africa-press.net\/cotedivoire\/wp-json\/wp\/v2\/users\/82"}],"replies":[{"embeddable":true,"href":"https:\/\/www.africa-press.net\/cotedivoire\/wp-json\/wp\/v2\/comments?post=111652"}],"version-history":[{"count":0,"href":"https:\/\/www.africa-press.net\/cotedivoire\/wp-json\/wp\/v2\/posts\/111652\/revisions"}],"wp:featuredmedia":[{"embeddable":true,"href":"https:\/\/www.africa-press.net\/cotedivoire\/wp-json\/wp\/v2\/media\/111651"}],"wp:attachment":[{"href":"https:\/\/www.africa-press.net\/cotedivoire\/wp-json\/wp\/v2\/media?parent=111652"}],"wp:term":[{"taxonomy":"category","embeddable":true,"href":"https:\/\/www.africa-press.net\/cotedivoire\/wp-json\/wp\/v2\/categories?post=111652"},{"taxonomy":"post_tag","embeddable":true,"href":"https:\/\/www.africa-press.net\/cotedivoire\/wp-json\/wp\/v2\/tags?post=111652"}],"curies":[{"name":"wp","href":"https:\/\/api.w.org\/{rel}","templated":true}]}}