{"id":111666,"date":"2026-01-22T18:35:54","date_gmt":"2026-01-22T18:35:54","guid":{"rendered":"https:\/\/www.africa-press.net\/cotedivoire\/politique\/robert-beugre-mambe-reconduit-a-la-primature-apres-la-demission-du-gouvernement"},"modified":"2026-01-22T18:35:54","modified_gmt":"2026-01-22T18:35:54","slug":"robert-beugre-mambe-reconduit-a-la-primature-apres-la-demission-du-gouvernement","status":"publish","type":"post","link":"https:\/\/www.africa-press.net\/cotedivoire\/politique\/robert-beugre-mambe-reconduit-a-la-primature-apres-la-demission-du-gouvernement","title":{"rendered":"Robert Beugr\u00e9 Mamb\u00e9 reconduit \u00e0 la Primature apr\u00e8s la d\u00e9mission du gouvernement"},"content":{"rendered":"<p>Mamb\u00e9<\/p>\n<p>\u00c0 peine deux semaines apr\u00e8s la d\u00e9mission du gouvernement ivoirien, le pr\u00e9sident de la R\u00e9publique, Alassane Ouattara, a d\u00e9cid\u00e9 de renouveler sa confiance \u00e0 Robert Beugr\u00e9 Mamb\u00e9. L\u2019ancien Premier ministre a \u00e9t\u00e9 officiellement reconduit \u00e0 son poste ce mercredi 21 janvier 2026, \u00e0 l\u2019issue d\u2019un d\u00e9cret pr\u00e9sidentiel sign\u00e9 au Palais de la Pr\u00e9sidence.<\/p>\n<p>Pour rappel, le 7 janvier 2026, \u00e0 l\u2019issue d\u2019un Conseil des ministres, Robert Beugr\u00e9 Mamb\u00e9 avait pr\u00e9sent\u00e9 sa d\u00e9mission ainsi que celle de l\u2019ensemble du gouvernement. Cette d\u00e9cision, intervenue dans un contexte de r\u00e9ajustement de l\u2019action gouvernementale, avait ouvert une p\u00e9riode d\u2019attente quant \u00e0 la recomposition de l\u2019\u00e9quipe dirigeante.<\/p>\n<p>Ce mercredi, le chef de l\u2019\u00c9tat a mis fin au suspense en proc\u00e9dant \u00e0 la nomination de Robert Beugr\u00e9 Mamb\u00e9 en qualit\u00e9 de Premier ministre, chef du gouvernement. Dans le m\u00eame d\u00e9cret, le pr\u00e9sident Alassane Ouattara lui a demand\u00e9 de proposer, \u00ab dans les meilleurs d\u00e9lais \u00bb, une nouvelle \u00e9quipe gouvernementale.<\/p>\n<p>L\u2019annonce officielle a \u00e9t\u00e9 faite \u00e0 travers un communiqu\u00e9 lu par Mass\u00e9r\u00e9 Tour\u00e9 Kon\u00e9, Secr\u00e9taire g\u00e9n\u00e9rale de la Pr\u00e9sidence de la R\u00e9publique.<\/p>\n<p>\u00ab Monsieur Alassane Ouattara a proc\u00e9d\u00e9 ce mercredi 21 janvier 2026 \u00e0 la signature d\u2019un d\u00e9cret portant nomination de monsieur Robert Mamb\u00e9 Beugr\u00e9 en qualit\u00e9 de Premier ministre, chef du gouvernement. Le pr\u00e9sident de la R\u00e9publique demande au Premier ministre Robert Mamb\u00e9 Beugr\u00e9 de lui proposer un gouvernement dans les meilleurs d\u00e9lais. Fait \u00e0 Abidjan, le mercredi 21 janvier \u00bb, a-t-elle d\u00e9clar\u00e9.<\/p>\n<p>Cette reconduction traduit la volont\u00e9 du chef de l\u2019\u00c9tat d\u2019assurer la continuit\u00e9 de l\u2019action gouvernementale tout en insufflant une nouvelle dynamique \u00e0 l\u2019ex\u00e9cutif. Les prochains jours seront donc d\u00e9terminants, avec l\u2019annonce attendue de la nouvelle \u00e9quipe gouvernementale, appel\u00e9e \u00e0 relever les d\u00e9fis \u00e9conomiques, sociaux et politiques du pays.<\/p>\n<p>Wassimagnon<\/p>\n","protected":false},"excerpt":{"rendered":"<p>Mamb\u00e9 \u00c0 peine deux semaines apr\u00e8s la d\u00e9mission du gouvernement ivoirien, le pr\u00e9sident de la R\u00e9publique, Alassane Ouattara, a d\u00e9cid\u00e9 de renouveler sa confiance \u00e0 Robert Beugr\u00e9 Mamb\u00e9. L\u2019ancien Premier ministre a \u00e9t\u00e9 officiellement reconduit \u00e0 son poste ce mercredi 21 janvier 2026, \u00e0 l\u2019issue d\u2019un d\u00e9cret pr\u00e9sidentiel sign\u00e9 au Palais de la Pr\u00e9sidence. Pour [&hellip;]<\/p>\n","protected":false},"author":82,"featured_media":111665,"comment_status":"open","ping_status":"closed","sticky":false,"template":"","format":"standard","meta":{"footnotes":""},"categories":[2,20,10],"tags":[30,38,1744,762,1338,60,1304,9980],"class_list":["post-111666","post","type-post","status-publish","format-standard","has-post-thumbnail","hentry","category-politique","category-top-nouvelles","category-toutes-les-actualites","tag-abidjan","tag-alassane-ouattara","tag-conseil","tag-gouvernement","tag-ministres","tag-politique","tag-primature","tag-robert-beugre-mambe"],"yoast_head":"<!-- This site is optimized with the Yoast SEO Premium plugin v26.1 (Yoast SEO v27.0) - https:\/\/yoast.com\/product\/yoast-seo-premium-wordpress\/ -->\n<title>Robert Beugr\u00e9 Mamb\u00e9 reconduit \u00e0 la Primature apr\u00e8s la d\u00e9mission du gouvernement - C\u00f4te d&#039;Ivoire<\/title>\n<meta name=\"robots\" content=\"index, follow, max-snippet:-1, max-image-preview:large, max-video-preview:-1\" \/>\n<link rel=\"canonical\" href=\"https:\/\/www.africa-press.net\/cotedivoire\/politique\/robert-beugre-mambe-reconduit-a-la-primature-apres-la-demission-du-gouvernement\" \/>\n<meta property=\"og:locale\" content=\"fr_FR\" \/>\n<meta property=\"og:type\" content=\"article\" \/>\n<meta property=\"og:title\" content=\"Robert Beugr\u00e9 Mamb\u00e9 reconduit \u00e0 la Primature apr\u00e8s la d\u00e9mission du gouvernement\" \/>\n<meta property=\"og:description\" content=\"Mamb\u00e9 \u00c0 peine deux semaines apr\u00e8s la d\u00e9mission du gouvernement ivoirien, le pr\u00e9sident de la R\u00e9publique, Alassane Ouattara, a d\u00e9cid\u00e9 de renouveler sa confiance \u00e0 Robert Beugr\u00e9 Mamb\u00e9. L\u2019ancien Premier ministre a \u00e9t\u00e9 officiellement reconduit \u00e0 son poste ce mercredi 21 janvier 2026, \u00e0 l\u2019issue d\u2019un d\u00e9cret pr\u00e9sidentiel sign\u00e9 au Palais de la Pr\u00e9sidence. Pour [&hellip;]\" \/>\n<meta property=\"og:url\" content=\"https:\/\/www.africa-press.net\/cotedivoire\/politique\/robert-beugre-mambe-reconduit-a-la-primature-apres-la-demission-du-gouvernement\" \/>\n<meta property=\"og:site_name\" content=\"C\u00f4te d&#039;Ivoire\" \/>\n<meta property=\"article:published_time\" content=\"2026-01-22T18:35:54+00:00\" \/>\n<meta name=\"author\" content=\"cfeditorfr\" \/>\n<meta name=\"twitter:card\" content=\"summary_large_image\" \/>\n<meta name=\"twitter:label1\" content=\"\u00c9crit par\" \/>\n\t<meta name=\"twitter:data1\" content=\"cfeditorfr\" \/>\n\t<meta name=\"twitter:label2\" content=\"Dur\u00e9e de lecture estim\u00e9e\" \/>\n\t<meta name=\"twitter:data2\" content=\"2 minutes\" \/>\n<script type=\"application\/ld+json\" class=\"yoast-schema-graph\">{\"@context\":\"https:\/\/schema.org\",\"@graph\":[{\"@type\":\"Article\",\"@id\":\"https:\/\/www.africa-press.net\/cotedivoire\/politique\/robert-beugre-mambe-reconduit-a-la-primature-apres-la-demission-du-gouvernement#article\",\"isPartOf\":{\"@id\":\"https:\/\/www.africa-press.net\/cotedivoire\/politique\/robert-beugre-mambe-reconduit-a-la-primature-apres-la-demission-du-gouvernement\"},\"author\":{\"name\":\"cfeditorfr\",\"@id\":\"https:\/\/www.africa-press.net\/cotedivoire\/#\/schema\/person\/2b1cf3cd81a31e3cd26889ca66d677f1\"},\"headline\":\"Robert Beugr\u00e9 Mamb\u00e9 reconduit \u00e0 la Primature apr\u00e8s la d\u00e9mission du gouvernement\",\"datePublished\":\"2026-01-22T18:35:54+00:00\",\"mainEntityOfPage\":{\"@id\":\"https:\/\/www.africa-press.net\/cotedivoire\/politique\/robert-beugre-mambe-reconduit-a-la-primature-apres-la-demission-du-gouvernement\"},\"wordCount\":328,\"commentCount\":0,\"image\":{\"@id\":\"https:\/\/www.africa-press.net\/cotedivoire\/politique\/robert-beugre-mambe-reconduit-a-la-primature-apres-la-demission-du-gouvernement#primaryimage\"},\"thumbnailUrl\":\"https:\/\/static.africa-press.net\/cote\/sites\/43\/2026\/01\/sm_1769106954.846972.jpg\",\"keywords\":[\"Abidjan\",\"Alassane Ouattara\",\"Conseil\",\"Gouvernement\",\"ministres\",\"Politique\",\"Primature\",\"Robert Beugr\u00e9 Mamb\u00e9\"],\"articleSection\":[\"Politique\",\"Top Nouvelles\",\"Toutes les actualit\u00e9s\"],\"inLanguage\":\"fr-FR\",\"potentialAction\":[{\"@type\":\"CommentAction\",\"name\":\"Comment\",\"target\":[\"https:\/\/www.africa-press.net\/cotedivoire\/politique\/robert-beugre-mambe-reconduit-a-la-primature-apres-la-demission-du-gouvernement#respond\"]}]},{\"@type\":\"WebPage\",\"@id\":\"https:\/\/www.africa-press.net\/cotedivoire\/politique\/robert-beugre-mambe-reconduit-a-la-primature-apres-la-demission-du-gouvernement\",\"url\":\"https:\/\/www.africa-press.net\/cotedivoire\/politique\/robert-beugre-mambe-reconduit-a-la-primature-apres-la-demission-du-gouvernement\",\"name\":\"Robert Beugr\u00e9 Mamb\u00e9 reconduit \u00e0 la Primature apr\u00e8s la d\u00e9mission du gouvernement - C\u00f4te d&#039;Ivoire\",\"isPartOf\":{\"@id\":\"https:\/\/www.africa-press.net\/cotedivoire\/#website\"},\"primaryImageOfPage\":{\"@id\":\"https:\/\/www.africa-press.net\/cotedivoire\/politique\/robert-beugre-mambe-reconduit-a-la-primature-apres-la-demission-du-gouvernement#primaryimage\"},\"image\":{\"@id\":\"https:\/\/www.africa-press.net\/cotedivoire\/politique\/robert-beugre-mambe-reconduit-a-la-primature-apres-la-demission-du-gouvernement#primaryimage\"},\"thumbnailUrl\":\"https:\/\/static.africa-press.net\/cote\/sites\/43\/2026\/01\/sm_1769106954.846972.jpg\",\"datePublished\":\"2026-01-22T18:35:54+00:00\",\"author\":{\"@id\":\"https:\/\/www.africa-press.net\/cotedivoire\/#\/schema\/person\/2b1cf3cd81a31e3cd26889ca66d677f1\"},\"breadcrumb\":{\"@id\":\"https:\/\/www.africa-press.net\/cotedivoire\/politique\/robert-beugre-mambe-reconduit-a-la-primature-apres-la-demission-du-gouvernement#breadcrumb\"},\"inLanguage\":\"fr-FR\",\"potentialAction\":[{\"@type\":\"ReadAction\",\"target\":[\"https:\/\/www.africa-press.net\/cotedivoire\/politique\/robert-beugre-mambe-reconduit-a-la-primature-apres-la-demission-du-gouvernement\"]}]},{\"@type\":\"ImageObject\",\"inLanguage\":\"fr-FR\",\"@id\":\"https:\/\/www.africa-press.net\/cotedivoire\/politique\/robert-beugre-mambe-reconduit-a-la-primature-apres-la-demission-du-gouvernement#primaryimage\",\"url\":\"https:\/\/static.africa-press.net\/cote\/sites\/43\/2026\/01\/sm_1769106954.846972.jpg\",\"contentUrl\":\"https:\/\/static.africa-press.net\/cote\/sites\/43\/2026\/01\/sm_1769106954.846972.jpg\",\"width\":600,\"height\":370,\"caption\":\"Robert Beugr\u00e9 Mamb\u00e9 reconduit \u00e0 la Primature apr\u00e8s la d\u00e9mission du gouvernement\"},{\"@type\":\"BreadcrumbList\",\"@id\":\"https:\/\/www.africa-press.net\/cotedivoire\/politique\/robert-beugre-mambe-reconduit-a-la-primature-apres-la-demission-du-gouvernement#breadcrumb\",\"itemListElement\":[{\"@type\":\"ListItem\",\"position\":1,\"name\":\"Accueil\",\"item\":\"https:\/\/www.africa-press.net\/cotedivoire\/\"},{\"@type\":\"ListItem\",\"position\":2,\"name\":\"Robert Beugr\u00e9 Mamb\u00e9 reconduit \u00e0 la Primature apr\u00e8s la d\u00e9mission du gouvernement\"}]},{\"@type\":\"WebSite\",\"@id\":\"https:\/\/www.africa-press.net\/cotedivoire\/#website\",\"url\":\"https:\/\/www.africa-press.net\/cotedivoire\/\",\"name\":\"C\u00f4te d&#039;Ivoire\",\"description\":\"Just another Africa News Agency Sites site\",\"potentialAction\":[{\"@type\":\"SearchAction\",\"target\":{\"@type\":\"EntryPoint\",\"urlTemplate\":\"https:\/\/www.africa-press.net\/cotedivoire\/?s={search_term_string}\"},\"query-input\":{\"@type\":\"PropertyValueSpecification\",\"valueRequired\":true,\"valueName\":\"search_term_string\"}}],\"inLanguage\":\"fr-FR\"},{\"@type\":\"Person\",\"@id\":\"https:\/\/www.africa-press.net\/cotedivoire\/#\/schema\/person\/2b1cf3cd81a31e3cd26889ca66d677f1\",\"name\":\"cfeditorfr\"}]}<\/script>\n<!-- \/ Yoast SEO Premium plugin. -->","yoast_head_json":{"title":"Robert Beugr\u00e9 Mamb\u00e9 reconduit \u00e0 la Primature apr\u00e8s la d\u00e9mission du gouvernement - C\u00f4te d&#039;Ivoire","robots":{"index":"index","follow":"follow","max-snippet":"max-snippet:-1","max-image-preview":"max-image-preview:large","max-video-preview":"max-video-preview:-1"},"canonical":"https:\/\/www.africa-press.net\/cotedivoire\/politique\/robert-beugre-mambe-reconduit-a-la-primature-apres-la-demission-du-gouvernement","og_locale":"fr_FR","og_type":"article","og_title":"Robert Beugr\u00e9 Mamb\u00e9 reconduit \u00e0 la Primature apr\u00e8s la d\u00e9mission du gouvernement","og_description":"Mamb\u00e9 \u00c0 peine deux semaines apr\u00e8s la d\u00e9mission du gouvernement ivoirien, le pr\u00e9sident de la R\u00e9publique, Alassane Ouattara, a d\u00e9cid\u00e9 de renouveler sa confiance \u00e0 Robert Beugr\u00e9 Mamb\u00e9. L\u2019ancien Premier ministre a \u00e9t\u00e9 officiellement reconduit \u00e0 son poste ce mercredi 21 janvier 2026, \u00e0 l\u2019issue d\u2019un d\u00e9cret pr\u00e9sidentiel sign\u00e9 au Palais de la Pr\u00e9sidence. Pour [&hellip;]","og_url":"https:\/\/www.africa-press.net\/cotedivoire\/politique\/robert-beugre-mambe-reconduit-a-la-primature-apres-la-demission-du-gouvernement","og_site_name":"C\u00f4te d&#039;Ivoire","article_published_time":"2026-01-22T18:35:54+00:00","author":"cfeditorfr","twitter_card":"summary_large_image","twitter_misc":{"\u00c9crit par":"cfeditorfr","Dur\u00e9e de lecture estim\u00e9e":"2 minutes"},"schema":{"@context":"https:\/\/schema.org","@graph":[{"@type":"Article","@id":"https:\/\/www.africa-press.net\/cotedivoire\/politique\/robert-beugre-mambe-reconduit-a-la-primature-apres-la-demission-du-gouvernement#article","isPartOf":{"@id":"https:\/\/www.africa-press.net\/cotedivoire\/politique\/robert-beugre-mambe-reconduit-a-la-primature-apres-la-demission-du-gouvernement"},"author":{"name":"cfeditorfr","@id":"https:\/\/www.africa-press.net\/cotedivoire\/#\/schema\/person\/2b1cf3cd81a31e3cd26889ca66d677f1"},"headline":"Robert Beugr\u00e9 Mamb\u00e9 reconduit \u00e0 la Primature apr\u00e8s la d\u00e9mission du gouvernement","datePublished":"2026-01-22T18:35:54+00:00","mainEntityOfPage":{"@id":"https:\/\/www.africa-press.net\/cotedivoire\/politique\/robert-beugre-mambe-reconduit-a-la-primature-apres-la-demission-du-gouvernement"},"wordCount":328,"commentCount":0,"image":{"@id":"https:\/\/www.africa-press.net\/cotedivoire\/politique\/robert-beugre-mambe-reconduit-a-la-primature-apres-la-demission-du-gouvernement#primaryimage"},"thumbnailUrl":"https:\/\/static.africa-press.net\/cote\/sites\/43\/2026\/01\/sm_1769106954.846972.jpg","keywords":["Abidjan","Alassane Ouattara","Conseil","Gouvernement","ministres","Politique","Primature","Robert Beugr\u00e9 Mamb\u00e9"],"articleSection":["Politique","Top Nouvelles","Toutes les actualit\u00e9s"],"inLanguage":"fr-FR","potentialAction":[{"@type":"CommentAction","name":"Comment","target":["https:\/\/www.africa-press.net\/cotedivoire\/politique\/robert-beugre-mambe-reconduit-a-la-primature-apres-la-demission-du-gouvernement#respond"]}]},{"@type":"WebPage","@id":"https:\/\/www.africa-press.net\/cotedivoire\/politique\/robert-beugre-mambe-reconduit-a-la-primature-apres-la-demission-du-gouvernement","url":"https:\/\/www.africa-press.net\/cotedivoire\/politique\/robert-beugre-mambe-reconduit-a-la-primature-apres-la-demission-du-gouvernement","name":"Robert Beugr\u00e9 Mamb\u00e9 reconduit \u00e0 la Primature apr\u00e8s la d\u00e9mission du gouvernement - C\u00f4te d&#039;Ivoire","isPartOf":{"@id":"https:\/\/www.africa-press.net\/cotedivoire\/#website"},"primaryImageOfPage":{"@id":"https:\/\/www.africa-press.net\/cotedivoire\/politique\/robert-beugre-mambe-reconduit-a-la-primature-apres-la-demission-du-gouvernement#primaryimage"},"image":{"@id":"https:\/\/www.africa-press.net\/cotedivoire\/politique\/robert-beugre-mambe-reconduit-a-la-primature-apres-la-demission-du-gouvernement#primaryimage"},"thumbnailUrl":"https:\/\/static.africa-press.net\/cote\/sites\/43\/2026\/01\/sm_1769106954.846972.jpg","datePublished":"2026-01-22T18:35:54+00:00","author":{"@id":"https:\/\/www.africa-press.net\/cotedivoire\/#\/schema\/person\/2b1cf3cd81a31e3cd26889ca66d677f1"},"breadcrumb":{"@id":"https:\/\/www.africa-press.net\/cotedivoire\/politique\/robert-beugre-mambe-reconduit-a-la-primature-apres-la-demission-du-gouvernement#breadcrumb"},"inLanguage":"fr-FR","potentialAction":[{"@type":"ReadAction","target":["https:\/\/www.africa-press.net\/cotedivoire\/politique\/robert-beugre-mambe-reconduit-a-la-primature-apres-la-demission-du-gouvernement"]}]},{"@type":"ImageObject","inLanguage":"fr-FR","@id":"https:\/\/www.africa-press.net\/cotedivoire\/politique\/robert-beugre-mambe-reconduit-a-la-primature-apres-la-demission-du-gouvernement#primaryimage","url":"https:\/\/static.africa-press.net\/cote\/sites\/43\/2026\/01\/sm_1769106954.846972.jpg","contentUrl":"https:\/\/static.africa-press.net\/cote\/sites\/43\/2026\/01\/sm_1769106954.846972.jpg","width":600,"height":370,"caption":"Robert Beugr\u00e9 Mamb\u00e9 reconduit \u00e0 la Primature apr\u00e8s la d\u00e9mission du gouvernement"},{"@type":"BreadcrumbList","@id":"https:\/\/www.africa-press.net\/cotedivoire\/politique\/robert-beugre-mambe-reconduit-a-la-primature-apres-la-demission-du-gouvernement#breadcrumb","itemListElement":[{"@type":"ListItem","position":1,"name":"Accueil","item":"https:\/\/www.africa-press.net\/cotedivoire\/"},{"@type":"ListItem","position":2,"name":"Robert Beugr\u00e9 Mamb\u00e9 reconduit \u00e0 la Primature apr\u00e8s la d\u00e9mission du gouvernement"}]},{"@type":"WebSite","@id":"https:\/\/www.africa-press.net\/cotedivoire\/#website","url":"https:\/\/www.africa-press.net\/cotedivoire\/","name":"C\u00f4te d&#039;Ivoire","description":"Just another Africa News Agency Sites site","potentialAction":[{"@type":"SearchAction","target":{"@type":"EntryPoint","urlTemplate":"https:\/\/www.africa-press.net\/cotedivoire\/?s={search_term_string}"},"query-input":{"@type":"PropertyValueSpecification","valueRequired":true,"valueName":"search_term_string"}}],"inLanguage":"fr-FR"},{"@type":"Person","@id":"https:\/\/www.africa-press.net\/cotedivoire\/#\/schema\/person\/2b1cf3cd81a31e3cd26889ca66d677f1","name":"cfeditorfr"}]}},"_links":{"self":[{"href":"https:\/\/www.africa-press.net\/cotedivoire\/wp-json\/wp\/v2\/posts\/111666","targetHints":{"allow":["GET"]}}],"collection":[{"href":"https:\/\/www.africa-press.net\/cotedivoire\/wp-json\/wp\/v2\/posts"}],"about":[{"href":"https:\/\/www.africa-press.net\/cotedivoire\/wp-json\/wp\/v2\/types\/post"}],"author":[{"embeddable":true,"href":"https:\/\/www.africa-press.net\/cotedivoire\/wp-json\/wp\/v2\/users\/82"}],"replies":[{"embeddable":true,"href":"https:\/\/www.africa-press.net\/cotedivoire\/wp-json\/wp\/v2\/comments?post=111666"}],"version-history":[{"count":0,"href":"https:\/\/www.africa-press.net\/cotedivoire\/wp-json\/wp\/v2\/posts\/111666\/revisions"}],"wp:featuredmedia":[{"embeddable":true,"href":"https:\/\/www.africa-press.net\/cotedivoire\/wp-json\/wp\/v2\/media\/111665"}],"wp:attachment":[{"href":"https:\/\/www.africa-press.net\/cotedivoire\/wp-json\/wp\/v2\/media?parent=111666"}],"wp:term":[{"taxonomy":"category","embeddable":true,"href":"https:\/\/www.africa-press.net\/cotedivoire\/wp-json\/wp\/v2\/categories?post=111666"},{"taxonomy":"post_tag","embeddable":true,"href":"https:\/\/www.africa-press.net\/cotedivoire\/wp-json\/wp\/v2\/tags?post=111666"}],"curies":[{"name":"wp","href":"https:\/\/api.w.org\/{rel}","templated":true}]}}