{"id":111670,"date":"2026-01-22T18:36:32","date_gmt":"2026-01-22T18:36:32","guid":{"rendered":"https:\/\/www.africa-press.net\/cotedivoire\/politique\/infrastructures-la-route-y4-section-2-marque-une-etape-importante-dans-lamelioration-de-la-mobilite-urbaine-dabidjan"},"modified":"2026-01-22T18:36:32","modified_gmt":"2026-01-22T18:36:32","slug":"infrastructures-la-route-y4-section-2-marque-une-etape-importante-dans-lamelioration-de-la-mobilite-urbaine-dabidjan","status":"publish","type":"post","link":"https:\/\/www.africa-press.net\/cotedivoire\/economie\/infrastructures-la-route-y4-section-2-marque-une-etape-importante-dans-lamelioration-de-la-mobilite-urbaine-dabidjan","title":{"rendered":"Infrastructures, la route Y4-Section 2 marque une \u00e9tape importante dans l&rsquo;am\u00e9lioration de la mobilit\u00e9 urbaine d&rsquo;Abidjan"},"content":{"rendered":"<p>La route Y4-Section 2 (DR)<\/p>\n<p>La r\u00e9alisation de la section 2 de l\u2019autoroute Y4, longue de 13 km, marque une \u00e9tape importante dans l\u2019am\u00e9lioration de la mobilit\u00e9 urbaine de la ville d\u2019Abidjan, rappelle l\u2019Agence de Gestion des Routes (AGEROUTE).<\/p>\n<p>Cette infrastructure structurante renforce la connexion entre les communes du district d\u2019Abidjan et contribue durablement \u00e0 l\u2019am\u00e9lioration du cadre de vie des populations.<\/p>\n<p>La section 2 de l&rsquo;autoroute Y4 projet\u00e9e a \u00e9t\u00e9 construite sur un lin\u00e9aire de 13 km en 2&#215;3 voies avec un TPC. Deux types de travaux sont concern\u00e9s par le pr\u00e9sent plan :<\/p>\n<p>La construction de r\u00e9tablissements au niveau des \u00e9changeurs par un prolongement afin d\u2019assurer l\u2019acc\u00e8s des riverains \u00e0 l\u2019autoroute via les ruelles de quartiers. La largeur de l\u2019amorce est de 10 m\u00e8tres avec une emprise de 10 m\u00e8tres de part et d\u2019autre. Ce qui donne une largeur utile de 30 m\u00e8tres pour chacun des deux r\u00e9tablissements.<\/p>\n<p>La longueur approximative de l\u2019amorce pour l\u2019OA1 est de 400 m\u00e8tres et celle de l\u2019OA2 est de 300 m\u00e8tres. Les travaux comprennent des terrassements et du bitumage qui seront ex\u00e9cut\u00e9s sur toutes les emprises des voies concern\u00e9es.<\/p>\n<p>La construction de canaux au niveau de quatre exutoires par un am\u00e9nagement de dispositifs de drainage des eaux de surface afin de permettre l\u2019\u00e9coulement des eaux jusqu\u2019au bassin naturel situ\u00e9 en aval.<\/p>\n<p>Notons que le dimensionnement des canaux est de 3 m\u00e8tres de large avec une emprise variant entre 2 et 3 m\u00e8tres de part et d\u2019autre. La longueur des canaux Bouak\u00e9 et de l\u2019aire de repos au corridor nord varie entre 250 et 350 m\u00e8tres.<\/p>\n<p>Donatien Kautcha, Abidjan<\/p>\n","protected":false},"excerpt":{"rendered":"<p>La route Y4-Section 2 (DR) La r\u00e9alisation de la section 2 de l\u2019autoroute Y4, longue de 13 km, marque une \u00e9tape importante dans l\u2019am\u00e9lioration de la mobilit\u00e9 urbaine de la ville d\u2019Abidjan, rappelle l\u2019Agence de Gestion des Routes (AGEROUTE). Cette infrastructure structurante renforce la connexion entre les communes du district d\u2019Abidjan et contribue durablement \u00e0 [&hellip;]<\/p>\n","protected":false},"author":82,"featured_media":111669,"comment_status":"open","ping_status":"closed","sticky":false,"template":"","format":"standard","meta":{"footnotes":""},"categories":[3,10],"tags":[1729,504,2780,1812,8968],"class_list":["post-111670","post","type-post","status-publish","format-standard","has-post-thumbnail","hentry","category-economie","category-toutes-les-actualites","tag-ageroute","tag-anyama","tag-infrastructures","tag-route","tag-section"],"yoast_head":"<!-- This site is optimized with the Yoast SEO Premium plugin v26.1 (Yoast SEO v27.0) - https:\/\/yoast.com\/product\/yoast-seo-premium-wordpress\/ -->\n<title>Infrastructures, la route Y4-Section 2 marque une \u00e9tape importante dans l&#039;am\u00e9lioration de la mobilit\u00e9 urbaine d&#039;Abidjan - C\u00f4te d&#039;Ivoire<\/title>\n<meta name=\"robots\" content=\"index, follow, max-snippet:-1, max-image-preview:large, max-video-preview:-1\" \/>\n<link rel=\"canonical\" href=\"https:\/\/www.africa-press.net\/cotedivoire\/politique\/infrastructures-la-route-y4-section-2-marque-une-etape-importante-dans-lamelioration-de-la-mobilite-urbaine-dabidjan\" \/>\n<meta property=\"og:locale\" content=\"fr_FR\" \/>\n<meta property=\"og:type\" content=\"article\" \/>\n<meta property=\"og:title\" content=\"Infrastructures, la route Y4-Section 2 marque une \u00e9tape importante dans l&#039;am\u00e9lioration de la mobilit\u00e9 urbaine d&#039;Abidjan\" \/>\n<meta property=\"og:description\" content=\"La route Y4-Section 2 (DR) La r\u00e9alisation de la section 2 de l\u2019autoroute Y4, longue de 13 km, marque une \u00e9tape importante dans l\u2019am\u00e9lioration de la mobilit\u00e9 urbaine de la ville d\u2019Abidjan, rappelle l\u2019Agence de Gestion des Routes (AGEROUTE). Cette infrastructure structurante renforce la connexion entre les communes du district d\u2019Abidjan et contribue durablement \u00e0 [&hellip;]\" \/>\n<meta property=\"og:url\" content=\"https:\/\/www.africa-press.net\/cotedivoire\/politique\/infrastructures-la-route-y4-section-2-marque-une-etape-importante-dans-lamelioration-de-la-mobilite-urbaine-dabidjan\" \/>\n<meta property=\"og:site_name\" content=\"C\u00f4te d&#039;Ivoire\" \/>\n<meta property=\"article:published_time\" content=\"2026-01-22T18:36:32+00:00\" \/>\n<meta name=\"author\" content=\"cfeditorfr\" \/>\n<meta name=\"twitter:card\" content=\"summary_large_image\" \/>\n<meta name=\"twitter:label1\" content=\"\u00c9crit par\" \/>\n\t<meta name=\"twitter:data1\" content=\"cfeditorfr\" \/>\n\t<meta name=\"twitter:label2\" content=\"Dur\u00e9e de lecture estim\u00e9e\" \/>\n\t<meta name=\"twitter:data2\" content=\"1 minute\" \/>\n<script type=\"application\/ld+json\" class=\"yoast-schema-graph\">{\"@context\":\"https:\/\/schema.org\",\"@graph\":[{\"@type\":\"Article\",\"@id\":\"https:\/\/www.africa-press.net\/cotedivoire\/politique\/infrastructures-la-route-y4-section-2-marque-une-etape-importante-dans-lamelioration-de-la-mobilite-urbaine-dabidjan#article\",\"isPartOf\":{\"@id\":\"https:\/\/www.africa-press.net\/cotedivoire\/politique\/infrastructures-la-route-y4-section-2-marque-une-etape-importante-dans-lamelioration-de-la-mobilite-urbaine-dabidjan\"},\"author\":{\"name\":\"cfeditorfr\",\"@id\":\"https:\/\/www.africa-press.net\/cotedivoire\/#\/schema\/person\/2b1cf3cd81a31e3cd26889ca66d677f1\"},\"headline\":\"Infrastructures, la route Y4-Section 2 marque une \u00e9tape importante dans l&rsquo;am\u00e9lioration de la mobilit\u00e9 urbaine d&rsquo;Abidjan\",\"datePublished\":\"2026-01-22T18:36:32+00:00\",\"mainEntityOfPage\":{\"@id\":\"https:\/\/www.africa-press.net\/cotedivoire\/politique\/infrastructures-la-route-y4-section-2-marque-une-etape-importante-dans-lamelioration-de-la-mobilite-urbaine-dabidjan\"},\"wordCount\":309,\"commentCount\":0,\"image\":{\"@id\":\"https:\/\/www.africa-press.net\/cotedivoire\/politique\/infrastructures-la-route-y4-section-2-marque-une-etape-importante-dans-lamelioration-de-la-mobilite-urbaine-dabidjan#primaryimage\"},\"thumbnailUrl\":\"https:\/\/static.africa-press.net\/cote\/sites\/43\/2026\/01\/sm_1769106992.393183.jpg\",\"keywords\":[\"AGEROUTE\",\"Anyama\",\"infrastructures\",\"route\",\"section\"],\"articleSection\":[\"\u00c9conomie\",\"Toutes les actualit\u00e9s\"],\"inLanguage\":\"fr-FR\",\"potentialAction\":[{\"@type\":\"CommentAction\",\"name\":\"Comment\",\"target\":[\"https:\/\/www.africa-press.net\/cotedivoire\/politique\/infrastructures-la-route-y4-section-2-marque-une-etape-importante-dans-lamelioration-de-la-mobilite-urbaine-dabidjan#respond\"]}]},{\"@type\":\"WebPage\",\"@id\":\"https:\/\/www.africa-press.net\/cotedivoire\/politique\/infrastructures-la-route-y4-section-2-marque-une-etape-importante-dans-lamelioration-de-la-mobilite-urbaine-dabidjan\",\"url\":\"https:\/\/www.africa-press.net\/cotedivoire\/politique\/infrastructures-la-route-y4-section-2-marque-une-etape-importante-dans-lamelioration-de-la-mobilite-urbaine-dabidjan\",\"name\":\"Infrastructures, la route Y4-Section 2 marque une \u00e9tape importante dans l'am\u00e9lioration de la mobilit\u00e9 urbaine d'Abidjan - C\u00f4te d&#039;Ivoire\",\"isPartOf\":{\"@id\":\"https:\/\/www.africa-press.net\/cotedivoire\/#website\"},\"primaryImageOfPage\":{\"@id\":\"https:\/\/www.africa-press.net\/cotedivoire\/politique\/infrastructures-la-route-y4-section-2-marque-une-etape-importante-dans-lamelioration-de-la-mobilite-urbaine-dabidjan#primaryimage\"},\"image\":{\"@id\":\"https:\/\/www.africa-press.net\/cotedivoire\/politique\/infrastructures-la-route-y4-section-2-marque-une-etape-importante-dans-lamelioration-de-la-mobilite-urbaine-dabidjan#primaryimage\"},\"thumbnailUrl\":\"https:\/\/static.africa-press.net\/cote\/sites\/43\/2026\/01\/sm_1769106992.393183.jpg\",\"datePublished\":\"2026-01-22T18:36:32+00:00\",\"author\":{\"@id\":\"https:\/\/www.africa-press.net\/cotedivoire\/#\/schema\/person\/2b1cf3cd81a31e3cd26889ca66d677f1\"},\"breadcrumb\":{\"@id\":\"https:\/\/www.africa-press.net\/cotedivoire\/politique\/infrastructures-la-route-y4-section-2-marque-une-etape-importante-dans-lamelioration-de-la-mobilite-urbaine-dabidjan#breadcrumb\"},\"inLanguage\":\"fr-FR\",\"potentialAction\":[{\"@type\":\"ReadAction\",\"target\":[\"https:\/\/www.africa-press.net\/cotedivoire\/politique\/infrastructures-la-route-y4-section-2-marque-une-etape-importante-dans-lamelioration-de-la-mobilite-urbaine-dabidjan\"]}]},{\"@type\":\"ImageObject\",\"inLanguage\":\"fr-FR\",\"@id\":\"https:\/\/www.africa-press.net\/cotedivoire\/politique\/infrastructures-la-route-y4-section-2-marque-une-etape-importante-dans-lamelioration-de-la-mobilite-urbaine-dabidjan#primaryimage\",\"url\":\"https:\/\/static.africa-press.net\/cote\/sites\/43\/2026\/01\/sm_1769106992.393183.jpg\",\"contentUrl\":\"https:\/\/static.africa-press.net\/cote\/sites\/43\/2026\/01\/sm_1769106992.393183.jpg\",\"width\":600,\"height\":192,\"caption\":\"Infrastructures, la route Y4-Section 2 marque une \u00e9tape importante dans l'am\u00e9lioration de la mobilit\u00e9 urbaine d'Abidjan\"},{\"@type\":\"BreadcrumbList\",\"@id\":\"https:\/\/www.africa-press.net\/cotedivoire\/politique\/infrastructures-la-route-y4-section-2-marque-une-etape-importante-dans-lamelioration-de-la-mobilite-urbaine-dabidjan#breadcrumb\",\"itemListElement\":[{\"@type\":\"ListItem\",\"position\":1,\"name\":\"Accueil\",\"item\":\"https:\/\/www.africa-press.net\/cotedivoire\/\"},{\"@type\":\"ListItem\",\"position\":2,\"name\":\"Infrastructures, la route Y4-Section 2 marque une \u00e9tape importante dans l&rsquo;am\u00e9lioration de la mobilit\u00e9 urbaine d&rsquo;Abidjan\"}]},{\"@type\":\"WebSite\",\"@id\":\"https:\/\/www.africa-press.net\/cotedivoire\/#website\",\"url\":\"https:\/\/www.africa-press.net\/cotedivoire\/\",\"name\":\"C\u00f4te d&#039;Ivoire\",\"description\":\"Just another Africa News Agency Sites site\",\"potentialAction\":[{\"@type\":\"SearchAction\",\"target\":{\"@type\":\"EntryPoint\",\"urlTemplate\":\"https:\/\/www.africa-press.net\/cotedivoire\/?s={search_term_string}\"},\"query-input\":{\"@type\":\"PropertyValueSpecification\",\"valueRequired\":true,\"valueName\":\"search_term_string\"}}],\"inLanguage\":\"fr-FR\"},{\"@type\":\"Person\",\"@id\":\"https:\/\/www.africa-press.net\/cotedivoire\/#\/schema\/person\/2b1cf3cd81a31e3cd26889ca66d677f1\",\"name\":\"cfeditorfr\"}]}<\/script>\n<!-- \/ Yoast SEO Premium plugin. -->","yoast_head_json":{"title":"Infrastructures, la route Y4-Section 2 marque une \u00e9tape importante dans l'am\u00e9lioration de la mobilit\u00e9 urbaine d'Abidjan - C\u00f4te d&#039;Ivoire","robots":{"index":"index","follow":"follow","max-snippet":"max-snippet:-1","max-image-preview":"max-image-preview:large","max-video-preview":"max-video-preview:-1"},"canonical":"https:\/\/www.africa-press.net\/cotedivoire\/politique\/infrastructures-la-route-y4-section-2-marque-une-etape-importante-dans-lamelioration-de-la-mobilite-urbaine-dabidjan","og_locale":"fr_FR","og_type":"article","og_title":"Infrastructures, la route Y4-Section 2 marque une \u00e9tape importante dans l'am\u00e9lioration de la mobilit\u00e9 urbaine d'Abidjan","og_description":"La route Y4-Section 2 (DR) La r\u00e9alisation de la section 2 de l\u2019autoroute Y4, longue de 13 km, marque une \u00e9tape importante dans l\u2019am\u00e9lioration de la mobilit\u00e9 urbaine de la ville d\u2019Abidjan, rappelle l\u2019Agence de Gestion des Routes (AGEROUTE). Cette infrastructure structurante renforce la connexion entre les communes du district d\u2019Abidjan et contribue durablement \u00e0 [&hellip;]","og_url":"https:\/\/www.africa-press.net\/cotedivoire\/politique\/infrastructures-la-route-y4-section-2-marque-une-etape-importante-dans-lamelioration-de-la-mobilite-urbaine-dabidjan","og_site_name":"C\u00f4te d&#039;Ivoire","article_published_time":"2026-01-22T18:36:32+00:00","author":"cfeditorfr","twitter_card":"summary_large_image","twitter_misc":{"\u00c9crit par":"cfeditorfr","Dur\u00e9e de lecture estim\u00e9e":"1 minute"},"schema":{"@context":"https:\/\/schema.org","@graph":[{"@type":"Article","@id":"https:\/\/www.africa-press.net\/cotedivoire\/politique\/infrastructures-la-route-y4-section-2-marque-une-etape-importante-dans-lamelioration-de-la-mobilite-urbaine-dabidjan#article","isPartOf":{"@id":"https:\/\/www.africa-press.net\/cotedivoire\/politique\/infrastructures-la-route-y4-section-2-marque-une-etape-importante-dans-lamelioration-de-la-mobilite-urbaine-dabidjan"},"author":{"name":"cfeditorfr","@id":"https:\/\/www.africa-press.net\/cotedivoire\/#\/schema\/person\/2b1cf3cd81a31e3cd26889ca66d677f1"},"headline":"Infrastructures, la route Y4-Section 2 marque une \u00e9tape importante dans l&rsquo;am\u00e9lioration de la mobilit\u00e9 urbaine d&rsquo;Abidjan","datePublished":"2026-01-22T18:36:32+00:00","mainEntityOfPage":{"@id":"https:\/\/www.africa-press.net\/cotedivoire\/politique\/infrastructures-la-route-y4-section-2-marque-une-etape-importante-dans-lamelioration-de-la-mobilite-urbaine-dabidjan"},"wordCount":309,"commentCount":0,"image":{"@id":"https:\/\/www.africa-press.net\/cotedivoire\/politique\/infrastructures-la-route-y4-section-2-marque-une-etape-importante-dans-lamelioration-de-la-mobilite-urbaine-dabidjan#primaryimage"},"thumbnailUrl":"https:\/\/static.africa-press.net\/cote\/sites\/43\/2026\/01\/sm_1769106992.393183.jpg","keywords":["AGEROUTE","Anyama","infrastructures","route","section"],"articleSection":["\u00c9conomie","Toutes les actualit\u00e9s"],"inLanguage":"fr-FR","potentialAction":[{"@type":"CommentAction","name":"Comment","target":["https:\/\/www.africa-press.net\/cotedivoire\/politique\/infrastructures-la-route-y4-section-2-marque-une-etape-importante-dans-lamelioration-de-la-mobilite-urbaine-dabidjan#respond"]}]},{"@type":"WebPage","@id":"https:\/\/www.africa-press.net\/cotedivoire\/politique\/infrastructures-la-route-y4-section-2-marque-une-etape-importante-dans-lamelioration-de-la-mobilite-urbaine-dabidjan","url":"https:\/\/www.africa-press.net\/cotedivoire\/politique\/infrastructures-la-route-y4-section-2-marque-une-etape-importante-dans-lamelioration-de-la-mobilite-urbaine-dabidjan","name":"Infrastructures, la route Y4-Section 2 marque une \u00e9tape importante dans l'am\u00e9lioration de la mobilit\u00e9 urbaine d'Abidjan - C\u00f4te d&#039;Ivoire","isPartOf":{"@id":"https:\/\/www.africa-press.net\/cotedivoire\/#website"},"primaryImageOfPage":{"@id":"https:\/\/www.africa-press.net\/cotedivoire\/politique\/infrastructures-la-route-y4-section-2-marque-une-etape-importante-dans-lamelioration-de-la-mobilite-urbaine-dabidjan#primaryimage"},"image":{"@id":"https:\/\/www.africa-press.net\/cotedivoire\/politique\/infrastructures-la-route-y4-section-2-marque-une-etape-importante-dans-lamelioration-de-la-mobilite-urbaine-dabidjan#primaryimage"},"thumbnailUrl":"https:\/\/static.africa-press.net\/cote\/sites\/43\/2026\/01\/sm_1769106992.393183.jpg","datePublished":"2026-01-22T18:36:32+00:00","author":{"@id":"https:\/\/www.africa-press.net\/cotedivoire\/#\/schema\/person\/2b1cf3cd81a31e3cd26889ca66d677f1"},"breadcrumb":{"@id":"https:\/\/www.africa-press.net\/cotedivoire\/politique\/infrastructures-la-route-y4-section-2-marque-une-etape-importante-dans-lamelioration-de-la-mobilite-urbaine-dabidjan#breadcrumb"},"inLanguage":"fr-FR","potentialAction":[{"@type":"ReadAction","target":["https:\/\/www.africa-press.net\/cotedivoire\/politique\/infrastructures-la-route-y4-section-2-marque-une-etape-importante-dans-lamelioration-de-la-mobilite-urbaine-dabidjan"]}]},{"@type":"ImageObject","inLanguage":"fr-FR","@id":"https:\/\/www.africa-press.net\/cotedivoire\/politique\/infrastructures-la-route-y4-section-2-marque-une-etape-importante-dans-lamelioration-de-la-mobilite-urbaine-dabidjan#primaryimage","url":"https:\/\/static.africa-press.net\/cote\/sites\/43\/2026\/01\/sm_1769106992.393183.jpg","contentUrl":"https:\/\/static.africa-press.net\/cote\/sites\/43\/2026\/01\/sm_1769106992.393183.jpg","width":600,"height":192,"caption":"Infrastructures, la route Y4-Section 2 marque une \u00e9tape importante dans l'am\u00e9lioration de la mobilit\u00e9 urbaine d'Abidjan"},{"@type":"BreadcrumbList","@id":"https:\/\/www.africa-press.net\/cotedivoire\/politique\/infrastructures-la-route-y4-section-2-marque-une-etape-importante-dans-lamelioration-de-la-mobilite-urbaine-dabidjan#breadcrumb","itemListElement":[{"@type":"ListItem","position":1,"name":"Accueil","item":"https:\/\/www.africa-press.net\/cotedivoire\/"},{"@type":"ListItem","position":2,"name":"Infrastructures, la route Y4-Section 2 marque une \u00e9tape importante dans l&rsquo;am\u00e9lioration de la mobilit\u00e9 urbaine d&rsquo;Abidjan"}]},{"@type":"WebSite","@id":"https:\/\/www.africa-press.net\/cotedivoire\/#website","url":"https:\/\/www.africa-press.net\/cotedivoire\/","name":"C\u00f4te d&#039;Ivoire","description":"Just another Africa News Agency Sites site","potentialAction":[{"@type":"SearchAction","target":{"@type":"EntryPoint","urlTemplate":"https:\/\/www.africa-press.net\/cotedivoire\/?s={search_term_string}"},"query-input":{"@type":"PropertyValueSpecification","valueRequired":true,"valueName":"search_term_string"}}],"inLanguage":"fr-FR"},{"@type":"Person","@id":"https:\/\/www.africa-press.net\/cotedivoire\/#\/schema\/person\/2b1cf3cd81a31e3cd26889ca66d677f1","name":"cfeditorfr"}]}},"_links":{"self":[{"href":"https:\/\/www.africa-press.net\/cotedivoire\/wp-json\/wp\/v2\/posts\/111670","targetHints":{"allow":["GET"]}}],"collection":[{"href":"https:\/\/www.africa-press.net\/cotedivoire\/wp-json\/wp\/v2\/posts"}],"about":[{"href":"https:\/\/www.africa-press.net\/cotedivoire\/wp-json\/wp\/v2\/types\/post"}],"author":[{"embeddable":true,"href":"https:\/\/www.africa-press.net\/cotedivoire\/wp-json\/wp\/v2\/users\/82"}],"replies":[{"embeddable":true,"href":"https:\/\/www.africa-press.net\/cotedivoire\/wp-json\/wp\/v2\/comments?post=111670"}],"version-history":[{"count":0,"href":"https:\/\/www.africa-press.net\/cotedivoire\/wp-json\/wp\/v2\/posts\/111670\/revisions"}],"wp:featuredmedia":[{"embeddable":true,"href":"https:\/\/www.africa-press.net\/cotedivoire\/wp-json\/wp\/v2\/media\/111669"}],"wp:attachment":[{"href":"https:\/\/www.africa-press.net\/cotedivoire\/wp-json\/wp\/v2\/media?parent=111670"}],"wp:term":[{"taxonomy":"category","embeddable":true,"href":"https:\/\/www.africa-press.net\/cotedivoire\/wp-json\/wp\/v2\/categories?post=111670"},{"taxonomy":"post_tag","embeddable":true,"href":"https:\/\/www.africa-press.net\/cotedivoire\/wp-json\/wp\/v2\/tags?post=111670"}],"curies":[{"name":"wp","href":"https:\/\/api.w.org\/{rel}","templated":true}]}}