{"id":111676,"date":"2026-01-22T18:37:54","date_gmt":"2026-01-22T18:37:54","guid":{"rendered":"https:\/\/www.africa-press.net\/cotedivoire\/politique\/kone-moussa-president-du-synapci-convoque-par-la-gendarmerie-dans-une-affaire-liee-au-blocage-du-cacao"},"modified":"2026-01-22T18:37:54","modified_gmt":"2026-01-22T18:37:54","slug":"kone-moussa-president-du-synapci-convoque-par-la-gendarmerie-dans-une-affaire-liee-au-blocage-du-cacao","status":"publish","type":"post","link":"https:\/\/www.africa-press.net\/cotedivoire\/economie\/kone-moussa-president-du-synapci-convoque-par-la-gendarmerie-dans-une-affaire-liee-au-blocage-du-cacao","title":{"rendered":"Kon\u00e9 Moussa, pr\u00e9sident du SYNAPCI, convoqu\u00e9 par la gendarmerie dans une affaire li\u00e9e au blocage du cacao"},"content":{"rendered":"<p>Le pr\u00e9sident du Syndicat national des producteurs de caf\u00e9-cacao de C\u00f4te d\u2019Ivoire (SYNAPCI), Kon\u00e9 Moussa, a \u00e9t\u00e9 officiellement convoqu\u00e9 par la Section de recherches de la Gendarmerie nationale d\u2019Abidjan dans le cadre d\u2019une enqu\u00eate judiciaire, selon un document administratif consult\u00e9 par notre r\u00e9daction.<\/p>\n<p>D\u2019apr\u00e8s la convocation, \u00e9mise sous la r\u00e9f\u00e9rence N\u00b09598\/ST\/TPI-AP\/PR, M. Kon\u00e9 Moussa est invit\u00e9 \u00e0 se pr\u00e9senter le jeudi 22 janvier 2026 \u00e0 10 heures au si\u00e8ge de la Section de recherches, situ\u00e9 au Plateau, derri\u00e8re le minist\u00e8re de la S\u00e9curit\u00e9. Il est pr\u00e9cis\u00e9 que l\u2019int\u00e9ress\u00e9 devra se munir de sa carte nationale d\u2019identit\u00e9 ou de toute pi\u00e8ce \u00e9quivalente. Conform\u00e9ment \u00e0 l\u2019article 90 du Code de proc\u00e9dure p\u00e9nale, il a \u00e9galement le droit de se faire assister par un conseil juridique.<\/p>\n<p>Toutefois, dans une d\u00e9claration faite \u00e0 la presse, le pr\u00e9sident du SYNAPCI a indiqu\u00e9 que sa comparution a \u00e9t\u00e9 report\u00e9e \u00e0 la semaine suivante, en accord avec les autorit\u00e9s comp\u00e9tentes.<\/p>\n<p>\u00ab Mon avocat est actuellement en d\u00e9placement. Il m\u2019a assur\u00e9 avoir pris contact avec le gendarme en charge du dossier. De mon c\u00f4t\u00e9, je dois me rendre \u00e0 Daloa pour un autre proc\u00e8s. La convocation a donc \u00e9t\u00e9 report\u00e9e. Apr\u00e8s le retour de mon avocat, nous allons nous pr\u00e9senter ensemble \u00e0 la brigade de recherches, probablement mercredi prochain \u00bb, a expliqu\u00e9 Kon\u00e9 Moussa.<\/p>\n<p>Selon ses propos, cette convocation ferait suite \u00e0 des d\u00e9nonciations publiques du SYNAPCI concernant le blocage de l\u2019achat du cacao, une situation qui, selon les autorit\u00e9s, aurait contribu\u00e9 \u00e0 la baisse du prix du kilogramme des f\u00e8ves sur le march\u00e9.<\/p>\n<p>\u00ab C\u2019est le directeur g\u00e9n\u00e9ral du Conseil caf\u00e9-cacao qui est \u00e0 l\u2019origine de cette convocation. Il estime que nos d\u00e9nonciations ont eu un impact n\u00e9gatif sur le march\u00e9. C\u2019est ce que la gendarmerie m\u2019a fait comprendre \u00bb, a-t-il affirm\u00e9.<\/p>\n<p>Pour l\u2019heure, aucune communication officielle n\u2019a \u00e9t\u00e9 faite par le Conseil caf\u00e9-cacao ni par le Parquet pr\u00e8s le Tribunal de premi\u00e8re instance d\u2019Abidjan afin de pr\u00e9ciser les contours exacts de la proc\u00e9dure en cours.<\/p>\n<p>Cette affaire intervient dans un contexte de fortes tensions dans la fili\u00e8re caf\u00e9-cacao, marqu\u00e9e par des revendications syndicales, des inqui\u00e9tudes li\u00e9es \u00e0 la commercialisation des f\u00e8ves et des d\u00e9bats r\u00e9currents sur la gouvernance du secteur strat\u00e9gique de l\u2019\u00e9conomie ivoirienne.<\/p>\n<p>L\u2019\u00e9volution de ce dossier judiciaire sera suivie de pr\u00e8s, tant par les acteurs de la fili\u00e8re que par l\u2019opinion publique.<\/p>\n<p>Wassimagnon<\/p>\n","protected":false},"excerpt":{"rendered":"<p>Le pr\u00e9sident du Syndicat national des producteurs de caf\u00e9-cacao de C\u00f4te d\u2019Ivoire (SYNAPCI), Kon\u00e9 Moussa, a \u00e9t\u00e9 officiellement convoqu\u00e9 par la Section de recherches de la Gendarmerie nationale d\u2019Abidjan dans le cadre d\u2019une enqu\u00eate judiciaire, selon un document administratif consult\u00e9 par notre r\u00e9daction. D\u2019apr\u00e8s la convocation, \u00e9mise sous la r\u00e9f\u00e9rence N\u00b09598\/ST\/TPI-AP\/PR, M. Kon\u00e9 Moussa est [&hellip;]<\/p>\n","protected":false},"author":82,"featured_media":111675,"comment_status":"open","ping_status":"closed","sticky":false,"template":"","format":"standard","meta":{"footnotes":""},"categories":[3,10],"tags":[30,1177,1744,20093,447,7257,55,6017,305,4021],"class_list":["post-111676","post","type-post","status-publish","format-standard","has-post-thumbnail","hentry","category-economie","category-toutes-les-actualites","tag-abidjan","tag-cafe-cacao","tag-conseil","tag-enquete-judiciaire","tag-gendarmerie","tag-ivoirienne","tag-justice","tag-kone-moussa","tag-nationale","tag-synapci"],"yoast_head":"<!-- This site is optimized with the Yoast SEO Premium plugin v26.1 (Yoast SEO v27.0) - https:\/\/yoast.com\/product\/yoast-seo-premium-wordpress\/ -->\n<title>Kon\u00e9 Moussa, pr\u00e9sident du SYNAPCI, convoqu\u00e9 par la gendarmerie dans une affaire li\u00e9e au blocage du cacao - C\u00f4te d&#039;Ivoire<\/title>\n<meta name=\"robots\" content=\"index, follow, max-snippet:-1, max-image-preview:large, max-video-preview:-1\" \/>\n<link rel=\"canonical\" href=\"https:\/\/www.africa-press.net\/cotedivoire\/politique\/kone-moussa-president-du-synapci-convoque-par-la-gendarmerie-dans-une-affaire-liee-au-blocage-du-cacao\" \/>\n<meta property=\"og:locale\" content=\"fr_FR\" \/>\n<meta property=\"og:type\" content=\"article\" \/>\n<meta property=\"og:title\" content=\"Kon\u00e9 Moussa, pr\u00e9sident du SYNAPCI, convoqu\u00e9 par la gendarmerie dans une affaire li\u00e9e au blocage du cacao\" \/>\n<meta property=\"og:description\" content=\"Le pr\u00e9sident du Syndicat national des producteurs de caf\u00e9-cacao de C\u00f4te d\u2019Ivoire (SYNAPCI), Kon\u00e9 Moussa, a \u00e9t\u00e9 officiellement convoqu\u00e9 par la Section de recherches de la Gendarmerie nationale d\u2019Abidjan dans le cadre d\u2019une enqu\u00eate judiciaire, selon un document administratif consult\u00e9 par notre r\u00e9daction. D\u2019apr\u00e8s la convocation, \u00e9mise sous la r\u00e9f\u00e9rence N\u00b09598\/ST\/TPI-AP\/PR, M. Kon\u00e9 Moussa est [&hellip;]\" \/>\n<meta property=\"og:url\" content=\"https:\/\/www.africa-press.net\/cotedivoire\/politique\/kone-moussa-president-du-synapci-convoque-par-la-gendarmerie-dans-une-affaire-liee-au-blocage-du-cacao\" \/>\n<meta property=\"og:site_name\" content=\"C\u00f4te d&#039;Ivoire\" \/>\n<meta property=\"article:published_time\" content=\"2026-01-22T18:37:54+00:00\" \/>\n<meta name=\"author\" content=\"cfeditorfr\" \/>\n<meta name=\"twitter:card\" content=\"summary_large_image\" \/>\n<meta name=\"twitter:label1\" content=\"\u00c9crit par\" \/>\n\t<meta name=\"twitter:data1\" content=\"cfeditorfr\" \/>\n\t<meta name=\"twitter:label2\" content=\"Dur\u00e9e de lecture estim\u00e9e\" \/>\n\t<meta name=\"twitter:data2\" content=\"2 minutes\" \/>\n<script type=\"application\/ld+json\" class=\"yoast-schema-graph\">{\"@context\":\"https:\/\/schema.org\",\"@graph\":[{\"@type\":\"Article\",\"@id\":\"https:\/\/www.africa-press.net\/cotedivoire\/politique\/kone-moussa-president-du-synapci-convoque-par-la-gendarmerie-dans-une-affaire-liee-au-blocage-du-cacao#article\",\"isPartOf\":{\"@id\":\"https:\/\/www.africa-press.net\/cotedivoire\/politique\/kone-moussa-president-du-synapci-convoque-par-la-gendarmerie-dans-une-affaire-liee-au-blocage-du-cacao\"},\"author\":{\"name\":\"cfeditorfr\",\"@id\":\"https:\/\/www.africa-press.net\/cotedivoire\/#\/schema\/person\/2b1cf3cd81a31e3cd26889ca66d677f1\"},\"headline\":\"Kon\u00e9 Moussa, pr\u00e9sident du SYNAPCI, convoqu\u00e9 par la gendarmerie dans une affaire li\u00e9e au blocage du cacao\",\"datePublished\":\"2026-01-22T18:37:54+00:00\",\"mainEntityOfPage\":{\"@id\":\"https:\/\/www.africa-press.net\/cotedivoire\/politique\/kone-moussa-president-du-synapci-convoque-par-la-gendarmerie-dans-une-affaire-liee-au-blocage-du-cacao\"},\"wordCount\":465,\"commentCount\":0,\"image\":{\"@id\":\"https:\/\/www.africa-press.net\/cotedivoire\/politique\/kone-moussa-president-du-synapci-convoque-par-la-gendarmerie-dans-une-affaire-liee-au-blocage-du-cacao#primaryimage\"},\"thumbnailUrl\":\"https:\/\/static.africa-press.net\/cote\/sites\/43\/2026\/01\/sm_1769107074.918667.jpg\",\"keywords\":[\"Abidjan\",\"Caf\u00e9-Cacao\",\"Conseil\",\"enqu\u00eate judiciaire\",\"Gendarmerie\",\"ivoirienne\",\"Justice\",\"Kon\u00e9 Moussa\",\"nationale\",\"SYNAPCI\"],\"articleSection\":[\"\u00c9conomie\",\"Toutes les actualit\u00e9s\"],\"inLanguage\":\"fr-FR\",\"potentialAction\":[{\"@type\":\"CommentAction\",\"name\":\"Comment\",\"target\":[\"https:\/\/www.africa-press.net\/cotedivoire\/politique\/kone-moussa-president-du-synapci-convoque-par-la-gendarmerie-dans-une-affaire-liee-au-blocage-du-cacao#respond\"]}]},{\"@type\":\"WebPage\",\"@id\":\"https:\/\/www.africa-press.net\/cotedivoire\/politique\/kone-moussa-president-du-synapci-convoque-par-la-gendarmerie-dans-une-affaire-liee-au-blocage-du-cacao\",\"url\":\"https:\/\/www.africa-press.net\/cotedivoire\/politique\/kone-moussa-president-du-synapci-convoque-par-la-gendarmerie-dans-une-affaire-liee-au-blocage-du-cacao\",\"name\":\"Kon\u00e9 Moussa, pr\u00e9sident du SYNAPCI, convoqu\u00e9 par la gendarmerie dans une affaire li\u00e9e au blocage du cacao - C\u00f4te d&#039;Ivoire\",\"isPartOf\":{\"@id\":\"https:\/\/www.africa-press.net\/cotedivoire\/#website\"},\"primaryImageOfPage\":{\"@id\":\"https:\/\/www.africa-press.net\/cotedivoire\/politique\/kone-moussa-president-du-synapci-convoque-par-la-gendarmerie-dans-une-affaire-liee-au-blocage-du-cacao#primaryimage\"},\"image\":{\"@id\":\"https:\/\/www.africa-press.net\/cotedivoire\/politique\/kone-moussa-president-du-synapci-convoque-par-la-gendarmerie-dans-une-affaire-liee-au-blocage-du-cacao#primaryimage\"},\"thumbnailUrl\":\"https:\/\/static.africa-press.net\/cote\/sites\/43\/2026\/01\/sm_1769107074.918667.jpg\",\"datePublished\":\"2026-01-22T18:37:54+00:00\",\"author\":{\"@id\":\"https:\/\/www.africa-press.net\/cotedivoire\/#\/schema\/person\/2b1cf3cd81a31e3cd26889ca66d677f1\"},\"breadcrumb\":{\"@id\":\"https:\/\/www.africa-press.net\/cotedivoire\/politique\/kone-moussa-president-du-synapci-convoque-par-la-gendarmerie-dans-une-affaire-liee-au-blocage-du-cacao#breadcrumb\"},\"inLanguage\":\"fr-FR\",\"potentialAction\":[{\"@type\":\"ReadAction\",\"target\":[\"https:\/\/www.africa-press.net\/cotedivoire\/politique\/kone-moussa-president-du-synapci-convoque-par-la-gendarmerie-dans-une-affaire-liee-au-blocage-du-cacao\"]}]},{\"@type\":\"ImageObject\",\"inLanguage\":\"fr-FR\",\"@id\":\"https:\/\/www.africa-press.net\/cotedivoire\/politique\/kone-moussa-president-du-synapci-convoque-par-la-gendarmerie-dans-une-affaire-liee-au-blocage-du-cacao#primaryimage\",\"url\":\"https:\/\/static.africa-press.net\/cote\/sites\/43\/2026\/01\/sm_1769107074.918667.jpg\",\"contentUrl\":\"https:\/\/static.africa-press.net\/cote\/sites\/43\/2026\/01\/sm_1769107074.918667.jpg\",\"width\":600,\"height\":370,\"caption\":\"Kon\u00e9 Moussa, pr\u00e9sident du SYNAPCI, convoqu\u00e9 par la gendarmerie dans une affaire li\u00e9e au blocage du cacao\"},{\"@type\":\"BreadcrumbList\",\"@id\":\"https:\/\/www.africa-press.net\/cotedivoire\/politique\/kone-moussa-president-du-synapci-convoque-par-la-gendarmerie-dans-une-affaire-liee-au-blocage-du-cacao#breadcrumb\",\"itemListElement\":[{\"@type\":\"ListItem\",\"position\":1,\"name\":\"Accueil\",\"item\":\"https:\/\/www.africa-press.net\/cotedivoire\/\"},{\"@type\":\"ListItem\",\"position\":2,\"name\":\"Kon\u00e9 Moussa, pr\u00e9sident du SYNAPCI, convoqu\u00e9 par la gendarmerie dans une affaire li\u00e9e au blocage du cacao\"}]},{\"@type\":\"WebSite\",\"@id\":\"https:\/\/www.africa-press.net\/cotedivoire\/#website\",\"url\":\"https:\/\/www.africa-press.net\/cotedivoire\/\",\"name\":\"C\u00f4te d&#039;Ivoire\",\"description\":\"Just another Africa News Agency Sites site\",\"potentialAction\":[{\"@type\":\"SearchAction\",\"target\":{\"@type\":\"EntryPoint\",\"urlTemplate\":\"https:\/\/www.africa-press.net\/cotedivoire\/?s={search_term_string}\"},\"query-input\":{\"@type\":\"PropertyValueSpecification\",\"valueRequired\":true,\"valueName\":\"search_term_string\"}}],\"inLanguage\":\"fr-FR\"},{\"@type\":\"Person\",\"@id\":\"https:\/\/www.africa-press.net\/cotedivoire\/#\/schema\/person\/2b1cf3cd81a31e3cd26889ca66d677f1\",\"name\":\"cfeditorfr\"}]}<\/script>\n<!-- \/ Yoast SEO Premium plugin. -->","yoast_head_json":{"title":"Kon\u00e9 Moussa, pr\u00e9sident du SYNAPCI, convoqu\u00e9 par la gendarmerie dans une affaire li\u00e9e au blocage du cacao - C\u00f4te d&#039;Ivoire","robots":{"index":"index","follow":"follow","max-snippet":"max-snippet:-1","max-image-preview":"max-image-preview:large","max-video-preview":"max-video-preview:-1"},"canonical":"https:\/\/www.africa-press.net\/cotedivoire\/politique\/kone-moussa-president-du-synapci-convoque-par-la-gendarmerie-dans-une-affaire-liee-au-blocage-du-cacao","og_locale":"fr_FR","og_type":"article","og_title":"Kon\u00e9 Moussa, pr\u00e9sident du SYNAPCI, convoqu\u00e9 par la gendarmerie dans une affaire li\u00e9e au blocage du cacao","og_description":"Le pr\u00e9sident du Syndicat national des producteurs de caf\u00e9-cacao de C\u00f4te d\u2019Ivoire (SYNAPCI), Kon\u00e9 Moussa, a \u00e9t\u00e9 officiellement convoqu\u00e9 par la Section de recherches de la Gendarmerie nationale d\u2019Abidjan dans le cadre d\u2019une enqu\u00eate judiciaire, selon un document administratif consult\u00e9 par notre r\u00e9daction. D\u2019apr\u00e8s la convocation, \u00e9mise sous la r\u00e9f\u00e9rence N\u00b09598\/ST\/TPI-AP\/PR, M. Kon\u00e9 Moussa est [&hellip;]","og_url":"https:\/\/www.africa-press.net\/cotedivoire\/politique\/kone-moussa-president-du-synapci-convoque-par-la-gendarmerie-dans-une-affaire-liee-au-blocage-du-cacao","og_site_name":"C\u00f4te d&#039;Ivoire","article_published_time":"2026-01-22T18:37:54+00:00","author":"cfeditorfr","twitter_card":"summary_large_image","twitter_misc":{"\u00c9crit par":"cfeditorfr","Dur\u00e9e de lecture estim\u00e9e":"2 minutes"},"schema":{"@context":"https:\/\/schema.org","@graph":[{"@type":"Article","@id":"https:\/\/www.africa-press.net\/cotedivoire\/politique\/kone-moussa-president-du-synapci-convoque-par-la-gendarmerie-dans-une-affaire-liee-au-blocage-du-cacao#article","isPartOf":{"@id":"https:\/\/www.africa-press.net\/cotedivoire\/politique\/kone-moussa-president-du-synapci-convoque-par-la-gendarmerie-dans-une-affaire-liee-au-blocage-du-cacao"},"author":{"name":"cfeditorfr","@id":"https:\/\/www.africa-press.net\/cotedivoire\/#\/schema\/person\/2b1cf3cd81a31e3cd26889ca66d677f1"},"headline":"Kon\u00e9 Moussa, pr\u00e9sident du SYNAPCI, convoqu\u00e9 par la gendarmerie dans une affaire li\u00e9e au blocage du cacao","datePublished":"2026-01-22T18:37:54+00:00","mainEntityOfPage":{"@id":"https:\/\/www.africa-press.net\/cotedivoire\/politique\/kone-moussa-president-du-synapci-convoque-par-la-gendarmerie-dans-une-affaire-liee-au-blocage-du-cacao"},"wordCount":465,"commentCount":0,"image":{"@id":"https:\/\/www.africa-press.net\/cotedivoire\/politique\/kone-moussa-president-du-synapci-convoque-par-la-gendarmerie-dans-une-affaire-liee-au-blocage-du-cacao#primaryimage"},"thumbnailUrl":"https:\/\/static.africa-press.net\/cote\/sites\/43\/2026\/01\/sm_1769107074.918667.jpg","keywords":["Abidjan","Caf\u00e9-Cacao","Conseil","enqu\u00eate judiciaire","Gendarmerie","ivoirienne","Justice","Kon\u00e9 Moussa","nationale","SYNAPCI"],"articleSection":["\u00c9conomie","Toutes les actualit\u00e9s"],"inLanguage":"fr-FR","potentialAction":[{"@type":"CommentAction","name":"Comment","target":["https:\/\/www.africa-press.net\/cotedivoire\/politique\/kone-moussa-president-du-synapci-convoque-par-la-gendarmerie-dans-une-affaire-liee-au-blocage-du-cacao#respond"]}]},{"@type":"WebPage","@id":"https:\/\/www.africa-press.net\/cotedivoire\/politique\/kone-moussa-president-du-synapci-convoque-par-la-gendarmerie-dans-une-affaire-liee-au-blocage-du-cacao","url":"https:\/\/www.africa-press.net\/cotedivoire\/politique\/kone-moussa-president-du-synapci-convoque-par-la-gendarmerie-dans-une-affaire-liee-au-blocage-du-cacao","name":"Kon\u00e9 Moussa, pr\u00e9sident du SYNAPCI, convoqu\u00e9 par la gendarmerie dans une affaire li\u00e9e au blocage du cacao - C\u00f4te d&#039;Ivoire","isPartOf":{"@id":"https:\/\/www.africa-press.net\/cotedivoire\/#website"},"primaryImageOfPage":{"@id":"https:\/\/www.africa-press.net\/cotedivoire\/politique\/kone-moussa-president-du-synapci-convoque-par-la-gendarmerie-dans-une-affaire-liee-au-blocage-du-cacao#primaryimage"},"image":{"@id":"https:\/\/www.africa-press.net\/cotedivoire\/politique\/kone-moussa-president-du-synapci-convoque-par-la-gendarmerie-dans-une-affaire-liee-au-blocage-du-cacao#primaryimage"},"thumbnailUrl":"https:\/\/static.africa-press.net\/cote\/sites\/43\/2026\/01\/sm_1769107074.918667.jpg","datePublished":"2026-01-22T18:37:54+00:00","author":{"@id":"https:\/\/www.africa-press.net\/cotedivoire\/#\/schema\/person\/2b1cf3cd81a31e3cd26889ca66d677f1"},"breadcrumb":{"@id":"https:\/\/www.africa-press.net\/cotedivoire\/politique\/kone-moussa-president-du-synapci-convoque-par-la-gendarmerie-dans-une-affaire-liee-au-blocage-du-cacao#breadcrumb"},"inLanguage":"fr-FR","potentialAction":[{"@type":"ReadAction","target":["https:\/\/www.africa-press.net\/cotedivoire\/politique\/kone-moussa-president-du-synapci-convoque-par-la-gendarmerie-dans-une-affaire-liee-au-blocage-du-cacao"]}]},{"@type":"ImageObject","inLanguage":"fr-FR","@id":"https:\/\/www.africa-press.net\/cotedivoire\/politique\/kone-moussa-president-du-synapci-convoque-par-la-gendarmerie-dans-une-affaire-liee-au-blocage-du-cacao#primaryimage","url":"https:\/\/static.africa-press.net\/cote\/sites\/43\/2026\/01\/sm_1769107074.918667.jpg","contentUrl":"https:\/\/static.africa-press.net\/cote\/sites\/43\/2026\/01\/sm_1769107074.918667.jpg","width":600,"height":370,"caption":"Kon\u00e9 Moussa, pr\u00e9sident du SYNAPCI, convoqu\u00e9 par la gendarmerie dans une affaire li\u00e9e au blocage du cacao"},{"@type":"BreadcrumbList","@id":"https:\/\/www.africa-press.net\/cotedivoire\/politique\/kone-moussa-president-du-synapci-convoque-par-la-gendarmerie-dans-une-affaire-liee-au-blocage-du-cacao#breadcrumb","itemListElement":[{"@type":"ListItem","position":1,"name":"Accueil","item":"https:\/\/www.africa-press.net\/cotedivoire\/"},{"@type":"ListItem","position":2,"name":"Kon\u00e9 Moussa, pr\u00e9sident du SYNAPCI, convoqu\u00e9 par la gendarmerie dans une affaire li\u00e9e au blocage du cacao"}]},{"@type":"WebSite","@id":"https:\/\/www.africa-press.net\/cotedivoire\/#website","url":"https:\/\/www.africa-press.net\/cotedivoire\/","name":"C\u00f4te d&#039;Ivoire","description":"Just another Africa News Agency Sites site","potentialAction":[{"@type":"SearchAction","target":{"@type":"EntryPoint","urlTemplate":"https:\/\/www.africa-press.net\/cotedivoire\/?s={search_term_string}"},"query-input":{"@type":"PropertyValueSpecification","valueRequired":true,"valueName":"search_term_string"}}],"inLanguage":"fr-FR"},{"@type":"Person","@id":"https:\/\/www.africa-press.net\/cotedivoire\/#\/schema\/person\/2b1cf3cd81a31e3cd26889ca66d677f1","name":"cfeditorfr"}]}},"_links":{"self":[{"href":"https:\/\/www.africa-press.net\/cotedivoire\/wp-json\/wp\/v2\/posts\/111676","targetHints":{"allow":["GET"]}}],"collection":[{"href":"https:\/\/www.africa-press.net\/cotedivoire\/wp-json\/wp\/v2\/posts"}],"about":[{"href":"https:\/\/www.africa-press.net\/cotedivoire\/wp-json\/wp\/v2\/types\/post"}],"author":[{"embeddable":true,"href":"https:\/\/www.africa-press.net\/cotedivoire\/wp-json\/wp\/v2\/users\/82"}],"replies":[{"embeddable":true,"href":"https:\/\/www.africa-press.net\/cotedivoire\/wp-json\/wp\/v2\/comments?post=111676"}],"version-history":[{"count":0,"href":"https:\/\/www.africa-press.net\/cotedivoire\/wp-json\/wp\/v2\/posts\/111676\/revisions"}],"wp:featuredmedia":[{"embeddable":true,"href":"https:\/\/www.africa-press.net\/cotedivoire\/wp-json\/wp\/v2\/media\/111675"}],"wp:attachment":[{"href":"https:\/\/www.africa-press.net\/cotedivoire\/wp-json\/wp\/v2\/media?parent=111676"}],"wp:term":[{"taxonomy":"category","embeddable":true,"href":"https:\/\/www.africa-press.net\/cotedivoire\/wp-json\/wp\/v2\/categories?post=111676"},{"taxonomy":"post_tag","embeddable":true,"href":"https:\/\/www.africa-press.net\/cotedivoire\/wp-json\/wp\/v2\/tags?post=111676"}],"curies":[{"name":"wp","href":"https:\/\/api.w.org\/{rel}","templated":true}]}}