{"id":11168,"date":"2021-08-11T12:29:31","date_gmt":"2021-08-11T12:29:31","guid":{"rendered":"https:\/\/www.africa-press.net\/cotedivoire\/politique\/football-un-mercato-tres-anime-pour-les-joueurs-africains"},"modified":"2021-08-11T21:06:43","modified_gmt":"2021-08-11T21:06:43","slug":"football-un-mercato-tres-anime-pour-les-joueurs-africains","status":"publish","type":"post","link":"https:\/\/www.africa-press.net\/cotedivoire\/toutes-les-actualites\/football-un-mercato-tres-anime-pour-les-joueurs-africains","title":{"rendered":"Football\u00a0: un mercato tr\u00e8s anim\u00e9 pour les joueurs africains"},"content":{"rendered":"<p><span style=\"color: #ff6600\"><strong><a href=\"https:\/\/www.africa-press.net\/\">Africa-Press<\/a> &#8211; <a href=\"https:\/\/www.africa-press.net\/cotedivoire\">C\u00f4te d&rsquo;Ivoire<\/a>. <\/strong><\/span>Evidemment, aucun transfert n\u2019arrivera \u00e0 la cheville de celui de Lionel Messi. L\u2019arriv\u00e9e au Paris-Saint-Germain (PSG) du meilleur joueur du monde, sextuple Ballon d\u2019or, officialis\u00e9e mardi 10 ao\u00fbt, \u00e9crase tout sur son passage. Pour autant, le mercato estival ne se limite pas \u00e0 ce transfert hors normes. Ainsi, certains clubs de la plan\u00e8te foot n\u2019ont pas h\u00e9sit\u00e9 \u00e0 se d\u00e9lester de sommes cons\u00e9quentes pour attirer les joueurs africains les plus prometteurs. C\u2019est d\u00e9j\u00e0 sign\u00e9<\/p>\n<p>Le PSG, encore lui, a vers\u00e9 \u00e0 l\u2019Inter Milan 60 millions d\u2019euros (plus 11 millions d\u2019euros de bonus) pour acqu\u00e9rir le d\u00e9fenseur marocain Achraf Hakimi (22 ans), un joueur form\u00e9 au Real Madrid. Son ancien capitaine en s\u00e9lection nationale, Mehdi Benatia (34 ans), a quant \u00e0 lui d\u00e9cid\u00e9 de quitter le club Al-Duhail (Qatar) pour revenir en Europe. L\u2019ancien d\u00e9fenseur du Bayern Munich et de la Juventus Turin s\u2019est engag\u00e9 avec le modeste club de Fatih Karag\u00fcmr\u00fck (Turquie), o\u00f9 il touchera un salaire annuel (hors primes) de 2 millions d\u2019euros, soit nettement moins que lors de ses trois saisons dans le golfe Persique, o\u00f9 il \u00e9margeait \u00e0 5 millions d\u2019euros.<\/p>\n<p>Si Mehdi Benatia quitte le Qatar, d\u2019autres joueurs africains arrivent. C\u2019est le cas du Tunisien Ferjani Sassi (29 ans), recrut\u00e9 par Al-Duhail aupr\u00e8s du prestigieux club de Zamalek, au Caire. L\u2019Alg\u00e9rien Djamel Benlamri (31 ans) a quitt\u00e9 Lyon pour rejoindre le Qatar Sports Club. C\u2019est \u00e9galement le cas d\u2019Andr\u00e9 Ayew (31 ans) : le Ghan\u00e9en, en fin de contrat avec Swansea City (Pays de Galles), va \u00e9voluer dans un club contre lequel son p\u00e8re, Abedi Pel\u00e9 (ex-joueur de Marseille), a jou\u00e9 en 1983 lorsqu\u2019il \u00e9voluait sous les couleurs d\u2019Al-Sadd Sports Club.<\/p>\n<p><b>John Obi Mikel<\/b><\/p>\n<p>(34 ans), l\u2019ancien capitaine des Super Eagles du Nigeria, a \u00e9galement quitt\u00e9 le Royaume-Uni et Stoke City pour atterrir au Kowe\u00eft SC. Le champion d\u2019Afrique 2013 va d\u00e9couvrir l\u00e0 son huiti\u00e8me club. Cette formation a \u00e9galement recrut\u00e9 le v\u00e9t\u00e9ran congolais Dieumerci Mbokani (35 ans), en fin de contrat avec le Royal Antwerp. Quant \u00e0 Ben Malongo (27 ans), l\u2019attaquant des L\u00e9opards de la R\u00e9publique d\u00e9mocratique du Congo, il a choisi Sharjah SC, apr\u00e8s deux saisons pleines au Raja Casablanca. Le club \u00e9mirati a d\u00e9bours\u00e9 3,5 millions d\u2019euros en indemnit\u00e9 de transfert.<\/p>\n<p>Mais c\u2019est en Europe que le march\u00e9 des transferts est le plus anim\u00e9. Ainsi, le club ukrainien du Chakhtar Donetsk a vers\u00e9 10 millions d\u2019euros \u00e0 l\u2019Ajax Amsterdam pour acqu\u00e9rir l\u2019attaquant burkinab\u00e9 Lassina Traor\u00e9 (20 ans). En Espagne, Villareal, vainqueur de la Ligue Europa 2020-2021, a su trouver les arguments pour convaincre le Betis S\u00e9ville et le Stade de Reims de lib\u00e9rer respectivement le d\u00e9fenseur alg\u00e9rien A\u00efssa Mandi (29 ans) et l\u2019attaquant s\u00e9n\u00e9galais Boulaye Dia (24 ans). La vente du premier a rapport\u00e9 8 millions d\u2019euros au club andalou, alors que 14 millions d\u2019euros sont arriv\u00e9s dans les caisses champenoises.<\/p>\n<p>Libre depuis son d\u00e9part tumultueux du Galatasaray en mars \u2013 il avait critiqu\u00e9 le club stambouliote et ses dirigeants dans une interview \u2013, le Marocain Youn\u00e8s Belhanda (31 ans) a d\u00e9cid\u00e9 de rester en Turquie. Il \u00e9voluera cette saison \u00e0 Adana Demirspor, promu en Ligue 1, o\u00f9 il gagnera 1,5 million d\u2019euros par an. Le milieu de terrain gabonais Mario Lemina (27 ans) est quant \u00e0 lui de retour en France. L\u2019ancien joueur de l\u2019Olympique de Marseille et de la Juventus Turin a quitt\u00e9 Southampton pour Nice. Le club anglais a r\u00e9cup\u00e9r\u00e9 4,5 millions d\u2019euros.<\/p>\n<p>Le montant des transactions peut toutefois \u00eatre beaucoup plus cons\u00e9quent, y compris pour des joueurs sans grande notori\u00e9t\u00e9. Ainsi, le Stade rennais a achet\u00e9 le jeune attaquant ghan\u00e9en Kamaldeen Sulemana (19 ans) 15 millions d\u2019euros au FC Nordsjaelland (Danemark). Les Anglais de Brighton ont d\u00e9bours\u00e9 23 millions d\u2019euros pour attirer en Premier League le milieu de terrain zambien Enock Mwepu (23 ans), venu de Salzbourg. Autant que le Bayer Leverkusen pour le d\u00e9fenseur ivoirien Odilon Kossounou (20 ans), qui \u00e9voluait jusqu\u2019alors au FC Bruges.<\/p>\n<p>C\u2019est en cours&#8230; Les trois derni\u00e8res semaines du mercato devraient \u00eatre particuli\u00e8rement anim\u00e9es. Ainsi, l\u2019Ivoirien J\u00e9r\u00e9mie Boga (24 ans) est courtis\u00e9 par Nice, Marseille, Lyon et l\u2019Atalanta Bergame, qui a transmis une offre de 23 millions d\u2019euros \u00e0 son club de Sassuolo (Italie). Son compatriote Maxwel Cornet (24 ans), \u00e0 qui Lyon a accord\u00e9 un bon de sortie, int\u00e9resse les Anglais de Burnley et les Allemands du Hertha Berlin. Le transfert devrait se n\u00e9gocier autour de 12 millions d\u2019euros.<\/p>\n<p>Le S\u00e9n\u00e9galais Mbaye Niang (26 ans), sous contrat avec Rennes, ne manque pas de pr\u00e9tendants. Outre Nantes et Venise, Anderlecht, le Celtic Glasgow et Nottingham Forest sont int\u00e9ress\u00e9s par le Lion de la Teranga, dont la valeur est estim\u00e9e \u00e0 5 millions d\u2019euros. Son co\u00e9quipier en s\u00e9lection, Keita Bald\u00e9 (26 ans), dont l\u2019avenir semble bouch\u00e9 \u00e0 Monaco, pourrait s\u2019engager avec l\u2019Inter Milan. L\u2019Alg\u00e9rien Islam Slimani (33 ans) pourrait quant \u00e0 lui quitter Lyon au profit du Sporting Lisbonne ou bien des Saoudiens d\u2019Al-Hilal ou d\u2019Al-Ittihad Djeddah.<\/p>\n<p>Le Marocain Hakim Ziyech (28 ans) foulera-t-il les pelouses italiennes cette saison ? Sous contrat avec Chelsea, le milieu de terrain a un temps \u00e9t\u00e9 cibl\u00e9 par Lyon, mais le club fran\u00e7ais, refroidi par le salaire mensuel du joueur (500 000 euros) et le montant d\u2019un \u00e9ventuel transfert (40 millions d\u2019euros), s\u2019est retir\u00e9 de la course. C\u2019est aujourd\u2019hui le Milan AC qui semble le mieux plac\u00e9 pour l\u2019accueillir.<\/p>\n<p>Enfin, le d\u00e9fenseur s\u00e9n\u00e9galais Kalidou Koulibaly (30 ans) ne manque pas de pr\u00e9tendants : le PSG, Everton, le Real Madrid, Manchester United\u2026 Mais Naples n\u2019envisage pas de c\u00e9der son joueur \u00e0 moins de 50 millions d\u2019euros, alors qu\u2019aucune offre sup\u00e9rieure \u00e0 35 millions n\u2019est pour l\u2019instant parvenue sur le bureau d\u2019Aurelio de Laurentiis, le pr\u00e9sident du club, dur en affaires\u2026<\/p>\n","protected":false},"excerpt":{"rendered":"<p>Africa-Press &#8211; C\u00f4te d&rsquo;Ivoire. Evidemment, aucun transfert n\u2019arrivera \u00e0 la cheville de celui de Lionel Messi. L\u2019arriv\u00e9e au Paris-Saint-Germain (PSG) du meilleur joueur du monde, sextuple Ballon d\u2019or, officialis\u00e9e mardi 10 ao\u00fbt, \u00e9crase tout sur son passage. Pour autant, le mercato estival ne se limite pas \u00e0 ce transfert hors normes. Ainsi, certains clubs de [&hellip;]<\/p>\n","protected":false},"author":82,"featured_media":11167,"comment_status":"open","ping_status":"closed","sticky":false,"template":"","format":"standard","meta":{"footnotes":""},"categories":[22,11,10],"tags":[56,63,29],"class_list":["post-11168","post","type-post","status-publish","format-standard","has-post-thumbnail","hentry","category-divers","category-homepage-french","category-toutes-les-actualites","tag-africa-press","tag-africa-press-cote-divoire","tag-cote-divoire"],"yoast_head":"<!-- This site is optimized with the Yoast SEO Premium plugin v26.1 (Yoast SEO v27.0) - https:\/\/yoast.com\/product\/yoast-seo-premium-wordpress\/ -->\n<title>Football\u00a0: un mercato tr\u00e8s anim\u00e9 pour les joueurs africains - C\u00f4te d&#039;Ivoire<\/title>\n<meta name=\"description\" content=\"Evidemment, aucun transfert n\u2019arrivera \u00e0 la cheville de celui de Lionel Messi. L\u2019arriv\u00e9e au Paris-Saint-Germain (PSG) du ...\" \/>\n<meta name=\"robots\" content=\"index, follow, max-snippet:-1, max-image-preview:large, max-video-preview:-1\" \/>\n<link rel=\"canonical\" href=\"https:\/\/www.africa-press.net\/cotedivoire\/toutes-les-actualites\/football-un-mercato-tres-anime-pour-les-joueurs-africains\" \/>\n<meta property=\"og:locale\" content=\"fr_FR\" \/>\n<meta property=\"og:type\" content=\"article\" \/>\n<meta property=\"og:title\" content=\"Football\u00a0: un mercato tr\u00e8s anim\u00e9 pour les joueurs africains\" \/>\n<meta property=\"og:description\" content=\"Evidemment, aucun transfert n\u2019arrivera \u00e0 la cheville de celui de Lionel Messi. L\u2019arriv\u00e9e au Paris-Saint-Germain (PSG) du ...\" \/>\n<meta property=\"og:url\" content=\"https:\/\/www.africa-press.net\/cotedivoire\/toutes-les-actualites\/football-un-mercato-tres-anime-pour-les-joueurs-africains\" \/>\n<meta property=\"og:site_name\" content=\"C\u00f4te d&#039;Ivoire\" \/>\n<meta property=\"article:published_time\" content=\"2021-08-11T12:29:31+00:00\" \/>\n<meta property=\"article:modified_time\" content=\"2021-08-11T21:06:43+00:00\" \/>\n<meta property=\"og:image\" content=\"https:\/\/static.africa-press.net\/cote\/sites\/43\/2021\/08\/img-6113c2638213a.jpg\" \/>\n\t<meta property=\"og:image:width\" content=\"1440\" \/>\n\t<meta property=\"og:image:height\" content=\"720\" \/>\n\t<meta property=\"og:image:type\" content=\"image\/jpeg\" \/>\n<meta name=\"author\" content=\"cfeditorfr\" \/>\n<meta name=\"twitter:card\" content=\"summary_large_image\" \/>\n<meta name=\"twitter:label1\" content=\"\u00c9crit par\" \/>\n\t<meta name=\"twitter:data1\" content=\"cfeditorfr\" \/>\n\t<meta name=\"twitter:label2\" content=\"Dur\u00e9e de lecture estim\u00e9e\" \/>\n\t<meta name=\"twitter:data2\" content=\"5 minutes\" \/>\n<script type=\"application\/ld+json\" class=\"yoast-schema-graph\">{\"@context\":\"https:\/\/schema.org\",\"@graph\":[{\"@type\":\"Article\",\"@id\":\"https:\/\/www.africa-press.net\/cotedivoire\/toutes-les-actualites\/football-un-mercato-tres-anime-pour-les-joueurs-africains#article\",\"isPartOf\":{\"@id\":\"https:\/\/www.africa-press.net\/cotedivoire\/toutes-les-actualites\/football-un-mercato-tres-anime-pour-les-joueurs-africains\"},\"author\":{\"name\":\"cfeditorfr\",\"@id\":\"https:\/\/www.africa-press.net\/cotedivoire\/#\/schema\/person\/2b1cf3cd81a31e3cd26889ca66d677f1\"},\"headline\":\"Football\u00a0: un mercato tr\u00e8s anim\u00e9 pour les joueurs africains\",\"datePublished\":\"2021-08-11T12:29:31+00:00\",\"dateModified\":\"2021-08-11T21:06:43+00:00\",\"mainEntityOfPage\":{\"@id\":\"https:\/\/www.africa-press.net\/cotedivoire\/toutes-les-actualites\/football-un-mercato-tres-anime-pour-les-joueurs-africains\"},\"wordCount\":1021,\"commentCount\":0,\"image\":{\"@id\":\"https:\/\/www.africa-press.net\/cotedivoire\/toutes-les-actualites\/football-un-mercato-tres-anime-pour-les-joueurs-africains#primaryimage\"},\"thumbnailUrl\":\"https:\/\/static.africa-press.net\/cote\/sites\/43\/2021\/08\/img-6113c2638213a.jpg\",\"keywords\":[\"Africa Press\",\"Africa Press-C\u00f4te d'Ivoire\",\"C\u00d4TE D'IVOIRE\"],\"articleSection\":[\"Divers\",\"homepage-french\",\"Toutes les actualit\u00e9s\"],\"inLanguage\":\"fr-FR\",\"potentialAction\":[{\"@type\":\"CommentAction\",\"name\":\"Comment\",\"target\":[\"https:\/\/www.africa-press.net\/cotedivoire\/toutes-les-actualites\/football-un-mercato-tres-anime-pour-les-joueurs-africains#respond\"]}]},{\"@type\":\"WebPage\",\"@id\":\"https:\/\/www.africa-press.net\/cotedivoire\/toutes-les-actualites\/football-un-mercato-tres-anime-pour-les-joueurs-africains\",\"url\":\"https:\/\/www.africa-press.net\/cotedivoire\/toutes-les-actualites\/football-un-mercato-tres-anime-pour-les-joueurs-africains\",\"name\":\"Football\u00a0: un mercato tr\u00e8s anim\u00e9 pour les joueurs africains - C\u00f4te d&#039;Ivoire\",\"isPartOf\":{\"@id\":\"https:\/\/www.africa-press.net\/cotedivoire\/#website\"},\"primaryImageOfPage\":{\"@id\":\"https:\/\/www.africa-press.net\/cotedivoire\/toutes-les-actualites\/football-un-mercato-tres-anime-pour-les-joueurs-africains#primaryimage\"},\"image\":{\"@id\":\"https:\/\/www.africa-press.net\/cotedivoire\/toutes-les-actualites\/football-un-mercato-tres-anime-pour-les-joueurs-africains#primaryimage\"},\"thumbnailUrl\":\"https:\/\/static.africa-press.net\/cote\/sites\/43\/2021\/08\/img-6113c2638213a.jpg\",\"datePublished\":\"2021-08-11T12:29:31+00:00\",\"dateModified\":\"2021-08-11T21:06:43+00:00\",\"author\":{\"@id\":\"https:\/\/www.africa-press.net\/cotedivoire\/#\/schema\/person\/2b1cf3cd81a31e3cd26889ca66d677f1\"},\"description\":\"Evidemment, aucun transfert n\u2019arrivera \u00e0 la cheville de celui de Lionel Messi. L\u2019arriv\u00e9e au Paris-Saint-Germain (PSG) du ...\",\"breadcrumb\":{\"@id\":\"https:\/\/www.africa-press.net\/cotedivoire\/toutes-les-actualites\/football-un-mercato-tres-anime-pour-les-joueurs-africains#breadcrumb\"},\"inLanguage\":\"fr-FR\",\"potentialAction\":[{\"@type\":\"ReadAction\",\"target\":[\"https:\/\/www.africa-press.net\/cotedivoire\/toutes-les-actualites\/football-un-mercato-tres-anime-pour-les-joueurs-africains\"]}]},{\"@type\":\"ImageObject\",\"inLanguage\":\"fr-FR\",\"@id\":\"https:\/\/www.africa-press.net\/cotedivoire\/toutes-les-actualites\/football-un-mercato-tres-anime-pour-les-joueurs-africains#primaryimage\",\"url\":\"https:\/\/static.africa-press.net\/cote\/sites\/43\/2021\/08\/img-6113c2638213a.jpg\",\"contentUrl\":\"https:\/\/static.africa-press.net\/cote\/sites\/43\/2021\/08\/img-6113c2638213a.jpg\",\"width\":1440,\"height\":720,\"caption\":\"Football\u00a0: un mercato tr\u00e8s anim\u00e9 pour les joueurs africains\"},{\"@type\":\"BreadcrumbList\",\"@id\":\"https:\/\/www.africa-press.net\/cotedivoire\/toutes-les-actualites\/football-un-mercato-tres-anime-pour-les-joueurs-africains#breadcrumb\",\"itemListElement\":[{\"@type\":\"ListItem\",\"position\":1,\"name\":\"Accueil\",\"item\":\"https:\/\/www.africa-press.net\/cotedivoire\/\"},{\"@type\":\"ListItem\",\"position\":2,\"name\":\"Football\u00a0: un mercato tr\u00e8s anim\u00e9 pour les joueurs africains\"}]},{\"@type\":\"WebSite\",\"@id\":\"https:\/\/www.africa-press.net\/cotedivoire\/#website\",\"url\":\"https:\/\/www.africa-press.net\/cotedivoire\/\",\"name\":\"C\u00f4te d&#039;Ivoire\",\"description\":\"Just another Africa News Agency Sites site\",\"potentialAction\":[{\"@type\":\"SearchAction\",\"target\":{\"@type\":\"EntryPoint\",\"urlTemplate\":\"https:\/\/www.africa-press.net\/cotedivoire\/?s={search_term_string}\"},\"query-input\":{\"@type\":\"PropertyValueSpecification\",\"valueRequired\":true,\"valueName\":\"search_term_string\"}}],\"inLanguage\":\"fr-FR\"},{\"@type\":\"Person\",\"@id\":\"https:\/\/www.africa-press.net\/cotedivoire\/#\/schema\/person\/2b1cf3cd81a31e3cd26889ca66d677f1\",\"name\":\"cfeditorfr\"}]}<\/script>\n<!-- \/ Yoast SEO Premium plugin. -->","yoast_head_json":{"title":"Football\u00a0: un mercato tr\u00e8s anim\u00e9 pour les joueurs africains - C\u00f4te d&#039;Ivoire","description":"Evidemment, aucun transfert n\u2019arrivera \u00e0 la cheville de celui de Lionel Messi. L\u2019arriv\u00e9e au Paris-Saint-Germain (PSG) du ...","robots":{"index":"index","follow":"follow","max-snippet":"max-snippet:-1","max-image-preview":"max-image-preview:large","max-video-preview":"max-video-preview:-1"},"canonical":"https:\/\/www.africa-press.net\/cotedivoire\/toutes-les-actualites\/football-un-mercato-tres-anime-pour-les-joueurs-africains","og_locale":"fr_FR","og_type":"article","og_title":"Football\u00a0: un mercato tr\u00e8s anim\u00e9 pour les joueurs africains","og_description":"Evidemment, aucun transfert n\u2019arrivera \u00e0 la cheville de celui de Lionel Messi. L\u2019arriv\u00e9e au Paris-Saint-Germain (PSG) du ...","og_url":"https:\/\/www.africa-press.net\/cotedivoire\/toutes-les-actualites\/football-un-mercato-tres-anime-pour-les-joueurs-africains","og_site_name":"C\u00f4te d&#039;Ivoire","article_published_time":"2021-08-11T12:29:31+00:00","article_modified_time":"2021-08-11T21:06:43+00:00","og_image":[{"width":1440,"height":720,"url":"https:\/\/static.africa-press.net\/cote\/sites\/43\/2021\/08\/img-6113c2638213a.jpg","type":"image\/jpeg"}],"author":"cfeditorfr","twitter_card":"summary_large_image","twitter_misc":{"\u00c9crit par":"cfeditorfr","Dur\u00e9e de lecture estim\u00e9e":"5 minutes"},"schema":{"@context":"https:\/\/schema.org","@graph":[{"@type":"Article","@id":"https:\/\/www.africa-press.net\/cotedivoire\/toutes-les-actualites\/football-un-mercato-tres-anime-pour-les-joueurs-africains#article","isPartOf":{"@id":"https:\/\/www.africa-press.net\/cotedivoire\/toutes-les-actualites\/football-un-mercato-tres-anime-pour-les-joueurs-africains"},"author":{"name":"cfeditorfr","@id":"https:\/\/www.africa-press.net\/cotedivoire\/#\/schema\/person\/2b1cf3cd81a31e3cd26889ca66d677f1"},"headline":"Football\u00a0: un mercato tr\u00e8s anim\u00e9 pour les joueurs africains","datePublished":"2021-08-11T12:29:31+00:00","dateModified":"2021-08-11T21:06:43+00:00","mainEntityOfPage":{"@id":"https:\/\/www.africa-press.net\/cotedivoire\/toutes-les-actualites\/football-un-mercato-tres-anime-pour-les-joueurs-africains"},"wordCount":1021,"commentCount":0,"image":{"@id":"https:\/\/www.africa-press.net\/cotedivoire\/toutes-les-actualites\/football-un-mercato-tres-anime-pour-les-joueurs-africains#primaryimage"},"thumbnailUrl":"https:\/\/static.africa-press.net\/cote\/sites\/43\/2021\/08\/img-6113c2638213a.jpg","keywords":["Africa Press","Africa Press-C\u00f4te d'Ivoire","C\u00d4TE D'IVOIRE"],"articleSection":["Divers","homepage-french","Toutes les actualit\u00e9s"],"inLanguage":"fr-FR","potentialAction":[{"@type":"CommentAction","name":"Comment","target":["https:\/\/www.africa-press.net\/cotedivoire\/toutes-les-actualites\/football-un-mercato-tres-anime-pour-les-joueurs-africains#respond"]}]},{"@type":"WebPage","@id":"https:\/\/www.africa-press.net\/cotedivoire\/toutes-les-actualites\/football-un-mercato-tres-anime-pour-les-joueurs-africains","url":"https:\/\/www.africa-press.net\/cotedivoire\/toutes-les-actualites\/football-un-mercato-tres-anime-pour-les-joueurs-africains","name":"Football\u00a0: un mercato tr\u00e8s anim\u00e9 pour les joueurs africains - C\u00f4te d&#039;Ivoire","isPartOf":{"@id":"https:\/\/www.africa-press.net\/cotedivoire\/#website"},"primaryImageOfPage":{"@id":"https:\/\/www.africa-press.net\/cotedivoire\/toutes-les-actualites\/football-un-mercato-tres-anime-pour-les-joueurs-africains#primaryimage"},"image":{"@id":"https:\/\/www.africa-press.net\/cotedivoire\/toutes-les-actualites\/football-un-mercato-tres-anime-pour-les-joueurs-africains#primaryimage"},"thumbnailUrl":"https:\/\/static.africa-press.net\/cote\/sites\/43\/2021\/08\/img-6113c2638213a.jpg","datePublished":"2021-08-11T12:29:31+00:00","dateModified":"2021-08-11T21:06:43+00:00","author":{"@id":"https:\/\/www.africa-press.net\/cotedivoire\/#\/schema\/person\/2b1cf3cd81a31e3cd26889ca66d677f1"},"description":"Evidemment, aucun transfert n\u2019arrivera \u00e0 la cheville de celui de Lionel Messi. L\u2019arriv\u00e9e au Paris-Saint-Germain (PSG) du ...","breadcrumb":{"@id":"https:\/\/www.africa-press.net\/cotedivoire\/toutes-les-actualites\/football-un-mercato-tres-anime-pour-les-joueurs-africains#breadcrumb"},"inLanguage":"fr-FR","potentialAction":[{"@type":"ReadAction","target":["https:\/\/www.africa-press.net\/cotedivoire\/toutes-les-actualites\/football-un-mercato-tres-anime-pour-les-joueurs-africains"]}]},{"@type":"ImageObject","inLanguage":"fr-FR","@id":"https:\/\/www.africa-press.net\/cotedivoire\/toutes-les-actualites\/football-un-mercato-tres-anime-pour-les-joueurs-africains#primaryimage","url":"https:\/\/static.africa-press.net\/cote\/sites\/43\/2021\/08\/img-6113c2638213a.jpg","contentUrl":"https:\/\/static.africa-press.net\/cote\/sites\/43\/2021\/08\/img-6113c2638213a.jpg","width":1440,"height":720,"caption":"Football\u00a0: un mercato tr\u00e8s anim\u00e9 pour les joueurs africains"},{"@type":"BreadcrumbList","@id":"https:\/\/www.africa-press.net\/cotedivoire\/toutes-les-actualites\/football-un-mercato-tres-anime-pour-les-joueurs-africains#breadcrumb","itemListElement":[{"@type":"ListItem","position":1,"name":"Accueil","item":"https:\/\/www.africa-press.net\/cotedivoire\/"},{"@type":"ListItem","position":2,"name":"Football\u00a0: un mercato tr\u00e8s anim\u00e9 pour les joueurs africains"}]},{"@type":"WebSite","@id":"https:\/\/www.africa-press.net\/cotedivoire\/#website","url":"https:\/\/www.africa-press.net\/cotedivoire\/","name":"C\u00f4te d&#039;Ivoire","description":"Just another Africa News Agency Sites site","potentialAction":[{"@type":"SearchAction","target":{"@type":"EntryPoint","urlTemplate":"https:\/\/www.africa-press.net\/cotedivoire\/?s={search_term_string}"},"query-input":{"@type":"PropertyValueSpecification","valueRequired":true,"valueName":"search_term_string"}}],"inLanguage":"fr-FR"},{"@type":"Person","@id":"https:\/\/www.africa-press.net\/cotedivoire\/#\/schema\/person\/2b1cf3cd81a31e3cd26889ca66d677f1","name":"cfeditorfr"}]}},"_links":{"self":[{"href":"https:\/\/www.africa-press.net\/cotedivoire\/wp-json\/wp\/v2\/posts\/11168","targetHints":{"allow":["GET"]}}],"collection":[{"href":"https:\/\/www.africa-press.net\/cotedivoire\/wp-json\/wp\/v2\/posts"}],"about":[{"href":"https:\/\/www.africa-press.net\/cotedivoire\/wp-json\/wp\/v2\/types\/post"}],"author":[{"embeddable":true,"href":"https:\/\/www.africa-press.net\/cotedivoire\/wp-json\/wp\/v2\/users\/82"}],"replies":[{"embeddable":true,"href":"https:\/\/www.africa-press.net\/cotedivoire\/wp-json\/wp\/v2\/comments?post=11168"}],"version-history":[{"count":0,"href":"https:\/\/www.africa-press.net\/cotedivoire\/wp-json\/wp\/v2\/posts\/11168\/revisions"}],"wp:featuredmedia":[{"embeddable":true,"href":"https:\/\/www.africa-press.net\/cotedivoire\/wp-json\/wp\/v2\/media\/11167"}],"wp:attachment":[{"href":"https:\/\/www.africa-press.net\/cotedivoire\/wp-json\/wp\/v2\/media?parent=11168"}],"wp:term":[{"taxonomy":"category","embeddable":true,"href":"https:\/\/www.africa-press.net\/cotedivoire\/wp-json\/wp\/v2\/categories?post=11168"},{"taxonomy":"post_tag","embeddable":true,"href":"https:\/\/www.africa-press.net\/cotedivoire\/wp-json\/wp\/v2\/tags?post=11168"}],"curies":[{"name":"wp","href":"https:\/\/api.w.org\/{rel}","templated":true}]}}