{"id":111682,"date":"2026-01-22T20:07:09","date_gmt":"2026-01-22T20:07:09","guid":{"rendered":"https:\/\/www.africa-press.net\/cotedivoire\/politique\/acces-universel-a-lelectricite-le-modele-ivoirien-attire-le-senegal-le-togo-le-benin-et-la-rdc-a-abidjan"},"modified":"2026-01-22T20:07:09","modified_gmt":"2026-01-22T20:07:09","slug":"acces-universel-a-lelectricite-le-modele-ivoirien-attire-le-senegal-le-togo-le-benin-et-la-rdc-a-abidjan","status":"publish","type":"post","link":"https:\/\/www.africa-press.net\/cotedivoire\/economie\/acces-universel-a-lelectricite-le-modele-ivoirien-attire-le-senegal-le-togo-le-benin-et-la-rdc-a-abidjan","title":{"rendered":"Acc\u00e8s universel \u00e0 l&rsquo;\u00e9lectricit\u00e9, le mod\u00e8le ivoirien attire le S\u00e9n\u00e9gal, le Togo, le B\u00e9nin et la RDC \u00e0 Abidjan"},"content":{"rendered":"<p>Plusieurs pays africains renforcent leur coop\u00e9ration autour de l\u2019acc\u00e8s \u00e0 l\u2019\u00e9lectricit\u00e9 en s\u2019inspirant de l\u2019exp\u00e9rience de la C\u00f4te d\u2019Ivoire, aujourd\u2019hui consid\u00e9r\u00e9e comme une r\u00e9f\u00e9rence r\u00e9gionale dans le secteur de l\u2019\u00e9nergie. Du 21 au 23 janvier, quatre d\u00e9l\u00e9gations compos\u00e9es de cadres de l\u2019administration publique du S\u00e9n\u00e9gal, du Togo, du B\u00e9nin et de la R\u00e9publique d\u00e9mocratique du Congo (RDC) s\u00e9journent \u00e0 Abidjan dans le cadre d\u2019un voyage d\u2019\u00e9tude consacr\u00e9 \u00e0 la gestion du secteur de l\u2019\u00e9lectricit\u00e9.<\/p>\n<p>Cette mission, initi\u00e9e par le Groupe de la Banque mondiale, vise \u00e0 permettre aux participants de s\u2019impr\u00e9gner du mod\u00e8le ivoirien de d\u00e9veloppement du secteur \u00e9nerg\u00e9tique, en particulier du Programme \u00ab \u00c9lectricit\u00e9 pour Tous \u00bb (PEPT), reconnu pour son impact significatif sur l\u2019am\u00e9lioration du taux d\u2019acc\u00e8s \u00e0 l\u2019\u00e9lectricit\u00e9.<\/p>\n<p>Une d\u00e9l\u00e9gation d\u2019une vingtaine de personnes a \u00e9t\u00e9 officiellement re\u00e7ue, le mercredi 21 janvier, \u00e0 l\u2019immeuble Sciam, au Plateau, par le directeur de cabinet adjoint du minist\u00e8re des Mines, du P\u00e9trole et de l\u2019\u00c9nergie, Souleymane Soro. Il \u00e9tait entour\u00e9 du pr\u00e9sident du Fonds PEPT, Silu\u00e9 Zahalo, ainsi que de plusieurs membres du cabinet minist\u00e9riel.<\/p>\n<p>Dans son intervention, Souleymane Soro a salu\u00e9 l\u2019initiative de la Banque mondiale et soulign\u00e9 l\u2019importance du partage d\u2019exp\u00e9riences entre pays africains. Il a exprim\u00e9 la disponibilit\u00e9 de la C\u00f4te d\u2019Ivoire \u00e0 accompagner ses partenaires dans la mise en place de m\u00e9canismes favorisant un acc\u00e8s \u00e9largi et durable \u00e0 l\u2019\u00e9lectricit\u00e9.<\/p>\n<p>Prenant la parole \u00e0 son tour, le pr\u00e9sident du Fonds PEPT, Silu\u00e9 Zahalo, a rappel\u00e9 que le Fonds PEPT, cr\u00e9\u00e9 par l\u2019ordonnance n\u00b02018-809 du 24 octobre 2018, a contribu\u00e9 \u00e0 une augmentation rapide du taux d\u2019acc\u00e8s \u00e0 l\u2019\u00e9lectricit\u00e9 en C\u00f4te d\u2019Ivoire. Il a pr\u00e9cis\u00e9 que le Programme \u00c9lectricit\u00e9 pour Tous vise \u00e0 faciliter le raccordement des m\u00e9nages au r\u00e9seau \u00e9lectrique, notamment \u00e0 travers l\u2019all\u00e8gement des formalit\u00e9s administratives et l\u2019octroi de facilit\u00e9s de paiement \u00e9tal\u00e9es sur une p\u00e9riode allant de trois \u00e0 dix ans, selon l\u2019offre choisie.<\/p>\n<p>Les repr\u00e9sentants des diff\u00e9rentes d\u00e9l\u00e9gations ont unanimement salu\u00e9 l\u2019expertise ivoirienne dans le secteur de l\u2019\u00e9lectricit\u00e9 et exprim\u00e9 leur volont\u00e9 de s\u2019en inspirer. \u00ab Cette mission s\u2019inscrit dans le cadre de la coop\u00e9ration Sud-Sud. Nous sommes venus apprendre de l\u2019exp\u00e9rience ivoirienne \u00bb, a d\u00e9clar\u00e9 Alassani Fouss\u00e9ni, directeur de cabinet du ministre d\u00e9l\u00e9gu\u00e9 charg\u00e9 de l\u2019\u00c9nergie et des Ressources mini\u00e8res du Togo.<\/p>\n<p>Du c\u00f4t\u00e9 du B\u00e9nin, Pedro Alid\u00e9, conseiller technique du ministre de l\u2019\u00c9nergie, de l\u2019Eau et des Mines, a indiqu\u00e9 que son pays manifeste un vif int\u00e9r\u00eat pour le PEPT, dans un contexte o\u00f9 le taux d\u2019acc\u00e8s \u00e0 l\u2019\u00e9lectricit\u00e9 est actuellement estim\u00e9 \u00e0 42,6 %.<\/p>\n<p>Bien que le S\u00e9n\u00e9gal affiche un taux plus \u00e9lev\u00e9, avoisinant 85 %, Mme Oumy Kha\u00efry Diop, secr\u00e9taire permanente \u00e0 l\u2019\u00c9nergie, a r\u00e9affirm\u00e9 l\u2019ambition de son pays d\u2019atteindre un acc\u00e8s universel \u00e0 l\u2019\u00e9lectricit\u00e9 d\u2019ici 2029. \u00ab Nous sommes venus nous inspirer du mod\u00e8le ivoirien, notamment en mati\u00e8re de raccordement et d\u2019installation \u00bb, a-t-elle soulign\u00e9.<\/p>\n<p>La RDC partage \u00e9galement cette ambition. Selon Thierno Bah, sp\u00e9cialiste en chef de l\u2019\u00c9nergie pour l\u2019Afrique de l\u2019Est et du Sud au sein du Groupe de la Banque mondiale, la C\u00f4te d\u2019Ivoire est per\u00e7ue comme un leader continental dans l\u2019acc\u00e8s \u00e0 l\u2019\u00e9lectricit\u00e9. \u00ab En RDC, le taux d\u2019acc\u00e8s est d\u2019environ 20 %. Nous visons plus de 60 % d\u2019ici 2030 en nous inspirant du mod\u00e8le ivoirien. Le PEPT constitue un exemple \u00e0 suivre pour tout pays souhaitant accro\u00eetre significativement l\u2019acc\u00e8s \u00e0 l\u2019\u00e9lectricit\u00e9 \u00bb, a-t-il affirm\u00e9.<\/p>\n<p>Le programme de cette mission d\u2019\u00e9tude comprend plusieurs activit\u00e9s, notamment des pr\u00e9sentations th\u00e9matiques, des \u00e9changes bilat\u00e9raux par pays, une pr\u00e9sentation d\u00e9taill\u00e9e du m\u00e9canisme de financement du PEPT, ainsi que des visites de terrain. Les d\u00e9l\u00e9gations se rendront notamment sur le site logistique de la Compagnie ivoirienne d\u2019\u00e9lectricit\u00e9 (CIE) et dans une agence de la CIE afin d\u2019observer le processus d\u2019enregistrement des b\u00e9n\u00e9ficiaires et la gestion du service client\u00e8le du PEPT.<\/p>\n<p>Wassimagnon<\/p>\n","protected":false},"excerpt":{"rendered":"<p>Plusieurs pays africains renforcent leur coop\u00e9ration autour de l\u2019acc\u00e8s \u00e0 l\u2019\u00e9lectricit\u00e9 en s\u2019inspirant de l\u2019exp\u00e9rience de la C\u00f4te d\u2019Ivoire, aujourd\u2019hui consid\u00e9r\u00e9e comme une r\u00e9f\u00e9rence r\u00e9gionale dans le secteur de l\u2019\u00e9nergie. Du 21 au 23 janvier, quatre d\u00e9l\u00e9gations compos\u00e9es de cadres de l\u2019administration publique du S\u00e9n\u00e9gal, du Togo, du B\u00e9nin et de la R\u00e9publique d\u00e9mocratique du [&hellip;]<\/p>\n","protected":false},"author":82,"featured_media":111681,"comment_status":"open","ping_status":"closed","sticky":false,"template":"","format":"standard","meta":{"footnotes":""},"categories":[3,10],"tags":[6921,35,782,20095,1583,4128,10915,10320,5999,20096],"class_list":["post-111682","post","type-post","status-publish","format-standard","has-post-thumbnail","hentry","category-economie","category-toutes-les-actualites","tag-acces","tag-afrique","tag-banque-mondiale","tag-cooperation-sud-sud","tag-developpement","tag-electricite","tag-energetique","tag-energie-2","tag-pept","tag-tous"],"yoast_head":"<!-- This site is optimized with the Yoast SEO Premium plugin v26.1 (Yoast SEO v27.0) - https:\/\/yoast.com\/product\/yoast-seo-premium-wordpress\/ -->\n<title>Acc\u00e8s universel \u00e0 l&#039;\u00e9lectricit\u00e9, le mod\u00e8le ivoirien attire le S\u00e9n\u00e9gal, le Togo, le B\u00e9nin et la RDC \u00e0 Abidjan - C\u00f4te d&#039;Ivoire<\/title>\n<meta name=\"robots\" content=\"index, follow, max-snippet:-1, max-image-preview:large, max-video-preview:-1\" \/>\n<link rel=\"canonical\" href=\"https:\/\/www.africa-press.net\/cotedivoire\/politique\/acces-universel-a-lelectricite-le-modele-ivoirien-attire-le-senegal-le-togo-le-benin-et-la-rdc-a-abidjan\" \/>\n<meta property=\"og:locale\" content=\"fr_FR\" \/>\n<meta property=\"og:type\" content=\"article\" \/>\n<meta property=\"og:title\" content=\"Acc\u00e8s universel \u00e0 l&#039;\u00e9lectricit\u00e9, le mod\u00e8le ivoirien attire le S\u00e9n\u00e9gal, le Togo, le B\u00e9nin et la RDC \u00e0 Abidjan\" \/>\n<meta property=\"og:description\" content=\"Plusieurs pays africains renforcent leur coop\u00e9ration autour de l\u2019acc\u00e8s \u00e0 l\u2019\u00e9lectricit\u00e9 en s\u2019inspirant de l\u2019exp\u00e9rience de la C\u00f4te d\u2019Ivoire, aujourd\u2019hui consid\u00e9r\u00e9e comme une r\u00e9f\u00e9rence r\u00e9gionale dans le secteur de l\u2019\u00e9nergie. Du 21 au 23 janvier, quatre d\u00e9l\u00e9gations compos\u00e9es de cadres de l\u2019administration publique du S\u00e9n\u00e9gal, du Togo, du B\u00e9nin et de la R\u00e9publique d\u00e9mocratique du [&hellip;]\" \/>\n<meta property=\"og:url\" content=\"https:\/\/www.africa-press.net\/cotedivoire\/politique\/acces-universel-a-lelectricite-le-modele-ivoirien-attire-le-senegal-le-togo-le-benin-et-la-rdc-a-abidjan\" \/>\n<meta property=\"og:site_name\" content=\"C\u00f4te d&#039;Ivoire\" \/>\n<meta property=\"article:published_time\" content=\"2026-01-22T20:07:09+00:00\" \/>\n<meta name=\"author\" content=\"cfeditorfr\" \/>\n<meta name=\"twitter:card\" content=\"summary_large_image\" \/>\n<meta name=\"twitter:label1\" content=\"\u00c9crit par\" \/>\n\t<meta name=\"twitter:data1\" content=\"cfeditorfr\" \/>\n\t<meta name=\"twitter:label2\" content=\"Dur\u00e9e de lecture estim\u00e9e\" \/>\n\t<meta name=\"twitter:data2\" content=\"4 minutes\" \/>\n<script type=\"application\/ld+json\" class=\"yoast-schema-graph\">{\"@context\":\"https:\/\/schema.org\",\"@graph\":[{\"@type\":\"Article\",\"@id\":\"https:\/\/www.africa-press.net\/cotedivoire\/politique\/acces-universel-a-lelectricite-le-modele-ivoirien-attire-le-senegal-le-togo-le-benin-et-la-rdc-a-abidjan#article\",\"isPartOf\":{\"@id\":\"https:\/\/www.africa-press.net\/cotedivoire\/politique\/acces-universel-a-lelectricite-le-modele-ivoirien-attire-le-senegal-le-togo-le-benin-et-la-rdc-a-abidjan\"},\"author\":{\"name\":\"cfeditorfr\",\"@id\":\"https:\/\/www.africa-press.net\/cotedivoire\/#\/schema\/person\/2b1cf3cd81a31e3cd26889ca66d677f1\"},\"headline\":\"Acc\u00e8s universel \u00e0 l&rsquo;\u00e9lectricit\u00e9, le mod\u00e8le ivoirien attire le S\u00e9n\u00e9gal, le Togo, le B\u00e9nin et la RDC \u00e0 Abidjan\",\"datePublished\":\"2026-01-22T20:07:09+00:00\",\"mainEntityOfPage\":{\"@id\":\"https:\/\/www.africa-press.net\/cotedivoire\/politique\/acces-universel-a-lelectricite-le-modele-ivoirien-attire-le-senegal-le-togo-le-benin-et-la-rdc-a-abidjan\"},\"wordCount\":756,\"commentCount\":0,\"image\":{\"@id\":\"https:\/\/www.africa-press.net\/cotedivoire\/politique\/acces-universel-a-lelectricite-le-modele-ivoirien-attire-le-senegal-le-togo-le-benin-et-la-rdc-a-abidjan#primaryimage\"},\"thumbnailUrl\":\"https:\/\/static.africa-press.net\/cote\/sites\/43\/2026\/01\/sm_1769112429.822059.jpg\",\"keywords\":[\"acc\u00e8s\",\"Afrique\",\"Banque Mondiale\",\"Coop\u00e9ration Sud-Sud\",\"d\u00e9veloppement\",\"\u00e9lectricit\u00e9\",\"\u00e9nerg\u00e9tique\",\"\u00c9nergie\",\"PEPT\",\"Tous\"],\"articleSection\":[\"\u00c9conomie\",\"Toutes les actualit\u00e9s\"],\"inLanguage\":\"fr-FR\",\"potentialAction\":[{\"@type\":\"CommentAction\",\"name\":\"Comment\",\"target\":[\"https:\/\/www.africa-press.net\/cotedivoire\/politique\/acces-universel-a-lelectricite-le-modele-ivoirien-attire-le-senegal-le-togo-le-benin-et-la-rdc-a-abidjan#respond\"]}]},{\"@type\":\"WebPage\",\"@id\":\"https:\/\/www.africa-press.net\/cotedivoire\/politique\/acces-universel-a-lelectricite-le-modele-ivoirien-attire-le-senegal-le-togo-le-benin-et-la-rdc-a-abidjan\",\"url\":\"https:\/\/www.africa-press.net\/cotedivoire\/politique\/acces-universel-a-lelectricite-le-modele-ivoirien-attire-le-senegal-le-togo-le-benin-et-la-rdc-a-abidjan\",\"name\":\"Acc\u00e8s universel \u00e0 l'\u00e9lectricit\u00e9, le mod\u00e8le ivoirien attire le S\u00e9n\u00e9gal, le Togo, le B\u00e9nin et la RDC \u00e0 Abidjan - C\u00f4te d&#039;Ivoire\",\"isPartOf\":{\"@id\":\"https:\/\/www.africa-press.net\/cotedivoire\/#website\"},\"primaryImageOfPage\":{\"@id\":\"https:\/\/www.africa-press.net\/cotedivoire\/politique\/acces-universel-a-lelectricite-le-modele-ivoirien-attire-le-senegal-le-togo-le-benin-et-la-rdc-a-abidjan#primaryimage\"},\"image\":{\"@id\":\"https:\/\/www.africa-press.net\/cotedivoire\/politique\/acces-universel-a-lelectricite-le-modele-ivoirien-attire-le-senegal-le-togo-le-benin-et-la-rdc-a-abidjan#primaryimage\"},\"thumbnailUrl\":\"https:\/\/static.africa-press.net\/cote\/sites\/43\/2026\/01\/sm_1769112429.822059.jpg\",\"datePublished\":\"2026-01-22T20:07:09+00:00\",\"author\":{\"@id\":\"https:\/\/www.africa-press.net\/cotedivoire\/#\/schema\/person\/2b1cf3cd81a31e3cd26889ca66d677f1\"},\"breadcrumb\":{\"@id\":\"https:\/\/www.africa-press.net\/cotedivoire\/politique\/acces-universel-a-lelectricite-le-modele-ivoirien-attire-le-senegal-le-togo-le-benin-et-la-rdc-a-abidjan#breadcrumb\"},\"inLanguage\":\"fr-FR\",\"potentialAction\":[{\"@type\":\"ReadAction\",\"target\":[\"https:\/\/www.africa-press.net\/cotedivoire\/politique\/acces-universel-a-lelectricite-le-modele-ivoirien-attire-le-senegal-le-togo-le-benin-et-la-rdc-a-abidjan\"]}]},{\"@type\":\"ImageObject\",\"inLanguage\":\"fr-FR\",\"@id\":\"https:\/\/www.africa-press.net\/cotedivoire\/politique\/acces-universel-a-lelectricite-le-modele-ivoirien-attire-le-senegal-le-togo-le-benin-et-la-rdc-a-abidjan#primaryimage\",\"url\":\"https:\/\/static.africa-press.net\/cote\/sites\/43\/2026\/01\/sm_1769112429.822059.jpg\",\"contentUrl\":\"https:\/\/static.africa-press.net\/cote\/sites\/43\/2026\/01\/sm_1769112429.822059.jpg\",\"width\":600,\"height\":337,\"caption\":\"Acc\u00e8s universel \u00e0 l'\u00e9lectricit\u00e9, le mod\u00e8le ivoirien attire le S\u00e9n\u00e9gal, le Togo, le B\u00e9nin et la RDC \u00e0 Abidjan\"},{\"@type\":\"BreadcrumbList\",\"@id\":\"https:\/\/www.africa-press.net\/cotedivoire\/politique\/acces-universel-a-lelectricite-le-modele-ivoirien-attire-le-senegal-le-togo-le-benin-et-la-rdc-a-abidjan#breadcrumb\",\"itemListElement\":[{\"@type\":\"ListItem\",\"position\":1,\"name\":\"Accueil\",\"item\":\"https:\/\/www.africa-press.net\/cotedivoire\/\"},{\"@type\":\"ListItem\",\"position\":2,\"name\":\"Acc\u00e8s universel \u00e0 l&rsquo;\u00e9lectricit\u00e9, le mod\u00e8le ivoirien attire le S\u00e9n\u00e9gal, le Togo, le B\u00e9nin et la RDC \u00e0 Abidjan\"}]},{\"@type\":\"WebSite\",\"@id\":\"https:\/\/www.africa-press.net\/cotedivoire\/#website\",\"url\":\"https:\/\/www.africa-press.net\/cotedivoire\/\",\"name\":\"C\u00f4te d&#039;Ivoire\",\"description\":\"Just another Africa News Agency Sites site\",\"potentialAction\":[{\"@type\":\"SearchAction\",\"target\":{\"@type\":\"EntryPoint\",\"urlTemplate\":\"https:\/\/www.africa-press.net\/cotedivoire\/?s={search_term_string}\"},\"query-input\":{\"@type\":\"PropertyValueSpecification\",\"valueRequired\":true,\"valueName\":\"search_term_string\"}}],\"inLanguage\":\"fr-FR\"},{\"@type\":\"Person\",\"@id\":\"https:\/\/www.africa-press.net\/cotedivoire\/#\/schema\/person\/2b1cf3cd81a31e3cd26889ca66d677f1\",\"name\":\"cfeditorfr\"}]}<\/script>\n<!-- \/ Yoast SEO Premium plugin. -->","yoast_head_json":{"title":"Acc\u00e8s universel \u00e0 l'\u00e9lectricit\u00e9, le mod\u00e8le ivoirien attire le S\u00e9n\u00e9gal, le Togo, le B\u00e9nin et la RDC \u00e0 Abidjan - C\u00f4te d&#039;Ivoire","robots":{"index":"index","follow":"follow","max-snippet":"max-snippet:-1","max-image-preview":"max-image-preview:large","max-video-preview":"max-video-preview:-1"},"canonical":"https:\/\/www.africa-press.net\/cotedivoire\/politique\/acces-universel-a-lelectricite-le-modele-ivoirien-attire-le-senegal-le-togo-le-benin-et-la-rdc-a-abidjan","og_locale":"fr_FR","og_type":"article","og_title":"Acc\u00e8s universel \u00e0 l'\u00e9lectricit\u00e9, le mod\u00e8le ivoirien attire le S\u00e9n\u00e9gal, le Togo, le B\u00e9nin et la RDC \u00e0 Abidjan","og_description":"Plusieurs pays africains renforcent leur coop\u00e9ration autour de l\u2019acc\u00e8s \u00e0 l\u2019\u00e9lectricit\u00e9 en s\u2019inspirant de l\u2019exp\u00e9rience de la C\u00f4te d\u2019Ivoire, aujourd\u2019hui consid\u00e9r\u00e9e comme une r\u00e9f\u00e9rence r\u00e9gionale dans le secteur de l\u2019\u00e9nergie. Du 21 au 23 janvier, quatre d\u00e9l\u00e9gations compos\u00e9es de cadres de l\u2019administration publique du S\u00e9n\u00e9gal, du Togo, du B\u00e9nin et de la R\u00e9publique d\u00e9mocratique du [&hellip;]","og_url":"https:\/\/www.africa-press.net\/cotedivoire\/politique\/acces-universel-a-lelectricite-le-modele-ivoirien-attire-le-senegal-le-togo-le-benin-et-la-rdc-a-abidjan","og_site_name":"C\u00f4te d&#039;Ivoire","article_published_time":"2026-01-22T20:07:09+00:00","author":"cfeditorfr","twitter_card":"summary_large_image","twitter_misc":{"\u00c9crit par":"cfeditorfr","Dur\u00e9e de lecture estim\u00e9e":"4 minutes"},"schema":{"@context":"https:\/\/schema.org","@graph":[{"@type":"Article","@id":"https:\/\/www.africa-press.net\/cotedivoire\/politique\/acces-universel-a-lelectricite-le-modele-ivoirien-attire-le-senegal-le-togo-le-benin-et-la-rdc-a-abidjan#article","isPartOf":{"@id":"https:\/\/www.africa-press.net\/cotedivoire\/politique\/acces-universel-a-lelectricite-le-modele-ivoirien-attire-le-senegal-le-togo-le-benin-et-la-rdc-a-abidjan"},"author":{"name":"cfeditorfr","@id":"https:\/\/www.africa-press.net\/cotedivoire\/#\/schema\/person\/2b1cf3cd81a31e3cd26889ca66d677f1"},"headline":"Acc\u00e8s universel \u00e0 l&rsquo;\u00e9lectricit\u00e9, le mod\u00e8le ivoirien attire le S\u00e9n\u00e9gal, le Togo, le B\u00e9nin et la RDC \u00e0 Abidjan","datePublished":"2026-01-22T20:07:09+00:00","mainEntityOfPage":{"@id":"https:\/\/www.africa-press.net\/cotedivoire\/politique\/acces-universel-a-lelectricite-le-modele-ivoirien-attire-le-senegal-le-togo-le-benin-et-la-rdc-a-abidjan"},"wordCount":756,"commentCount":0,"image":{"@id":"https:\/\/www.africa-press.net\/cotedivoire\/politique\/acces-universel-a-lelectricite-le-modele-ivoirien-attire-le-senegal-le-togo-le-benin-et-la-rdc-a-abidjan#primaryimage"},"thumbnailUrl":"https:\/\/static.africa-press.net\/cote\/sites\/43\/2026\/01\/sm_1769112429.822059.jpg","keywords":["acc\u00e8s","Afrique","Banque Mondiale","Coop\u00e9ration Sud-Sud","d\u00e9veloppement","\u00e9lectricit\u00e9","\u00e9nerg\u00e9tique","\u00c9nergie","PEPT","Tous"],"articleSection":["\u00c9conomie","Toutes les actualit\u00e9s"],"inLanguage":"fr-FR","potentialAction":[{"@type":"CommentAction","name":"Comment","target":["https:\/\/www.africa-press.net\/cotedivoire\/politique\/acces-universel-a-lelectricite-le-modele-ivoirien-attire-le-senegal-le-togo-le-benin-et-la-rdc-a-abidjan#respond"]}]},{"@type":"WebPage","@id":"https:\/\/www.africa-press.net\/cotedivoire\/politique\/acces-universel-a-lelectricite-le-modele-ivoirien-attire-le-senegal-le-togo-le-benin-et-la-rdc-a-abidjan","url":"https:\/\/www.africa-press.net\/cotedivoire\/politique\/acces-universel-a-lelectricite-le-modele-ivoirien-attire-le-senegal-le-togo-le-benin-et-la-rdc-a-abidjan","name":"Acc\u00e8s universel \u00e0 l'\u00e9lectricit\u00e9, le mod\u00e8le ivoirien attire le S\u00e9n\u00e9gal, le Togo, le B\u00e9nin et la RDC \u00e0 Abidjan - C\u00f4te d&#039;Ivoire","isPartOf":{"@id":"https:\/\/www.africa-press.net\/cotedivoire\/#website"},"primaryImageOfPage":{"@id":"https:\/\/www.africa-press.net\/cotedivoire\/politique\/acces-universel-a-lelectricite-le-modele-ivoirien-attire-le-senegal-le-togo-le-benin-et-la-rdc-a-abidjan#primaryimage"},"image":{"@id":"https:\/\/www.africa-press.net\/cotedivoire\/politique\/acces-universel-a-lelectricite-le-modele-ivoirien-attire-le-senegal-le-togo-le-benin-et-la-rdc-a-abidjan#primaryimage"},"thumbnailUrl":"https:\/\/static.africa-press.net\/cote\/sites\/43\/2026\/01\/sm_1769112429.822059.jpg","datePublished":"2026-01-22T20:07:09+00:00","author":{"@id":"https:\/\/www.africa-press.net\/cotedivoire\/#\/schema\/person\/2b1cf3cd81a31e3cd26889ca66d677f1"},"breadcrumb":{"@id":"https:\/\/www.africa-press.net\/cotedivoire\/politique\/acces-universel-a-lelectricite-le-modele-ivoirien-attire-le-senegal-le-togo-le-benin-et-la-rdc-a-abidjan#breadcrumb"},"inLanguage":"fr-FR","potentialAction":[{"@type":"ReadAction","target":["https:\/\/www.africa-press.net\/cotedivoire\/politique\/acces-universel-a-lelectricite-le-modele-ivoirien-attire-le-senegal-le-togo-le-benin-et-la-rdc-a-abidjan"]}]},{"@type":"ImageObject","inLanguage":"fr-FR","@id":"https:\/\/www.africa-press.net\/cotedivoire\/politique\/acces-universel-a-lelectricite-le-modele-ivoirien-attire-le-senegal-le-togo-le-benin-et-la-rdc-a-abidjan#primaryimage","url":"https:\/\/static.africa-press.net\/cote\/sites\/43\/2026\/01\/sm_1769112429.822059.jpg","contentUrl":"https:\/\/static.africa-press.net\/cote\/sites\/43\/2026\/01\/sm_1769112429.822059.jpg","width":600,"height":337,"caption":"Acc\u00e8s universel \u00e0 l'\u00e9lectricit\u00e9, le mod\u00e8le ivoirien attire le S\u00e9n\u00e9gal, le Togo, le B\u00e9nin et la RDC \u00e0 Abidjan"},{"@type":"BreadcrumbList","@id":"https:\/\/www.africa-press.net\/cotedivoire\/politique\/acces-universel-a-lelectricite-le-modele-ivoirien-attire-le-senegal-le-togo-le-benin-et-la-rdc-a-abidjan#breadcrumb","itemListElement":[{"@type":"ListItem","position":1,"name":"Accueil","item":"https:\/\/www.africa-press.net\/cotedivoire\/"},{"@type":"ListItem","position":2,"name":"Acc\u00e8s universel \u00e0 l&rsquo;\u00e9lectricit\u00e9, le mod\u00e8le ivoirien attire le S\u00e9n\u00e9gal, le Togo, le B\u00e9nin et la RDC \u00e0 Abidjan"}]},{"@type":"WebSite","@id":"https:\/\/www.africa-press.net\/cotedivoire\/#website","url":"https:\/\/www.africa-press.net\/cotedivoire\/","name":"C\u00f4te d&#039;Ivoire","description":"Just another Africa News Agency Sites site","potentialAction":[{"@type":"SearchAction","target":{"@type":"EntryPoint","urlTemplate":"https:\/\/www.africa-press.net\/cotedivoire\/?s={search_term_string}"},"query-input":{"@type":"PropertyValueSpecification","valueRequired":true,"valueName":"search_term_string"}}],"inLanguage":"fr-FR"},{"@type":"Person","@id":"https:\/\/www.africa-press.net\/cotedivoire\/#\/schema\/person\/2b1cf3cd81a31e3cd26889ca66d677f1","name":"cfeditorfr"}]}},"_links":{"self":[{"href":"https:\/\/www.africa-press.net\/cotedivoire\/wp-json\/wp\/v2\/posts\/111682","targetHints":{"allow":["GET"]}}],"collection":[{"href":"https:\/\/www.africa-press.net\/cotedivoire\/wp-json\/wp\/v2\/posts"}],"about":[{"href":"https:\/\/www.africa-press.net\/cotedivoire\/wp-json\/wp\/v2\/types\/post"}],"author":[{"embeddable":true,"href":"https:\/\/www.africa-press.net\/cotedivoire\/wp-json\/wp\/v2\/users\/82"}],"replies":[{"embeddable":true,"href":"https:\/\/www.africa-press.net\/cotedivoire\/wp-json\/wp\/v2\/comments?post=111682"}],"version-history":[{"count":0,"href":"https:\/\/www.africa-press.net\/cotedivoire\/wp-json\/wp\/v2\/posts\/111682\/revisions"}],"wp:featuredmedia":[{"embeddable":true,"href":"https:\/\/www.africa-press.net\/cotedivoire\/wp-json\/wp\/v2\/media\/111681"}],"wp:attachment":[{"href":"https:\/\/www.africa-press.net\/cotedivoire\/wp-json\/wp\/v2\/media?parent=111682"}],"wp:term":[{"taxonomy":"category","embeddable":true,"href":"https:\/\/www.africa-press.net\/cotedivoire\/wp-json\/wp\/v2\/categories?post=111682"},{"taxonomy":"post_tag","embeddable":true,"href":"https:\/\/www.africa-press.net\/cotedivoire\/wp-json\/wp\/v2\/tags?post=111682"}],"curies":[{"name":"wp","href":"https:\/\/api.w.org\/{rel}","templated":true}]}}