{"id":111684,"date":"2026-01-23T19:32:28","date_gmt":"2026-01-23T19:32:28","guid":{"rendered":"https:\/\/www.africa-press.net\/cotedivoire\/politique\/academie-des-forces-armees-afa-presentation-au-drapeau-de-la-57e-promotion-des-eleves-officiers-dactive-et-la-20e-promotion-des-medecins-eleves-officiers"},"modified":"2026-01-23T19:32:28","modified_gmt":"2026-01-23T19:32:28","slug":"academie-des-forces-armees-afa-presentation-au-drapeau-de-la-57e-promotion-des-eleves-officiers-dactive-et-la-20e-promotion-des-medecins-eleves-officiers","status":"publish","type":"post","link":"https:\/\/www.africa-press.net\/cotedivoire\/politique\/academie-des-forces-armees-afa-presentation-au-drapeau-de-la-57e-promotion-des-eleves-officiers-dactive-et-la-20e-promotion-des-medecins-eleves-officiers","title":{"rendered":"Acad\u00e9mie des Forces Arm\u00e9es (AFA), pr\u00e9sentation au drapeau de la 57\u00e8 promotion des \u00e9l\u00e8ves Officiers d&rsquo;active et la 20\u00e8 promotion des m\u00e9decins \u00e9l\u00e8ves Officiers"},"content":{"rendered":"<p>La c\u00e9r\u00e9monie jeudi \u00e0 Zambakro (DR)<\/p>\n<p>La 57\u00e8 promotion des \u00e9l\u00e8ves Officiers d\u2019active et la 20\u00e8 promotion des m\u00e9decins \u00e9l\u00e8ves Officiers ont \u00e9t\u00e9 pr\u00e9sent\u00e9es, le jeudi 22 janvier 2026, \u00e0 l\u2019Acad\u00e9mie des Forces Arm\u00e9es (AFA) de Zambakro, dans le District Autonome de Yamoussoukro.<\/p>\n<p>Apr\u00e8s trois (03) mois de Formation Commune de Base (FCB), la 57\u1d49 promotion des \u00c9l\u00e8ves Officiers d\u2019Active de 1\u02b3\u1d49 ann\u00e9e (EOA1), accompagn\u00e9e de la 19\u1d49 promotion des M\u00e9decins \u00c9l\u00e8ves Officiers (MEO), a \u00e9t\u00e9 solennellement pr\u00e9sent\u00e9e au Drapeau national en pr\u00e9sence du G\u00e9n\u00e9ral de Brigade Traor\u00e9 Ahmed Zanan, Commandant les \u00c9coles et Centres de Formation, repr\u00e9sentant le G\u00e9n\u00e9ral d\u2019Arm\u00e9e Lassina Doumbia, Chef d\u2019\u00c9tat-Major G\u00e9n\u00e9ral des Arm\u00e9es.<\/p>\n<p>Au total, 150 \u00e9l\u00e8ves ont \u00e9t\u00e9 pr\u00e9sent\u00e9s au Drapeau, dont : 129 \u00c9l\u00e8ves Officiers d\u2019Active de 1\u02b3\u1d49 ann\u00e9e, comprenant 112 nationaux (dont 11 femmes) et 17 stagiaires issus de pays fr\u00e8res et amis, notamment le B\u00e9nin (02), le Cameroun (03), la R\u00e9publique Centrafricaine (01), le Congo (02), la R\u00e9publique D\u00e9mocratique du Congo (02), Djibouti (02), la Guin\u00e9e (02), le S\u00e9n\u00e9gal (02) et le Togo (02) ; 21 M\u00e9decins \u00c9l\u00e8ves Officiers, dont 02 personnels f\u00e9minins.<\/p>\n<p>Int\u00e9gr\u00e9s le 05 novembre 2025, ces \u00e9l\u00e8ves suivent une formation initiale d\u2019officier d\u2019une dur\u00e9e de deux (02) ann\u00e9es pour les \u00c9l\u00e8ves Officiers d\u2019Active et de dix (10) mois pour les M\u00e9decins \u00c9l\u00e8ves Officiers, r\u00e9unis \u00e0 ce stade dans le cadre de leur formation commune de base.<\/p>\n<p>Dans son allocution, le Directeur de l\u2019Acad\u00e9mie des Forces Arm\u00e9es, le Colonel-Major Ouattara Issouf, a f\u00e9licit\u00e9 les \u00e9l\u00e8ves pour les acquis fondamentaux enregistr\u00e9s et les a exhort\u00e9s \u00e0 demeurer fid\u00e8les aux valeurs incarn\u00e9es par le Drapeau, symbole de l\u2019unit\u00e9, de l\u2019honneur et du sacrifice au service de la Nation.<\/p>\n<p>De son c\u00f4t\u00e9, le Commandant de l\u2019\u00c9cole de Formation des Officiers, le Lieutenant-colonel Yao Alain Konan, a rappel\u00e9 la port\u00e9e historique et morale du Drapeau, embl\u00e8me de la patrie et de l\u2019Arm\u00e9e nationale, auquel ces nouveaux officiers sont d\u00e9sormais li\u00e9s.<\/p>\n<p>Devant le Drapeau national, les 150 \u00e9l\u00e8ves officiers et m\u00e9decins \u00e9l\u00e8ves officiers ont pris l\u2019engagement solennel de servir avec honneur et fid\u00e9lit\u00e9 leurs pays respectifs, conform\u00e9ment aux 11 articles du Code du soldat.<\/p>\n<p>Donatien Kautcha, Abidjan<\/p>\n","protected":false},"excerpt":{"rendered":"<p>La c\u00e9r\u00e9monie jeudi \u00e0 Zambakro (DR) La 57\u00e8 promotion des \u00e9l\u00e8ves Officiers d\u2019active et la 20\u00e8 promotion des m\u00e9decins \u00e9l\u00e8ves Officiers ont \u00e9t\u00e9 pr\u00e9sent\u00e9es, le jeudi 22 janvier 2026, \u00e0 l\u2019Acad\u00e9mie des Forces Arm\u00e9es (AFA) de Zambakro, dans le District Autonome de Yamoussoukro. Apr\u00e8s trois (03) mois de Formation Commune de Base (FCB), la 57\u1d49 [&hellip;]<\/p>\n","protected":false},"author":82,"featured_media":111683,"comment_status":"open","ping_status":"closed","sticky":false,"template":"","format":"standard","meta":{"footnotes":""},"categories":[2,10],"tags":[6012,3099,7085,1041,5447],"class_list":["post-111684","post","type-post","status-publish","format-standard","has-post-thumbnail","hentry","category-politique","category-toutes-les-actualites","tag-afa","tag-drapeau","tag-officiers","tag-promotion","tag-zambakro"],"yoast_head":"<!-- This site is optimized with the Yoast SEO Premium plugin v26.1 (Yoast SEO v27.0) - https:\/\/yoast.com\/product\/yoast-seo-premium-wordpress\/ -->\n<title>Acad\u00e9mie des Forces Arm\u00e9es (AFA), pr\u00e9sentation au drapeau de la 57\u00e8 promotion des \u00e9l\u00e8ves Officiers d&#039;active et la 20\u00e8 promotion des m\u00e9decins \u00e9l\u00e8ves Officiers - C\u00f4te d&#039;Ivoire<\/title>\n<meta name=\"robots\" content=\"index, follow, max-snippet:-1, max-image-preview:large, max-video-preview:-1\" \/>\n<link rel=\"canonical\" href=\"https:\/\/www.africa-press.net\/cotedivoire\/politique\/academie-des-forces-armees-afa-presentation-au-drapeau-de-la-57e-promotion-des-eleves-officiers-dactive-et-la-20e-promotion-des-medecins-eleves-officiers\" \/>\n<meta property=\"og:locale\" content=\"fr_FR\" \/>\n<meta property=\"og:type\" content=\"article\" \/>\n<meta property=\"og:title\" content=\"Acad\u00e9mie des Forces Arm\u00e9es (AFA), pr\u00e9sentation au drapeau de la 57\u00e8 promotion des \u00e9l\u00e8ves Officiers d&#039;active et la 20\u00e8 promotion des m\u00e9decins \u00e9l\u00e8ves Officiers\" \/>\n<meta property=\"og:description\" content=\"La c\u00e9r\u00e9monie jeudi \u00e0 Zambakro (DR) La 57\u00e8 promotion des \u00e9l\u00e8ves Officiers d\u2019active et la 20\u00e8 promotion des m\u00e9decins \u00e9l\u00e8ves Officiers ont \u00e9t\u00e9 pr\u00e9sent\u00e9es, le jeudi 22 janvier 2026, \u00e0 l\u2019Acad\u00e9mie des Forces Arm\u00e9es (AFA) de Zambakro, dans le District Autonome de Yamoussoukro. Apr\u00e8s trois (03) mois de Formation Commune de Base (FCB), la 57\u1d49 [&hellip;]\" \/>\n<meta property=\"og:url\" content=\"https:\/\/www.africa-press.net\/cotedivoire\/politique\/academie-des-forces-armees-afa-presentation-au-drapeau-de-la-57e-promotion-des-eleves-officiers-dactive-et-la-20e-promotion-des-medecins-eleves-officiers\" \/>\n<meta property=\"og:site_name\" content=\"C\u00f4te d&#039;Ivoire\" \/>\n<meta property=\"article:published_time\" content=\"2026-01-23T19:32:28+00:00\" \/>\n<meta name=\"author\" content=\"cfeditorfr\" \/>\n<meta name=\"twitter:card\" content=\"summary_large_image\" \/>\n<meta name=\"twitter:label1\" content=\"\u00c9crit par\" \/>\n\t<meta name=\"twitter:data1\" content=\"cfeditorfr\" \/>\n\t<meta name=\"twitter:label2\" content=\"Dur\u00e9e de lecture estim\u00e9e\" \/>\n\t<meta name=\"twitter:data2\" content=\"2 minutes\" \/>\n<script type=\"application\/ld+json\" class=\"yoast-schema-graph\">{\"@context\":\"https:\/\/schema.org\",\"@graph\":[{\"@type\":\"Article\",\"@id\":\"https:\/\/www.africa-press.net\/cotedivoire\/politique\/academie-des-forces-armees-afa-presentation-au-drapeau-de-la-57e-promotion-des-eleves-officiers-dactive-et-la-20e-promotion-des-medecins-eleves-officiers#article\",\"isPartOf\":{\"@id\":\"https:\/\/www.africa-press.net\/cotedivoire\/politique\/academie-des-forces-armees-afa-presentation-au-drapeau-de-la-57e-promotion-des-eleves-officiers-dactive-et-la-20e-promotion-des-medecins-eleves-officiers\"},\"author\":{\"name\":\"cfeditorfr\",\"@id\":\"https:\/\/www.africa-press.net\/cotedivoire\/#\/schema\/person\/2b1cf3cd81a31e3cd26889ca66d677f1\"},\"headline\":\"Acad\u00e9mie des Forces Arm\u00e9es (AFA), pr\u00e9sentation au drapeau de la 57\u00e8 promotion des \u00e9l\u00e8ves Officiers d&rsquo;active et la 20\u00e8 promotion des m\u00e9decins \u00e9l\u00e8ves Officiers\",\"datePublished\":\"2026-01-23T19:32:28+00:00\",\"mainEntityOfPage\":{\"@id\":\"https:\/\/www.africa-press.net\/cotedivoire\/politique\/academie-des-forces-armees-afa-presentation-au-drapeau-de-la-57e-promotion-des-eleves-officiers-dactive-et-la-20e-promotion-des-medecins-eleves-officiers\"},\"wordCount\":431,\"commentCount\":0,\"image\":{\"@id\":\"https:\/\/www.africa-press.net\/cotedivoire\/politique\/academie-des-forces-armees-afa-presentation-au-drapeau-de-la-57e-promotion-des-eleves-officiers-dactive-et-la-20e-promotion-des-medecins-eleves-officiers#primaryimage\"},\"thumbnailUrl\":\"https:\/\/static.africa-press.net\/cote\/sites\/43\/2026\/01\/sm_1769196748.245676.jpg\",\"keywords\":[\"AFA\",\"drapeau\",\"officiers\",\"promotion\",\"Zambakro\"],\"articleSection\":[\"Politique\",\"Toutes les actualit\u00e9s\"],\"inLanguage\":\"fr-FR\",\"potentialAction\":[{\"@type\":\"CommentAction\",\"name\":\"Comment\",\"target\":[\"https:\/\/www.africa-press.net\/cotedivoire\/politique\/academie-des-forces-armees-afa-presentation-au-drapeau-de-la-57e-promotion-des-eleves-officiers-dactive-et-la-20e-promotion-des-medecins-eleves-officiers#respond\"]}]},{\"@type\":\"WebPage\",\"@id\":\"https:\/\/www.africa-press.net\/cotedivoire\/politique\/academie-des-forces-armees-afa-presentation-au-drapeau-de-la-57e-promotion-des-eleves-officiers-dactive-et-la-20e-promotion-des-medecins-eleves-officiers\",\"url\":\"https:\/\/www.africa-press.net\/cotedivoire\/politique\/academie-des-forces-armees-afa-presentation-au-drapeau-de-la-57e-promotion-des-eleves-officiers-dactive-et-la-20e-promotion-des-medecins-eleves-officiers\",\"name\":\"Acad\u00e9mie des Forces Arm\u00e9es (AFA), pr\u00e9sentation au drapeau de la 57\u00e8 promotion des \u00e9l\u00e8ves Officiers d'active et la 20\u00e8 promotion des m\u00e9decins \u00e9l\u00e8ves Officiers - C\u00f4te d&#039;Ivoire\",\"isPartOf\":{\"@id\":\"https:\/\/www.africa-press.net\/cotedivoire\/#website\"},\"primaryImageOfPage\":{\"@id\":\"https:\/\/www.africa-press.net\/cotedivoire\/politique\/academie-des-forces-armees-afa-presentation-au-drapeau-de-la-57e-promotion-des-eleves-officiers-dactive-et-la-20e-promotion-des-medecins-eleves-officiers#primaryimage\"},\"image\":{\"@id\":\"https:\/\/www.africa-press.net\/cotedivoire\/politique\/academie-des-forces-armees-afa-presentation-au-drapeau-de-la-57e-promotion-des-eleves-officiers-dactive-et-la-20e-promotion-des-medecins-eleves-officiers#primaryimage\"},\"thumbnailUrl\":\"https:\/\/static.africa-press.net\/cote\/sites\/43\/2026\/01\/sm_1769196748.245676.jpg\",\"datePublished\":\"2026-01-23T19:32:28+00:00\",\"author\":{\"@id\":\"https:\/\/www.africa-press.net\/cotedivoire\/#\/schema\/person\/2b1cf3cd81a31e3cd26889ca66d677f1\"},\"breadcrumb\":{\"@id\":\"https:\/\/www.africa-press.net\/cotedivoire\/politique\/academie-des-forces-armees-afa-presentation-au-drapeau-de-la-57e-promotion-des-eleves-officiers-dactive-et-la-20e-promotion-des-medecins-eleves-officiers#breadcrumb\"},\"inLanguage\":\"fr-FR\",\"potentialAction\":[{\"@type\":\"ReadAction\",\"target\":[\"https:\/\/www.africa-press.net\/cotedivoire\/politique\/academie-des-forces-armees-afa-presentation-au-drapeau-de-la-57e-promotion-des-eleves-officiers-dactive-et-la-20e-promotion-des-medecins-eleves-officiers\"]}]},{\"@type\":\"ImageObject\",\"inLanguage\":\"fr-FR\",\"@id\":\"https:\/\/www.africa-press.net\/cotedivoire\/politique\/academie-des-forces-armees-afa-presentation-au-drapeau-de-la-57e-promotion-des-eleves-officiers-dactive-et-la-20e-promotion-des-medecins-eleves-officiers#primaryimage\",\"url\":\"https:\/\/static.africa-press.net\/cote\/sites\/43\/2026\/01\/sm_1769196748.245676.jpg\",\"contentUrl\":\"https:\/\/static.africa-press.net\/cote\/sites\/43\/2026\/01\/sm_1769196748.245676.jpg\",\"width\":600,\"height\":400,\"caption\":\"Acad\u00e9mie des Forces Arm\u00e9es (AFA), pr\u00e9sentation au drapeau de la 57\u00e8 promotion des \u00e9l\u00e8ves Officiers d'active et la 20\u00e8 promotion des m\u00e9decins \u00e9l\u00e8ves Officiers\"},{\"@type\":\"BreadcrumbList\",\"@id\":\"https:\/\/www.africa-press.net\/cotedivoire\/politique\/academie-des-forces-armees-afa-presentation-au-drapeau-de-la-57e-promotion-des-eleves-officiers-dactive-et-la-20e-promotion-des-medecins-eleves-officiers#breadcrumb\",\"itemListElement\":[{\"@type\":\"ListItem\",\"position\":1,\"name\":\"Accueil\",\"item\":\"https:\/\/www.africa-press.net\/cotedivoire\/\"},{\"@type\":\"ListItem\",\"position\":2,\"name\":\"Acad\u00e9mie des Forces Arm\u00e9es (AFA), pr\u00e9sentation au drapeau de la 57\u00e8 promotion des \u00e9l\u00e8ves Officiers d&rsquo;active et la 20\u00e8 promotion des m\u00e9decins \u00e9l\u00e8ves Officiers\"}]},{\"@type\":\"WebSite\",\"@id\":\"https:\/\/www.africa-press.net\/cotedivoire\/#website\",\"url\":\"https:\/\/www.africa-press.net\/cotedivoire\/\",\"name\":\"C\u00f4te d&#039;Ivoire\",\"description\":\"Just another Africa News Agency Sites site\",\"potentialAction\":[{\"@type\":\"SearchAction\",\"target\":{\"@type\":\"EntryPoint\",\"urlTemplate\":\"https:\/\/www.africa-press.net\/cotedivoire\/?s={search_term_string}\"},\"query-input\":{\"@type\":\"PropertyValueSpecification\",\"valueRequired\":true,\"valueName\":\"search_term_string\"}}],\"inLanguage\":\"fr-FR\"},{\"@type\":\"Person\",\"@id\":\"https:\/\/www.africa-press.net\/cotedivoire\/#\/schema\/person\/2b1cf3cd81a31e3cd26889ca66d677f1\",\"name\":\"cfeditorfr\"}]}<\/script>\n<!-- \/ Yoast SEO Premium plugin. -->","yoast_head_json":{"title":"Acad\u00e9mie des Forces Arm\u00e9es (AFA), pr\u00e9sentation au drapeau de la 57\u00e8 promotion des \u00e9l\u00e8ves Officiers d'active et la 20\u00e8 promotion des m\u00e9decins \u00e9l\u00e8ves Officiers - C\u00f4te d&#039;Ivoire","robots":{"index":"index","follow":"follow","max-snippet":"max-snippet:-1","max-image-preview":"max-image-preview:large","max-video-preview":"max-video-preview:-1"},"canonical":"https:\/\/www.africa-press.net\/cotedivoire\/politique\/academie-des-forces-armees-afa-presentation-au-drapeau-de-la-57e-promotion-des-eleves-officiers-dactive-et-la-20e-promotion-des-medecins-eleves-officiers","og_locale":"fr_FR","og_type":"article","og_title":"Acad\u00e9mie des Forces Arm\u00e9es (AFA), pr\u00e9sentation au drapeau de la 57\u00e8 promotion des \u00e9l\u00e8ves Officiers d'active et la 20\u00e8 promotion des m\u00e9decins \u00e9l\u00e8ves Officiers","og_description":"La c\u00e9r\u00e9monie jeudi \u00e0 Zambakro (DR) La 57\u00e8 promotion des \u00e9l\u00e8ves Officiers d\u2019active et la 20\u00e8 promotion des m\u00e9decins \u00e9l\u00e8ves Officiers ont \u00e9t\u00e9 pr\u00e9sent\u00e9es, le jeudi 22 janvier 2026, \u00e0 l\u2019Acad\u00e9mie des Forces Arm\u00e9es (AFA) de Zambakro, dans le District Autonome de Yamoussoukro. Apr\u00e8s trois (03) mois de Formation Commune de Base (FCB), la 57\u1d49 [&hellip;]","og_url":"https:\/\/www.africa-press.net\/cotedivoire\/politique\/academie-des-forces-armees-afa-presentation-au-drapeau-de-la-57e-promotion-des-eleves-officiers-dactive-et-la-20e-promotion-des-medecins-eleves-officiers","og_site_name":"C\u00f4te d&#039;Ivoire","article_published_time":"2026-01-23T19:32:28+00:00","author":"cfeditorfr","twitter_card":"summary_large_image","twitter_misc":{"\u00c9crit par":"cfeditorfr","Dur\u00e9e de lecture estim\u00e9e":"2 minutes"},"schema":{"@context":"https:\/\/schema.org","@graph":[{"@type":"Article","@id":"https:\/\/www.africa-press.net\/cotedivoire\/politique\/academie-des-forces-armees-afa-presentation-au-drapeau-de-la-57e-promotion-des-eleves-officiers-dactive-et-la-20e-promotion-des-medecins-eleves-officiers#article","isPartOf":{"@id":"https:\/\/www.africa-press.net\/cotedivoire\/politique\/academie-des-forces-armees-afa-presentation-au-drapeau-de-la-57e-promotion-des-eleves-officiers-dactive-et-la-20e-promotion-des-medecins-eleves-officiers"},"author":{"name":"cfeditorfr","@id":"https:\/\/www.africa-press.net\/cotedivoire\/#\/schema\/person\/2b1cf3cd81a31e3cd26889ca66d677f1"},"headline":"Acad\u00e9mie des Forces Arm\u00e9es (AFA), pr\u00e9sentation au drapeau de la 57\u00e8 promotion des \u00e9l\u00e8ves Officiers d&rsquo;active et la 20\u00e8 promotion des m\u00e9decins \u00e9l\u00e8ves Officiers","datePublished":"2026-01-23T19:32:28+00:00","mainEntityOfPage":{"@id":"https:\/\/www.africa-press.net\/cotedivoire\/politique\/academie-des-forces-armees-afa-presentation-au-drapeau-de-la-57e-promotion-des-eleves-officiers-dactive-et-la-20e-promotion-des-medecins-eleves-officiers"},"wordCount":431,"commentCount":0,"image":{"@id":"https:\/\/www.africa-press.net\/cotedivoire\/politique\/academie-des-forces-armees-afa-presentation-au-drapeau-de-la-57e-promotion-des-eleves-officiers-dactive-et-la-20e-promotion-des-medecins-eleves-officiers#primaryimage"},"thumbnailUrl":"https:\/\/static.africa-press.net\/cote\/sites\/43\/2026\/01\/sm_1769196748.245676.jpg","keywords":["AFA","drapeau","officiers","promotion","Zambakro"],"articleSection":["Politique","Toutes les actualit\u00e9s"],"inLanguage":"fr-FR","potentialAction":[{"@type":"CommentAction","name":"Comment","target":["https:\/\/www.africa-press.net\/cotedivoire\/politique\/academie-des-forces-armees-afa-presentation-au-drapeau-de-la-57e-promotion-des-eleves-officiers-dactive-et-la-20e-promotion-des-medecins-eleves-officiers#respond"]}]},{"@type":"WebPage","@id":"https:\/\/www.africa-press.net\/cotedivoire\/politique\/academie-des-forces-armees-afa-presentation-au-drapeau-de-la-57e-promotion-des-eleves-officiers-dactive-et-la-20e-promotion-des-medecins-eleves-officiers","url":"https:\/\/www.africa-press.net\/cotedivoire\/politique\/academie-des-forces-armees-afa-presentation-au-drapeau-de-la-57e-promotion-des-eleves-officiers-dactive-et-la-20e-promotion-des-medecins-eleves-officiers","name":"Acad\u00e9mie des Forces Arm\u00e9es (AFA), pr\u00e9sentation au drapeau de la 57\u00e8 promotion des \u00e9l\u00e8ves Officiers d'active et la 20\u00e8 promotion des m\u00e9decins \u00e9l\u00e8ves Officiers - C\u00f4te d&#039;Ivoire","isPartOf":{"@id":"https:\/\/www.africa-press.net\/cotedivoire\/#website"},"primaryImageOfPage":{"@id":"https:\/\/www.africa-press.net\/cotedivoire\/politique\/academie-des-forces-armees-afa-presentation-au-drapeau-de-la-57e-promotion-des-eleves-officiers-dactive-et-la-20e-promotion-des-medecins-eleves-officiers#primaryimage"},"image":{"@id":"https:\/\/www.africa-press.net\/cotedivoire\/politique\/academie-des-forces-armees-afa-presentation-au-drapeau-de-la-57e-promotion-des-eleves-officiers-dactive-et-la-20e-promotion-des-medecins-eleves-officiers#primaryimage"},"thumbnailUrl":"https:\/\/static.africa-press.net\/cote\/sites\/43\/2026\/01\/sm_1769196748.245676.jpg","datePublished":"2026-01-23T19:32:28+00:00","author":{"@id":"https:\/\/www.africa-press.net\/cotedivoire\/#\/schema\/person\/2b1cf3cd81a31e3cd26889ca66d677f1"},"breadcrumb":{"@id":"https:\/\/www.africa-press.net\/cotedivoire\/politique\/academie-des-forces-armees-afa-presentation-au-drapeau-de-la-57e-promotion-des-eleves-officiers-dactive-et-la-20e-promotion-des-medecins-eleves-officiers#breadcrumb"},"inLanguage":"fr-FR","potentialAction":[{"@type":"ReadAction","target":["https:\/\/www.africa-press.net\/cotedivoire\/politique\/academie-des-forces-armees-afa-presentation-au-drapeau-de-la-57e-promotion-des-eleves-officiers-dactive-et-la-20e-promotion-des-medecins-eleves-officiers"]}]},{"@type":"ImageObject","inLanguage":"fr-FR","@id":"https:\/\/www.africa-press.net\/cotedivoire\/politique\/academie-des-forces-armees-afa-presentation-au-drapeau-de-la-57e-promotion-des-eleves-officiers-dactive-et-la-20e-promotion-des-medecins-eleves-officiers#primaryimage","url":"https:\/\/static.africa-press.net\/cote\/sites\/43\/2026\/01\/sm_1769196748.245676.jpg","contentUrl":"https:\/\/static.africa-press.net\/cote\/sites\/43\/2026\/01\/sm_1769196748.245676.jpg","width":600,"height":400,"caption":"Acad\u00e9mie des Forces Arm\u00e9es (AFA), pr\u00e9sentation au drapeau de la 57\u00e8 promotion des \u00e9l\u00e8ves Officiers d'active et la 20\u00e8 promotion des m\u00e9decins \u00e9l\u00e8ves Officiers"},{"@type":"BreadcrumbList","@id":"https:\/\/www.africa-press.net\/cotedivoire\/politique\/academie-des-forces-armees-afa-presentation-au-drapeau-de-la-57e-promotion-des-eleves-officiers-dactive-et-la-20e-promotion-des-medecins-eleves-officiers#breadcrumb","itemListElement":[{"@type":"ListItem","position":1,"name":"Accueil","item":"https:\/\/www.africa-press.net\/cotedivoire\/"},{"@type":"ListItem","position":2,"name":"Acad\u00e9mie des Forces Arm\u00e9es (AFA), pr\u00e9sentation au drapeau de la 57\u00e8 promotion des \u00e9l\u00e8ves Officiers d&rsquo;active et la 20\u00e8 promotion des m\u00e9decins \u00e9l\u00e8ves Officiers"}]},{"@type":"WebSite","@id":"https:\/\/www.africa-press.net\/cotedivoire\/#website","url":"https:\/\/www.africa-press.net\/cotedivoire\/","name":"C\u00f4te d&#039;Ivoire","description":"Just another Africa News Agency Sites site","potentialAction":[{"@type":"SearchAction","target":{"@type":"EntryPoint","urlTemplate":"https:\/\/www.africa-press.net\/cotedivoire\/?s={search_term_string}"},"query-input":{"@type":"PropertyValueSpecification","valueRequired":true,"valueName":"search_term_string"}}],"inLanguage":"fr-FR"},{"@type":"Person","@id":"https:\/\/www.africa-press.net\/cotedivoire\/#\/schema\/person\/2b1cf3cd81a31e3cd26889ca66d677f1","name":"cfeditorfr"}]}},"_links":{"self":[{"href":"https:\/\/www.africa-press.net\/cotedivoire\/wp-json\/wp\/v2\/posts\/111684","targetHints":{"allow":["GET"]}}],"collection":[{"href":"https:\/\/www.africa-press.net\/cotedivoire\/wp-json\/wp\/v2\/posts"}],"about":[{"href":"https:\/\/www.africa-press.net\/cotedivoire\/wp-json\/wp\/v2\/types\/post"}],"author":[{"embeddable":true,"href":"https:\/\/www.africa-press.net\/cotedivoire\/wp-json\/wp\/v2\/users\/82"}],"replies":[{"embeddable":true,"href":"https:\/\/www.africa-press.net\/cotedivoire\/wp-json\/wp\/v2\/comments?post=111684"}],"version-history":[{"count":0,"href":"https:\/\/www.africa-press.net\/cotedivoire\/wp-json\/wp\/v2\/posts\/111684\/revisions"}],"wp:featuredmedia":[{"embeddable":true,"href":"https:\/\/www.africa-press.net\/cotedivoire\/wp-json\/wp\/v2\/media\/111683"}],"wp:attachment":[{"href":"https:\/\/www.africa-press.net\/cotedivoire\/wp-json\/wp\/v2\/media?parent=111684"}],"wp:term":[{"taxonomy":"category","embeddable":true,"href":"https:\/\/www.africa-press.net\/cotedivoire\/wp-json\/wp\/v2\/categories?post=111684"},{"taxonomy":"post_tag","embeddable":true,"href":"https:\/\/www.africa-press.net\/cotedivoire\/wp-json\/wp\/v2\/tags?post=111684"}],"curies":[{"name":"wp","href":"https:\/\/api.w.org\/{rel}","templated":true}]}}