{"id":111704,"date":"2026-01-23T19:36:38","date_gmt":"2026-01-23T19:36:38","guid":{"rendered":"https:\/\/www.africa-press.net\/cotedivoire\/politique\/deces-de-mme-ndiaye-assetou-secretaire-particuliere-du-chef-de-letat-visites-de-compassion-aupres-de-la-famille-eploree-3"},"modified":"2026-01-23T19:36:38","modified_gmt":"2026-01-23T19:36:38","slug":"deces-de-mme-ndiaye-assetou-secretaire-particuliere-du-chef-de-letat-visites-de-compassion-aupres-de-la-famille-eploree-3","status":"publish","type":"post","link":"https:\/\/www.africa-press.net\/cotedivoire\/politique\/deces-de-mme-ndiaye-assetou-secretaire-particuliere-du-chef-de-letat-visites-de-compassion-aupres-de-la-famille-eploree-3","title":{"rendered":"D\u00e9c\u00e8s de Mme N&rsquo;Diaye  Ass\u00e9tou secr\u00e9taire particuli\u00e8re  du Chef de l&rsquo;Etat, visites de compassion aupr\u00e8s de la famille \u00e9plor\u00e9e"},"content":{"rendered":"<p>Vagondo jeudi au domicile de la famille \u00e9plor\u00e9e (DR)<\/p>\n<p>, Madame N\u2019Diaye Ass\u00e9tou \u00e9pouse Camara, Secr\u00e9taire particuli\u00e8re du Pr\u00e9sident de la R\u00e9publique, Alassane Ouattara, est d\u00e9c\u00e9d\u00e9e le mardi 20 janvier 2026.<\/p>\n<p>En attendant le programme officiel des obs\u00e8ques, la famille de la d\u00e9funte re\u00e7oit depuis le jeudi, les visites de compassion des autorit\u00e9s.<\/p>\n<p>C\u2019est le cas du Ministre Vagondo Diomand\u00e9 et de l\u2019ex-pr\u00e9sident de l\u2019Assemble nationale, Adama Bictogo, accompagn\u00e9s chacun d\u2019une forte d\u00e9l\u00e9gation, ils ont effectu\u00e9 le d\u00e9placement au domicile de la famille Camara, \u00e0 Abidjan-Cocody, pour une visite de compassion.<\/p>\n<p>Les d\u00e9l\u00e9gations ont pr\u00e9sent\u00e9 leurs sinc\u00e8res condol\u00e9ances \u00e0 la famille \u00e9plor\u00e9e et salu\u00e9 la m\u00e9moire de la d\u00e9funte, dont l\u2019engagement, la loyaut\u00e9 et le d\u00e9vouement au service de l\u2019\u00c9tat et du Pr\u00e9sident de la R\u00e9publique n\u2019ont jamais fait d\u00e9faut.<\/p>\n<p>Selon nos informations, la collaboratrice proche du Chef de l\u2019\u00c9tat, Madame N\u2019Diaye \u00e9pouse Camara Ass\u00e9tou a servi avec discr\u00e9tion, loyaut\u00e9 et professionnalisme au sein de la Pr\u00e9sidence de la R\u00e9publique.<\/p>\n<p>Son engagement et son sens du devoir ont marqu\u00e9 ceux qui ont eu l\u2019occasion de travailler \u00e0 ses c\u00f4t\u00e9s, fait-on savoir.<\/p>\n<p>Donatien Kautcha, Abidjan<\/p>\n","protected":false},"excerpt":{"rendered":"<p>Vagondo jeudi au domicile de la famille \u00e9plor\u00e9e (DR) , Madame N\u2019Diaye Ass\u00e9tou \u00e9pouse Camara, Secr\u00e9taire particuli\u00e8re du Pr\u00e9sident de la R\u00e9publique, Alassane Ouattara, est d\u00e9c\u00e9d\u00e9e le mardi 20 janvier 2026. En attendant le programme officiel des obs\u00e8ques, la famille de la d\u00e9funte re\u00e7oit depuis le jeudi, les visites de compassion des autorit\u00e9s. C\u2019est le [&hellip;]<\/p>\n","protected":false},"author":82,"featured_media":111701,"comment_status":"open","ping_status":"closed","sticky":false,"template":"","format":"standard","meta":{"footnotes":""},"categories":[2,10],"tags":[38,1930,12700,20097,2107,1848,8115],"class_list":["post-111704","post","type-post","status-publish","format-standard","has-post-thumbnail","hentry","category-politique","category-toutes-les-actualites","tag-alassane-ouattara","tag-bictogo","tag-compassion","tag-ndiaye-assetou","tag-presidence","tag-vagondo","tag-visites"],"yoast_head":"<!-- This site is optimized with the Yoast SEO Premium plugin v26.1 (Yoast SEO v27.0) - https:\/\/yoast.com\/product\/yoast-seo-premium-wordpress\/ -->\n<title>D\u00e9c\u00e8s de Mme N&#039;Diaye Ass\u00e9tou secr\u00e9taire particuli\u00e8re du Chef de l&#039;Etat, visites de compassion aupr\u00e8s de la famille \u00e9plor\u00e9e - C\u00f4te d&#039;Ivoire<\/title>\n<meta name=\"robots\" content=\"index, follow, max-snippet:-1, max-image-preview:large, max-video-preview:-1\" \/>\n<link rel=\"canonical\" href=\"https:\/\/www.africa-press.net\/cotedivoire\/politique\/deces-de-mme-ndiaye-assetou-secretaire-particuliere-du-chef-de-letat-visites-de-compassion-aupres-de-la-famille-eploree-3\" \/>\n<meta property=\"og:locale\" content=\"fr_FR\" \/>\n<meta property=\"og:type\" content=\"article\" \/>\n<meta property=\"og:title\" content=\"D\u00e9c\u00e8s de Mme N&#039;Diaye Ass\u00e9tou secr\u00e9taire particuli\u00e8re du Chef de l&#039;Etat, visites de compassion aupr\u00e8s de la famille \u00e9plor\u00e9e\" \/>\n<meta property=\"og:description\" content=\"Vagondo jeudi au domicile de la famille \u00e9plor\u00e9e (DR) , Madame N\u2019Diaye Ass\u00e9tou \u00e9pouse Camara, Secr\u00e9taire particuli\u00e8re du Pr\u00e9sident de la R\u00e9publique, Alassane Ouattara, est d\u00e9c\u00e9d\u00e9e le mardi 20 janvier 2026. En attendant le programme officiel des obs\u00e8ques, la famille de la d\u00e9funte re\u00e7oit depuis le jeudi, les visites de compassion des autorit\u00e9s. C\u2019est le [&hellip;]\" \/>\n<meta property=\"og:url\" content=\"https:\/\/www.africa-press.net\/cotedivoire\/politique\/deces-de-mme-ndiaye-assetou-secretaire-particuliere-du-chef-de-letat-visites-de-compassion-aupres-de-la-famille-eploree-3\" \/>\n<meta property=\"og:site_name\" content=\"C\u00f4te d&#039;Ivoire\" \/>\n<meta property=\"article:published_time\" content=\"2026-01-23T19:36:38+00:00\" \/>\n<meta name=\"author\" content=\"cfeditorfr\" \/>\n<meta name=\"twitter:card\" content=\"summary_large_image\" \/>\n<meta name=\"twitter:label1\" content=\"\u00c9crit par\" \/>\n\t<meta name=\"twitter:data1\" content=\"cfeditorfr\" \/>\n\t<meta name=\"twitter:label2\" content=\"Dur\u00e9e de lecture estim\u00e9e\" \/>\n\t<meta name=\"twitter:data2\" content=\"1 minute\" \/>\n<script type=\"application\/ld+json\" class=\"yoast-schema-graph\">{\"@context\":\"https:\/\/schema.org\",\"@graph\":[{\"@type\":\"Article\",\"@id\":\"https:\/\/www.africa-press.net\/cotedivoire\/politique\/deces-de-mme-ndiaye-assetou-secretaire-particuliere-du-chef-de-letat-visites-de-compassion-aupres-de-la-famille-eploree-3#article\",\"isPartOf\":{\"@id\":\"https:\/\/www.africa-press.net\/cotedivoire\/politique\/deces-de-mme-ndiaye-assetou-secretaire-particuliere-du-chef-de-letat-visites-de-compassion-aupres-de-la-famille-eploree-3\"},\"author\":{\"name\":\"cfeditorfr\",\"@id\":\"https:\/\/www.africa-press.net\/cotedivoire\/#\/schema\/person\/2b1cf3cd81a31e3cd26889ca66d677f1\"},\"headline\":\"D\u00e9c\u00e8s de Mme N&rsquo;Diaye Ass\u00e9tou secr\u00e9taire particuli\u00e8re du Chef de l&rsquo;Etat, visites de compassion aupr\u00e8s de la famille \u00e9plor\u00e9e\",\"datePublished\":\"2026-01-23T19:36:38+00:00\",\"mainEntityOfPage\":{\"@id\":\"https:\/\/www.africa-press.net\/cotedivoire\/politique\/deces-de-mme-ndiaye-assetou-secretaire-particuliere-du-chef-de-letat-visites-de-compassion-aupres-de-la-famille-eploree-3\"},\"wordCount\":253,\"commentCount\":0,\"image\":{\"@id\":\"https:\/\/www.africa-press.net\/cotedivoire\/politique\/deces-de-mme-ndiaye-assetou-secretaire-particuliere-du-chef-de-letat-visites-de-compassion-aupres-de-la-famille-eploree-3#primaryimage\"},\"thumbnailUrl\":\"https:\/\/static.africa-press.net\/cote\/sites\/43\/2026\/01\/sm_1769196998.103225.jpg\",\"keywords\":[\"Alassane Ouattara\",\"Bictogo\",\"compassion\",\"N'Diaye Ass\u00e9tou\",\"pr\u00e9sidence\",\"Vagondo\",\"visites\"],\"articleSection\":[\"Politique\",\"Toutes les actualit\u00e9s\"],\"inLanguage\":\"fr-FR\",\"potentialAction\":[{\"@type\":\"CommentAction\",\"name\":\"Comment\",\"target\":[\"https:\/\/www.africa-press.net\/cotedivoire\/politique\/deces-de-mme-ndiaye-assetou-secretaire-particuliere-du-chef-de-letat-visites-de-compassion-aupres-de-la-famille-eploree-3#respond\"]}]},{\"@type\":\"WebPage\",\"@id\":\"https:\/\/www.africa-press.net\/cotedivoire\/politique\/deces-de-mme-ndiaye-assetou-secretaire-particuliere-du-chef-de-letat-visites-de-compassion-aupres-de-la-famille-eploree-3\",\"url\":\"https:\/\/www.africa-press.net\/cotedivoire\/politique\/deces-de-mme-ndiaye-assetou-secretaire-particuliere-du-chef-de-letat-visites-de-compassion-aupres-de-la-famille-eploree-3\",\"name\":\"D\u00e9c\u00e8s de Mme N'Diaye Ass\u00e9tou secr\u00e9taire particuli\u00e8re du Chef de l'Etat, visites de compassion aupr\u00e8s de la famille \u00e9plor\u00e9e - C\u00f4te d&#039;Ivoire\",\"isPartOf\":{\"@id\":\"https:\/\/www.africa-press.net\/cotedivoire\/#website\"},\"primaryImageOfPage\":{\"@id\":\"https:\/\/www.africa-press.net\/cotedivoire\/politique\/deces-de-mme-ndiaye-assetou-secretaire-particuliere-du-chef-de-letat-visites-de-compassion-aupres-de-la-famille-eploree-3#primaryimage\"},\"image\":{\"@id\":\"https:\/\/www.africa-press.net\/cotedivoire\/politique\/deces-de-mme-ndiaye-assetou-secretaire-particuliere-du-chef-de-letat-visites-de-compassion-aupres-de-la-famille-eploree-3#primaryimage\"},\"thumbnailUrl\":\"https:\/\/static.africa-press.net\/cote\/sites\/43\/2026\/01\/sm_1769196998.103225.jpg\",\"datePublished\":\"2026-01-23T19:36:38+00:00\",\"author\":{\"@id\":\"https:\/\/www.africa-press.net\/cotedivoire\/#\/schema\/person\/2b1cf3cd81a31e3cd26889ca66d677f1\"},\"breadcrumb\":{\"@id\":\"https:\/\/www.africa-press.net\/cotedivoire\/politique\/deces-de-mme-ndiaye-assetou-secretaire-particuliere-du-chef-de-letat-visites-de-compassion-aupres-de-la-famille-eploree-3#breadcrumb\"},\"inLanguage\":\"fr-FR\",\"potentialAction\":[{\"@type\":\"ReadAction\",\"target\":[\"https:\/\/www.africa-press.net\/cotedivoire\/politique\/deces-de-mme-ndiaye-assetou-secretaire-particuliere-du-chef-de-letat-visites-de-compassion-aupres-de-la-famille-eploree-3\"]}]},{\"@type\":\"ImageObject\",\"inLanguage\":\"fr-FR\",\"@id\":\"https:\/\/www.africa-press.net\/cotedivoire\/politique\/deces-de-mme-ndiaye-assetou-secretaire-particuliere-du-chef-de-letat-visites-de-compassion-aupres-de-la-famille-eploree-3#primaryimage\",\"url\":\"https:\/\/static.africa-press.net\/cote\/sites\/43\/2026\/01\/sm_1769196998.103225.jpg\",\"contentUrl\":\"https:\/\/static.africa-press.net\/cote\/sites\/43\/2026\/01\/sm_1769196998.103225.jpg\",\"width\":600,\"height\":400,\"caption\":\"D\u00e9c\u00e8s de Mme N'Diaye Ass\u00e9tou secr\u00e9taire particuli\u00e8re du Chef de l'Etat, visites de compassion aupr\u00e8s de la famille \u00e9plor\u00e9e\"},{\"@type\":\"BreadcrumbList\",\"@id\":\"https:\/\/www.africa-press.net\/cotedivoire\/politique\/deces-de-mme-ndiaye-assetou-secretaire-particuliere-du-chef-de-letat-visites-de-compassion-aupres-de-la-famille-eploree-3#breadcrumb\",\"itemListElement\":[{\"@type\":\"ListItem\",\"position\":1,\"name\":\"Accueil\",\"item\":\"https:\/\/www.africa-press.net\/cotedivoire\/\"},{\"@type\":\"ListItem\",\"position\":2,\"name\":\"D\u00e9c\u00e8s de Mme N&rsquo;Diaye Ass\u00e9tou secr\u00e9taire particuli\u00e8re du Chef de l&rsquo;Etat, visites de compassion aupr\u00e8s de la famille \u00e9plor\u00e9e\"}]},{\"@type\":\"WebSite\",\"@id\":\"https:\/\/www.africa-press.net\/cotedivoire\/#website\",\"url\":\"https:\/\/www.africa-press.net\/cotedivoire\/\",\"name\":\"C\u00f4te d&#039;Ivoire\",\"description\":\"Just another Africa News Agency Sites site\",\"potentialAction\":[{\"@type\":\"SearchAction\",\"target\":{\"@type\":\"EntryPoint\",\"urlTemplate\":\"https:\/\/www.africa-press.net\/cotedivoire\/?s={search_term_string}\"},\"query-input\":{\"@type\":\"PropertyValueSpecification\",\"valueRequired\":true,\"valueName\":\"search_term_string\"}}],\"inLanguage\":\"fr-FR\"},{\"@type\":\"Person\",\"@id\":\"https:\/\/www.africa-press.net\/cotedivoire\/#\/schema\/person\/2b1cf3cd81a31e3cd26889ca66d677f1\",\"name\":\"cfeditorfr\"}]}<\/script>\n<!-- \/ Yoast SEO Premium plugin. -->","yoast_head_json":{"title":"D\u00e9c\u00e8s de Mme N'Diaye Ass\u00e9tou secr\u00e9taire particuli\u00e8re du Chef de l'Etat, visites de compassion aupr\u00e8s de la famille \u00e9plor\u00e9e - C\u00f4te d&#039;Ivoire","robots":{"index":"index","follow":"follow","max-snippet":"max-snippet:-1","max-image-preview":"max-image-preview:large","max-video-preview":"max-video-preview:-1"},"canonical":"https:\/\/www.africa-press.net\/cotedivoire\/politique\/deces-de-mme-ndiaye-assetou-secretaire-particuliere-du-chef-de-letat-visites-de-compassion-aupres-de-la-famille-eploree-3","og_locale":"fr_FR","og_type":"article","og_title":"D\u00e9c\u00e8s de Mme N'Diaye Ass\u00e9tou secr\u00e9taire particuli\u00e8re du Chef de l'Etat, visites de compassion aupr\u00e8s de la famille \u00e9plor\u00e9e","og_description":"Vagondo jeudi au domicile de la famille \u00e9plor\u00e9e (DR) , Madame N\u2019Diaye Ass\u00e9tou \u00e9pouse Camara, Secr\u00e9taire particuli\u00e8re du Pr\u00e9sident de la R\u00e9publique, Alassane Ouattara, est d\u00e9c\u00e9d\u00e9e le mardi 20 janvier 2026. En attendant le programme officiel des obs\u00e8ques, la famille de la d\u00e9funte re\u00e7oit depuis le jeudi, les visites de compassion des autorit\u00e9s. C\u2019est le [&hellip;]","og_url":"https:\/\/www.africa-press.net\/cotedivoire\/politique\/deces-de-mme-ndiaye-assetou-secretaire-particuliere-du-chef-de-letat-visites-de-compassion-aupres-de-la-famille-eploree-3","og_site_name":"C\u00f4te d&#039;Ivoire","article_published_time":"2026-01-23T19:36:38+00:00","author":"cfeditorfr","twitter_card":"summary_large_image","twitter_misc":{"\u00c9crit par":"cfeditorfr","Dur\u00e9e de lecture estim\u00e9e":"1 minute"},"schema":{"@context":"https:\/\/schema.org","@graph":[{"@type":"Article","@id":"https:\/\/www.africa-press.net\/cotedivoire\/politique\/deces-de-mme-ndiaye-assetou-secretaire-particuliere-du-chef-de-letat-visites-de-compassion-aupres-de-la-famille-eploree-3#article","isPartOf":{"@id":"https:\/\/www.africa-press.net\/cotedivoire\/politique\/deces-de-mme-ndiaye-assetou-secretaire-particuliere-du-chef-de-letat-visites-de-compassion-aupres-de-la-famille-eploree-3"},"author":{"name":"cfeditorfr","@id":"https:\/\/www.africa-press.net\/cotedivoire\/#\/schema\/person\/2b1cf3cd81a31e3cd26889ca66d677f1"},"headline":"D\u00e9c\u00e8s de Mme N&rsquo;Diaye Ass\u00e9tou secr\u00e9taire particuli\u00e8re du Chef de l&rsquo;Etat, visites de compassion aupr\u00e8s de la famille \u00e9plor\u00e9e","datePublished":"2026-01-23T19:36:38+00:00","mainEntityOfPage":{"@id":"https:\/\/www.africa-press.net\/cotedivoire\/politique\/deces-de-mme-ndiaye-assetou-secretaire-particuliere-du-chef-de-letat-visites-de-compassion-aupres-de-la-famille-eploree-3"},"wordCount":253,"commentCount":0,"image":{"@id":"https:\/\/www.africa-press.net\/cotedivoire\/politique\/deces-de-mme-ndiaye-assetou-secretaire-particuliere-du-chef-de-letat-visites-de-compassion-aupres-de-la-famille-eploree-3#primaryimage"},"thumbnailUrl":"https:\/\/static.africa-press.net\/cote\/sites\/43\/2026\/01\/sm_1769196998.103225.jpg","keywords":["Alassane Ouattara","Bictogo","compassion","N'Diaye Ass\u00e9tou","pr\u00e9sidence","Vagondo","visites"],"articleSection":["Politique","Toutes les actualit\u00e9s"],"inLanguage":"fr-FR","potentialAction":[{"@type":"CommentAction","name":"Comment","target":["https:\/\/www.africa-press.net\/cotedivoire\/politique\/deces-de-mme-ndiaye-assetou-secretaire-particuliere-du-chef-de-letat-visites-de-compassion-aupres-de-la-famille-eploree-3#respond"]}]},{"@type":"WebPage","@id":"https:\/\/www.africa-press.net\/cotedivoire\/politique\/deces-de-mme-ndiaye-assetou-secretaire-particuliere-du-chef-de-letat-visites-de-compassion-aupres-de-la-famille-eploree-3","url":"https:\/\/www.africa-press.net\/cotedivoire\/politique\/deces-de-mme-ndiaye-assetou-secretaire-particuliere-du-chef-de-letat-visites-de-compassion-aupres-de-la-famille-eploree-3","name":"D\u00e9c\u00e8s de Mme N'Diaye Ass\u00e9tou secr\u00e9taire particuli\u00e8re du Chef de l'Etat, visites de compassion aupr\u00e8s de la famille \u00e9plor\u00e9e - C\u00f4te d&#039;Ivoire","isPartOf":{"@id":"https:\/\/www.africa-press.net\/cotedivoire\/#website"},"primaryImageOfPage":{"@id":"https:\/\/www.africa-press.net\/cotedivoire\/politique\/deces-de-mme-ndiaye-assetou-secretaire-particuliere-du-chef-de-letat-visites-de-compassion-aupres-de-la-famille-eploree-3#primaryimage"},"image":{"@id":"https:\/\/www.africa-press.net\/cotedivoire\/politique\/deces-de-mme-ndiaye-assetou-secretaire-particuliere-du-chef-de-letat-visites-de-compassion-aupres-de-la-famille-eploree-3#primaryimage"},"thumbnailUrl":"https:\/\/static.africa-press.net\/cote\/sites\/43\/2026\/01\/sm_1769196998.103225.jpg","datePublished":"2026-01-23T19:36:38+00:00","author":{"@id":"https:\/\/www.africa-press.net\/cotedivoire\/#\/schema\/person\/2b1cf3cd81a31e3cd26889ca66d677f1"},"breadcrumb":{"@id":"https:\/\/www.africa-press.net\/cotedivoire\/politique\/deces-de-mme-ndiaye-assetou-secretaire-particuliere-du-chef-de-letat-visites-de-compassion-aupres-de-la-famille-eploree-3#breadcrumb"},"inLanguage":"fr-FR","potentialAction":[{"@type":"ReadAction","target":["https:\/\/www.africa-press.net\/cotedivoire\/politique\/deces-de-mme-ndiaye-assetou-secretaire-particuliere-du-chef-de-letat-visites-de-compassion-aupres-de-la-famille-eploree-3"]}]},{"@type":"ImageObject","inLanguage":"fr-FR","@id":"https:\/\/www.africa-press.net\/cotedivoire\/politique\/deces-de-mme-ndiaye-assetou-secretaire-particuliere-du-chef-de-letat-visites-de-compassion-aupres-de-la-famille-eploree-3#primaryimage","url":"https:\/\/static.africa-press.net\/cote\/sites\/43\/2026\/01\/sm_1769196998.103225.jpg","contentUrl":"https:\/\/static.africa-press.net\/cote\/sites\/43\/2026\/01\/sm_1769196998.103225.jpg","width":600,"height":400,"caption":"D\u00e9c\u00e8s de Mme N'Diaye Ass\u00e9tou secr\u00e9taire particuli\u00e8re du Chef de l'Etat, visites de compassion aupr\u00e8s de la famille \u00e9plor\u00e9e"},{"@type":"BreadcrumbList","@id":"https:\/\/www.africa-press.net\/cotedivoire\/politique\/deces-de-mme-ndiaye-assetou-secretaire-particuliere-du-chef-de-letat-visites-de-compassion-aupres-de-la-famille-eploree-3#breadcrumb","itemListElement":[{"@type":"ListItem","position":1,"name":"Accueil","item":"https:\/\/www.africa-press.net\/cotedivoire\/"},{"@type":"ListItem","position":2,"name":"D\u00e9c\u00e8s de Mme N&rsquo;Diaye Ass\u00e9tou secr\u00e9taire particuli\u00e8re du Chef de l&rsquo;Etat, visites de compassion aupr\u00e8s de la famille \u00e9plor\u00e9e"}]},{"@type":"WebSite","@id":"https:\/\/www.africa-press.net\/cotedivoire\/#website","url":"https:\/\/www.africa-press.net\/cotedivoire\/","name":"C\u00f4te d&#039;Ivoire","description":"Just another Africa News Agency Sites site","potentialAction":[{"@type":"SearchAction","target":{"@type":"EntryPoint","urlTemplate":"https:\/\/www.africa-press.net\/cotedivoire\/?s={search_term_string}"},"query-input":{"@type":"PropertyValueSpecification","valueRequired":true,"valueName":"search_term_string"}}],"inLanguage":"fr-FR"},{"@type":"Person","@id":"https:\/\/www.africa-press.net\/cotedivoire\/#\/schema\/person\/2b1cf3cd81a31e3cd26889ca66d677f1","name":"cfeditorfr"}]}},"_links":{"self":[{"href":"https:\/\/www.africa-press.net\/cotedivoire\/wp-json\/wp\/v2\/posts\/111704","targetHints":{"allow":["GET"]}}],"collection":[{"href":"https:\/\/www.africa-press.net\/cotedivoire\/wp-json\/wp\/v2\/posts"}],"about":[{"href":"https:\/\/www.africa-press.net\/cotedivoire\/wp-json\/wp\/v2\/types\/post"}],"author":[{"embeddable":true,"href":"https:\/\/www.africa-press.net\/cotedivoire\/wp-json\/wp\/v2\/users\/82"}],"replies":[{"embeddable":true,"href":"https:\/\/www.africa-press.net\/cotedivoire\/wp-json\/wp\/v2\/comments?post=111704"}],"version-history":[{"count":0,"href":"https:\/\/www.africa-press.net\/cotedivoire\/wp-json\/wp\/v2\/posts\/111704\/revisions"}],"wp:featuredmedia":[{"embeddable":true,"href":"https:\/\/www.africa-press.net\/cotedivoire\/wp-json\/wp\/v2\/media\/111701"}],"wp:attachment":[{"href":"https:\/\/www.africa-press.net\/cotedivoire\/wp-json\/wp\/v2\/media?parent=111704"}],"wp:term":[{"taxonomy":"category","embeddable":true,"href":"https:\/\/www.africa-press.net\/cotedivoire\/wp-json\/wp\/v2\/categories?post=111704"},{"taxonomy":"post_tag","embeddable":true,"href":"https:\/\/www.africa-press.net\/cotedivoire\/wp-json\/wp\/v2\/tags?post=111704"}],"curies":[{"name":"wp","href":"https:\/\/api.w.org\/{rel}","templated":true}]}}