{"id":111732,"date":"2026-01-23T19:43:03","date_gmt":"2026-01-23T19:43:03","guid":{"rendered":"https:\/\/www.africa-press.net\/cotedivoire\/politique\/crise-au-pdci-rda-quand-la-gouvernance-contestee-et-les-querelles-internes-fragilisent-un-geant-de-la-politique-ivoirienne"},"modified":"2026-01-23T19:43:03","modified_gmt":"2026-01-23T19:43:03","slug":"crise-au-pdci-rda-quand-la-gouvernance-contestee-et-les-querelles-internes-fragilisent-un-geant-de-la-politique-ivoirienne","status":"publish","type":"post","link":"https:\/\/www.africa-press.net\/cotedivoire\/politique\/crise-au-pdci-rda-quand-la-gouvernance-contestee-et-les-querelles-internes-fragilisent-un-geant-de-la-politique-ivoirienne","title":{"rendered":"Crise au PDCI-RDA, quand la gouvernance contest\u00e9e et les querelles internes fragilisent un g\u00e9ant de la politique ivoirienne"},"content":{"rendered":"<p>Le Parti d\u00e9mocratique de C\u00f4te d\u2019Ivoire- Rassemblement d\u00e9mocratique africain (PDCI-RDA), pilier historique de la vie politique ivoirienne, traverse l\u2019une des p\u00e9riodes les plus critiques de son existence. Jadis reconnu pour la qualit\u00e9 de son d\u00e9bat interne, la solidit\u00e9 de ses cadres et sa culture d\u00e9mocratique, le parti appara\u00eet aujourd\u2019hui min\u00e9 par des divisions profondes, des querelles internes et une gouvernance de plus en plus contest\u00e9e.<\/p>\n<p>Incapable, selon de nombreux militants, d\u2019incarner une opposition cr\u00e9dible et structur\u00e9e face au pouvoir du RHDP, le PDCI-RDA semble s\u2019enliser dans des luttes intestines, au d\u00e9triment de ses priorit\u00e9s politiques et de son r\u00f4le historique.<\/p>\n<p>Au c\u0153ur de cette temp\u00eate politique figurent Jacques Gabriel Ehouo, d\u00e9put\u00e9-maire du Plateau, Sylvestre Emmou, d\u00e9put\u00e9-maire de Port-Bou\u00ebt, et Jean-Marc Yac\u00e9, d\u00e9put\u00e9-maire de Cocody. Ces trois cadres influents du parti font l\u2019objet de vives attaques internes, notamment sur les r\u00e9seaux sociaux, apr\u00e8s avoir exprim\u00e9 des r\u00e9serves sur la gouvernance actuelle du PDCI-RDA.<\/p>\n<p>Selon plusieurs sources internes, des cyberactivistes se r\u00e9clamant du parti, appuy\u00e9s par des responsables agissant en coulisses, auraient entrepris de jeter ces \u00e9lus en p\u00e2ture \u00e0 l\u2019opinion publique. Leur faute pr\u00e9sum\u00e9e : avoir os\u00e9 d\u00e9noncer ce qu\u2019ils consid\u00e8rent comme une gestion clanique, autocratique et peu inclusive du parti, pilot\u00e9e par une direction \u00e9loign\u00e9e des r\u00e9alit\u00e9s du terrain.<\/p>\n<p>Le point de rupture s\u2019est cristallis\u00e9 autour de la d\u00e9signation de Me Blessy Chrysostome \u00e0 la t\u00eate du groupe parlementaire PDCI \u00e0 l\u2019Assembl\u00e9e nationale. Plus que la personne elle-m\u00eame, c\u2019est la m\u00e9thode employ\u00e9e qui a suscit\u00e9 une vive contestation. Contrairement \u00e0 la version relay\u00e9e par certains cercles, les d\u00e9put\u00e9s concern\u00e9s n\u2019ont jamais cach\u00e9 leurs r\u00e9serves. Ils estimaient que la d\u00e9mocratie interne avait \u00e9t\u00e9 bafou\u00e9e. En effet, un consensus s\u2019\u00e9tait d\u00e9gag\u00e9 en faveur de J\u00e9r\u00e9mie N\u2019Gouan pour pr\u00e9sider le groupe parlementaire. Ce choix, largement partag\u00e9, n\u2019a pas \u00e9t\u00e9 respect\u00e9.<\/p>\n<p>Pour leurs d\u00e9tracteurs, refuser cette d\u00e9signation rel\u00e8verait de la dissidence. Pour eux, il s\u2019agissait simplement de d\u00e9fendre les principes fondamentaux du parti et d\u2019\u00e9viter que le PDCI-RDA ne donne l\u2019image d\u2019une formation domin\u00e9e par des logiques de n\u00e9potisme ou de repli identitaire.<\/p>\n<p>Le d\u00e9bat soul\u00e8ve \u00e9galement une question sensible mais centrale, celle de la repr\u00e9sentativit\u00e9. Pour la premi\u00e8re fois, le pr\u00e9sident du parti, le pr\u00e9sident du groupe parlementaire et m\u00eame le candidat du PDCI au perchoir appartiendraient au m\u00eame groupe ethnique, une configuration jug\u00e9e dangereuse par certains cadres.<\/p>\n<p>\u00ab La C\u00f4te d\u2019Ivoire est belle quand elle est h\u00e9t\u00e9roclite \u00bb, rappellent-ils, invoquant l\u2019h\u00e9ritage des pr\u00e9sidents F\u00e9lix Houphou\u00ebt-Boigny et Henri Konan B\u00e9di\u00e9, qui avaient su b\u00e2tir un parti fort en respectant les \u00e9quilibres sociopolitiques du pays.<\/p>\n<p>Au-del\u00e0 des querelles, les cons\u00e9quences pourraient \u00eatre lourdes. Les trois \u00e9lus mis en cause dirigent des bastions \u00e9lectoraux strat\u00e9giques pour le PDCI-RDA. Des informations concordantes indiquent que, si leur position venait \u00e0 se durcir, d\u2019autres d\u00e9put\u00e9s pourraient leur embo\u00eeter le pas.<\/p>\n<p>Un tel sc\u00e9nario ferait planer le risque d\u2019un groupe parlementaire affaibli, voire r\u00e9siduel, \u00e0 l\u2019Assembl\u00e9e nationale, une perspective humiliante pour un parti de cette stature. D\u2019o\u00f9 une question centrale qui traverse les rangs militants : pourquoi sacrifier des cadres cl\u00e9s au nom d\u2019int\u00e9r\u00eats personnels ou de calculs internes ?<\/p>\n<p>Pour de nombreux militants, la crise actuelle est la cons\u00e9quence directe de mauvais choix strat\u00e9giques, notamment lors des derni\u00e8res l\u00e9gislatives du 27 d\u00e9cembre, qui ont co\u00fbt\u00e9 au PDCI-RDA plus de trente si\u00e8ges parlementaires. Au lieu d\u2019un examen lucide et d\u2019un changement de cap, la direction du parti donnerait le sentiment de persister dans des strat\u00e9gies inefficaces et de se r\u00e9fugier dans des querelles fratricides.<\/p>\n<p>\u00c0 l\u2019heure o\u00f9 le paysage politique ivoirien se recompose, une chose appara\u00eet certaine : le PDCI-RDA joue une partie d\u00e9cisive de son avenir. Sans une remise en question urgente, inclusive et courageuse, les fractures internes pourraient laisser des traces durables sur l\u2019h\u00e9ritage d\u2019un parti qui a fa\u00e7onn\u00e9 l\u2019histoire politique de la C\u00f4te d\u2019Ivoire.<\/p>\n<p>Wassimagnon<\/p>\n","protected":false},"excerpt":{"rendered":"<p>Le Parti d\u00e9mocratique de C\u00f4te d\u2019Ivoire- Rassemblement d\u00e9mocratique africain (PDCI-RDA), pilier historique de la vie politique ivoirienne, traverse l\u2019une des p\u00e9riodes les plus critiques de son existence. Jadis reconnu pour la qualit\u00e9 de son d\u00e9bat interne, la solidit\u00e9 de ses cadres et sa culture d\u00e9mocratique, le parti appara\u00eet aujourd\u2019hui min\u00e9 par des divisions profondes, des [&hellip;]<\/p>\n","protected":false},"author":82,"featured_media":111731,"comment_status":"open","ping_status":"closed","sticky":false,"template":"","format":"standard","meta":{"footnotes":""},"categories":[2,20,10],"tags":[30,2188,18566,5385,7509,1549,16036,7257,305,3500,739],"class_list":["post-111732","post","type-post","status-publish","format-standard","has-post-thumbnail","hentry","category-politique","category-top-nouvelles","category-toutes-les-actualites","tag-abidjan","tag-assemblee","tag-crise-politique","tag-debat","tag-democratie","tag-gouvernance","tag-interne","tag-ivoirienne","tag-nationale","tag-opposition","tag-pdci-rda"],"yoast_head":"<!-- This site is optimized with the Yoast SEO Premium plugin v26.1 (Yoast SEO v27.0) - https:\/\/yoast.com\/product\/yoast-seo-premium-wordpress\/ -->\n<title>Crise au PDCI-RDA, quand la gouvernance contest\u00e9e et les querelles internes fragilisent un g\u00e9ant de la politique ivoirienne - C\u00f4te d&#039;Ivoire<\/title>\n<meta name=\"robots\" content=\"index, follow, max-snippet:-1, max-image-preview:large, max-video-preview:-1\" \/>\n<link rel=\"canonical\" href=\"https:\/\/www.africa-press.net\/cotedivoire\/politique\/crise-au-pdci-rda-quand-la-gouvernance-contestee-et-les-querelles-internes-fragilisent-un-geant-de-la-politique-ivoirienne\" \/>\n<meta property=\"og:locale\" content=\"fr_FR\" \/>\n<meta property=\"og:type\" content=\"article\" \/>\n<meta property=\"og:title\" content=\"Crise au PDCI-RDA, quand la gouvernance contest\u00e9e et les querelles internes fragilisent un g\u00e9ant de la politique ivoirienne\" \/>\n<meta property=\"og:description\" content=\"Le Parti d\u00e9mocratique de C\u00f4te d\u2019Ivoire- Rassemblement d\u00e9mocratique africain (PDCI-RDA), pilier historique de la vie politique ivoirienne, traverse l\u2019une des p\u00e9riodes les plus critiques de son existence. Jadis reconnu pour la qualit\u00e9 de son d\u00e9bat interne, la solidit\u00e9 de ses cadres et sa culture d\u00e9mocratique, le parti appara\u00eet aujourd\u2019hui min\u00e9 par des divisions profondes, des [&hellip;]\" \/>\n<meta property=\"og:url\" content=\"https:\/\/www.africa-press.net\/cotedivoire\/politique\/crise-au-pdci-rda-quand-la-gouvernance-contestee-et-les-querelles-internes-fragilisent-un-geant-de-la-politique-ivoirienne\" \/>\n<meta property=\"og:site_name\" content=\"C\u00f4te d&#039;Ivoire\" \/>\n<meta property=\"article:published_time\" content=\"2026-01-23T19:43:03+00:00\" \/>\n<meta name=\"author\" content=\"cfeditorfr\" \/>\n<meta name=\"twitter:card\" content=\"summary_large_image\" \/>\n<meta name=\"twitter:label1\" content=\"\u00c9crit par\" \/>\n\t<meta name=\"twitter:data1\" content=\"cfeditorfr\" \/>\n\t<meta name=\"twitter:label2\" content=\"Dur\u00e9e de lecture estim\u00e9e\" \/>\n\t<meta name=\"twitter:data2\" content=\"4 minutes\" \/>\n<script type=\"application\/ld+json\" class=\"yoast-schema-graph\">{\"@context\":\"https:\/\/schema.org\",\"@graph\":[{\"@type\":\"Article\",\"@id\":\"https:\/\/www.africa-press.net\/cotedivoire\/politique\/crise-au-pdci-rda-quand-la-gouvernance-contestee-et-les-querelles-internes-fragilisent-un-geant-de-la-politique-ivoirienne#article\",\"isPartOf\":{\"@id\":\"https:\/\/www.africa-press.net\/cotedivoire\/politique\/crise-au-pdci-rda-quand-la-gouvernance-contestee-et-les-querelles-internes-fragilisent-un-geant-de-la-politique-ivoirienne\"},\"author\":{\"name\":\"cfeditorfr\",\"@id\":\"https:\/\/www.africa-press.net\/cotedivoire\/#\/schema\/person\/2b1cf3cd81a31e3cd26889ca66d677f1\"},\"headline\":\"Crise au PDCI-RDA, quand la gouvernance contest\u00e9e et les querelles internes fragilisent un g\u00e9ant de la politique ivoirienne\",\"datePublished\":\"2026-01-23T19:43:03+00:00\",\"mainEntityOfPage\":{\"@id\":\"https:\/\/www.africa-press.net\/cotedivoire\/politique\/crise-au-pdci-rda-quand-la-gouvernance-contestee-et-les-querelles-internes-fragilisent-un-geant-de-la-politique-ivoirienne\"},\"wordCount\":770,\"commentCount\":0,\"image\":{\"@id\":\"https:\/\/www.africa-press.net\/cotedivoire\/politique\/crise-au-pdci-rda-quand-la-gouvernance-contestee-et-les-querelles-internes-fragilisent-un-geant-de-la-politique-ivoirienne#primaryimage\"},\"thumbnailUrl\":\"https:\/\/static.africa-press.net\/cote\/sites\/43\/2026\/01\/sm_1769197383.232479.jpg\",\"keywords\":[\"Abidjan\",\"Assembl\u00e9e\",\"crise politique\",\"d\u00e9bat\",\"D\u00e9mocratie\",\"Gouvernance\",\"interne\",\"ivoirienne\",\"nationale\",\"opposition\",\"PDCI-RDA\"],\"articleSection\":[\"Politique\",\"Top Nouvelles\",\"Toutes les actualit\u00e9s\"],\"inLanguage\":\"fr-FR\",\"potentialAction\":[{\"@type\":\"CommentAction\",\"name\":\"Comment\",\"target\":[\"https:\/\/www.africa-press.net\/cotedivoire\/politique\/crise-au-pdci-rda-quand-la-gouvernance-contestee-et-les-querelles-internes-fragilisent-un-geant-de-la-politique-ivoirienne#respond\"]}]},{\"@type\":\"WebPage\",\"@id\":\"https:\/\/www.africa-press.net\/cotedivoire\/politique\/crise-au-pdci-rda-quand-la-gouvernance-contestee-et-les-querelles-internes-fragilisent-un-geant-de-la-politique-ivoirienne\",\"url\":\"https:\/\/www.africa-press.net\/cotedivoire\/politique\/crise-au-pdci-rda-quand-la-gouvernance-contestee-et-les-querelles-internes-fragilisent-un-geant-de-la-politique-ivoirienne\",\"name\":\"Crise au PDCI-RDA, quand la gouvernance contest\u00e9e et les querelles internes fragilisent un g\u00e9ant de la politique ivoirienne - C\u00f4te d&#039;Ivoire\",\"isPartOf\":{\"@id\":\"https:\/\/www.africa-press.net\/cotedivoire\/#website\"},\"primaryImageOfPage\":{\"@id\":\"https:\/\/www.africa-press.net\/cotedivoire\/politique\/crise-au-pdci-rda-quand-la-gouvernance-contestee-et-les-querelles-internes-fragilisent-un-geant-de-la-politique-ivoirienne#primaryimage\"},\"image\":{\"@id\":\"https:\/\/www.africa-press.net\/cotedivoire\/politique\/crise-au-pdci-rda-quand-la-gouvernance-contestee-et-les-querelles-internes-fragilisent-un-geant-de-la-politique-ivoirienne#primaryimage\"},\"thumbnailUrl\":\"https:\/\/static.africa-press.net\/cote\/sites\/43\/2026\/01\/sm_1769197383.232479.jpg\",\"datePublished\":\"2026-01-23T19:43:03+00:00\",\"author\":{\"@id\":\"https:\/\/www.africa-press.net\/cotedivoire\/#\/schema\/person\/2b1cf3cd81a31e3cd26889ca66d677f1\"},\"breadcrumb\":{\"@id\":\"https:\/\/www.africa-press.net\/cotedivoire\/politique\/crise-au-pdci-rda-quand-la-gouvernance-contestee-et-les-querelles-internes-fragilisent-un-geant-de-la-politique-ivoirienne#breadcrumb\"},\"inLanguage\":\"fr-FR\",\"potentialAction\":[{\"@type\":\"ReadAction\",\"target\":[\"https:\/\/www.africa-press.net\/cotedivoire\/politique\/crise-au-pdci-rda-quand-la-gouvernance-contestee-et-les-querelles-internes-fragilisent-un-geant-de-la-politique-ivoirienne\"]}]},{\"@type\":\"ImageObject\",\"inLanguage\":\"fr-FR\",\"@id\":\"https:\/\/www.africa-press.net\/cotedivoire\/politique\/crise-au-pdci-rda-quand-la-gouvernance-contestee-et-les-querelles-internes-fragilisent-un-geant-de-la-politique-ivoirienne#primaryimage\",\"url\":\"https:\/\/static.africa-press.net\/cote\/sites\/43\/2026\/01\/sm_1769197383.232479.jpg\",\"contentUrl\":\"https:\/\/static.africa-press.net\/cote\/sites\/43\/2026\/01\/sm_1769197383.232479.jpg\",\"width\":600,\"height\":396,\"caption\":\"Crise au PDCI-RDA, quand la gouvernance contest\u00e9e et les querelles internes fragilisent un g\u00e9ant de la politique ivoirienne\"},{\"@type\":\"BreadcrumbList\",\"@id\":\"https:\/\/www.africa-press.net\/cotedivoire\/politique\/crise-au-pdci-rda-quand-la-gouvernance-contestee-et-les-querelles-internes-fragilisent-un-geant-de-la-politique-ivoirienne#breadcrumb\",\"itemListElement\":[{\"@type\":\"ListItem\",\"position\":1,\"name\":\"Accueil\",\"item\":\"https:\/\/www.africa-press.net\/cotedivoire\/\"},{\"@type\":\"ListItem\",\"position\":2,\"name\":\"Crise au PDCI-RDA, quand la gouvernance contest\u00e9e et les querelles internes fragilisent un g\u00e9ant de la politique ivoirienne\"}]},{\"@type\":\"WebSite\",\"@id\":\"https:\/\/www.africa-press.net\/cotedivoire\/#website\",\"url\":\"https:\/\/www.africa-press.net\/cotedivoire\/\",\"name\":\"C\u00f4te d&#039;Ivoire\",\"description\":\"Just another Africa News Agency Sites site\",\"potentialAction\":[{\"@type\":\"SearchAction\",\"target\":{\"@type\":\"EntryPoint\",\"urlTemplate\":\"https:\/\/www.africa-press.net\/cotedivoire\/?s={search_term_string}\"},\"query-input\":{\"@type\":\"PropertyValueSpecification\",\"valueRequired\":true,\"valueName\":\"search_term_string\"}}],\"inLanguage\":\"fr-FR\"},{\"@type\":\"Person\",\"@id\":\"https:\/\/www.africa-press.net\/cotedivoire\/#\/schema\/person\/2b1cf3cd81a31e3cd26889ca66d677f1\",\"name\":\"cfeditorfr\"}]}<\/script>\n<!-- \/ Yoast SEO Premium plugin. -->","yoast_head_json":{"title":"Crise au PDCI-RDA, quand la gouvernance contest\u00e9e et les querelles internes fragilisent un g\u00e9ant de la politique ivoirienne - C\u00f4te d&#039;Ivoire","robots":{"index":"index","follow":"follow","max-snippet":"max-snippet:-1","max-image-preview":"max-image-preview:large","max-video-preview":"max-video-preview:-1"},"canonical":"https:\/\/www.africa-press.net\/cotedivoire\/politique\/crise-au-pdci-rda-quand-la-gouvernance-contestee-et-les-querelles-internes-fragilisent-un-geant-de-la-politique-ivoirienne","og_locale":"fr_FR","og_type":"article","og_title":"Crise au PDCI-RDA, quand la gouvernance contest\u00e9e et les querelles internes fragilisent un g\u00e9ant de la politique ivoirienne","og_description":"Le Parti d\u00e9mocratique de C\u00f4te d\u2019Ivoire- Rassemblement d\u00e9mocratique africain (PDCI-RDA), pilier historique de la vie politique ivoirienne, traverse l\u2019une des p\u00e9riodes les plus critiques de son existence. Jadis reconnu pour la qualit\u00e9 de son d\u00e9bat interne, la solidit\u00e9 de ses cadres et sa culture d\u00e9mocratique, le parti appara\u00eet aujourd\u2019hui min\u00e9 par des divisions profondes, des [&hellip;]","og_url":"https:\/\/www.africa-press.net\/cotedivoire\/politique\/crise-au-pdci-rda-quand-la-gouvernance-contestee-et-les-querelles-internes-fragilisent-un-geant-de-la-politique-ivoirienne","og_site_name":"C\u00f4te d&#039;Ivoire","article_published_time":"2026-01-23T19:43:03+00:00","author":"cfeditorfr","twitter_card":"summary_large_image","twitter_misc":{"\u00c9crit par":"cfeditorfr","Dur\u00e9e de lecture estim\u00e9e":"4 minutes"},"schema":{"@context":"https:\/\/schema.org","@graph":[{"@type":"Article","@id":"https:\/\/www.africa-press.net\/cotedivoire\/politique\/crise-au-pdci-rda-quand-la-gouvernance-contestee-et-les-querelles-internes-fragilisent-un-geant-de-la-politique-ivoirienne#article","isPartOf":{"@id":"https:\/\/www.africa-press.net\/cotedivoire\/politique\/crise-au-pdci-rda-quand-la-gouvernance-contestee-et-les-querelles-internes-fragilisent-un-geant-de-la-politique-ivoirienne"},"author":{"name":"cfeditorfr","@id":"https:\/\/www.africa-press.net\/cotedivoire\/#\/schema\/person\/2b1cf3cd81a31e3cd26889ca66d677f1"},"headline":"Crise au PDCI-RDA, quand la gouvernance contest\u00e9e et les querelles internes fragilisent un g\u00e9ant de la politique ivoirienne","datePublished":"2026-01-23T19:43:03+00:00","mainEntityOfPage":{"@id":"https:\/\/www.africa-press.net\/cotedivoire\/politique\/crise-au-pdci-rda-quand-la-gouvernance-contestee-et-les-querelles-internes-fragilisent-un-geant-de-la-politique-ivoirienne"},"wordCount":770,"commentCount":0,"image":{"@id":"https:\/\/www.africa-press.net\/cotedivoire\/politique\/crise-au-pdci-rda-quand-la-gouvernance-contestee-et-les-querelles-internes-fragilisent-un-geant-de-la-politique-ivoirienne#primaryimage"},"thumbnailUrl":"https:\/\/static.africa-press.net\/cote\/sites\/43\/2026\/01\/sm_1769197383.232479.jpg","keywords":["Abidjan","Assembl\u00e9e","crise politique","d\u00e9bat","D\u00e9mocratie","Gouvernance","interne","ivoirienne","nationale","opposition","PDCI-RDA"],"articleSection":["Politique","Top Nouvelles","Toutes les actualit\u00e9s"],"inLanguage":"fr-FR","potentialAction":[{"@type":"CommentAction","name":"Comment","target":["https:\/\/www.africa-press.net\/cotedivoire\/politique\/crise-au-pdci-rda-quand-la-gouvernance-contestee-et-les-querelles-internes-fragilisent-un-geant-de-la-politique-ivoirienne#respond"]}]},{"@type":"WebPage","@id":"https:\/\/www.africa-press.net\/cotedivoire\/politique\/crise-au-pdci-rda-quand-la-gouvernance-contestee-et-les-querelles-internes-fragilisent-un-geant-de-la-politique-ivoirienne","url":"https:\/\/www.africa-press.net\/cotedivoire\/politique\/crise-au-pdci-rda-quand-la-gouvernance-contestee-et-les-querelles-internes-fragilisent-un-geant-de-la-politique-ivoirienne","name":"Crise au PDCI-RDA, quand la gouvernance contest\u00e9e et les querelles internes fragilisent un g\u00e9ant de la politique ivoirienne - C\u00f4te d&#039;Ivoire","isPartOf":{"@id":"https:\/\/www.africa-press.net\/cotedivoire\/#website"},"primaryImageOfPage":{"@id":"https:\/\/www.africa-press.net\/cotedivoire\/politique\/crise-au-pdci-rda-quand-la-gouvernance-contestee-et-les-querelles-internes-fragilisent-un-geant-de-la-politique-ivoirienne#primaryimage"},"image":{"@id":"https:\/\/www.africa-press.net\/cotedivoire\/politique\/crise-au-pdci-rda-quand-la-gouvernance-contestee-et-les-querelles-internes-fragilisent-un-geant-de-la-politique-ivoirienne#primaryimage"},"thumbnailUrl":"https:\/\/static.africa-press.net\/cote\/sites\/43\/2026\/01\/sm_1769197383.232479.jpg","datePublished":"2026-01-23T19:43:03+00:00","author":{"@id":"https:\/\/www.africa-press.net\/cotedivoire\/#\/schema\/person\/2b1cf3cd81a31e3cd26889ca66d677f1"},"breadcrumb":{"@id":"https:\/\/www.africa-press.net\/cotedivoire\/politique\/crise-au-pdci-rda-quand-la-gouvernance-contestee-et-les-querelles-internes-fragilisent-un-geant-de-la-politique-ivoirienne#breadcrumb"},"inLanguage":"fr-FR","potentialAction":[{"@type":"ReadAction","target":["https:\/\/www.africa-press.net\/cotedivoire\/politique\/crise-au-pdci-rda-quand-la-gouvernance-contestee-et-les-querelles-internes-fragilisent-un-geant-de-la-politique-ivoirienne"]}]},{"@type":"ImageObject","inLanguage":"fr-FR","@id":"https:\/\/www.africa-press.net\/cotedivoire\/politique\/crise-au-pdci-rda-quand-la-gouvernance-contestee-et-les-querelles-internes-fragilisent-un-geant-de-la-politique-ivoirienne#primaryimage","url":"https:\/\/static.africa-press.net\/cote\/sites\/43\/2026\/01\/sm_1769197383.232479.jpg","contentUrl":"https:\/\/static.africa-press.net\/cote\/sites\/43\/2026\/01\/sm_1769197383.232479.jpg","width":600,"height":396,"caption":"Crise au PDCI-RDA, quand la gouvernance contest\u00e9e et les querelles internes fragilisent un g\u00e9ant de la politique ivoirienne"},{"@type":"BreadcrumbList","@id":"https:\/\/www.africa-press.net\/cotedivoire\/politique\/crise-au-pdci-rda-quand-la-gouvernance-contestee-et-les-querelles-internes-fragilisent-un-geant-de-la-politique-ivoirienne#breadcrumb","itemListElement":[{"@type":"ListItem","position":1,"name":"Accueil","item":"https:\/\/www.africa-press.net\/cotedivoire\/"},{"@type":"ListItem","position":2,"name":"Crise au PDCI-RDA, quand la gouvernance contest\u00e9e et les querelles internes fragilisent un g\u00e9ant de la politique ivoirienne"}]},{"@type":"WebSite","@id":"https:\/\/www.africa-press.net\/cotedivoire\/#website","url":"https:\/\/www.africa-press.net\/cotedivoire\/","name":"C\u00f4te d&#039;Ivoire","description":"Just another Africa News Agency Sites site","potentialAction":[{"@type":"SearchAction","target":{"@type":"EntryPoint","urlTemplate":"https:\/\/www.africa-press.net\/cotedivoire\/?s={search_term_string}"},"query-input":{"@type":"PropertyValueSpecification","valueRequired":true,"valueName":"search_term_string"}}],"inLanguage":"fr-FR"},{"@type":"Person","@id":"https:\/\/www.africa-press.net\/cotedivoire\/#\/schema\/person\/2b1cf3cd81a31e3cd26889ca66d677f1","name":"cfeditorfr"}]}},"_links":{"self":[{"href":"https:\/\/www.africa-press.net\/cotedivoire\/wp-json\/wp\/v2\/posts\/111732","targetHints":{"allow":["GET"]}}],"collection":[{"href":"https:\/\/www.africa-press.net\/cotedivoire\/wp-json\/wp\/v2\/posts"}],"about":[{"href":"https:\/\/www.africa-press.net\/cotedivoire\/wp-json\/wp\/v2\/types\/post"}],"author":[{"embeddable":true,"href":"https:\/\/www.africa-press.net\/cotedivoire\/wp-json\/wp\/v2\/users\/82"}],"replies":[{"embeddable":true,"href":"https:\/\/www.africa-press.net\/cotedivoire\/wp-json\/wp\/v2\/comments?post=111732"}],"version-history":[{"count":0,"href":"https:\/\/www.africa-press.net\/cotedivoire\/wp-json\/wp\/v2\/posts\/111732\/revisions"}],"wp:featuredmedia":[{"embeddable":true,"href":"https:\/\/www.africa-press.net\/cotedivoire\/wp-json\/wp\/v2\/media\/111731"}],"wp:attachment":[{"href":"https:\/\/www.africa-press.net\/cotedivoire\/wp-json\/wp\/v2\/media?parent=111732"}],"wp:term":[{"taxonomy":"category","embeddable":true,"href":"https:\/\/www.africa-press.net\/cotedivoire\/wp-json\/wp\/v2\/categories?post=111732"},{"taxonomy":"post_tag","embeddable":true,"href":"https:\/\/www.africa-press.net\/cotedivoire\/wp-json\/wp\/v2\/tags?post=111732"}],"curies":[{"name":"wp","href":"https:\/\/api.w.org\/{rel}","templated":true}]}}