{"id":111750,"date":"2026-01-24T16:43:10","date_gmt":"2026-01-24T16:43:10","guid":{"rendered":"https:\/\/www.africa-press.net\/cotedivoire\/politique\/amadou-coulibaly-annonce-la-presentation-des-voeux-du-nouvel-an-a-partir-du-mardi-27"},"modified":"2026-01-24T16:43:10","modified_gmt":"2026-01-24T16:43:10","slug":"amadou-coulibaly-annonce-la-presentation-des-voeux-du-nouvel-an-a-partir-du-mardi-27","status":"publish","type":"post","link":"https:\/\/www.africa-press.net\/cotedivoire\/politique\/amadou-coulibaly-annonce-la-presentation-des-voeux-du-nouvel-an-a-partir-du-mardi-27","title":{"rendered":"Amadou Coulibaly annonce la pr\u00e9sentation des v\u0153ux du Nouvel An \u00e0 partir du mardi 27"},"content":{"rendered":"<p>Le premier Conseil des ministres suivant la formation du nouveau gouvernement s\u2019est tenu, ce samedi 24 janvier au Palais de la Pr\u00e9sidence. Une r\u00e9union br\u00e8ve mais symbolique, marquant officiellement l\u2019installation de la nouvelle \u00e9quipe gouvernementale et le lancement effectif de ses activit\u00e9s.<\/p>\n<p>Pr\u00e9sid\u00e9 par le Chef de l\u2019\u00c9tat, Alassane Ouattara, ce Conseil des ministres a \u00e9t\u00e9 marqu\u00e9 par deux interventions majeures : celle du Premier ministre, suivie de l\u2019allocution du Pr\u00e9sident de la R\u00e9publique. La rencontre, qui a dur\u00e9 environ quinze minutes, a essentiellement port\u00e9 sur les grandes orientations et le calendrier imm\u00e9diat de travail du nouveau gouvernement.<\/p>\n<p>\u00c0 l\u2019issue de la s\u00e9ance, le porte-parole du gouvernement, Amadou Coulibaly, \u00e9galement ministre de la Communication, s\u2019est adress\u00e9 \u00e0 la presse pour faire le compte rendu officiel. Il a annonc\u00e9 que le gouvernement entamera sans d\u00e9lai ses activit\u00e9s.<\/p>\n<p>Selon ses pr\u00e9cisions, les traditionnelles pr\u00e9sentations de v\u0153ux du Nouvel An se tiendront \u00e0 partir du mardi 27 janvier. Elles se d\u00e9rouleront en deux s\u00e9quences : la premi\u00e8re le mardi 27 janvier au matin, et la seconde le jeudi 29 janvier. Un communiqu\u00e9 du protocole d\u2019\u00c9tat viendra d\u00e9tailler les diff\u00e9rentes \u00e9tapes de ces c\u00e9r\u00e9monies.<\/p>\n<p>\u00ab Il faut retenir que le premier Conseil de gouvernement aura lieu ce m\u00eame mardi 27 janvier dans l\u2019apr\u00e8s-midi, puisque le matin sera consacr\u00e9 aux pr\u00e9sentations de v\u0153ux pr\u00e9vues \u00e0 15h30 \u00bb, a indiqu\u00e9 le porte-parole du gouvernement.<\/p>\n<p>Il a par ailleurs, inform\u00e9 qu\u2019un Conseil des ministres se tiendra le mercredi 28 janvier, confirmant ainsi la volont\u00e9 des autorit\u00e9s de maintenir un rythme soutenu de travail d\u00e8s les premiers jours.<\/p>\n<p>Wassimagnon<\/p>\n","protected":false},"excerpt":{"rendered":"<p>Le premier Conseil des ministres suivant la formation du nouveau gouvernement s\u2019est tenu, ce samedi 24 janvier au Palais de la Pr\u00e9sidence. Une r\u00e9union br\u00e8ve mais symbolique, marquant officiellement l\u2019installation de la nouvelle \u00e9quipe gouvernementale et le lancement effectif de ses activit\u00e9s. Pr\u00e9sid\u00e9 par le Chef de l\u2019\u00c9tat, Alassane Ouattara, ce Conseil des ministres a [&hellip;]<\/p>\n","protected":false},"author":82,"featured_media":111749,"comment_status":"open","ping_status":"closed","sticky":false,"template":"","format":"standard","meta":{"footnotes":""},"categories":[2,20,10],"tags":[4812,762,20108,20109,20106,3684,20105,20107,8636],"class_list":["post-111750","post","type-post","status-publish","format-standard","has-post-thumbnail","hentry","category-politique","category-top-nouvelles","category-toutes-les-actualites","tag-action","tag-gouvernement","tag-immediatement","tag-mambe-2","tag-mardi-27","tag-nouvel-an","tag-presentations","tag-prochains-jours","tag-voeux-2"],"yoast_head":"<!-- This site is optimized with the Yoast SEO Premium plugin v26.1 (Yoast SEO v27.0) - https:\/\/yoast.com\/product\/yoast-seo-premium-wordpress\/ -->\n<title>Amadou Coulibaly annonce la pr\u00e9sentation des v\u0153ux du Nouvel An \u00e0 partir du mardi 27 - C\u00f4te d&#039;Ivoire<\/title>\n<meta name=\"robots\" content=\"index, follow, max-snippet:-1, max-image-preview:large, max-video-preview:-1\" \/>\n<link rel=\"canonical\" href=\"https:\/\/www.africa-press.net\/cotedivoire\/politique\/amadou-coulibaly-annonce-la-presentation-des-voeux-du-nouvel-an-a-partir-du-mardi-27\" \/>\n<meta property=\"og:locale\" content=\"fr_FR\" \/>\n<meta property=\"og:type\" content=\"article\" \/>\n<meta property=\"og:title\" content=\"Amadou Coulibaly annonce la pr\u00e9sentation des v\u0153ux du Nouvel An \u00e0 partir du mardi 27\" \/>\n<meta property=\"og:description\" content=\"Le premier Conseil des ministres suivant la formation du nouveau gouvernement s\u2019est tenu, ce samedi 24 janvier au Palais de la Pr\u00e9sidence. Une r\u00e9union br\u00e8ve mais symbolique, marquant officiellement l\u2019installation de la nouvelle \u00e9quipe gouvernementale et le lancement effectif de ses activit\u00e9s. Pr\u00e9sid\u00e9 par le Chef de l\u2019\u00c9tat, Alassane Ouattara, ce Conseil des ministres a [&hellip;]\" \/>\n<meta property=\"og:url\" content=\"https:\/\/www.africa-press.net\/cotedivoire\/politique\/amadou-coulibaly-annonce-la-presentation-des-voeux-du-nouvel-an-a-partir-du-mardi-27\" \/>\n<meta property=\"og:site_name\" content=\"C\u00f4te d&#039;Ivoire\" \/>\n<meta property=\"article:published_time\" content=\"2026-01-24T16:43:10+00:00\" \/>\n<meta name=\"author\" content=\"cfeditorfr\" \/>\n<meta name=\"twitter:card\" content=\"summary_large_image\" \/>\n<meta name=\"twitter:label1\" content=\"\u00c9crit par\" \/>\n\t<meta name=\"twitter:data1\" content=\"cfeditorfr\" \/>\n\t<meta name=\"twitter:label2\" content=\"Dur\u00e9e de lecture estim\u00e9e\" \/>\n\t<meta name=\"twitter:data2\" content=\"1 minute\" \/>\n<script type=\"application\/ld+json\" class=\"yoast-schema-graph\">{\"@context\":\"https:\/\/schema.org\",\"@graph\":[{\"@type\":\"Article\",\"@id\":\"https:\/\/www.africa-press.net\/cotedivoire\/politique\/amadou-coulibaly-annonce-la-presentation-des-voeux-du-nouvel-an-a-partir-du-mardi-27#article\",\"isPartOf\":{\"@id\":\"https:\/\/www.africa-press.net\/cotedivoire\/politique\/amadou-coulibaly-annonce-la-presentation-des-voeux-du-nouvel-an-a-partir-du-mardi-27\"},\"author\":{\"name\":\"cfeditorfr\",\"@id\":\"https:\/\/www.africa-press.net\/cotedivoire\/#\/schema\/person\/2b1cf3cd81a31e3cd26889ca66d677f1\"},\"headline\":\"Amadou Coulibaly annonce la pr\u00e9sentation des v\u0153ux du Nouvel An \u00e0 partir du mardi 27\",\"datePublished\":\"2026-01-24T16:43:10+00:00\",\"mainEntityOfPage\":{\"@id\":\"https:\/\/www.africa-press.net\/cotedivoire\/politique\/amadou-coulibaly-annonce-la-presentation-des-voeux-du-nouvel-an-a-partir-du-mardi-27\"},\"wordCount\":299,\"commentCount\":0,\"image\":{\"@id\":\"https:\/\/www.africa-press.net\/cotedivoire\/politique\/amadou-coulibaly-annonce-la-presentation-des-voeux-du-nouvel-an-a-partir-du-mardi-27#primaryimage\"},\"thumbnailUrl\":\"https:\/\/static.africa-press.net\/cote\/sites\/43\/2026\/01\/sm_1769272990.335326.jpg\",\"keywords\":[\"Action\",\"Gouvernement\",\"imm\u00e9diatement\",\"Mamb\u00e9 2\",\"mardi 27\",\"nouvel an\",\"Pr\u00e9sentations\",\"prochains jours\",\"V\u0153ux\"],\"articleSection\":[\"Politique\",\"Top Nouvelles\",\"Toutes les actualit\u00e9s\"],\"inLanguage\":\"fr-FR\",\"potentialAction\":[{\"@type\":\"CommentAction\",\"name\":\"Comment\",\"target\":[\"https:\/\/www.africa-press.net\/cotedivoire\/politique\/amadou-coulibaly-annonce-la-presentation-des-voeux-du-nouvel-an-a-partir-du-mardi-27#respond\"]}]},{\"@type\":\"WebPage\",\"@id\":\"https:\/\/www.africa-press.net\/cotedivoire\/politique\/amadou-coulibaly-annonce-la-presentation-des-voeux-du-nouvel-an-a-partir-du-mardi-27\",\"url\":\"https:\/\/www.africa-press.net\/cotedivoire\/politique\/amadou-coulibaly-annonce-la-presentation-des-voeux-du-nouvel-an-a-partir-du-mardi-27\",\"name\":\"Amadou Coulibaly annonce la pr\u00e9sentation des v\u0153ux du Nouvel An \u00e0 partir du mardi 27 - C\u00f4te d&#039;Ivoire\",\"isPartOf\":{\"@id\":\"https:\/\/www.africa-press.net\/cotedivoire\/#website\"},\"primaryImageOfPage\":{\"@id\":\"https:\/\/www.africa-press.net\/cotedivoire\/politique\/amadou-coulibaly-annonce-la-presentation-des-voeux-du-nouvel-an-a-partir-du-mardi-27#primaryimage\"},\"image\":{\"@id\":\"https:\/\/www.africa-press.net\/cotedivoire\/politique\/amadou-coulibaly-annonce-la-presentation-des-voeux-du-nouvel-an-a-partir-du-mardi-27#primaryimage\"},\"thumbnailUrl\":\"https:\/\/static.africa-press.net\/cote\/sites\/43\/2026\/01\/sm_1769272990.335326.jpg\",\"datePublished\":\"2026-01-24T16:43:10+00:00\",\"author\":{\"@id\":\"https:\/\/www.africa-press.net\/cotedivoire\/#\/schema\/person\/2b1cf3cd81a31e3cd26889ca66d677f1\"},\"breadcrumb\":{\"@id\":\"https:\/\/www.africa-press.net\/cotedivoire\/politique\/amadou-coulibaly-annonce-la-presentation-des-voeux-du-nouvel-an-a-partir-du-mardi-27#breadcrumb\"},\"inLanguage\":\"fr-FR\",\"potentialAction\":[{\"@type\":\"ReadAction\",\"target\":[\"https:\/\/www.africa-press.net\/cotedivoire\/politique\/amadou-coulibaly-annonce-la-presentation-des-voeux-du-nouvel-an-a-partir-du-mardi-27\"]}]},{\"@type\":\"ImageObject\",\"inLanguage\":\"fr-FR\",\"@id\":\"https:\/\/www.africa-press.net\/cotedivoire\/politique\/amadou-coulibaly-annonce-la-presentation-des-voeux-du-nouvel-an-a-partir-du-mardi-27#primaryimage\",\"url\":\"https:\/\/static.africa-press.net\/cote\/sites\/43\/2026\/01\/sm_1769272990.335326.jpg\",\"contentUrl\":\"https:\/\/static.africa-press.net\/cote\/sites\/43\/2026\/01\/sm_1769272990.335326.jpg\",\"width\":600,\"height\":353,\"caption\":\"Amadou Coulibaly annonce la pr\u00e9sentation des v\u0153ux du Nouvel An \u00e0 partir du mardi 27\"},{\"@type\":\"BreadcrumbList\",\"@id\":\"https:\/\/www.africa-press.net\/cotedivoire\/politique\/amadou-coulibaly-annonce-la-presentation-des-voeux-du-nouvel-an-a-partir-du-mardi-27#breadcrumb\",\"itemListElement\":[{\"@type\":\"ListItem\",\"position\":1,\"name\":\"Accueil\",\"item\":\"https:\/\/www.africa-press.net\/cotedivoire\/\"},{\"@type\":\"ListItem\",\"position\":2,\"name\":\"Amadou Coulibaly annonce la pr\u00e9sentation des v\u0153ux du Nouvel An \u00e0 partir du mardi 27\"}]},{\"@type\":\"WebSite\",\"@id\":\"https:\/\/www.africa-press.net\/cotedivoire\/#website\",\"url\":\"https:\/\/www.africa-press.net\/cotedivoire\/\",\"name\":\"C\u00f4te d&#039;Ivoire\",\"description\":\"Just another Africa News Agency Sites site\",\"potentialAction\":[{\"@type\":\"SearchAction\",\"target\":{\"@type\":\"EntryPoint\",\"urlTemplate\":\"https:\/\/www.africa-press.net\/cotedivoire\/?s={search_term_string}\"},\"query-input\":{\"@type\":\"PropertyValueSpecification\",\"valueRequired\":true,\"valueName\":\"search_term_string\"}}],\"inLanguage\":\"fr-FR\"},{\"@type\":\"Person\",\"@id\":\"https:\/\/www.africa-press.net\/cotedivoire\/#\/schema\/person\/2b1cf3cd81a31e3cd26889ca66d677f1\",\"name\":\"cfeditorfr\"}]}<\/script>\n<!-- \/ Yoast SEO Premium plugin. -->","yoast_head_json":{"title":"Amadou Coulibaly annonce la pr\u00e9sentation des v\u0153ux du Nouvel An \u00e0 partir du mardi 27 - C\u00f4te d&#039;Ivoire","robots":{"index":"index","follow":"follow","max-snippet":"max-snippet:-1","max-image-preview":"max-image-preview:large","max-video-preview":"max-video-preview:-1"},"canonical":"https:\/\/www.africa-press.net\/cotedivoire\/politique\/amadou-coulibaly-annonce-la-presentation-des-voeux-du-nouvel-an-a-partir-du-mardi-27","og_locale":"fr_FR","og_type":"article","og_title":"Amadou Coulibaly annonce la pr\u00e9sentation des v\u0153ux du Nouvel An \u00e0 partir du mardi 27","og_description":"Le premier Conseil des ministres suivant la formation du nouveau gouvernement s\u2019est tenu, ce samedi 24 janvier au Palais de la Pr\u00e9sidence. Une r\u00e9union br\u00e8ve mais symbolique, marquant officiellement l\u2019installation de la nouvelle \u00e9quipe gouvernementale et le lancement effectif de ses activit\u00e9s. Pr\u00e9sid\u00e9 par le Chef de l\u2019\u00c9tat, Alassane Ouattara, ce Conseil des ministres a [&hellip;]","og_url":"https:\/\/www.africa-press.net\/cotedivoire\/politique\/amadou-coulibaly-annonce-la-presentation-des-voeux-du-nouvel-an-a-partir-du-mardi-27","og_site_name":"C\u00f4te d&#039;Ivoire","article_published_time":"2026-01-24T16:43:10+00:00","author":"cfeditorfr","twitter_card":"summary_large_image","twitter_misc":{"\u00c9crit par":"cfeditorfr","Dur\u00e9e de lecture estim\u00e9e":"1 minute"},"schema":{"@context":"https:\/\/schema.org","@graph":[{"@type":"Article","@id":"https:\/\/www.africa-press.net\/cotedivoire\/politique\/amadou-coulibaly-annonce-la-presentation-des-voeux-du-nouvel-an-a-partir-du-mardi-27#article","isPartOf":{"@id":"https:\/\/www.africa-press.net\/cotedivoire\/politique\/amadou-coulibaly-annonce-la-presentation-des-voeux-du-nouvel-an-a-partir-du-mardi-27"},"author":{"name":"cfeditorfr","@id":"https:\/\/www.africa-press.net\/cotedivoire\/#\/schema\/person\/2b1cf3cd81a31e3cd26889ca66d677f1"},"headline":"Amadou Coulibaly annonce la pr\u00e9sentation des v\u0153ux du Nouvel An \u00e0 partir du mardi 27","datePublished":"2026-01-24T16:43:10+00:00","mainEntityOfPage":{"@id":"https:\/\/www.africa-press.net\/cotedivoire\/politique\/amadou-coulibaly-annonce-la-presentation-des-voeux-du-nouvel-an-a-partir-du-mardi-27"},"wordCount":299,"commentCount":0,"image":{"@id":"https:\/\/www.africa-press.net\/cotedivoire\/politique\/amadou-coulibaly-annonce-la-presentation-des-voeux-du-nouvel-an-a-partir-du-mardi-27#primaryimage"},"thumbnailUrl":"https:\/\/static.africa-press.net\/cote\/sites\/43\/2026\/01\/sm_1769272990.335326.jpg","keywords":["Action","Gouvernement","imm\u00e9diatement","Mamb\u00e9 2","mardi 27","nouvel an","Pr\u00e9sentations","prochains jours","V\u0153ux"],"articleSection":["Politique","Top Nouvelles","Toutes les actualit\u00e9s"],"inLanguage":"fr-FR","potentialAction":[{"@type":"CommentAction","name":"Comment","target":["https:\/\/www.africa-press.net\/cotedivoire\/politique\/amadou-coulibaly-annonce-la-presentation-des-voeux-du-nouvel-an-a-partir-du-mardi-27#respond"]}]},{"@type":"WebPage","@id":"https:\/\/www.africa-press.net\/cotedivoire\/politique\/amadou-coulibaly-annonce-la-presentation-des-voeux-du-nouvel-an-a-partir-du-mardi-27","url":"https:\/\/www.africa-press.net\/cotedivoire\/politique\/amadou-coulibaly-annonce-la-presentation-des-voeux-du-nouvel-an-a-partir-du-mardi-27","name":"Amadou Coulibaly annonce la pr\u00e9sentation des v\u0153ux du Nouvel An \u00e0 partir du mardi 27 - C\u00f4te d&#039;Ivoire","isPartOf":{"@id":"https:\/\/www.africa-press.net\/cotedivoire\/#website"},"primaryImageOfPage":{"@id":"https:\/\/www.africa-press.net\/cotedivoire\/politique\/amadou-coulibaly-annonce-la-presentation-des-voeux-du-nouvel-an-a-partir-du-mardi-27#primaryimage"},"image":{"@id":"https:\/\/www.africa-press.net\/cotedivoire\/politique\/amadou-coulibaly-annonce-la-presentation-des-voeux-du-nouvel-an-a-partir-du-mardi-27#primaryimage"},"thumbnailUrl":"https:\/\/static.africa-press.net\/cote\/sites\/43\/2026\/01\/sm_1769272990.335326.jpg","datePublished":"2026-01-24T16:43:10+00:00","author":{"@id":"https:\/\/www.africa-press.net\/cotedivoire\/#\/schema\/person\/2b1cf3cd81a31e3cd26889ca66d677f1"},"breadcrumb":{"@id":"https:\/\/www.africa-press.net\/cotedivoire\/politique\/amadou-coulibaly-annonce-la-presentation-des-voeux-du-nouvel-an-a-partir-du-mardi-27#breadcrumb"},"inLanguage":"fr-FR","potentialAction":[{"@type":"ReadAction","target":["https:\/\/www.africa-press.net\/cotedivoire\/politique\/amadou-coulibaly-annonce-la-presentation-des-voeux-du-nouvel-an-a-partir-du-mardi-27"]}]},{"@type":"ImageObject","inLanguage":"fr-FR","@id":"https:\/\/www.africa-press.net\/cotedivoire\/politique\/amadou-coulibaly-annonce-la-presentation-des-voeux-du-nouvel-an-a-partir-du-mardi-27#primaryimage","url":"https:\/\/static.africa-press.net\/cote\/sites\/43\/2026\/01\/sm_1769272990.335326.jpg","contentUrl":"https:\/\/static.africa-press.net\/cote\/sites\/43\/2026\/01\/sm_1769272990.335326.jpg","width":600,"height":353,"caption":"Amadou Coulibaly annonce la pr\u00e9sentation des v\u0153ux du Nouvel An \u00e0 partir du mardi 27"},{"@type":"BreadcrumbList","@id":"https:\/\/www.africa-press.net\/cotedivoire\/politique\/amadou-coulibaly-annonce-la-presentation-des-voeux-du-nouvel-an-a-partir-du-mardi-27#breadcrumb","itemListElement":[{"@type":"ListItem","position":1,"name":"Accueil","item":"https:\/\/www.africa-press.net\/cotedivoire\/"},{"@type":"ListItem","position":2,"name":"Amadou Coulibaly annonce la pr\u00e9sentation des v\u0153ux du Nouvel An \u00e0 partir du mardi 27"}]},{"@type":"WebSite","@id":"https:\/\/www.africa-press.net\/cotedivoire\/#website","url":"https:\/\/www.africa-press.net\/cotedivoire\/","name":"C\u00f4te d&#039;Ivoire","description":"Just another Africa News Agency Sites site","potentialAction":[{"@type":"SearchAction","target":{"@type":"EntryPoint","urlTemplate":"https:\/\/www.africa-press.net\/cotedivoire\/?s={search_term_string}"},"query-input":{"@type":"PropertyValueSpecification","valueRequired":true,"valueName":"search_term_string"}}],"inLanguage":"fr-FR"},{"@type":"Person","@id":"https:\/\/www.africa-press.net\/cotedivoire\/#\/schema\/person\/2b1cf3cd81a31e3cd26889ca66d677f1","name":"cfeditorfr"}]}},"_links":{"self":[{"href":"https:\/\/www.africa-press.net\/cotedivoire\/wp-json\/wp\/v2\/posts\/111750","targetHints":{"allow":["GET"]}}],"collection":[{"href":"https:\/\/www.africa-press.net\/cotedivoire\/wp-json\/wp\/v2\/posts"}],"about":[{"href":"https:\/\/www.africa-press.net\/cotedivoire\/wp-json\/wp\/v2\/types\/post"}],"author":[{"embeddable":true,"href":"https:\/\/www.africa-press.net\/cotedivoire\/wp-json\/wp\/v2\/users\/82"}],"replies":[{"embeddable":true,"href":"https:\/\/www.africa-press.net\/cotedivoire\/wp-json\/wp\/v2\/comments?post=111750"}],"version-history":[{"count":0,"href":"https:\/\/www.africa-press.net\/cotedivoire\/wp-json\/wp\/v2\/posts\/111750\/revisions"}],"wp:featuredmedia":[{"embeddable":true,"href":"https:\/\/www.africa-press.net\/cotedivoire\/wp-json\/wp\/v2\/media\/111749"}],"wp:attachment":[{"href":"https:\/\/www.africa-press.net\/cotedivoire\/wp-json\/wp\/v2\/media?parent=111750"}],"wp:term":[{"taxonomy":"category","embeddable":true,"href":"https:\/\/www.africa-press.net\/cotedivoire\/wp-json\/wp\/v2\/categories?post=111750"},{"taxonomy":"post_tag","embeddable":true,"href":"https:\/\/www.africa-press.net\/cotedivoire\/wp-json\/wp\/v2\/tags?post=111750"}],"curies":[{"name":"wp","href":"https:\/\/api.w.org\/{rel}","templated":true}]}}