{"id":111752,"date":"2026-01-24T16:43:23","date_gmt":"2026-01-24T16:43:23","guid":{"rendered":"https:\/\/www.africa-press.net\/cotedivoire\/politique\/robert-beugre-mambe-renouvelle-lengagement-du-gouvernement-pour-une-cote-divoire-grande-et-en-marche-vers-le-progres"},"modified":"2026-01-24T16:43:23","modified_gmt":"2026-01-24T16:43:23","slug":"robert-beugre-mambe-renouvelle-lengagement-du-gouvernement-pour-une-cote-divoire-grande-et-en-marche-vers-le-progres","status":"publish","type":"post","link":"https:\/\/www.africa-press.net\/cotedivoire\/politique\/robert-beugre-mambe-renouvelle-lengagement-du-gouvernement-pour-une-cote-divoire-grande-et-en-marche-vers-le-progres","title":{"rendered":"Robert Beugr\u00e9 Mamb\u00e9 renouvelle l&rsquo;engagement du gouvernement pour une C\u00f4te d&rsquo;Ivoire \u201cgrande et en marche vers le progr\u00e8s\u201d"},"content":{"rendered":"<p>Reconduit dans ses fonctions de Premier ministre, chef du Gouvernement, Robert Beugr\u00e9 Mamb\u00e9 a exprim\u00e9, samedi, sa profonde gratitude au Pr\u00e9sident de la R\u00e9publique \u00e0 l\u2019occasion du premier Conseil des ministres du nouveau gouvernement, tenu sous la tr\u00e8s haute pr\u00e9sidence du Chef de l\u2019\u00c9tat. Cette rencontre solennelle marque officiellement le d\u00e9but d\u2019une nouvelle phase politique ax\u00e9e sur l\u2019action, la performance et l\u2019am\u00e9lioration concr\u00e8te des conditions de vie des populations.<\/p>\n<p>Nomm\u00e9 \u00e0 nouveau le 21 janvier 2026, \u00e0 la suite de la d\u00e9mission du gouvernement intervenue le 7 janvier, Robert Beugr\u00e9 Mamb\u00e9 a vu son \u00e9quipe gouvernementale renouvel\u00e9e le 23 janvier. Le nouvel ex\u00e9cutif est compos\u00e9 de 34 membres, dont six femmes. Prenant la parole au nom de l\u2019ensemble des ministres, le Premier ministre a salu\u00e9 \u00ab une marque de tr\u00e8s grande confiance \u00bb du Pr\u00e9sident de la R\u00e9publique, qu\u2019il a qualifi\u00e9e d\u2019honneur mais aussi d\u2019exigence accrue de rigueur, d\u2019engagement et de d\u00e9vouement.<\/p>\n<p>Il a \u00e9galement transmis la reconnaissance des membres sortants du gouvernement, tout en rendant un hommage appuy\u00e9 au Vice-Pr\u00e9sident de la R\u00e9publique pour son r\u00f4le constant et discret dans les grandes d\u00e9cisions ayant marqu\u00e9 l\u2019histoire r\u00e9cente du pays.<\/p>\n<p>\u00c9voquant les \u00e9lections pr\u00e9sidentielles du 25 octobre 2025 et les \u00e9lections l\u00e9gislatives du 27 d\u00e9cembre 2025, le Premier ministre a soulign\u00e9 la maturit\u00e9 d\u00e9mocratique croissante de la C\u00f4te d\u2019Ivoire. Selon lui, ces \u00e9ch\u00e9ances \u00e9lectorales ont permis de clore un cycle politique et d\u2019ouvrir une nouvelle phase centr\u00e9e sur l\u2019action publique, la consolidation du d\u00e9veloppement et la poursuite r\u00e9solue des r\u00e9formes structurelles.<\/p>\n<p>Dans cette perspective, Robert Beugr\u00e9 Mamb\u00e9 a insist\u00e9 sur la n\u00e9cessit\u00e9 pour le gouvernement de s\u2019approprier pleinement les orientations pr\u00e9sidentielles, notamment celles contenues dans le message \u00e0 la Nation du 31 d\u00e9cembre 2025, qu\u2019il a pr\u00e9sent\u00e9 comme un rep\u00e8re strat\u00e9gique majeur. Ce message d\u00e9finit, a-t-il rappel\u00e9, les priorit\u00e9s imm\u00e9diates en mati\u00e8re sociale, de gouvernance, de gestion \u00e9conomique et financi\u00e8re, de d\u00e9veloppement du secteur priv\u00e9 et d\u2019am\u00e9nagement r\u00e9gional.<\/p>\n<p>Le chef du gouvernement a annonc\u00e9 que l\u2019action gouvernementale s\u2019articulera autour des outils de gestion ax\u00e9s sur les r\u00e9sultats, en particulier le Plan national de d\u00e9veloppement de deuxi\u00e8me g\u00e9n\u00e9ration (PND 2026-2030) et la feuille de route gouvernementale pour l\u2019ann\u00e9e 2026. Chaque minist\u00e8re sera tenu de d\u00e9finir des livrables concrets afin de faciliter le suivi et l\u2019\u00e9valuation des projets.<\/p>\n<p>L\u2019am\u00e9lioration de la qualit\u00e9 du service public rendu aux citoyens constituera l\u2019un des axes majeurs de cette nouvelle gouvernance. Cette exigence, a-t-il pr\u00e9cis\u00e9, sera traduite de mani\u00e8re concr\u00e8te dans les secteurs sociaux et au sein des administrations publiques, r\u00e9pondant ainsi \u00e0 une attente forte du Pr\u00e9sident de la R\u00e9publique et des populations.<\/p>\n<p>Pour la mise en \u0153uvre des chantiers structurants de la \u00ab Grande C\u00f4te d\u2019Ivoire \u00bb, Robert Beugr\u00e9 Mamb\u00e9 a pris, au nom du gouvernement, un engagement solennel \u00e0 travailler avec rigueur, efficacit\u00e9, pragmatisme et c\u00e9l\u00e9rit\u00e9, dans un esprit d\u2019humilit\u00e9 et de culture du r\u00e9sultat. Il a r\u00e9affirm\u00e9 la volont\u00e9 de l\u2019ex\u00e9cutif d\u2019agir dans la paix, la solidarit\u00e9 et la fraternit\u00e9, en privil\u00e9giant le travail bien fait et l\u2019esprit d\u2019\u00e9quipe.<\/p>\n<p>Cl\u00f4turant son allocution, le Premier ministre a formul\u00e9 des v\u0153ux de sant\u00e9, de long\u00e9vit\u00e9 et d\u2019inspiration divine \u00e0 l\u2019endroit du Pr\u00e9sident de la R\u00e9publique, afin qu\u2019il continue de conduire avec succ\u00e8s la destin\u00e9e de la C\u00f4te d\u2019Ivoire, \u00ab nation moderne, prosp\u00e8re, solidaire et respect\u00e9e sur la sc\u00e8ne internationale \u00bb.<\/p>\n<p>Wassimagnon<\/p>\n","protected":false},"excerpt":{"rendered":"<p>Reconduit dans ses fonctions de Premier ministre, chef du Gouvernement, Robert Beugr\u00e9 Mamb\u00e9 a exprim\u00e9, samedi, sa profonde gratitude au Pr\u00e9sident de la R\u00e9publique \u00e0 l\u2019occasion du premier Conseil des ministres du nouveau gouvernement, tenu sous la tr\u00e8s haute pr\u00e9sidence du Chef de l\u2019\u00c9tat. Cette rencontre solennelle marque officiellement le d\u00e9but d\u2019une nouvelle phase politique [&hellip;]<\/p>\n","protected":false},"author":82,"featured_media":111751,"comment_status":"open","ping_status":"closed","sticky":false,"template":"","format":"standard","meta":{"footnotes":""},"categories":[2,10],"tags":[1583,1549,762,7257,16832,60,20110,9980],"class_list":["post-111752","post","type-post","status-publish","format-standard","has-post-thumbnail","hentry","category-politique","category-toutes-les-actualites","tag-developpement","tag-gouvernance","tag-gouvernement","tag-ivoirienne","tag-pnd-2026-2030","tag-politique","tag-presidence-republique","tag-robert-beugre-mambe"],"yoast_head":"<!-- This site is optimized with the Yoast SEO Premium plugin v26.1 (Yoast SEO v27.0) - https:\/\/yoast.com\/product\/yoast-seo-premium-wordpress\/ -->\n<title>Robert Beugr\u00e9 Mamb\u00e9 renouvelle l&#039;engagement du gouvernement pour une C\u00f4te d&#039;Ivoire \u201cgrande et en marche vers le progr\u00e8s\u201d - C\u00f4te d&#039;Ivoire<\/title>\n<meta name=\"robots\" content=\"index, follow, max-snippet:-1, max-image-preview:large, max-video-preview:-1\" \/>\n<link rel=\"canonical\" href=\"https:\/\/www.africa-press.net\/cotedivoire\/politique\/robert-beugre-mambe-renouvelle-lengagement-du-gouvernement-pour-une-cote-divoire-grande-et-en-marche-vers-le-progres\" \/>\n<meta property=\"og:locale\" content=\"fr_FR\" \/>\n<meta property=\"og:type\" content=\"article\" \/>\n<meta property=\"og:title\" content=\"Robert Beugr\u00e9 Mamb\u00e9 renouvelle l&#039;engagement du gouvernement pour une C\u00f4te d&#039;Ivoire \u201cgrande et en marche vers le progr\u00e8s\u201d\" \/>\n<meta property=\"og:description\" content=\"Reconduit dans ses fonctions de Premier ministre, chef du Gouvernement, Robert Beugr\u00e9 Mamb\u00e9 a exprim\u00e9, samedi, sa profonde gratitude au Pr\u00e9sident de la R\u00e9publique \u00e0 l\u2019occasion du premier Conseil des ministres du nouveau gouvernement, tenu sous la tr\u00e8s haute pr\u00e9sidence du Chef de l\u2019\u00c9tat. Cette rencontre solennelle marque officiellement le d\u00e9but d\u2019une nouvelle phase politique [&hellip;]\" \/>\n<meta property=\"og:url\" content=\"https:\/\/www.africa-press.net\/cotedivoire\/politique\/robert-beugre-mambe-renouvelle-lengagement-du-gouvernement-pour-une-cote-divoire-grande-et-en-marche-vers-le-progres\" \/>\n<meta property=\"og:site_name\" content=\"C\u00f4te d&#039;Ivoire\" \/>\n<meta property=\"article:published_time\" content=\"2026-01-24T16:43:23+00:00\" \/>\n<meta name=\"author\" content=\"cfeditorfr\" \/>\n<meta name=\"twitter:card\" content=\"summary_large_image\" \/>\n<meta name=\"twitter:label1\" content=\"\u00c9crit par\" \/>\n\t<meta name=\"twitter:data1\" content=\"cfeditorfr\" \/>\n\t<meta name=\"twitter:label2\" content=\"Dur\u00e9e de lecture estim\u00e9e\" \/>\n\t<meta name=\"twitter:data2\" content=\"3 minutes\" \/>\n<script type=\"application\/ld+json\" class=\"yoast-schema-graph\">{\"@context\":\"https:\/\/schema.org\",\"@graph\":[{\"@type\":\"Article\",\"@id\":\"https:\/\/www.africa-press.net\/cotedivoire\/politique\/robert-beugre-mambe-renouvelle-lengagement-du-gouvernement-pour-une-cote-divoire-grande-et-en-marche-vers-le-progres#article\",\"isPartOf\":{\"@id\":\"https:\/\/www.africa-press.net\/cotedivoire\/politique\/robert-beugre-mambe-renouvelle-lengagement-du-gouvernement-pour-une-cote-divoire-grande-et-en-marche-vers-le-progres\"},\"author\":{\"name\":\"cfeditorfr\",\"@id\":\"https:\/\/www.africa-press.net\/cotedivoire\/#\/schema\/person\/2b1cf3cd81a31e3cd26889ca66d677f1\"},\"headline\":\"Robert Beugr\u00e9 Mamb\u00e9 renouvelle l&rsquo;engagement du gouvernement pour une C\u00f4te d&rsquo;Ivoire \u201cgrande et en marche vers le progr\u00e8s\u201d\",\"datePublished\":\"2026-01-24T16:43:23+00:00\",\"mainEntityOfPage\":{\"@id\":\"https:\/\/www.africa-press.net\/cotedivoire\/politique\/robert-beugre-mambe-renouvelle-lengagement-du-gouvernement-pour-une-cote-divoire-grande-et-en-marche-vers-le-progres\"},\"wordCount\":656,\"commentCount\":0,\"image\":{\"@id\":\"https:\/\/www.africa-press.net\/cotedivoire\/politique\/robert-beugre-mambe-renouvelle-lengagement-du-gouvernement-pour-une-cote-divoire-grande-et-en-marche-vers-le-progres#primaryimage\"},\"thumbnailUrl\":\"https:\/\/static.africa-press.net\/cote\/sites\/43\/2026\/01\/sm_1769273003.479112.jpg\",\"keywords\":[\"d\u00e9veloppement\",\"Gouvernance\",\"Gouvernement\",\"ivoirienne\",\"PND 2026-2030\",\"Politique\",\"Pr\u00e9sidence R\u00e9publique\",\"Robert Beugr\u00e9 Mamb\u00e9\"],\"articleSection\":[\"Politique\",\"Toutes les actualit\u00e9s\"],\"inLanguage\":\"fr-FR\",\"potentialAction\":[{\"@type\":\"CommentAction\",\"name\":\"Comment\",\"target\":[\"https:\/\/www.africa-press.net\/cotedivoire\/politique\/robert-beugre-mambe-renouvelle-lengagement-du-gouvernement-pour-une-cote-divoire-grande-et-en-marche-vers-le-progres#respond\"]}]},{\"@type\":\"WebPage\",\"@id\":\"https:\/\/www.africa-press.net\/cotedivoire\/politique\/robert-beugre-mambe-renouvelle-lengagement-du-gouvernement-pour-une-cote-divoire-grande-et-en-marche-vers-le-progres\",\"url\":\"https:\/\/www.africa-press.net\/cotedivoire\/politique\/robert-beugre-mambe-renouvelle-lengagement-du-gouvernement-pour-une-cote-divoire-grande-et-en-marche-vers-le-progres\",\"name\":\"Robert Beugr\u00e9 Mamb\u00e9 renouvelle l'engagement du gouvernement pour une C\u00f4te d'Ivoire \u201cgrande et en marche vers le progr\u00e8s\u201d - C\u00f4te d&#039;Ivoire\",\"isPartOf\":{\"@id\":\"https:\/\/www.africa-press.net\/cotedivoire\/#website\"},\"primaryImageOfPage\":{\"@id\":\"https:\/\/www.africa-press.net\/cotedivoire\/politique\/robert-beugre-mambe-renouvelle-lengagement-du-gouvernement-pour-une-cote-divoire-grande-et-en-marche-vers-le-progres#primaryimage\"},\"image\":{\"@id\":\"https:\/\/www.africa-press.net\/cotedivoire\/politique\/robert-beugre-mambe-renouvelle-lengagement-du-gouvernement-pour-une-cote-divoire-grande-et-en-marche-vers-le-progres#primaryimage\"},\"thumbnailUrl\":\"https:\/\/static.africa-press.net\/cote\/sites\/43\/2026\/01\/sm_1769273003.479112.jpg\",\"datePublished\":\"2026-01-24T16:43:23+00:00\",\"author\":{\"@id\":\"https:\/\/www.africa-press.net\/cotedivoire\/#\/schema\/person\/2b1cf3cd81a31e3cd26889ca66d677f1\"},\"breadcrumb\":{\"@id\":\"https:\/\/www.africa-press.net\/cotedivoire\/politique\/robert-beugre-mambe-renouvelle-lengagement-du-gouvernement-pour-une-cote-divoire-grande-et-en-marche-vers-le-progres#breadcrumb\"},\"inLanguage\":\"fr-FR\",\"potentialAction\":[{\"@type\":\"ReadAction\",\"target\":[\"https:\/\/www.africa-press.net\/cotedivoire\/politique\/robert-beugre-mambe-renouvelle-lengagement-du-gouvernement-pour-une-cote-divoire-grande-et-en-marche-vers-le-progres\"]}]},{\"@type\":\"ImageObject\",\"inLanguage\":\"fr-FR\",\"@id\":\"https:\/\/www.africa-press.net\/cotedivoire\/politique\/robert-beugre-mambe-renouvelle-lengagement-du-gouvernement-pour-une-cote-divoire-grande-et-en-marche-vers-le-progres#primaryimage\",\"url\":\"https:\/\/static.africa-press.net\/cote\/sites\/43\/2026\/01\/sm_1769273003.479112.jpg\",\"contentUrl\":\"https:\/\/static.africa-press.net\/cote\/sites\/43\/2026\/01\/sm_1769273003.479112.jpg\",\"width\":600,\"height\":291,\"caption\":\"Robert Beugr\u00e9 Mamb\u00e9 renouvelle l'engagement du gouvernement pour une C\u00f4te d'Ivoire \u201cgrande et en marche vers le progr\u00e8s\u201d\"},{\"@type\":\"BreadcrumbList\",\"@id\":\"https:\/\/www.africa-press.net\/cotedivoire\/politique\/robert-beugre-mambe-renouvelle-lengagement-du-gouvernement-pour-une-cote-divoire-grande-et-en-marche-vers-le-progres#breadcrumb\",\"itemListElement\":[{\"@type\":\"ListItem\",\"position\":1,\"name\":\"Accueil\",\"item\":\"https:\/\/www.africa-press.net\/cotedivoire\/\"},{\"@type\":\"ListItem\",\"position\":2,\"name\":\"Robert Beugr\u00e9 Mamb\u00e9 renouvelle l&rsquo;engagement du gouvernement pour une C\u00f4te d&rsquo;Ivoire \u201cgrande et en marche vers le progr\u00e8s\u201d\"}]},{\"@type\":\"WebSite\",\"@id\":\"https:\/\/www.africa-press.net\/cotedivoire\/#website\",\"url\":\"https:\/\/www.africa-press.net\/cotedivoire\/\",\"name\":\"C\u00f4te d&#039;Ivoire\",\"description\":\"Just another Africa News Agency Sites site\",\"potentialAction\":[{\"@type\":\"SearchAction\",\"target\":{\"@type\":\"EntryPoint\",\"urlTemplate\":\"https:\/\/www.africa-press.net\/cotedivoire\/?s={search_term_string}\"},\"query-input\":{\"@type\":\"PropertyValueSpecification\",\"valueRequired\":true,\"valueName\":\"search_term_string\"}}],\"inLanguage\":\"fr-FR\"},{\"@type\":\"Person\",\"@id\":\"https:\/\/www.africa-press.net\/cotedivoire\/#\/schema\/person\/2b1cf3cd81a31e3cd26889ca66d677f1\",\"name\":\"cfeditorfr\"}]}<\/script>\n<!-- \/ Yoast SEO Premium plugin. -->","yoast_head_json":{"title":"Robert Beugr\u00e9 Mamb\u00e9 renouvelle l'engagement du gouvernement pour une C\u00f4te d'Ivoire \u201cgrande et en marche vers le progr\u00e8s\u201d - C\u00f4te d&#039;Ivoire","robots":{"index":"index","follow":"follow","max-snippet":"max-snippet:-1","max-image-preview":"max-image-preview:large","max-video-preview":"max-video-preview:-1"},"canonical":"https:\/\/www.africa-press.net\/cotedivoire\/politique\/robert-beugre-mambe-renouvelle-lengagement-du-gouvernement-pour-une-cote-divoire-grande-et-en-marche-vers-le-progres","og_locale":"fr_FR","og_type":"article","og_title":"Robert Beugr\u00e9 Mamb\u00e9 renouvelle l'engagement du gouvernement pour une C\u00f4te d'Ivoire \u201cgrande et en marche vers le progr\u00e8s\u201d","og_description":"Reconduit dans ses fonctions de Premier ministre, chef du Gouvernement, Robert Beugr\u00e9 Mamb\u00e9 a exprim\u00e9, samedi, sa profonde gratitude au Pr\u00e9sident de la R\u00e9publique \u00e0 l\u2019occasion du premier Conseil des ministres du nouveau gouvernement, tenu sous la tr\u00e8s haute pr\u00e9sidence du Chef de l\u2019\u00c9tat. Cette rencontre solennelle marque officiellement le d\u00e9but d\u2019une nouvelle phase politique [&hellip;]","og_url":"https:\/\/www.africa-press.net\/cotedivoire\/politique\/robert-beugre-mambe-renouvelle-lengagement-du-gouvernement-pour-une-cote-divoire-grande-et-en-marche-vers-le-progres","og_site_name":"C\u00f4te d&#039;Ivoire","article_published_time":"2026-01-24T16:43:23+00:00","author":"cfeditorfr","twitter_card":"summary_large_image","twitter_misc":{"\u00c9crit par":"cfeditorfr","Dur\u00e9e de lecture estim\u00e9e":"3 minutes"},"schema":{"@context":"https:\/\/schema.org","@graph":[{"@type":"Article","@id":"https:\/\/www.africa-press.net\/cotedivoire\/politique\/robert-beugre-mambe-renouvelle-lengagement-du-gouvernement-pour-une-cote-divoire-grande-et-en-marche-vers-le-progres#article","isPartOf":{"@id":"https:\/\/www.africa-press.net\/cotedivoire\/politique\/robert-beugre-mambe-renouvelle-lengagement-du-gouvernement-pour-une-cote-divoire-grande-et-en-marche-vers-le-progres"},"author":{"name":"cfeditorfr","@id":"https:\/\/www.africa-press.net\/cotedivoire\/#\/schema\/person\/2b1cf3cd81a31e3cd26889ca66d677f1"},"headline":"Robert Beugr\u00e9 Mamb\u00e9 renouvelle l&rsquo;engagement du gouvernement pour une C\u00f4te d&rsquo;Ivoire \u201cgrande et en marche vers le progr\u00e8s\u201d","datePublished":"2026-01-24T16:43:23+00:00","mainEntityOfPage":{"@id":"https:\/\/www.africa-press.net\/cotedivoire\/politique\/robert-beugre-mambe-renouvelle-lengagement-du-gouvernement-pour-une-cote-divoire-grande-et-en-marche-vers-le-progres"},"wordCount":656,"commentCount":0,"image":{"@id":"https:\/\/www.africa-press.net\/cotedivoire\/politique\/robert-beugre-mambe-renouvelle-lengagement-du-gouvernement-pour-une-cote-divoire-grande-et-en-marche-vers-le-progres#primaryimage"},"thumbnailUrl":"https:\/\/static.africa-press.net\/cote\/sites\/43\/2026\/01\/sm_1769273003.479112.jpg","keywords":["d\u00e9veloppement","Gouvernance","Gouvernement","ivoirienne","PND 2026-2030","Politique","Pr\u00e9sidence R\u00e9publique","Robert Beugr\u00e9 Mamb\u00e9"],"articleSection":["Politique","Toutes les actualit\u00e9s"],"inLanguage":"fr-FR","potentialAction":[{"@type":"CommentAction","name":"Comment","target":["https:\/\/www.africa-press.net\/cotedivoire\/politique\/robert-beugre-mambe-renouvelle-lengagement-du-gouvernement-pour-une-cote-divoire-grande-et-en-marche-vers-le-progres#respond"]}]},{"@type":"WebPage","@id":"https:\/\/www.africa-press.net\/cotedivoire\/politique\/robert-beugre-mambe-renouvelle-lengagement-du-gouvernement-pour-une-cote-divoire-grande-et-en-marche-vers-le-progres","url":"https:\/\/www.africa-press.net\/cotedivoire\/politique\/robert-beugre-mambe-renouvelle-lengagement-du-gouvernement-pour-une-cote-divoire-grande-et-en-marche-vers-le-progres","name":"Robert Beugr\u00e9 Mamb\u00e9 renouvelle l'engagement du gouvernement pour une C\u00f4te d'Ivoire \u201cgrande et en marche vers le progr\u00e8s\u201d - C\u00f4te d&#039;Ivoire","isPartOf":{"@id":"https:\/\/www.africa-press.net\/cotedivoire\/#website"},"primaryImageOfPage":{"@id":"https:\/\/www.africa-press.net\/cotedivoire\/politique\/robert-beugre-mambe-renouvelle-lengagement-du-gouvernement-pour-une-cote-divoire-grande-et-en-marche-vers-le-progres#primaryimage"},"image":{"@id":"https:\/\/www.africa-press.net\/cotedivoire\/politique\/robert-beugre-mambe-renouvelle-lengagement-du-gouvernement-pour-une-cote-divoire-grande-et-en-marche-vers-le-progres#primaryimage"},"thumbnailUrl":"https:\/\/static.africa-press.net\/cote\/sites\/43\/2026\/01\/sm_1769273003.479112.jpg","datePublished":"2026-01-24T16:43:23+00:00","author":{"@id":"https:\/\/www.africa-press.net\/cotedivoire\/#\/schema\/person\/2b1cf3cd81a31e3cd26889ca66d677f1"},"breadcrumb":{"@id":"https:\/\/www.africa-press.net\/cotedivoire\/politique\/robert-beugre-mambe-renouvelle-lengagement-du-gouvernement-pour-une-cote-divoire-grande-et-en-marche-vers-le-progres#breadcrumb"},"inLanguage":"fr-FR","potentialAction":[{"@type":"ReadAction","target":["https:\/\/www.africa-press.net\/cotedivoire\/politique\/robert-beugre-mambe-renouvelle-lengagement-du-gouvernement-pour-une-cote-divoire-grande-et-en-marche-vers-le-progres"]}]},{"@type":"ImageObject","inLanguage":"fr-FR","@id":"https:\/\/www.africa-press.net\/cotedivoire\/politique\/robert-beugre-mambe-renouvelle-lengagement-du-gouvernement-pour-une-cote-divoire-grande-et-en-marche-vers-le-progres#primaryimage","url":"https:\/\/static.africa-press.net\/cote\/sites\/43\/2026\/01\/sm_1769273003.479112.jpg","contentUrl":"https:\/\/static.africa-press.net\/cote\/sites\/43\/2026\/01\/sm_1769273003.479112.jpg","width":600,"height":291,"caption":"Robert Beugr\u00e9 Mamb\u00e9 renouvelle l'engagement du gouvernement pour une C\u00f4te d'Ivoire \u201cgrande et en marche vers le progr\u00e8s\u201d"},{"@type":"BreadcrumbList","@id":"https:\/\/www.africa-press.net\/cotedivoire\/politique\/robert-beugre-mambe-renouvelle-lengagement-du-gouvernement-pour-une-cote-divoire-grande-et-en-marche-vers-le-progres#breadcrumb","itemListElement":[{"@type":"ListItem","position":1,"name":"Accueil","item":"https:\/\/www.africa-press.net\/cotedivoire\/"},{"@type":"ListItem","position":2,"name":"Robert Beugr\u00e9 Mamb\u00e9 renouvelle l&rsquo;engagement du gouvernement pour une C\u00f4te d&rsquo;Ivoire \u201cgrande et en marche vers le progr\u00e8s\u201d"}]},{"@type":"WebSite","@id":"https:\/\/www.africa-press.net\/cotedivoire\/#website","url":"https:\/\/www.africa-press.net\/cotedivoire\/","name":"C\u00f4te d&#039;Ivoire","description":"Just another Africa News Agency Sites site","potentialAction":[{"@type":"SearchAction","target":{"@type":"EntryPoint","urlTemplate":"https:\/\/www.africa-press.net\/cotedivoire\/?s={search_term_string}"},"query-input":{"@type":"PropertyValueSpecification","valueRequired":true,"valueName":"search_term_string"}}],"inLanguage":"fr-FR"},{"@type":"Person","@id":"https:\/\/www.africa-press.net\/cotedivoire\/#\/schema\/person\/2b1cf3cd81a31e3cd26889ca66d677f1","name":"cfeditorfr"}]}},"_links":{"self":[{"href":"https:\/\/www.africa-press.net\/cotedivoire\/wp-json\/wp\/v2\/posts\/111752","targetHints":{"allow":["GET"]}}],"collection":[{"href":"https:\/\/www.africa-press.net\/cotedivoire\/wp-json\/wp\/v2\/posts"}],"about":[{"href":"https:\/\/www.africa-press.net\/cotedivoire\/wp-json\/wp\/v2\/types\/post"}],"author":[{"embeddable":true,"href":"https:\/\/www.africa-press.net\/cotedivoire\/wp-json\/wp\/v2\/users\/82"}],"replies":[{"embeddable":true,"href":"https:\/\/www.africa-press.net\/cotedivoire\/wp-json\/wp\/v2\/comments?post=111752"}],"version-history":[{"count":0,"href":"https:\/\/www.africa-press.net\/cotedivoire\/wp-json\/wp\/v2\/posts\/111752\/revisions"}],"wp:featuredmedia":[{"embeddable":true,"href":"https:\/\/www.africa-press.net\/cotedivoire\/wp-json\/wp\/v2\/media\/111751"}],"wp:attachment":[{"href":"https:\/\/www.africa-press.net\/cotedivoire\/wp-json\/wp\/v2\/media?parent=111752"}],"wp:term":[{"taxonomy":"category","embeddable":true,"href":"https:\/\/www.africa-press.net\/cotedivoire\/wp-json\/wp\/v2\/categories?post=111752"},{"taxonomy":"post_tag","embeddable":true,"href":"https:\/\/www.africa-press.net\/cotedivoire\/wp-json\/wp\/v2\/tags?post=111752"}],"curies":[{"name":"wp","href":"https:\/\/api.w.org\/{rel}","templated":true}]}}