{"id":111762,"date":"2026-01-24T16:46:53","date_gmt":"2026-01-24T16:46:53","guid":{"rendered":"https:\/\/www.africa-press.net\/cotedivoire\/politique\/legislatives-2025-partielles-reprise-des-elections-a-toumodi-dualla-et-massala-le-21-fevrier"},"modified":"2026-01-24T16:46:53","modified_gmt":"2026-01-24T16:46:53","slug":"legislatives-2025-partielles-reprise-des-elections-a-toumodi-dualla-et-massala-le-21-fevrier","status":"publish","type":"post","link":"https:\/\/www.africa-press.net\/cotedivoire\/politique\/legislatives-2025-partielles-reprise-des-elections-a-toumodi-dualla-et-massala-le-21-fevrier","title":{"rendered":"L\u00e9gislatives 2025 partielles, reprise des \u00e9lections \u00e0 Toumodi, Dualla et Massala le 21 f\u00e9vrier ?"},"content":{"rendered":"<p>Raymonde Goudou, candidate \u00e0 Toumodi (DR)<\/p>\n<p>Apr\u00e8s l\u2019annulation des r\u00e9sultats de l\u2019\u00e9lection L\u00e9gislative de decembre 2025, par le Conseil Constitutionnel, pour des irr\u00e9gularit\u00e9s constat\u00e9es, dans les circonscriptions de Toumodi, Dualla et Massala, la Commission Electorale Ind\u00e9pendante (CEI) a-t-elle fix\u00e9 une nouvelle date pour la reprise du scrutin ?<\/p>\n<p>Selon des sources proches de certains candidats, et sauf changement de calendrier, les \u00e9lections l\u00e9gislatives partielles auront lieu, le 21 f\u00e9vrier 2026.<\/p>\n<p>Une date que la CEI devrait confirmer officiellement dans les jours \u00e0 venir, assure-t-on.<\/p>\n<p>Donatien Kautcha, Abidjan<\/p>\n","protected":false},"excerpt":{"rendered":"<p>Raymonde Goudou, candidate \u00e0 Toumodi (DR) Apr\u00e8s l\u2019annulation des r\u00e9sultats de l\u2019\u00e9lection L\u00e9gislative de decembre 2025, par le Conseil Constitutionnel, pour des irr\u00e9gularit\u00e9s constat\u00e9es, dans les circonscriptions de Toumodi, Dualla et Massala, la Commission Electorale Ind\u00e9pendante (CEI) a-t-elle fix\u00e9 une nouvelle date pour la reprise du scrutin ? Selon des sources proches de certains candidats, [&hellip;]<\/p>\n","protected":false},"author":82,"featured_media":111761,"comment_status":"open","ping_status":"closed","sticky":false,"template":"","format":"standard","meta":{"footnotes":""},"categories":[2,10],"tags":[1316,7348,106,19356],"class_list":["post-111762","post","type-post","status-publish","format-standard","has-post-thumbnail","hentry","category-politique","category-toutes-les-actualites","tag-cei","tag-conseil-constitutionnel","tag-elections-2","tag-legislatives-2025"],"yoast_head":"<!-- This site is optimized with the Yoast SEO Premium plugin v26.1 (Yoast SEO v27.0) - https:\/\/yoast.com\/product\/yoast-seo-premium-wordpress\/ -->\n<title>L\u00e9gislatives 2025 partielles, reprise des \u00e9lections \u00e0 Toumodi, Dualla et Massala le 21 f\u00e9vrier ? - C\u00f4te d&#039;Ivoire<\/title>\n<meta name=\"robots\" content=\"index, follow, max-snippet:-1, max-image-preview:large, max-video-preview:-1\" \/>\n<link rel=\"canonical\" href=\"https:\/\/www.africa-press.net\/cotedivoire\/politique\/legislatives-2025-partielles-reprise-des-elections-a-toumodi-dualla-et-massala-le-21-fevrier\" \/>\n<meta property=\"og:locale\" content=\"fr_FR\" \/>\n<meta property=\"og:type\" content=\"article\" \/>\n<meta property=\"og:title\" content=\"L\u00e9gislatives 2025 partielles, reprise des \u00e9lections \u00e0 Toumodi, Dualla et Massala le 21 f\u00e9vrier ?\" \/>\n<meta property=\"og:description\" content=\"Raymonde Goudou, candidate \u00e0 Toumodi (DR) Apr\u00e8s l\u2019annulation des r\u00e9sultats de l\u2019\u00e9lection L\u00e9gislative de decembre 2025, par le Conseil Constitutionnel, pour des irr\u00e9gularit\u00e9s constat\u00e9es, dans les circonscriptions de Toumodi, Dualla et Massala, la Commission Electorale Ind\u00e9pendante (CEI) a-t-elle fix\u00e9 une nouvelle date pour la reprise du scrutin ? Selon des sources proches de certains candidats, [&hellip;]\" \/>\n<meta property=\"og:url\" content=\"https:\/\/www.africa-press.net\/cotedivoire\/politique\/legislatives-2025-partielles-reprise-des-elections-a-toumodi-dualla-et-massala-le-21-fevrier\" \/>\n<meta property=\"og:site_name\" content=\"C\u00f4te d&#039;Ivoire\" \/>\n<meta property=\"article:published_time\" content=\"2026-01-24T16:46:53+00:00\" \/>\n<meta name=\"author\" content=\"cfeditorfr\" \/>\n<meta name=\"twitter:card\" content=\"summary_large_image\" \/>\n<meta name=\"twitter:label1\" content=\"\u00c9crit par\" \/>\n\t<meta name=\"twitter:data1\" content=\"cfeditorfr\" \/>\n<script type=\"application\/ld+json\" class=\"yoast-schema-graph\">{\"@context\":\"https:\/\/schema.org\",\"@graph\":[{\"@type\":\"Article\",\"@id\":\"https:\/\/www.africa-press.net\/cotedivoire\/politique\/legislatives-2025-partielles-reprise-des-elections-a-toumodi-dualla-et-massala-le-21-fevrier#article\",\"isPartOf\":{\"@id\":\"https:\/\/www.africa-press.net\/cotedivoire\/politique\/legislatives-2025-partielles-reprise-des-elections-a-toumodi-dualla-et-massala-le-21-fevrier\"},\"author\":{\"name\":\"cfeditorfr\",\"@id\":\"https:\/\/www.africa-press.net\/cotedivoire\/#\/schema\/person\/2b1cf3cd81a31e3cd26889ca66d677f1\"},\"headline\":\"L\u00e9gislatives 2025 partielles, reprise des \u00e9lections \u00e0 Toumodi, Dualla et Massala le 21 f\u00e9vrier ?\",\"datePublished\":\"2026-01-24T16:46:53+00:00\",\"mainEntityOfPage\":{\"@id\":\"https:\/\/www.africa-press.net\/cotedivoire\/politique\/legislatives-2025-partielles-reprise-des-elections-a-toumodi-dualla-et-massala-le-21-fevrier\"},\"wordCount\":105,\"commentCount\":0,\"image\":{\"@id\":\"https:\/\/www.africa-press.net\/cotedivoire\/politique\/legislatives-2025-partielles-reprise-des-elections-a-toumodi-dualla-et-massala-le-21-fevrier#primaryimage\"},\"thumbnailUrl\":\"https:\/\/static.africa-press.net\/cote\/sites\/43\/2026\/01\/sm_1769273213.329031.jpg\",\"keywords\":[\"Cei\",\"conseil constitutionnel\",\"Elections\",\"L\u00e9gislatives 2025\"],\"articleSection\":[\"Politique\",\"Toutes les actualit\u00e9s\"],\"inLanguage\":\"fr-FR\",\"potentialAction\":[{\"@type\":\"CommentAction\",\"name\":\"Comment\",\"target\":[\"https:\/\/www.africa-press.net\/cotedivoire\/politique\/legislatives-2025-partielles-reprise-des-elections-a-toumodi-dualla-et-massala-le-21-fevrier#respond\"]}]},{\"@type\":\"WebPage\",\"@id\":\"https:\/\/www.africa-press.net\/cotedivoire\/politique\/legislatives-2025-partielles-reprise-des-elections-a-toumodi-dualla-et-massala-le-21-fevrier\",\"url\":\"https:\/\/www.africa-press.net\/cotedivoire\/politique\/legislatives-2025-partielles-reprise-des-elections-a-toumodi-dualla-et-massala-le-21-fevrier\",\"name\":\"L\u00e9gislatives 2025 partielles, reprise des \u00e9lections \u00e0 Toumodi, Dualla et Massala le 21 f\u00e9vrier ? - C\u00f4te d&#039;Ivoire\",\"isPartOf\":{\"@id\":\"https:\/\/www.africa-press.net\/cotedivoire\/#website\"},\"primaryImageOfPage\":{\"@id\":\"https:\/\/www.africa-press.net\/cotedivoire\/politique\/legislatives-2025-partielles-reprise-des-elections-a-toumodi-dualla-et-massala-le-21-fevrier#primaryimage\"},\"image\":{\"@id\":\"https:\/\/www.africa-press.net\/cotedivoire\/politique\/legislatives-2025-partielles-reprise-des-elections-a-toumodi-dualla-et-massala-le-21-fevrier#primaryimage\"},\"thumbnailUrl\":\"https:\/\/static.africa-press.net\/cote\/sites\/43\/2026\/01\/sm_1769273213.329031.jpg\",\"datePublished\":\"2026-01-24T16:46:53+00:00\",\"author\":{\"@id\":\"https:\/\/www.africa-press.net\/cotedivoire\/#\/schema\/person\/2b1cf3cd81a31e3cd26889ca66d677f1\"},\"breadcrumb\":{\"@id\":\"https:\/\/www.africa-press.net\/cotedivoire\/politique\/legislatives-2025-partielles-reprise-des-elections-a-toumodi-dualla-et-massala-le-21-fevrier#breadcrumb\"},\"inLanguage\":\"fr-FR\",\"potentialAction\":[{\"@type\":\"ReadAction\",\"target\":[\"https:\/\/www.africa-press.net\/cotedivoire\/politique\/legislatives-2025-partielles-reprise-des-elections-a-toumodi-dualla-et-massala-le-21-fevrier\"]}]},{\"@type\":\"ImageObject\",\"inLanguage\":\"fr-FR\",\"@id\":\"https:\/\/www.africa-press.net\/cotedivoire\/politique\/legislatives-2025-partielles-reprise-des-elections-a-toumodi-dualla-et-massala-le-21-fevrier#primaryimage\",\"url\":\"https:\/\/static.africa-press.net\/cote\/sites\/43\/2026\/01\/sm_1769273213.329031.jpg\",\"contentUrl\":\"https:\/\/static.africa-press.net\/cote\/sites\/43\/2026\/01\/sm_1769273213.329031.jpg\",\"width\":600,\"height\":400,\"caption\":\"L\u00e9gislatives 2025 partielles, reprise des \u00e9lections \u00e0 Toumodi, Dualla et Massala le 21 f\u00e9vrier ?\"},{\"@type\":\"BreadcrumbList\",\"@id\":\"https:\/\/www.africa-press.net\/cotedivoire\/politique\/legislatives-2025-partielles-reprise-des-elections-a-toumodi-dualla-et-massala-le-21-fevrier#breadcrumb\",\"itemListElement\":[{\"@type\":\"ListItem\",\"position\":1,\"name\":\"Accueil\",\"item\":\"https:\/\/www.africa-press.net\/cotedivoire\/\"},{\"@type\":\"ListItem\",\"position\":2,\"name\":\"L\u00e9gislatives 2025 partielles, reprise des \u00e9lections \u00e0 Toumodi, Dualla et Massala le 21 f\u00e9vrier ?\"}]},{\"@type\":\"WebSite\",\"@id\":\"https:\/\/www.africa-press.net\/cotedivoire\/#website\",\"url\":\"https:\/\/www.africa-press.net\/cotedivoire\/\",\"name\":\"C\u00f4te d&#039;Ivoire\",\"description\":\"Just another Africa News Agency Sites site\",\"potentialAction\":[{\"@type\":\"SearchAction\",\"target\":{\"@type\":\"EntryPoint\",\"urlTemplate\":\"https:\/\/www.africa-press.net\/cotedivoire\/?s={search_term_string}\"},\"query-input\":{\"@type\":\"PropertyValueSpecification\",\"valueRequired\":true,\"valueName\":\"search_term_string\"}}],\"inLanguage\":\"fr-FR\"},{\"@type\":\"Person\",\"@id\":\"https:\/\/www.africa-press.net\/cotedivoire\/#\/schema\/person\/2b1cf3cd81a31e3cd26889ca66d677f1\",\"name\":\"cfeditorfr\"}]}<\/script>\n<!-- \/ Yoast SEO Premium plugin. -->","yoast_head_json":{"title":"L\u00e9gislatives 2025 partielles, reprise des \u00e9lections \u00e0 Toumodi, Dualla et Massala le 21 f\u00e9vrier ? - C\u00f4te d&#039;Ivoire","robots":{"index":"index","follow":"follow","max-snippet":"max-snippet:-1","max-image-preview":"max-image-preview:large","max-video-preview":"max-video-preview:-1"},"canonical":"https:\/\/www.africa-press.net\/cotedivoire\/politique\/legislatives-2025-partielles-reprise-des-elections-a-toumodi-dualla-et-massala-le-21-fevrier","og_locale":"fr_FR","og_type":"article","og_title":"L\u00e9gislatives 2025 partielles, reprise des \u00e9lections \u00e0 Toumodi, Dualla et Massala le 21 f\u00e9vrier ?","og_description":"Raymonde Goudou, candidate \u00e0 Toumodi (DR) Apr\u00e8s l\u2019annulation des r\u00e9sultats de l\u2019\u00e9lection L\u00e9gislative de decembre 2025, par le Conseil Constitutionnel, pour des irr\u00e9gularit\u00e9s constat\u00e9es, dans les circonscriptions de Toumodi, Dualla et Massala, la Commission Electorale Ind\u00e9pendante (CEI) a-t-elle fix\u00e9 une nouvelle date pour la reprise du scrutin ? Selon des sources proches de certains candidats, [&hellip;]","og_url":"https:\/\/www.africa-press.net\/cotedivoire\/politique\/legislatives-2025-partielles-reprise-des-elections-a-toumodi-dualla-et-massala-le-21-fevrier","og_site_name":"C\u00f4te d&#039;Ivoire","article_published_time":"2026-01-24T16:46:53+00:00","author":"cfeditorfr","twitter_card":"summary_large_image","twitter_misc":{"\u00c9crit par":"cfeditorfr"},"schema":{"@context":"https:\/\/schema.org","@graph":[{"@type":"Article","@id":"https:\/\/www.africa-press.net\/cotedivoire\/politique\/legislatives-2025-partielles-reprise-des-elections-a-toumodi-dualla-et-massala-le-21-fevrier#article","isPartOf":{"@id":"https:\/\/www.africa-press.net\/cotedivoire\/politique\/legislatives-2025-partielles-reprise-des-elections-a-toumodi-dualla-et-massala-le-21-fevrier"},"author":{"name":"cfeditorfr","@id":"https:\/\/www.africa-press.net\/cotedivoire\/#\/schema\/person\/2b1cf3cd81a31e3cd26889ca66d677f1"},"headline":"L\u00e9gislatives 2025 partielles, reprise des \u00e9lections \u00e0 Toumodi, Dualla et Massala le 21 f\u00e9vrier ?","datePublished":"2026-01-24T16:46:53+00:00","mainEntityOfPage":{"@id":"https:\/\/www.africa-press.net\/cotedivoire\/politique\/legislatives-2025-partielles-reprise-des-elections-a-toumodi-dualla-et-massala-le-21-fevrier"},"wordCount":105,"commentCount":0,"image":{"@id":"https:\/\/www.africa-press.net\/cotedivoire\/politique\/legislatives-2025-partielles-reprise-des-elections-a-toumodi-dualla-et-massala-le-21-fevrier#primaryimage"},"thumbnailUrl":"https:\/\/static.africa-press.net\/cote\/sites\/43\/2026\/01\/sm_1769273213.329031.jpg","keywords":["Cei","conseil constitutionnel","Elections","L\u00e9gislatives 2025"],"articleSection":["Politique","Toutes les actualit\u00e9s"],"inLanguage":"fr-FR","potentialAction":[{"@type":"CommentAction","name":"Comment","target":["https:\/\/www.africa-press.net\/cotedivoire\/politique\/legislatives-2025-partielles-reprise-des-elections-a-toumodi-dualla-et-massala-le-21-fevrier#respond"]}]},{"@type":"WebPage","@id":"https:\/\/www.africa-press.net\/cotedivoire\/politique\/legislatives-2025-partielles-reprise-des-elections-a-toumodi-dualla-et-massala-le-21-fevrier","url":"https:\/\/www.africa-press.net\/cotedivoire\/politique\/legislatives-2025-partielles-reprise-des-elections-a-toumodi-dualla-et-massala-le-21-fevrier","name":"L\u00e9gislatives 2025 partielles, reprise des \u00e9lections \u00e0 Toumodi, Dualla et Massala le 21 f\u00e9vrier ? - C\u00f4te d&#039;Ivoire","isPartOf":{"@id":"https:\/\/www.africa-press.net\/cotedivoire\/#website"},"primaryImageOfPage":{"@id":"https:\/\/www.africa-press.net\/cotedivoire\/politique\/legislatives-2025-partielles-reprise-des-elections-a-toumodi-dualla-et-massala-le-21-fevrier#primaryimage"},"image":{"@id":"https:\/\/www.africa-press.net\/cotedivoire\/politique\/legislatives-2025-partielles-reprise-des-elections-a-toumodi-dualla-et-massala-le-21-fevrier#primaryimage"},"thumbnailUrl":"https:\/\/static.africa-press.net\/cote\/sites\/43\/2026\/01\/sm_1769273213.329031.jpg","datePublished":"2026-01-24T16:46:53+00:00","author":{"@id":"https:\/\/www.africa-press.net\/cotedivoire\/#\/schema\/person\/2b1cf3cd81a31e3cd26889ca66d677f1"},"breadcrumb":{"@id":"https:\/\/www.africa-press.net\/cotedivoire\/politique\/legislatives-2025-partielles-reprise-des-elections-a-toumodi-dualla-et-massala-le-21-fevrier#breadcrumb"},"inLanguage":"fr-FR","potentialAction":[{"@type":"ReadAction","target":["https:\/\/www.africa-press.net\/cotedivoire\/politique\/legislatives-2025-partielles-reprise-des-elections-a-toumodi-dualla-et-massala-le-21-fevrier"]}]},{"@type":"ImageObject","inLanguage":"fr-FR","@id":"https:\/\/www.africa-press.net\/cotedivoire\/politique\/legislatives-2025-partielles-reprise-des-elections-a-toumodi-dualla-et-massala-le-21-fevrier#primaryimage","url":"https:\/\/static.africa-press.net\/cote\/sites\/43\/2026\/01\/sm_1769273213.329031.jpg","contentUrl":"https:\/\/static.africa-press.net\/cote\/sites\/43\/2026\/01\/sm_1769273213.329031.jpg","width":600,"height":400,"caption":"L\u00e9gislatives 2025 partielles, reprise des \u00e9lections \u00e0 Toumodi, Dualla et Massala le 21 f\u00e9vrier ?"},{"@type":"BreadcrumbList","@id":"https:\/\/www.africa-press.net\/cotedivoire\/politique\/legislatives-2025-partielles-reprise-des-elections-a-toumodi-dualla-et-massala-le-21-fevrier#breadcrumb","itemListElement":[{"@type":"ListItem","position":1,"name":"Accueil","item":"https:\/\/www.africa-press.net\/cotedivoire\/"},{"@type":"ListItem","position":2,"name":"L\u00e9gislatives 2025 partielles, reprise des \u00e9lections \u00e0 Toumodi, Dualla et Massala le 21 f\u00e9vrier ?"}]},{"@type":"WebSite","@id":"https:\/\/www.africa-press.net\/cotedivoire\/#website","url":"https:\/\/www.africa-press.net\/cotedivoire\/","name":"C\u00f4te d&#039;Ivoire","description":"Just another Africa News Agency Sites site","potentialAction":[{"@type":"SearchAction","target":{"@type":"EntryPoint","urlTemplate":"https:\/\/www.africa-press.net\/cotedivoire\/?s={search_term_string}"},"query-input":{"@type":"PropertyValueSpecification","valueRequired":true,"valueName":"search_term_string"}}],"inLanguage":"fr-FR"},{"@type":"Person","@id":"https:\/\/www.africa-press.net\/cotedivoire\/#\/schema\/person\/2b1cf3cd81a31e3cd26889ca66d677f1","name":"cfeditorfr"}]}},"_links":{"self":[{"href":"https:\/\/www.africa-press.net\/cotedivoire\/wp-json\/wp\/v2\/posts\/111762","targetHints":{"allow":["GET"]}}],"collection":[{"href":"https:\/\/www.africa-press.net\/cotedivoire\/wp-json\/wp\/v2\/posts"}],"about":[{"href":"https:\/\/www.africa-press.net\/cotedivoire\/wp-json\/wp\/v2\/types\/post"}],"author":[{"embeddable":true,"href":"https:\/\/www.africa-press.net\/cotedivoire\/wp-json\/wp\/v2\/users\/82"}],"replies":[{"embeddable":true,"href":"https:\/\/www.africa-press.net\/cotedivoire\/wp-json\/wp\/v2\/comments?post=111762"}],"version-history":[{"count":0,"href":"https:\/\/www.africa-press.net\/cotedivoire\/wp-json\/wp\/v2\/posts\/111762\/revisions"}],"wp:featuredmedia":[{"embeddable":true,"href":"https:\/\/www.africa-press.net\/cotedivoire\/wp-json\/wp\/v2\/media\/111761"}],"wp:attachment":[{"href":"https:\/\/www.africa-press.net\/cotedivoire\/wp-json\/wp\/v2\/media?parent=111762"}],"wp:term":[{"taxonomy":"category","embeddable":true,"href":"https:\/\/www.africa-press.net\/cotedivoire\/wp-json\/wp\/v2\/categories?post=111762"},{"taxonomy":"post_tag","embeddable":true,"href":"https:\/\/www.africa-press.net\/cotedivoire\/wp-json\/wp\/v2\/tags?post=111762"}],"curies":[{"name":"wp","href":"https:\/\/api.w.org\/{rel}","templated":true}]}}