{"id":111772,"date":"2026-01-25T20:31:02","date_gmt":"2026-01-25T20:31:02","guid":{"rendered":"https:\/\/www.africa-press.net\/cotedivoire\/politique\/crises-ivoiriennes-toe-seydou-prend-les-renes-de-la-covici-et-relance-le-combat-pour-la-justice-des-victimes"},"modified":"2026-01-25T20:31:02","modified_gmt":"2026-01-25T20:31:02","slug":"crises-ivoiriennes-toe-seydou-prend-les-renes-de-la-covici-et-relance-le-combat-pour-la-justice-des-victimes","status":"publish","type":"post","link":"https:\/\/www.africa-press.net\/cotedivoire\/politique\/crises-ivoiriennes-toe-seydou-prend-les-renes-de-la-covici-et-relance-le-combat-pour-la-justice-des-victimes","title":{"rendered":"Crises ivoiriennes, To\u00e9 Seydou prend les r\u00eanes de la COVICI et relance le combat pour la justice des victimes"},"content":{"rendered":"<p>La Conf\u00e9d\u00e9ration des Organisations de Victimes des Crises Ivoiriennes (COVICI) amorce une nouvelle phase de son engagement en faveur des victimes des crises qu\u2019a connues la C\u00f4te d\u2019Ivoire.<\/p>\n<p>R\u00e9unie en Assembl\u00e9e g\u00e9n\u00e9rale \u00e9lective les 23 et 24 janvier 2026 \u00e0 Dabou, l\u2019organisation a proc\u00e9d\u00e9 au renouvellement de ses instances dirigeantes, portant To\u00e9 Seydou \u00e0 la pr\u00e9sidence du Conseil d\u2019administration pour un mandat de trois ans.<\/p>\n<p>Cette rencontre statutaire, la cinqui\u00e8me du genre, s\u2019est tenue dans un contexte marqu\u00e9 par la volont\u00e9 de consolidation des acquis et de red\u00e9finition des priorit\u00e9s. Plac\u00e9e sous le th\u00e8me : \u00ab R\u00f4le de la COVICI dans la promotion de la justice transitionnelle et le renforcement de la coh\u00e9sion sociale en C\u00f4te d\u2019Ivoire \u00bb, l\u2019assembl\u00e9e a rassembl\u00e9 des repr\u00e9sentants d\u2019organisations de victimes, des partenaires techniques et financiers ainsi que plusieurs acteurs de la soci\u00e9t\u00e9 civile.<\/p>\n<p>Les travaux ont \u00e9t\u00e9 consacr\u00e9s \u00e0 l\u2019examen du bilan moral et financier, \u00e0 la pr\u00e9sentation du rapport du comit\u00e9 de surveillance et de contr\u00f4le, ainsi qu\u2019\u00e0 la r\u00e9vision des textes fondamentaux de la Conf\u00e9d\u00e9ration. Ces \u00e9tapes ont pr\u00e9c\u00e9d\u00e9 l\u2019\u00e9lection du nouveau Conseil d\u2019administration, compos\u00e9 de onze membres issus de diverses plateformes nationales.<\/p>\n<p>Repr\u00e9sentant de la FEDAO-CI, To\u00e9 Seydou succ\u00e8de \u00e0 Kant\u00e9 Lassina, qui aura dirig\u00e9 la COVICI pendant sept ann\u00e9es. Cette transition est per\u00e7ue par de nombreux d\u00e9l\u00e9gu\u00e9s comme un passage de relais strat\u00e9gique, dans un contexte o\u00f9 les attentes des victimes en mati\u00e8re de reconnaissance, de r\u00e9paration et de justice demeurent fortes.<\/p>\n<p>Dans son premier message en tant que pr\u00e9sident, To\u00e9 Seydou a r\u00e9affirm\u00e9 l\u2019orientation fondamentale de l\u2019organisation, insistant sur la n\u00e9cessit\u00e9 de renforcer la justice transitionnelle et de contribuer durablement \u00e0 la paix sociale. Il a \u00e9galement salu\u00e9 le travail de son pr\u00e9d\u00e9cesseur, reconnaissant le r\u00f4le structurant jou\u00e9 par Kant\u00e9 Lassina dans la consolidation de la COVICI.<\/p>\n<p>La nouvelle \u00e9quipe dirigeante se distingue par sa diversit\u00e9, tant sur le plan du genre que de l\u2019origine des organisations membres. Des structures telles que la FENAVICI, la FADCI, la FEGACI et la Plateforme Victimes de San Pedro y sont repr\u00e9sent\u00e9es, renfor\u00e7ant ainsi l\u2019ancrage national et l\u2019inclusivit\u00e9 de la Conf\u00e9d\u00e9ration.<\/p>\n<p>Acteur central de la d\u00e9fense des droits des victimes des crises ivoiriennes, la COVICI entend poursuivre son plaidoyer en faveur de la v\u00e9rit\u00e9, de la justice et de la r\u00e9paration.<\/p>\n<p>Pour de nombreux participants, ce nouveau mandat ouvre une \u00e9tape d\u00e9cisive dans le processus de r\u00e9conciliation nationale, dans un pays encore marqu\u00e9 par les s\u00e9quelles des crises pass\u00e9es.<\/p>\n<p>Wassimagnon<\/p>\n","protected":false},"excerpt":{"rendered":"<p>La Conf\u00e9d\u00e9ration des Organisations de Victimes des Crises Ivoiriennes (COVICI) amorce une nouvelle phase de son engagement en faveur des victimes des crises qu\u2019a connues la C\u00f4te d\u2019Ivoire. R\u00e9unie en Assembl\u00e9e g\u00e9n\u00e9rale \u00e9lective les 23 et 24 janvier 2026 \u00e0 Dabou, l\u2019organisation a proc\u00e9d\u00e9 au renouvellement de ses instances dirigeantes, portant To\u00e9 Seydou \u00e0 la [&hellip;]<\/p>\n","protected":false},"author":82,"featured_media":111771,"comment_status":"open","ping_status":"closed","sticky":false,"template":"","format":"standard","meta":{"footnotes":""},"categories":[2,10],"tags":[1359,19872,20119,55,20120,14378,1968],"class_list":["post-111772","post","type-post","status-publish","format-standard","has-post-thumbnail","hentry","category-politique","category-toutes-les-actualites","tag-combat","tag-covici","tag-crises-ivoiriennes","tag-justice","tag-renes","tag-toe-seydou","tag-victimes"],"yoast_head":"<!-- This site is optimized with the Yoast SEO Premium plugin v26.1 (Yoast SEO v27.0) - https:\/\/yoast.com\/product\/yoast-seo-premium-wordpress\/ -->\n<title>Crises ivoiriennes, To\u00e9 Seydou prend les r\u00eanes de la COVICI et relance le combat pour la justice des victimes - C\u00f4te d&#039;Ivoire<\/title>\n<meta name=\"robots\" content=\"index, follow, max-snippet:-1, max-image-preview:large, max-video-preview:-1\" \/>\n<link rel=\"canonical\" href=\"https:\/\/www.africa-press.net\/cotedivoire\/politique\/crises-ivoiriennes-toe-seydou-prend-les-renes-de-la-covici-et-relance-le-combat-pour-la-justice-des-victimes\" \/>\n<meta property=\"og:locale\" content=\"fr_FR\" \/>\n<meta property=\"og:type\" content=\"article\" \/>\n<meta property=\"og:title\" content=\"Crises ivoiriennes, To\u00e9 Seydou prend les r\u00eanes de la COVICI et relance le combat pour la justice des victimes\" \/>\n<meta property=\"og:description\" content=\"La Conf\u00e9d\u00e9ration des Organisations de Victimes des Crises Ivoiriennes (COVICI) amorce une nouvelle phase de son engagement en faveur des victimes des crises qu\u2019a connues la C\u00f4te d\u2019Ivoire. R\u00e9unie en Assembl\u00e9e g\u00e9n\u00e9rale \u00e9lective les 23 et 24 janvier 2026 \u00e0 Dabou, l\u2019organisation a proc\u00e9d\u00e9 au renouvellement de ses instances dirigeantes, portant To\u00e9 Seydou \u00e0 la [&hellip;]\" \/>\n<meta property=\"og:url\" content=\"https:\/\/www.africa-press.net\/cotedivoire\/politique\/crises-ivoiriennes-toe-seydou-prend-les-renes-de-la-covici-et-relance-le-combat-pour-la-justice-des-victimes\" \/>\n<meta property=\"og:site_name\" content=\"C\u00f4te d&#039;Ivoire\" \/>\n<meta property=\"article:published_time\" content=\"2026-01-25T20:31:02+00:00\" \/>\n<meta name=\"author\" content=\"cfeditorfr\" \/>\n<meta name=\"twitter:card\" content=\"summary_large_image\" \/>\n<meta name=\"twitter:label1\" content=\"\u00c9crit par\" \/>\n\t<meta name=\"twitter:data1\" content=\"cfeditorfr\" \/>\n\t<meta name=\"twitter:label2\" content=\"Dur\u00e9e de lecture estim\u00e9e\" \/>\n\t<meta name=\"twitter:data2\" content=\"2 minutes\" \/>\n<script type=\"application\/ld+json\" class=\"yoast-schema-graph\">{\"@context\":\"https:\/\/schema.org\",\"@graph\":[{\"@type\":\"Article\",\"@id\":\"https:\/\/www.africa-press.net\/cotedivoire\/politique\/crises-ivoiriennes-toe-seydou-prend-les-renes-de-la-covici-et-relance-le-combat-pour-la-justice-des-victimes#article\",\"isPartOf\":{\"@id\":\"https:\/\/www.africa-press.net\/cotedivoire\/politique\/crises-ivoiriennes-toe-seydou-prend-les-renes-de-la-covici-et-relance-le-combat-pour-la-justice-des-victimes\"},\"author\":{\"name\":\"cfeditorfr\",\"@id\":\"https:\/\/www.africa-press.net\/cotedivoire\/#\/schema\/person\/2b1cf3cd81a31e3cd26889ca66d677f1\"},\"headline\":\"Crises ivoiriennes, To\u00e9 Seydou prend les r\u00eanes de la COVICI et relance le combat pour la justice des victimes\",\"datePublished\":\"2026-01-25T20:31:02+00:00\",\"mainEntityOfPage\":{\"@id\":\"https:\/\/www.africa-press.net\/cotedivoire\/politique\/crises-ivoiriennes-toe-seydou-prend-les-renes-de-la-covici-et-relance-le-combat-pour-la-justice-des-victimes\"},\"wordCount\":487,\"commentCount\":0,\"image\":{\"@id\":\"https:\/\/www.africa-press.net\/cotedivoire\/politique\/crises-ivoiriennes-toe-seydou-prend-les-renes-de-la-covici-et-relance-le-combat-pour-la-justice-des-victimes#primaryimage\"},\"thumbnailUrl\":\"https:\/\/static.africa-press.net\/cote\/sites\/43\/2026\/01\/sm_1769373062.864001.jpg\",\"keywords\":[\"combat\",\"COVICI\",\"Crises ivoiriennes\",\"Justice\",\"r\u00eanes\",\"To\u00e9 Seydou\",\"victimes\"],\"articleSection\":[\"Politique\",\"Toutes les actualit\u00e9s\"],\"inLanguage\":\"fr-FR\",\"potentialAction\":[{\"@type\":\"CommentAction\",\"name\":\"Comment\",\"target\":[\"https:\/\/www.africa-press.net\/cotedivoire\/politique\/crises-ivoiriennes-toe-seydou-prend-les-renes-de-la-covici-et-relance-le-combat-pour-la-justice-des-victimes#respond\"]}]},{\"@type\":\"WebPage\",\"@id\":\"https:\/\/www.africa-press.net\/cotedivoire\/politique\/crises-ivoiriennes-toe-seydou-prend-les-renes-de-la-covici-et-relance-le-combat-pour-la-justice-des-victimes\",\"url\":\"https:\/\/www.africa-press.net\/cotedivoire\/politique\/crises-ivoiriennes-toe-seydou-prend-les-renes-de-la-covici-et-relance-le-combat-pour-la-justice-des-victimes\",\"name\":\"Crises ivoiriennes, To\u00e9 Seydou prend les r\u00eanes de la COVICI et relance le combat pour la justice des victimes - C\u00f4te d&#039;Ivoire\",\"isPartOf\":{\"@id\":\"https:\/\/www.africa-press.net\/cotedivoire\/#website\"},\"primaryImageOfPage\":{\"@id\":\"https:\/\/www.africa-press.net\/cotedivoire\/politique\/crises-ivoiriennes-toe-seydou-prend-les-renes-de-la-covici-et-relance-le-combat-pour-la-justice-des-victimes#primaryimage\"},\"image\":{\"@id\":\"https:\/\/www.africa-press.net\/cotedivoire\/politique\/crises-ivoiriennes-toe-seydou-prend-les-renes-de-la-covici-et-relance-le-combat-pour-la-justice-des-victimes#primaryimage\"},\"thumbnailUrl\":\"https:\/\/static.africa-press.net\/cote\/sites\/43\/2026\/01\/sm_1769373062.864001.jpg\",\"datePublished\":\"2026-01-25T20:31:02+00:00\",\"author\":{\"@id\":\"https:\/\/www.africa-press.net\/cotedivoire\/#\/schema\/person\/2b1cf3cd81a31e3cd26889ca66d677f1\"},\"breadcrumb\":{\"@id\":\"https:\/\/www.africa-press.net\/cotedivoire\/politique\/crises-ivoiriennes-toe-seydou-prend-les-renes-de-la-covici-et-relance-le-combat-pour-la-justice-des-victimes#breadcrumb\"},\"inLanguage\":\"fr-FR\",\"potentialAction\":[{\"@type\":\"ReadAction\",\"target\":[\"https:\/\/www.africa-press.net\/cotedivoire\/politique\/crises-ivoiriennes-toe-seydou-prend-les-renes-de-la-covici-et-relance-le-combat-pour-la-justice-des-victimes\"]}]},{\"@type\":\"ImageObject\",\"inLanguage\":\"fr-FR\",\"@id\":\"https:\/\/www.africa-press.net\/cotedivoire\/politique\/crises-ivoiriennes-toe-seydou-prend-les-renes-de-la-covici-et-relance-le-combat-pour-la-justice-des-victimes#primaryimage\",\"url\":\"https:\/\/static.africa-press.net\/cote\/sites\/43\/2026\/01\/sm_1769373062.864001.jpg\",\"contentUrl\":\"https:\/\/static.africa-press.net\/cote\/sites\/43\/2026\/01\/sm_1769373062.864001.jpg\",\"width\":600,\"height\":338,\"caption\":\"Crises ivoiriennes, To\u00e9 Seydou prend les r\u00eanes de la COVICI et relance le combat pour la justice des victimes\"},{\"@type\":\"BreadcrumbList\",\"@id\":\"https:\/\/www.africa-press.net\/cotedivoire\/politique\/crises-ivoiriennes-toe-seydou-prend-les-renes-de-la-covici-et-relance-le-combat-pour-la-justice-des-victimes#breadcrumb\",\"itemListElement\":[{\"@type\":\"ListItem\",\"position\":1,\"name\":\"Accueil\",\"item\":\"https:\/\/www.africa-press.net\/cotedivoire\/\"},{\"@type\":\"ListItem\",\"position\":2,\"name\":\"Crises ivoiriennes, To\u00e9 Seydou prend les r\u00eanes de la COVICI et relance le combat pour la justice des victimes\"}]},{\"@type\":\"WebSite\",\"@id\":\"https:\/\/www.africa-press.net\/cotedivoire\/#website\",\"url\":\"https:\/\/www.africa-press.net\/cotedivoire\/\",\"name\":\"C\u00f4te d&#039;Ivoire\",\"description\":\"Just another Africa News Agency Sites site\",\"potentialAction\":[{\"@type\":\"SearchAction\",\"target\":{\"@type\":\"EntryPoint\",\"urlTemplate\":\"https:\/\/www.africa-press.net\/cotedivoire\/?s={search_term_string}\"},\"query-input\":{\"@type\":\"PropertyValueSpecification\",\"valueRequired\":true,\"valueName\":\"search_term_string\"}}],\"inLanguage\":\"fr-FR\"},{\"@type\":\"Person\",\"@id\":\"https:\/\/www.africa-press.net\/cotedivoire\/#\/schema\/person\/2b1cf3cd81a31e3cd26889ca66d677f1\",\"name\":\"cfeditorfr\"}]}<\/script>\n<!-- \/ Yoast SEO Premium plugin. -->","yoast_head_json":{"title":"Crises ivoiriennes, To\u00e9 Seydou prend les r\u00eanes de la COVICI et relance le combat pour la justice des victimes - C\u00f4te d&#039;Ivoire","robots":{"index":"index","follow":"follow","max-snippet":"max-snippet:-1","max-image-preview":"max-image-preview:large","max-video-preview":"max-video-preview:-1"},"canonical":"https:\/\/www.africa-press.net\/cotedivoire\/politique\/crises-ivoiriennes-toe-seydou-prend-les-renes-de-la-covici-et-relance-le-combat-pour-la-justice-des-victimes","og_locale":"fr_FR","og_type":"article","og_title":"Crises ivoiriennes, To\u00e9 Seydou prend les r\u00eanes de la COVICI et relance le combat pour la justice des victimes","og_description":"La Conf\u00e9d\u00e9ration des Organisations de Victimes des Crises Ivoiriennes (COVICI) amorce une nouvelle phase de son engagement en faveur des victimes des crises qu\u2019a connues la C\u00f4te d\u2019Ivoire. R\u00e9unie en Assembl\u00e9e g\u00e9n\u00e9rale \u00e9lective les 23 et 24 janvier 2026 \u00e0 Dabou, l\u2019organisation a proc\u00e9d\u00e9 au renouvellement de ses instances dirigeantes, portant To\u00e9 Seydou \u00e0 la [&hellip;]","og_url":"https:\/\/www.africa-press.net\/cotedivoire\/politique\/crises-ivoiriennes-toe-seydou-prend-les-renes-de-la-covici-et-relance-le-combat-pour-la-justice-des-victimes","og_site_name":"C\u00f4te d&#039;Ivoire","article_published_time":"2026-01-25T20:31:02+00:00","author":"cfeditorfr","twitter_card":"summary_large_image","twitter_misc":{"\u00c9crit par":"cfeditorfr","Dur\u00e9e de lecture estim\u00e9e":"2 minutes"},"schema":{"@context":"https:\/\/schema.org","@graph":[{"@type":"Article","@id":"https:\/\/www.africa-press.net\/cotedivoire\/politique\/crises-ivoiriennes-toe-seydou-prend-les-renes-de-la-covici-et-relance-le-combat-pour-la-justice-des-victimes#article","isPartOf":{"@id":"https:\/\/www.africa-press.net\/cotedivoire\/politique\/crises-ivoiriennes-toe-seydou-prend-les-renes-de-la-covici-et-relance-le-combat-pour-la-justice-des-victimes"},"author":{"name":"cfeditorfr","@id":"https:\/\/www.africa-press.net\/cotedivoire\/#\/schema\/person\/2b1cf3cd81a31e3cd26889ca66d677f1"},"headline":"Crises ivoiriennes, To\u00e9 Seydou prend les r\u00eanes de la COVICI et relance le combat pour la justice des victimes","datePublished":"2026-01-25T20:31:02+00:00","mainEntityOfPage":{"@id":"https:\/\/www.africa-press.net\/cotedivoire\/politique\/crises-ivoiriennes-toe-seydou-prend-les-renes-de-la-covici-et-relance-le-combat-pour-la-justice-des-victimes"},"wordCount":487,"commentCount":0,"image":{"@id":"https:\/\/www.africa-press.net\/cotedivoire\/politique\/crises-ivoiriennes-toe-seydou-prend-les-renes-de-la-covici-et-relance-le-combat-pour-la-justice-des-victimes#primaryimage"},"thumbnailUrl":"https:\/\/static.africa-press.net\/cote\/sites\/43\/2026\/01\/sm_1769373062.864001.jpg","keywords":["combat","COVICI","Crises ivoiriennes","Justice","r\u00eanes","To\u00e9 Seydou","victimes"],"articleSection":["Politique","Toutes les actualit\u00e9s"],"inLanguage":"fr-FR","potentialAction":[{"@type":"CommentAction","name":"Comment","target":["https:\/\/www.africa-press.net\/cotedivoire\/politique\/crises-ivoiriennes-toe-seydou-prend-les-renes-de-la-covici-et-relance-le-combat-pour-la-justice-des-victimes#respond"]}]},{"@type":"WebPage","@id":"https:\/\/www.africa-press.net\/cotedivoire\/politique\/crises-ivoiriennes-toe-seydou-prend-les-renes-de-la-covici-et-relance-le-combat-pour-la-justice-des-victimes","url":"https:\/\/www.africa-press.net\/cotedivoire\/politique\/crises-ivoiriennes-toe-seydou-prend-les-renes-de-la-covici-et-relance-le-combat-pour-la-justice-des-victimes","name":"Crises ivoiriennes, To\u00e9 Seydou prend les r\u00eanes de la COVICI et relance le combat pour la justice des victimes - C\u00f4te d&#039;Ivoire","isPartOf":{"@id":"https:\/\/www.africa-press.net\/cotedivoire\/#website"},"primaryImageOfPage":{"@id":"https:\/\/www.africa-press.net\/cotedivoire\/politique\/crises-ivoiriennes-toe-seydou-prend-les-renes-de-la-covici-et-relance-le-combat-pour-la-justice-des-victimes#primaryimage"},"image":{"@id":"https:\/\/www.africa-press.net\/cotedivoire\/politique\/crises-ivoiriennes-toe-seydou-prend-les-renes-de-la-covici-et-relance-le-combat-pour-la-justice-des-victimes#primaryimage"},"thumbnailUrl":"https:\/\/static.africa-press.net\/cote\/sites\/43\/2026\/01\/sm_1769373062.864001.jpg","datePublished":"2026-01-25T20:31:02+00:00","author":{"@id":"https:\/\/www.africa-press.net\/cotedivoire\/#\/schema\/person\/2b1cf3cd81a31e3cd26889ca66d677f1"},"breadcrumb":{"@id":"https:\/\/www.africa-press.net\/cotedivoire\/politique\/crises-ivoiriennes-toe-seydou-prend-les-renes-de-la-covici-et-relance-le-combat-pour-la-justice-des-victimes#breadcrumb"},"inLanguage":"fr-FR","potentialAction":[{"@type":"ReadAction","target":["https:\/\/www.africa-press.net\/cotedivoire\/politique\/crises-ivoiriennes-toe-seydou-prend-les-renes-de-la-covici-et-relance-le-combat-pour-la-justice-des-victimes"]}]},{"@type":"ImageObject","inLanguage":"fr-FR","@id":"https:\/\/www.africa-press.net\/cotedivoire\/politique\/crises-ivoiriennes-toe-seydou-prend-les-renes-de-la-covici-et-relance-le-combat-pour-la-justice-des-victimes#primaryimage","url":"https:\/\/static.africa-press.net\/cote\/sites\/43\/2026\/01\/sm_1769373062.864001.jpg","contentUrl":"https:\/\/static.africa-press.net\/cote\/sites\/43\/2026\/01\/sm_1769373062.864001.jpg","width":600,"height":338,"caption":"Crises ivoiriennes, To\u00e9 Seydou prend les r\u00eanes de la COVICI et relance le combat pour la justice des victimes"},{"@type":"BreadcrumbList","@id":"https:\/\/www.africa-press.net\/cotedivoire\/politique\/crises-ivoiriennes-toe-seydou-prend-les-renes-de-la-covici-et-relance-le-combat-pour-la-justice-des-victimes#breadcrumb","itemListElement":[{"@type":"ListItem","position":1,"name":"Accueil","item":"https:\/\/www.africa-press.net\/cotedivoire\/"},{"@type":"ListItem","position":2,"name":"Crises ivoiriennes, To\u00e9 Seydou prend les r\u00eanes de la COVICI et relance le combat pour la justice des victimes"}]},{"@type":"WebSite","@id":"https:\/\/www.africa-press.net\/cotedivoire\/#website","url":"https:\/\/www.africa-press.net\/cotedivoire\/","name":"C\u00f4te d&#039;Ivoire","description":"Just another Africa News Agency Sites site","potentialAction":[{"@type":"SearchAction","target":{"@type":"EntryPoint","urlTemplate":"https:\/\/www.africa-press.net\/cotedivoire\/?s={search_term_string}"},"query-input":{"@type":"PropertyValueSpecification","valueRequired":true,"valueName":"search_term_string"}}],"inLanguage":"fr-FR"},{"@type":"Person","@id":"https:\/\/www.africa-press.net\/cotedivoire\/#\/schema\/person\/2b1cf3cd81a31e3cd26889ca66d677f1","name":"cfeditorfr"}]}},"_links":{"self":[{"href":"https:\/\/www.africa-press.net\/cotedivoire\/wp-json\/wp\/v2\/posts\/111772","targetHints":{"allow":["GET"]}}],"collection":[{"href":"https:\/\/www.africa-press.net\/cotedivoire\/wp-json\/wp\/v2\/posts"}],"about":[{"href":"https:\/\/www.africa-press.net\/cotedivoire\/wp-json\/wp\/v2\/types\/post"}],"author":[{"embeddable":true,"href":"https:\/\/www.africa-press.net\/cotedivoire\/wp-json\/wp\/v2\/users\/82"}],"replies":[{"embeddable":true,"href":"https:\/\/www.africa-press.net\/cotedivoire\/wp-json\/wp\/v2\/comments?post=111772"}],"version-history":[{"count":0,"href":"https:\/\/www.africa-press.net\/cotedivoire\/wp-json\/wp\/v2\/posts\/111772\/revisions"}],"wp:featuredmedia":[{"embeddable":true,"href":"https:\/\/www.africa-press.net\/cotedivoire\/wp-json\/wp\/v2\/media\/111771"}],"wp:attachment":[{"href":"https:\/\/www.africa-press.net\/cotedivoire\/wp-json\/wp\/v2\/media?parent=111772"}],"wp:term":[{"taxonomy":"category","embeddable":true,"href":"https:\/\/www.africa-press.net\/cotedivoire\/wp-json\/wp\/v2\/categories?post=111772"},{"taxonomy":"post_tag","embeddable":true,"href":"https:\/\/www.africa-press.net\/cotedivoire\/wp-json\/wp\/v2\/tags?post=111772"}],"curies":[{"name":"wp","href":"https:\/\/api.w.org\/{rel}","templated":true}]}}