{"id":111780,"date":"2026-01-25T20:35:50","date_gmt":"2026-01-25T20:35:50","guid":{"rendered":"https:\/\/www.africa-press.net\/cotedivoire\/politique\/reconduit-au-gouvernement-adama-coulibaly-reaffirme-son-engagement-total-aux-cotes-du-president-ouattara-2"},"modified":"2026-01-25T20:35:50","modified_gmt":"2026-01-25T20:35:50","slug":"reconduit-au-gouvernement-adama-coulibaly-reaffirme-son-engagement-total-aux-cotes-du-president-ouattara-2","status":"publish","type":"post","link":"https:\/\/www.africa-press.net\/cotedivoire\/politique\/reconduit-au-gouvernement-adama-coulibaly-reaffirme-son-engagement-total-aux-cotes-du-president-ouattara-2","title":{"rendered":"Reconduit au gouvernement, Adama Coulibaly r\u00e9affirme son engagement total aux c\u00f4t\u00e9s du Pr\u00e9sident Ouattara"},"content":{"rendered":"<p>Reconduit au poste de Ministre de l\u2019\u00c9conomie, des Finances et du Budget dans le nouveau Gouvernement rendu public ce vendredi 23 janvier, Adama Coulibaly a exprim\u00e9 sa profonde gratitude au Pr\u00e9sident de la R\u00e9publique, SEM Alassane Ouattara, pour la confiance renouvel\u00e9e plac\u00e9e en sa personne.<\/p>\n<p>Dans un message empreint d\u2019\u00e9motion, de fiert\u00e9 et de reconnaissance, le ministre a salu\u00e9 cette nomination qu\u2019il qualifie de marque de confiance forte, tout en mesurant l\u2019ampleur des responsabilit\u00e9s qui en d\u00e9coulent. Il a soulign\u00e9 que cette reconduction l\u2019engage \u00e0 davantage de rigueur, de responsabilit\u00e9 et de d\u00e9vouement dans l\u2019exercice de ses fonctions.<\/p>\n<p>\u00ab Ces hautes charges m\u2019engagent \u00e0 un sens accru du devoir et \u00e0 un engagement total afin de relever, sous votre leadership inspirant et avis\u00e9, l\u2019ensemble des d\u00e9fis li\u00e9s \u00e0 la mise en \u0153uvre de votre grand projet pour l\u2019av\u00e8nement d\u2019une Grande C\u00f4te d\u2019Ivoire \u00bb, a-t-il d\u00e9clar\u00e9.<\/p>\n<p>Adama Coulibaly a \u00e9galement r\u00e9affirm\u00e9 sa loyaut\u00e9 ind\u00e9fectible et son engagement sans r\u00e9serve \u00e0 servir la nation ivoirienne sous l\u2019autorit\u00e9 du Chef de l\u2019\u00c9tat, dans un contexte marqu\u00e9 par des enjeux \u00e9conomiques majeurs, tant au plan national qu\u2019international.<\/p>\n<p>Cette reconduction \u00e0 un portefeuille strat\u00e9gique t\u00e9moigne de la continuit\u00e9 de l\u2019action gouvernementale voulue par le Pr\u00e9sident Alassane Ouattara, ainsi que de la volont\u00e9 de consolider les acquis \u00e9conomiques et financiers du pays.<\/p>\n<p>En renouvelant sa confiance \u00e0 Adama Coulibaly, le Chef de l\u2019\u00c9tat confirme son choix d\u2019une gouvernance fond\u00e9e sur l\u2019exp\u00e9rience, la stabilit\u00e9 et la performance, au service du d\u00e9veloppement durable et de la prosp\u00e9rit\u00e9 de la C\u00f4te d\u2019Ivoire.<\/p>\n<p>Wassimagnon<\/p>\n","protected":false},"excerpt":{"rendered":"<p>Reconduit au poste de Ministre de l\u2019\u00c9conomie, des Finances et du Budget dans le nouveau Gouvernement rendu public ce vendredi 23 janvier, Adama Coulibaly a exprim\u00e9 sa profonde gratitude au Pr\u00e9sident de la R\u00e9publique, SEM Alassane Ouattara, pour la confiance renouvel\u00e9e plac\u00e9e en sa personne. Dans un message empreint d\u2019\u00e9motion, de fiert\u00e9 et de reconnaissance, [&hellip;]<\/p>\n","protected":false},"author":82,"featured_media":111779,"comment_status":"open","ping_status":"closed","sticky":false,"template":"","format":"standard","meta":{"footnotes":""},"categories":[2,20,10],"tags":[1182,38,1583,1389,4563,5186,2720,5549,20122],"class_list":["post-111780","post","type-post","status-publish","format-standard","has-post-thumbnail","hentry","category-politique","category-top-nouvelles","category-toutes-les-actualites","tag-adama-coulibaly","tag-alassane-ouattara","tag-developpement","tag-economie-3","tag-finances","tag-ministeriel","tag-publiques","tag-remaniement","tag-sem-alassane-ouattara"],"yoast_head":"<!-- This site is optimized with the Yoast SEO Premium plugin v26.1 (Yoast SEO v27.0) - https:\/\/yoast.com\/product\/yoast-seo-premium-wordpress\/ -->\n<title>Reconduit au gouvernement, Adama Coulibaly r\u00e9affirme son engagement total aux c\u00f4t\u00e9s du Pr\u00e9sident Ouattara - C\u00f4te d&#039;Ivoire<\/title>\n<meta name=\"robots\" content=\"index, follow, max-snippet:-1, max-image-preview:large, max-video-preview:-1\" \/>\n<link rel=\"canonical\" href=\"https:\/\/www.africa-press.net\/cotedivoire\/politique\/reconduit-au-gouvernement-adama-coulibaly-reaffirme-son-engagement-total-aux-cotes-du-president-ouattara-2\" \/>\n<meta property=\"og:locale\" content=\"fr_FR\" \/>\n<meta property=\"og:type\" content=\"article\" \/>\n<meta property=\"og:title\" content=\"Reconduit au gouvernement, Adama Coulibaly r\u00e9affirme son engagement total aux c\u00f4t\u00e9s du Pr\u00e9sident Ouattara\" \/>\n<meta property=\"og:description\" content=\"Reconduit au poste de Ministre de l\u2019\u00c9conomie, des Finances et du Budget dans le nouveau Gouvernement rendu public ce vendredi 23 janvier, Adama Coulibaly a exprim\u00e9 sa profonde gratitude au Pr\u00e9sident de la R\u00e9publique, SEM Alassane Ouattara, pour la confiance renouvel\u00e9e plac\u00e9e en sa personne. Dans un message empreint d\u2019\u00e9motion, de fiert\u00e9 et de reconnaissance, [&hellip;]\" \/>\n<meta property=\"og:url\" content=\"https:\/\/www.africa-press.net\/cotedivoire\/politique\/reconduit-au-gouvernement-adama-coulibaly-reaffirme-son-engagement-total-aux-cotes-du-president-ouattara-2\" \/>\n<meta property=\"og:site_name\" content=\"C\u00f4te d&#039;Ivoire\" \/>\n<meta property=\"article:published_time\" content=\"2026-01-25T20:35:50+00:00\" \/>\n<meta name=\"author\" content=\"cfeditorfr\" \/>\n<meta name=\"twitter:card\" content=\"summary_large_image\" \/>\n<meta name=\"twitter:label1\" content=\"\u00c9crit par\" \/>\n\t<meta name=\"twitter:data1\" content=\"cfeditorfr\" \/>\n\t<meta name=\"twitter:label2\" content=\"Dur\u00e9e de lecture estim\u00e9e\" \/>\n\t<meta name=\"twitter:data2\" content=\"1 minute\" \/>\n<script type=\"application\/ld+json\" class=\"yoast-schema-graph\">{\"@context\":\"https:\/\/schema.org\",\"@graph\":[{\"@type\":\"Article\",\"@id\":\"https:\/\/www.africa-press.net\/cotedivoire\/politique\/reconduit-au-gouvernement-adama-coulibaly-reaffirme-son-engagement-total-aux-cotes-du-president-ouattara-2#article\",\"isPartOf\":{\"@id\":\"https:\/\/www.africa-press.net\/cotedivoire\/politique\/reconduit-au-gouvernement-adama-coulibaly-reaffirme-son-engagement-total-aux-cotes-du-president-ouattara-2\"},\"author\":{\"name\":\"cfeditorfr\",\"@id\":\"https:\/\/www.africa-press.net\/cotedivoire\/#\/schema\/person\/2b1cf3cd81a31e3cd26889ca66d677f1\"},\"headline\":\"Reconduit au gouvernement, Adama Coulibaly r\u00e9affirme son engagement total aux c\u00f4t\u00e9s du Pr\u00e9sident Ouattara\",\"datePublished\":\"2026-01-25T20:35:50+00:00\",\"mainEntityOfPage\":{\"@id\":\"https:\/\/www.africa-press.net\/cotedivoire\/politique\/reconduit-au-gouvernement-adama-coulibaly-reaffirme-son-engagement-total-aux-cotes-du-president-ouattara-2\"},\"wordCount\":304,\"commentCount\":0,\"image\":{\"@id\":\"https:\/\/www.africa-press.net\/cotedivoire\/politique\/reconduit-au-gouvernement-adama-coulibaly-reaffirme-son-engagement-total-aux-cotes-du-president-ouattara-2#primaryimage\"},\"thumbnailUrl\":\"https:\/\/static.africa-press.net\/cote\/sites\/43\/2026\/01\/sm_1769373350.958902.jpg\",\"keywords\":[\"Adama Coulibaly\",\"Alassane Ouattara\",\"d\u00e9veloppement\",\"\u00e9conomie\",\"finances\",\"Minist\u00e9riel\",\"publiques\",\"Remaniement\",\"SEM Alassane Ouattara\"],\"articleSection\":[\"Politique\",\"Top Nouvelles\",\"Toutes les actualit\u00e9s\"],\"inLanguage\":\"fr-FR\",\"potentialAction\":[{\"@type\":\"CommentAction\",\"name\":\"Comment\",\"target\":[\"https:\/\/www.africa-press.net\/cotedivoire\/politique\/reconduit-au-gouvernement-adama-coulibaly-reaffirme-son-engagement-total-aux-cotes-du-president-ouattara-2#respond\"]}]},{\"@type\":\"WebPage\",\"@id\":\"https:\/\/www.africa-press.net\/cotedivoire\/politique\/reconduit-au-gouvernement-adama-coulibaly-reaffirme-son-engagement-total-aux-cotes-du-president-ouattara-2\",\"url\":\"https:\/\/www.africa-press.net\/cotedivoire\/politique\/reconduit-au-gouvernement-adama-coulibaly-reaffirme-son-engagement-total-aux-cotes-du-president-ouattara-2\",\"name\":\"Reconduit au gouvernement, Adama Coulibaly r\u00e9affirme son engagement total aux c\u00f4t\u00e9s du Pr\u00e9sident Ouattara - C\u00f4te d&#039;Ivoire\",\"isPartOf\":{\"@id\":\"https:\/\/www.africa-press.net\/cotedivoire\/#website\"},\"primaryImageOfPage\":{\"@id\":\"https:\/\/www.africa-press.net\/cotedivoire\/politique\/reconduit-au-gouvernement-adama-coulibaly-reaffirme-son-engagement-total-aux-cotes-du-president-ouattara-2#primaryimage\"},\"image\":{\"@id\":\"https:\/\/www.africa-press.net\/cotedivoire\/politique\/reconduit-au-gouvernement-adama-coulibaly-reaffirme-son-engagement-total-aux-cotes-du-president-ouattara-2#primaryimage\"},\"thumbnailUrl\":\"https:\/\/static.africa-press.net\/cote\/sites\/43\/2026\/01\/sm_1769373350.958902.jpg\",\"datePublished\":\"2026-01-25T20:35:50+00:00\",\"author\":{\"@id\":\"https:\/\/www.africa-press.net\/cotedivoire\/#\/schema\/person\/2b1cf3cd81a31e3cd26889ca66d677f1\"},\"breadcrumb\":{\"@id\":\"https:\/\/www.africa-press.net\/cotedivoire\/politique\/reconduit-au-gouvernement-adama-coulibaly-reaffirme-son-engagement-total-aux-cotes-du-president-ouattara-2#breadcrumb\"},\"inLanguage\":\"fr-FR\",\"potentialAction\":[{\"@type\":\"ReadAction\",\"target\":[\"https:\/\/www.africa-press.net\/cotedivoire\/politique\/reconduit-au-gouvernement-adama-coulibaly-reaffirme-son-engagement-total-aux-cotes-du-president-ouattara-2\"]}]},{\"@type\":\"ImageObject\",\"inLanguage\":\"fr-FR\",\"@id\":\"https:\/\/www.africa-press.net\/cotedivoire\/politique\/reconduit-au-gouvernement-adama-coulibaly-reaffirme-son-engagement-total-aux-cotes-du-president-ouattara-2#primaryimage\",\"url\":\"https:\/\/static.africa-press.net\/cote\/sites\/43\/2026\/01\/sm_1769373350.958902.jpg\",\"contentUrl\":\"https:\/\/static.africa-press.net\/cote\/sites\/43\/2026\/01\/sm_1769373350.958902.jpg\",\"width\":600,\"height\":569,\"caption\":\"Reconduit au gouvernement, Adama Coulibaly r\u00e9affirme son engagement total aux c\u00f4t\u00e9s du Pr\u00e9sident Ouattara\"},{\"@type\":\"BreadcrumbList\",\"@id\":\"https:\/\/www.africa-press.net\/cotedivoire\/politique\/reconduit-au-gouvernement-adama-coulibaly-reaffirme-son-engagement-total-aux-cotes-du-president-ouattara-2#breadcrumb\",\"itemListElement\":[{\"@type\":\"ListItem\",\"position\":1,\"name\":\"Accueil\",\"item\":\"https:\/\/www.africa-press.net\/cotedivoire\/\"},{\"@type\":\"ListItem\",\"position\":2,\"name\":\"Reconduit au gouvernement, Adama Coulibaly r\u00e9affirme son engagement total aux c\u00f4t\u00e9s du Pr\u00e9sident Ouattara\"}]},{\"@type\":\"WebSite\",\"@id\":\"https:\/\/www.africa-press.net\/cotedivoire\/#website\",\"url\":\"https:\/\/www.africa-press.net\/cotedivoire\/\",\"name\":\"C\u00f4te d&#039;Ivoire\",\"description\":\"Just another Africa News Agency Sites site\",\"potentialAction\":[{\"@type\":\"SearchAction\",\"target\":{\"@type\":\"EntryPoint\",\"urlTemplate\":\"https:\/\/www.africa-press.net\/cotedivoire\/?s={search_term_string}\"},\"query-input\":{\"@type\":\"PropertyValueSpecification\",\"valueRequired\":true,\"valueName\":\"search_term_string\"}}],\"inLanguage\":\"fr-FR\"},{\"@type\":\"Person\",\"@id\":\"https:\/\/www.africa-press.net\/cotedivoire\/#\/schema\/person\/2b1cf3cd81a31e3cd26889ca66d677f1\",\"name\":\"cfeditorfr\"}]}<\/script>\n<!-- \/ Yoast SEO Premium plugin. -->","yoast_head_json":{"title":"Reconduit au gouvernement, Adama Coulibaly r\u00e9affirme son engagement total aux c\u00f4t\u00e9s du Pr\u00e9sident Ouattara - C\u00f4te d&#039;Ivoire","robots":{"index":"index","follow":"follow","max-snippet":"max-snippet:-1","max-image-preview":"max-image-preview:large","max-video-preview":"max-video-preview:-1"},"canonical":"https:\/\/www.africa-press.net\/cotedivoire\/politique\/reconduit-au-gouvernement-adama-coulibaly-reaffirme-son-engagement-total-aux-cotes-du-president-ouattara-2","og_locale":"fr_FR","og_type":"article","og_title":"Reconduit au gouvernement, Adama Coulibaly r\u00e9affirme son engagement total aux c\u00f4t\u00e9s du Pr\u00e9sident Ouattara","og_description":"Reconduit au poste de Ministre de l\u2019\u00c9conomie, des Finances et du Budget dans le nouveau Gouvernement rendu public ce vendredi 23 janvier, Adama Coulibaly a exprim\u00e9 sa profonde gratitude au Pr\u00e9sident de la R\u00e9publique, SEM Alassane Ouattara, pour la confiance renouvel\u00e9e plac\u00e9e en sa personne. Dans un message empreint d\u2019\u00e9motion, de fiert\u00e9 et de reconnaissance, [&hellip;]","og_url":"https:\/\/www.africa-press.net\/cotedivoire\/politique\/reconduit-au-gouvernement-adama-coulibaly-reaffirme-son-engagement-total-aux-cotes-du-president-ouattara-2","og_site_name":"C\u00f4te d&#039;Ivoire","article_published_time":"2026-01-25T20:35:50+00:00","author":"cfeditorfr","twitter_card":"summary_large_image","twitter_misc":{"\u00c9crit par":"cfeditorfr","Dur\u00e9e de lecture estim\u00e9e":"1 minute"},"schema":{"@context":"https:\/\/schema.org","@graph":[{"@type":"Article","@id":"https:\/\/www.africa-press.net\/cotedivoire\/politique\/reconduit-au-gouvernement-adama-coulibaly-reaffirme-son-engagement-total-aux-cotes-du-president-ouattara-2#article","isPartOf":{"@id":"https:\/\/www.africa-press.net\/cotedivoire\/politique\/reconduit-au-gouvernement-adama-coulibaly-reaffirme-son-engagement-total-aux-cotes-du-president-ouattara-2"},"author":{"name":"cfeditorfr","@id":"https:\/\/www.africa-press.net\/cotedivoire\/#\/schema\/person\/2b1cf3cd81a31e3cd26889ca66d677f1"},"headline":"Reconduit au gouvernement, Adama Coulibaly r\u00e9affirme son engagement total aux c\u00f4t\u00e9s du Pr\u00e9sident Ouattara","datePublished":"2026-01-25T20:35:50+00:00","mainEntityOfPage":{"@id":"https:\/\/www.africa-press.net\/cotedivoire\/politique\/reconduit-au-gouvernement-adama-coulibaly-reaffirme-son-engagement-total-aux-cotes-du-president-ouattara-2"},"wordCount":304,"commentCount":0,"image":{"@id":"https:\/\/www.africa-press.net\/cotedivoire\/politique\/reconduit-au-gouvernement-adama-coulibaly-reaffirme-son-engagement-total-aux-cotes-du-president-ouattara-2#primaryimage"},"thumbnailUrl":"https:\/\/static.africa-press.net\/cote\/sites\/43\/2026\/01\/sm_1769373350.958902.jpg","keywords":["Adama Coulibaly","Alassane Ouattara","d\u00e9veloppement","\u00e9conomie","finances","Minist\u00e9riel","publiques","Remaniement","SEM Alassane Ouattara"],"articleSection":["Politique","Top Nouvelles","Toutes les actualit\u00e9s"],"inLanguage":"fr-FR","potentialAction":[{"@type":"CommentAction","name":"Comment","target":["https:\/\/www.africa-press.net\/cotedivoire\/politique\/reconduit-au-gouvernement-adama-coulibaly-reaffirme-son-engagement-total-aux-cotes-du-president-ouattara-2#respond"]}]},{"@type":"WebPage","@id":"https:\/\/www.africa-press.net\/cotedivoire\/politique\/reconduit-au-gouvernement-adama-coulibaly-reaffirme-son-engagement-total-aux-cotes-du-president-ouattara-2","url":"https:\/\/www.africa-press.net\/cotedivoire\/politique\/reconduit-au-gouvernement-adama-coulibaly-reaffirme-son-engagement-total-aux-cotes-du-president-ouattara-2","name":"Reconduit au gouvernement, Adama Coulibaly r\u00e9affirme son engagement total aux c\u00f4t\u00e9s du Pr\u00e9sident Ouattara - C\u00f4te d&#039;Ivoire","isPartOf":{"@id":"https:\/\/www.africa-press.net\/cotedivoire\/#website"},"primaryImageOfPage":{"@id":"https:\/\/www.africa-press.net\/cotedivoire\/politique\/reconduit-au-gouvernement-adama-coulibaly-reaffirme-son-engagement-total-aux-cotes-du-president-ouattara-2#primaryimage"},"image":{"@id":"https:\/\/www.africa-press.net\/cotedivoire\/politique\/reconduit-au-gouvernement-adama-coulibaly-reaffirme-son-engagement-total-aux-cotes-du-president-ouattara-2#primaryimage"},"thumbnailUrl":"https:\/\/static.africa-press.net\/cote\/sites\/43\/2026\/01\/sm_1769373350.958902.jpg","datePublished":"2026-01-25T20:35:50+00:00","author":{"@id":"https:\/\/www.africa-press.net\/cotedivoire\/#\/schema\/person\/2b1cf3cd81a31e3cd26889ca66d677f1"},"breadcrumb":{"@id":"https:\/\/www.africa-press.net\/cotedivoire\/politique\/reconduit-au-gouvernement-adama-coulibaly-reaffirme-son-engagement-total-aux-cotes-du-president-ouattara-2#breadcrumb"},"inLanguage":"fr-FR","potentialAction":[{"@type":"ReadAction","target":["https:\/\/www.africa-press.net\/cotedivoire\/politique\/reconduit-au-gouvernement-adama-coulibaly-reaffirme-son-engagement-total-aux-cotes-du-president-ouattara-2"]}]},{"@type":"ImageObject","inLanguage":"fr-FR","@id":"https:\/\/www.africa-press.net\/cotedivoire\/politique\/reconduit-au-gouvernement-adama-coulibaly-reaffirme-son-engagement-total-aux-cotes-du-president-ouattara-2#primaryimage","url":"https:\/\/static.africa-press.net\/cote\/sites\/43\/2026\/01\/sm_1769373350.958902.jpg","contentUrl":"https:\/\/static.africa-press.net\/cote\/sites\/43\/2026\/01\/sm_1769373350.958902.jpg","width":600,"height":569,"caption":"Reconduit au gouvernement, Adama Coulibaly r\u00e9affirme son engagement total aux c\u00f4t\u00e9s du Pr\u00e9sident Ouattara"},{"@type":"BreadcrumbList","@id":"https:\/\/www.africa-press.net\/cotedivoire\/politique\/reconduit-au-gouvernement-adama-coulibaly-reaffirme-son-engagement-total-aux-cotes-du-president-ouattara-2#breadcrumb","itemListElement":[{"@type":"ListItem","position":1,"name":"Accueil","item":"https:\/\/www.africa-press.net\/cotedivoire\/"},{"@type":"ListItem","position":2,"name":"Reconduit au gouvernement, Adama Coulibaly r\u00e9affirme son engagement total aux c\u00f4t\u00e9s du Pr\u00e9sident Ouattara"}]},{"@type":"WebSite","@id":"https:\/\/www.africa-press.net\/cotedivoire\/#website","url":"https:\/\/www.africa-press.net\/cotedivoire\/","name":"C\u00f4te d&#039;Ivoire","description":"Just another Africa News Agency Sites site","potentialAction":[{"@type":"SearchAction","target":{"@type":"EntryPoint","urlTemplate":"https:\/\/www.africa-press.net\/cotedivoire\/?s={search_term_string}"},"query-input":{"@type":"PropertyValueSpecification","valueRequired":true,"valueName":"search_term_string"}}],"inLanguage":"fr-FR"},{"@type":"Person","@id":"https:\/\/www.africa-press.net\/cotedivoire\/#\/schema\/person\/2b1cf3cd81a31e3cd26889ca66d677f1","name":"cfeditorfr"}]}},"_links":{"self":[{"href":"https:\/\/www.africa-press.net\/cotedivoire\/wp-json\/wp\/v2\/posts\/111780","targetHints":{"allow":["GET"]}}],"collection":[{"href":"https:\/\/www.africa-press.net\/cotedivoire\/wp-json\/wp\/v2\/posts"}],"about":[{"href":"https:\/\/www.africa-press.net\/cotedivoire\/wp-json\/wp\/v2\/types\/post"}],"author":[{"embeddable":true,"href":"https:\/\/www.africa-press.net\/cotedivoire\/wp-json\/wp\/v2\/users\/82"}],"replies":[{"embeddable":true,"href":"https:\/\/www.africa-press.net\/cotedivoire\/wp-json\/wp\/v2\/comments?post=111780"}],"version-history":[{"count":0,"href":"https:\/\/www.africa-press.net\/cotedivoire\/wp-json\/wp\/v2\/posts\/111780\/revisions"}],"wp:featuredmedia":[{"embeddable":true,"href":"https:\/\/www.africa-press.net\/cotedivoire\/wp-json\/wp\/v2\/media\/111779"}],"wp:attachment":[{"href":"https:\/\/www.africa-press.net\/cotedivoire\/wp-json\/wp\/v2\/media?parent=111780"}],"wp:term":[{"taxonomy":"category","embeddable":true,"href":"https:\/\/www.africa-press.net\/cotedivoire\/wp-json\/wp\/v2\/categories?post=111780"},{"taxonomy":"post_tag","embeddable":true,"href":"https:\/\/www.africa-press.net\/cotedivoire\/wp-json\/wp\/v2\/tags?post=111780"}],"curies":[{"name":"wp","href":"https:\/\/api.w.org\/{rel}","templated":true}]}}