{"id":111784,"date":"2026-01-25T20:37:43","date_gmt":"2026-01-25T20:37:43","guid":{"rendered":"https:\/\/www.africa-press.net\/cotedivoire\/politique\/ppa-ci-gbagbo-accepte-la-decision-du-comite-central-qui-exige-son-maintien-a-la-direction-du-parti"},"modified":"2026-01-25T20:37:43","modified_gmt":"2026-01-25T20:37:43","slug":"ppa-ci-gbagbo-accepte-la-decision-du-comite-central-qui-exige-son-maintien-a-la-direction-du-parti","status":"publish","type":"post","link":"https:\/\/www.africa-press.net\/cotedivoire\/parties\/ppa-ci-gbagbo-accepte-la-decision-du-comite-central-qui-exige-son-maintien-a-la-direction-du-parti","title":{"rendered":"PPA-CI, Gbagbo accepte la d\u00e9cision du Comit\u00e9 central qui exige son maintien \u00e0 la direction du parti"},"content":{"rendered":"<p>Gbagbo au Comit\u00e9 central (Ph Koaci)<\/p>\n<p>L&rsquo;information circulait officieusement dans le cercle restreint des cadres du parti de Gbagbo depuis un certain moment. Elle vient d&rsquo;\u00eatre officialis\u00e9e d\u00e9sormais.<\/p>\n<p>La r\u00e9union ordinaire du Comit\u00e9 central du Parti des Peuples africains de C\u00f4te d\u2019Ivoire (PPA-CI) s\u2019est achev\u00e9e hier samedi 24 janvier 2026 sur des d\u00e9cisions politiques majeures. \u00c0 l\u2019issue des travaux, les membres du Comit\u00e9 central ont officiellement demand\u00e9 \u00e0 Laurent Gbagbo de demeurer \u00e0 la t\u00eate du parti, une requ\u00eate que l\u2019ancien pr\u00e9sident ivoirien a accept\u00e9e.<\/p>\n<p>Prenant la parole devant les cadres du parti, Laurent Gbagbo a r\u00e9affirm\u00e9 sa d\u00e9termination \u00e0 poursuivre le combat politique du PPA-CI et \u00e0 consolider sa structuration sur l\u2019ensemble du territoire national. Il a, \u00e0 cette occasion, r\u00e9it\u00e9r\u00e9 avec fermet\u00e9 son opposition \u00e0 toute tentative de quatri\u00e8me mandat pr\u00e9sidentiel, qu\u2019il consid\u00e8re contraire \u00e0 l\u2019esprit d\u00e9mocratique et aux principes constitutionnels.<\/p>\n<p>Le Comit\u00e9 central a \u00e9galement profit\u00e9 de cette r\u00e9union pour se prononcer sur la gouvernance actuelle du pays. Dans une r\u00e9solution adopt\u00e9e \u00e0 l\u2019issue des \u00e9changes, il a d\u00e9nonc\u00e9 ce qu\u2019il qualifie de \u00ab gestion familiale du pouvoir d\u2019\u00c9tat \u00bb, estimant que cette pratique porte atteinte \u00e0 la bonne gouvernance, \u00e0 l\u2019\u00e9quit\u00e9 et au fonctionnement normal des institutions r\u00e9publicaines.<\/p>\n<p>Cette session du Comit\u00e9 central marque ainsi une \u00e9tape importante pour le PPA-CI, qui entend renforcer son positionnement politique et son discours d\u2019opposition, tout en s\u2019appuyant sur le leadership de Laurent Gbagbo pour pr\u00e9parer les \u00e9ch\u00e9ances politiques \u00e0 venir.<\/p>\n<p>Jean Chresus, Abidjan<\/p>\n","protected":false},"excerpt":{"rendered":"<p>Gbagbo au Comit\u00e9 central (Ph Koaci) L&rsquo;information circulait officieusement dans le cercle restreint des cadres du parti de Gbagbo depuis un certain moment. Elle vient d&rsquo;\u00eatre officialis\u00e9e d\u00e9sormais. La r\u00e9union ordinaire du Comit\u00e9 central du Parti des Peuples africains de C\u00f4te d\u2019Ivoire (PPA-CI) s\u2019est achev\u00e9e hier samedi 24 janvier 2026 sur des d\u00e9cisions politiques majeures. [&hellip;]<\/p>\n","protected":false},"author":82,"featured_media":111783,"comment_status":"open","ping_status":"closed","sticky":false,"template":"","format":"standard","meta":{"footnotes":""},"categories":[4,20,10],"tags":[12803,320,363,1952],"class_list":["post-111784","post","type-post","status-publish","format-standard","has-post-thumbnail","hentry","category-parties","category-top-nouvelles","category-toutes-les-actualites","tag-comite-central","tag-gbagbo","tag-parti","tag-ppa-ci"],"yoast_head":"<!-- This site is optimized with the Yoast SEO Premium plugin v26.1 (Yoast SEO v27.0) - https:\/\/yoast.com\/product\/yoast-seo-premium-wordpress\/ -->\n<title>PPA-CI, Gbagbo accepte la d\u00e9cision du Comit\u00e9 central qui exige son maintien \u00e0 la direction du parti - C\u00f4te d&#039;Ivoire<\/title>\n<meta name=\"robots\" content=\"index, follow, max-snippet:-1, max-image-preview:large, max-video-preview:-1\" \/>\n<link rel=\"canonical\" href=\"https:\/\/www.africa-press.net\/cotedivoire\/politique\/ppa-ci-gbagbo-accepte-la-decision-du-comite-central-qui-exige-son-maintien-a-la-direction-du-parti\" \/>\n<meta property=\"og:locale\" content=\"fr_FR\" \/>\n<meta property=\"og:type\" content=\"article\" \/>\n<meta property=\"og:title\" content=\"PPA-CI, Gbagbo accepte la d\u00e9cision du Comit\u00e9 central qui exige son maintien \u00e0 la direction du parti\" \/>\n<meta property=\"og:description\" content=\"Gbagbo au Comit\u00e9 central (Ph Koaci) L&rsquo;information circulait officieusement dans le cercle restreint des cadres du parti de Gbagbo depuis un certain moment. Elle vient d&rsquo;\u00eatre officialis\u00e9e d\u00e9sormais. La r\u00e9union ordinaire du Comit\u00e9 central du Parti des Peuples africains de C\u00f4te d\u2019Ivoire (PPA-CI) s\u2019est achev\u00e9e hier samedi 24 janvier 2026 sur des d\u00e9cisions politiques majeures. [&hellip;]\" \/>\n<meta property=\"og:url\" content=\"https:\/\/www.africa-press.net\/cotedivoire\/politique\/ppa-ci-gbagbo-accepte-la-decision-du-comite-central-qui-exige-son-maintien-a-la-direction-du-parti\" \/>\n<meta property=\"og:site_name\" content=\"C\u00f4te d&#039;Ivoire\" \/>\n<meta property=\"article:published_time\" content=\"2026-01-25T20:37:43+00:00\" \/>\n<meta name=\"author\" content=\"cfeditorfr\" \/>\n<meta name=\"twitter:card\" content=\"summary_large_image\" \/>\n<meta name=\"twitter:label1\" content=\"\u00c9crit par\" \/>\n\t<meta name=\"twitter:data1\" content=\"cfeditorfr\" \/>\n\t<meta name=\"twitter:label2\" content=\"Dur\u00e9e de lecture estim\u00e9e\" \/>\n\t<meta name=\"twitter:data2\" content=\"1 minute\" \/>\n<script type=\"application\/ld+json\" class=\"yoast-schema-graph\">{\"@context\":\"https:\/\/schema.org\",\"@graph\":[{\"@type\":\"Article\",\"@id\":\"https:\/\/www.africa-press.net\/cotedivoire\/politique\/ppa-ci-gbagbo-accepte-la-decision-du-comite-central-qui-exige-son-maintien-a-la-direction-du-parti#article\",\"isPartOf\":{\"@id\":\"https:\/\/www.africa-press.net\/cotedivoire\/politique\/ppa-ci-gbagbo-accepte-la-decision-du-comite-central-qui-exige-son-maintien-a-la-direction-du-parti\"},\"author\":{\"name\":\"cfeditorfr\",\"@id\":\"https:\/\/www.africa-press.net\/cotedivoire\/#\/schema\/person\/2b1cf3cd81a31e3cd26889ca66d677f1\"},\"headline\":\"PPA-CI, Gbagbo accepte la d\u00e9cision du Comit\u00e9 central qui exige son maintien \u00e0 la direction du parti\",\"datePublished\":\"2026-01-25T20:37:43+00:00\",\"mainEntityOfPage\":{\"@id\":\"https:\/\/www.africa-press.net\/cotedivoire\/politique\/ppa-ci-gbagbo-accepte-la-decision-du-comite-central-qui-exige-son-maintien-a-la-direction-du-parti\"},\"wordCount\":285,\"commentCount\":0,\"image\":{\"@id\":\"https:\/\/www.africa-press.net\/cotedivoire\/politique\/ppa-ci-gbagbo-accepte-la-decision-du-comite-central-qui-exige-son-maintien-a-la-direction-du-parti#primaryimage\"},\"thumbnailUrl\":\"https:\/\/static.africa-press.net\/cote\/sites\/43\/2026\/01\/sm_1769373463.136385.jpg\",\"keywords\":[\"Comit\u00e9 Central\",\"Gbagbo\",\"Parti\",\"PPA-CI\"],\"articleSection\":[\"Parties\",\"Top Nouvelles\",\"Toutes les actualit\u00e9s\"],\"inLanguage\":\"fr-FR\",\"potentialAction\":[{\"@type\":\"CommentAction\",\"name\":\"Comment\",\"target\":[\"https:\/\/www.africa-press.net\/cotedivoire\/politique\/ppa-ci-gbagbo-accepte-la-decision-du-comite-central-qui-exige-son-maintien-a-la-direction-du-parti#respond\"]}]},{\"@type\":\"WebPage\",\"@id\":\"https:\/\/www.africa-press.net\/cotedivoire\/politique\/ppa-ci-gbagbo-accepte-la-decision-du-comite-central-qui-exige-son-maintien-a-la-direction-du-parti\",\"url\":\"https:\/\/www.africa-press.net\/cotedivoire\/politique\/ppa-ci-gbagbo-accepte-la-decision-du-comite-central-qui-exige-son-maintien-a-la-direction-du-parti\",\"name\":\"PPA-CI, Gbagbo accepte la d\u00e9cision du Comit\u00e9 central qui exige son maintien \u00e0 la direction du parti - C\u00f4te d&#039;Ivoire\",\"isPartOf\":{\"@id\":\"https:\/\/www.africa-press.net\/cotedivoire\/#website\"},\"primaryImageOfPage\":{\"@id\":\"https:\/\/www.africa-press.net\/cotedivoire\/politique\/ppa-ci-gbagbo-accepte-la-decision-du-comite-central-qui-exige-son-maintien-a-la-direction-du-parti#primaryimage\"},\"image\":{\"@id\":\"https:\/\/www.africa-press.net\/cotedivoire\/politique\/ppa-ci-gbagbo-accepte-la-decision-du-comite-central-qui-exige-son-maintien-a-la-direction-du-parti#primaryimage\"},\"thumbnailUrl\":\"https:\/\/static.africa-press.net\/cote\/sites\/43\/2026\/01\/sm_1769373463.136385.jpg\",\"datePublished\":\"2026-01-25T20:37:43+00:00\",\"author\":{\"@id\":\"https:\/\/www.africa-press.net\/cotedivoire\/#\/schema\/person\/2b1cf3cd81a31e3cd26889ca66d677f1\"},\"breadcrumb\":{\"@id\":\"https:\/\/www.africa-press.net\/cotedivoire\/politique\/ppa-ci-gbagbo-accepte-la-decision-du-comite-central-qui-exige-son-maintien-a-la-direction-du-parti#breadcrumb\"},\"inLanguage\":\"fr-FR\",\"potentialAction\":[{\"@type\":\"ReadAction\",\"target\":[\"https:\/\/www.africa-press.net\/cotedivoire\/politique\/ppa-ci-gbagbo-accepte-la-decision-du-comite-central-qui-exige-son-maintien-a-la-direction-du-parti\"]}]},{\"@type\":\"ImageObject\",\"inLanguage\":\"fr-FR\",\"@id\":\"https:\/\/www.africa-press.net\/cotedivoire\/politique\/ppa-ci-gbagbo-accepte-la-decision-du-comite-central-qui-exige-son-maintien-a-la-direction-du-parti#primaryimage\",\"url\":\"https:\/\/static.africa-press.net\/cote\/sites\/43\/2026\/01\/sm_1769373463.136385.jpg\",\"contentUrl\":\"https:\/\/static.africa-press.net\/cote\/sites\/43\/2026\/01\/sm_1769373463.136385.jpg\",\"width\":600,\"height\":400,\"caption\":\"PPA-CI, Gbagbo accepte la d\u00e9cision du Comit\u00e9 central qui exige son maintien \u00e0 la direction du parti\"},{\"@type\":\"BreadcrumbList\",\"@id\":\"https:\/\/www.africa-press.net\/cotedivoire\/politique\/ppa-ci-gbagbo-accepte-la-decision-du-comite-central-qui-exige-son-maintien-a-la-direction-du-parti#breadcrumb\",\"itemListElement\":[{\"@type\":\"ListItem\",\"position\":1,\"name\":\"Accueil\",\"item\":\"https:\/\/www.africa-press.net\/cotedivoire\/\"},{\"@type\":\"ListItem\",\"position\":2,\"name\":\"PPA-CI, Gbagbo accepte la d\u00e9cision du Comit\u00e9 central qui exige son maintien \u00e0 la direction du parti\"}]},{\"@type\":\"WebSite\",\"@id\":\"https:\/\/www.africa-press.net\/cotedivoire\/#website\",\"url\":\"https:\/\/www.africa-press.net\/cotedivoire\/\",\"name\":\"C\u00f4te d&#039;Ivoire\",\"description\":\"Just another Africa News Agency Sites site\",\"potentialAction\":[{\"@type\":\"SearchAction\",\"target\":{\"@type\":\"EntryPoint\",\"urlTemplate\":\"https:\/\/www.africa-press.net\/cotedivoire\/?s={search_term_string}\"},\"query-input\":{\"@type\":\"PropertyValueSpecification\",\"valueRequired\":true,\"valueName\":\"search_term_string\"}}],\"inLanguage\":\"fr-FR\"},{\"@type\":\"Person\",\"@id\":\"https:\/\/www.africa-press.net\/cotedivoire\/#\/schema\/person\/2b1cf3cd81a31e3cd26889ca66d677f1\",\"name\":\"cfeditorfr\"}]}<\/script>\n<!-- \/ Yoast SEO Premium plugin. -->","yoast_head_json":{"title":"PPA-CI, Gbagbo accepte la d\u00e9cision du Comit\u00e9 central qui exige son maintien \u00e0 la direction du parti - C\u00f4te d&#039;Ivoire","robots":{"index":"index","follow":"follow","max-snippet":"max-snippet:-1","max-image-preview":"max-image-preview:large","max-video-preview":"max-video-preview:-1"},"canonical":"https:\/\/www.africa-press.net\/cotedivoire\/politique\/ppa-ci-gbagbo-accepte-la-decision-du-comite-central-qui-exige-son-maintien-a-la-direction-du-parti","og_locale":"fr_FR","og_type":"article","og_title":"PPA-CI, Gbagbo accepte la d\u00e9cision du Comit\u00e9 central qui exige son maintien \u00e0 la direction du parti","og_description":"Gbagbo au Comit\u00e9 central (Ph Koaci) L&rsquo;information circulait officieusement dans le cercle restreint des cadres du parti de Gbagbo depuis un certain moment. Elle vient d&rsquo;\u00eatre officialis\u00e9e d\u00e9sormais. La r\u00e9union ordinaire du Comit\u00e9 central du Parti des Peuples africains de C\u00f4te d\u2019Ivoire (PPA-CI) s\u2019est achev\u00e9e hier samedi 24 janvier 2026 sur des d\u00e9cisions politiques majeures. [&hellip;]","og_url":"https:\/\/www.africa-press.net\/cotedivoire\/politique\/ppa-ci-gbagbo-accepte-la-decision-du-comite-central-qui-exige-son-maintien-a-la-direction-du-parti","og_site_name":"C\u00f4te d&#039;Ivoire","article_published_time":"2026-01-25T20:37:43+00:00","author":"cfeditorfr","twitter_card":"summary_large_image","twitter_misc":{"\u00c9crit par":"cfeditorfr","Dur\u00e9e de lecture estim\u00e9e":"1 minute"},"schema":{"@context":"https:\/\/schema.org","@graph":[{"@type":"Article","@id":"https:\/\/www.africa-press.net\/cotedivoire\/politique\/ppa-ci-gbagbo-accepte-la-decision-du-comite-central-qui-exige-son-maintien-a-la-direction-du-parti#article","isPartOf":{"@id":"https:\/\/www.africa-press.net\/cotedivoire\/politique\/ppa-ci-gbagbo-accepte-la-decision-du-comite-central-qui-exige-son-maintien-a-la-direction-du-parti"},"author":{"name":"cfeditorfr","@id":"https:\/\/www.africa-press.net\/cotedivoire\/#\/schema\/person\/2b1cf3cd81a31e3cd26889ca66d677f1"},"headline":"PPA-CI, Gbagbo accepte la d\u00e9cision du Comit\u00e9 central qui exige son maintien \u00e0 la direction du parti","datePublished":"2026-01-25T20:37:43+00:00","mainEntityOfPage":{"@id":"https:\/\/www.africa-press.net\/cotedivoire\/politique\/ppa-ci-gbagbo-accepte-la-decision-du-comite-central-qui-exige-son-maintien-a-la-direction-du-parti"},"wordCount":285,"commentCount":0,"image":{"@id":"https:\/\/www.africa-press.net\/cotedivoire\/politique\/ppa-ci-gbagbo-accepte-la-decision-du-comite-central-qui-exige-son-maintien-a-la-direction-du-parti#primaryimage"},"thumbnailUrl":"https:\/\/static.africa-press.net\/cote\/sites\/43\/2026\/01\/sm_1769373463.136385.jpg","keywords":["Comit\u00e9 Central","Gbagbo","Parti","PPA-CI"],"articleSection":["Parties","Top Nouvelles","Toutes les actualit\u00e9s"],"inLanguage":"fr-FR","potentialAction":[{"@type":"CommentAction","name":"Comment","target":["https:\/\/www.africa-press.net\/cotedivoire\/politique\/ppa-ci-gbagbo-accepte-la-decision-du-comite-central-qui-exige-son-maintien-a-la-direction-du-parti#respond"]}]},{"@type":"WebPage","@id":"https:\/\/www.africa-press.net\/cotedivoire\/politique\/ppa-ci-gbagbo-accepte-la-decision-du-comite-central-qui-exige-son-maintien-a-la-direction-du-parti","url":"https:\/\/www.africa-press.net\/cotedivoire\/politique\/ppa-ci-gbagbo-accepte-la-decision-du-comite-central-qui-exige-son-maintien-a-la-direction-du-parti","name":"PPA-CI, Gbagbo accepte la d\u00e9cision du Comit\u00e9 central qui exige son maintien \u00e0 la direction du parti - C\u00f4te d&#039;Ivoire","isPartOf":{"@id":"https:\/\/www.africa-press.net\/cotedivoire\/#website"},"primaryImageOfPage":{"@id":"https:\/\/www.africa-press.net\/cotedivoire\/politique\/ppa-ci-gbagbo-accepte-la-decision-du-comite-central-qui-exige-son-maintien-a-la-direction-du-parti#primaryimage"},"image":{"@id":"https:\/\/www.africa-press.net\/cotedivoire\/politique\/ppa-ci-gbagbo-accepte-la-decision-du-comite-central-qui-exige-son-maintien-a-la-direction-du-parti#primaryimage"},"thumbnailUrl":"https:\/\/static.africa-press.net\/cote\/sites\/43\/2026\/01\/sm_1769373463.136385.jpg","datePublished":"2026-01-25T20:37:43+00:00","author":{"@id":"https:\/\/www.africa-press.net\/cotedivoire\/#\/schema\/person\/2b1cf3cd81a31e3cd26889ca66d677f1"},"breadcrumb":{"@id":"https:\/\/www.africa-press.net\/cotedivoire\/politique\/ppa-ci-gbagbo-accepte-la-decision-du-comite-central-qui-exige-son-maintien-a-la-direction-du-parti#breadcrumb"},"inLanguage":"fr-FR","potentialAction":[{"@type":"ReadAction","target":["https:\/\/www.africa-press.net\/cotedivoire\/politique\/ppa-ci-gbagbo-accepte-la-decision-du-comite-central-qui-exige-son-maintien-a-la-direction-du-parti"]}]},{"@type":"ImageObject","inLanguage":"fr-FR","@id":"https:\/\/www.africa-press.net\/cotedivoire\/politique\/ppa-ci-gbagbo-accepte-la-decision-du-comite-central-qui-exige-son-maintien-a-la-direction-du-parti#primaryimage","url":"https:\/\/static.africa-press.net\/cote\/sites\/43\/2026\/01\/sm_1769373463.136385.jpg","contentUrl":"https:\/\/static.africa-press.net\/cote\/sites\/43\/2026\/01\/sm_1769373463.136385.jpg","width":600,"height":400,"caption":"PPA-CI, Gbagbo accepte la d\u00e9cision du Comit\u00e9 central qui exige son maintien \u00e0 la direction du parti"},{"@type":"BreadcrumbList","@id":"https:\/\/www.africa-press.net\/cotedivoire\/politique\/ppa-ci-gbagbo-accepte-la-decision-du-comite-central-qui-exige-son-maintien-a-la-direction-du-parti#breadcrumb","itemListElement":[{"@type":"ListItem","position":1,"name":"Accueil","item":"https:\/\/www.africa-press.net\/cotedivoire\/"},{"@type":"ListItem","position":2,"name":"PPA-CI, Gbagbo accepte la d\u00e9cision du Comit\u00e9 central qui exige son maintien \u00e0 la direction du parti"}]},{"@type":"WebSite","@id":"https:\/\/www.africa-press.net\/cotedivoire\/#website","url":"https:\/\/www.africa-press.net\/cotedivoire\/","name":"C\u00f4te d&#039;Ivoire","description":"Just another Africa News Agency Sites site","potentialAction":[{"@type":"SearchAction","target":{"@type":"EntryPoint","urlTemplate":"https:\/\/www.africa-press.net\/cotedivoire\/?s={search_term_string}"},"query-input":{"@type":"PropertyValueSpecification","valueRequired":true,"valueName":"search_term_string"}}],"inLanguage":"fr-FR"},{"@type":"Person","@id":"https:\/\/www.africa-press.net\/cotedivoire\/#\/schema\/person\/2b1cf3cd81a31e3cd26889ca66d677f1","name":"cfeditorfr"}]}},"_links":{"self":[{"href":"https:\/\/www.africa-press.net\/cotedivoire\/wp-json\/wp\/v2\/posts\/111784","targetHints":{"allow":["GET"]}}],"collection":[{"href":"https:\/\/www.africa-press.net\/cotedivoire\/wp-json\/wp\/v2\/posts"}],"about":[{"href":"https:\/\/www.africa-press.net\/cotedivoire\/wp-json\/wp\/v2\/types\/post"}],"author":[{"embeddable":true,"href":"https:\/\/www.africa-press.net\/cotedivoire\/wp-json\/wp\/v2\/users\/82"}],"replies":[{"embeddable":true,"href":"https:\/\/www.africa-press.net\/cotedivoire\/wp-json\/wp\/v2\/comments?post=111784"}],"version-history":[{"count":0,"href":"https:\/\/www.africa-press.net\/cotedivoire\/wp-json\/wp\/v2\/posts\/111784\/revisions"}],"wp:featuredmedia":[{"embeddable":true,"href":"https:\/\/www.africa-press.net\/cotedivoire\/wp-json\/wp\/v2\/media\/111783"}],"wp:attachment":[{"href":"https:\/\/www.africa-press.net\/cotedivoire\/wp-json\/wp\/v2\/media?parent=111784"}],"wp:term":[{"taxonomy":"category","embeddable":true,"href":"https:\/\/www.africa-press.net\/cotedivoire\/wp-json\/wp\/v2\/categories?post=111784"},{"taxonomy":"post_tag","embeddable":true,"href":"https:\/\/www.africa-press.net\/cotedivoire\/wp-json\/wp\/v2\/tags?post=111784"}],"curies":[{"name":"wp","href":"https:\/\/api.w.org\/{rel}","templated":true}]}}