{"id":111792,"date":"2026-01-26T20:59:13","date_gmt":"2026-01-26T20:59:13","guid":{"rendered":"https:\/\/www.africa-press.net\/cotedivoire\/politique\/yapo-yapo-calixte-secretaire-executif-du-pdci-convoque-a-la-prefecture-de-police-dabidjan"},"modified":"2026-01-26T20:59:13","modified_gmt":"2026-01-26T20:59:13","slug":"yapo-yapo-calixte-secretaire-executif-du-pdci-convoque-a-la-prefecture-de-police-dabidjan","status":"publish","type":"post","link":"https:\/\/www.africa-press.net\/cotedivoire\/parties\/yapo-yapo-calixte-secretaire-executif-du-pdci-convoque-a-la-prefecture-de-police-dabidjan","title":{"rendered":"Yapo Yapo Calixte, Secr\u00e9taire ex\u00e9cutif du PDCI, convoqu\u00e9 \u00e0 la Pr\u00e9fecture de police d&rsquo;Abidjan"},"content":{"rendered":"<p>Yapo Calixte, Secr\u00e9taire ex\u00e9cutif du PDCI<\/p>\n<p>Le Secr\u00e9taire ex\u00e9cutif du Parti d\u00e9mocratique de C\u00f4te d\u2019Ivoire \u2013 Rassemblement d\u00e9mocratique africain (PDCI-RDA), Yapo Yapo Calixte, est convoqu\u00e9 \u00e0 la Pr\u00e9fecture de police d\u2019Abidjan par le Service des enqu\u00eates g\u00e9n\u00e9rales, selon un document officiel \u00e9mis par les autorit\u00e9s polici\u00e8res ivoiriennes.<\/p>\n<p>La convocation, dat\u00e9e de ce 26 janvier 2026, \u00e9mane du minist\u00e8re de l\u2019Int\u00e9rieur et de la S\u00e9curit\u00e9, \u00e0 travers la Direction g\u00e9n\u00e9rale de la police nationale et la Direction g\u00e9n\u00e9rale adjointe charg\u00e9e de la s\u00e9curit\u00e9 publique.<\/p>\n<p>D\u2019apr\u00e8s le document, Yapo Yapo Calixte est invit\u00e9 \u00e0 se pr\u00e9senter le mardi 27 janvier 2026 \u00e0 9 heures pr\u00e9cises au Service des enqu\u00eates g\u00e9n\u00e9rales de la Pr\u00e9fecture de police d\u2019Abidjan, situ\u00e9 non loin de la soci\u00e9t\u00e9 FILTISAC, dans la zone d\u2019Abobo-Motoragri, sur l\u2019axe routier d\u2019Abobo. La convocation pr\u00e9cise que l\u2019int\u00e9ress\u00e9 est domicili\u00e9 \u00e0 Abidjan-Cocody, au si\u00e8ge du PDCI-RDA, ce qui confirme son statut de cadre dirigeant du parti politique.<\/p>\n<p>Le document mentionne express\u00e9ment que la comparution doit se faire en pr\u00e9sence de son conseil, conform\u00e9ment aux dispositions de l\u2019article 90 nouveau du Code de proc\u00e9dure p\u00e9nale. Cette pr\u00e9cision laisse entendre que l\u2019audition pr\u00e9vue s\u2019inscrit dans un cadre proc\u00e9dural formel, relevant des pr\u00e9rogatives du Service des enqu\u00eates g\u00e9n\u00e9rales, comp\u00e9tent notamment en mati\u00e8re d\u2019affaires \u00e0 port\u00e9e administrative, s\u00e9curitaire ou institutionnelle.<\/p>\n<p>La convocation porte le num\u00e9ro d\u2019op\u00e9ration 122\/MIS\/DGPN\/DGA-CSP\/PPA\/SEG et est sign\u00e9e pour le commissaire de police FIFANA SADA, chef du Service des enqu\u00eates g\u00e9n\u00e9rales. Elle est \u00e9galement rev\u00eatue du cachet officiel de la Pr\u00e9fecture de police d\u2019Abidjan, attestant de son authenticit\u00e9.<\/p>\n<p>\u00c0 ce stade, aucune pr\u00e9cision n\u2019est donn\u00e9e sur les motifs exacts de cette convocation. Toutefois, l\u2019implication d\u2019un haut responsable d\u2019un parti politique majeur de l\u2019opposition intervient dans un contexte national marqu\u00e9 par une attention soutenue \u00e0 la vie politique et au respect des proc\u00e9dures l\u00e9gales.<\/p>\n<p>En attendant d\u2019\u00e9ventuelles communications officielles suppl\u00e9mentaires, cette convocation suscite d\u00e9j\u00e0 de nombreuses r\u00e9actions et interrogations au sein de la classe politique et de l\u2019opinion publique.<\/p>\n<p>Jean Chresus, Abidjan<\/p>\n","protected":false},"excerpt":{"rendered":"<p>Yapo Calixte, Secr\u00e9taire ex\u00e9cutif du PDCI Le Secr\u00e9taire ex\u00e9cutif du Parti d\u00e9mocratique de C\u00f4te d\u2019Ivoire \u2013 Rassemblement d\u00e9mocratique africain (PDCI-RDA), Yapo Yapo Calixte, est convoqu\u00e9 \u00e0 la Pr\u00e9fecture de police d\u2019Abidjan par le Service des enqu\u00eates g\u00e9n\u00e9rales, selon un document officiel \u00e9mis par les autorit\u00e9s polici\u00e8res ivoiriennes. La convocation, dat\u00e9e de ce 26 janvier 2026, [&hellip;]<\/p>\n","protected":false},"author":82,"featured_media":111791,"comment_status":"open","ping_status":"closed","sticky":false,"template":"","format":"standard","meta":{"footnotes":""},"categories":[4,10],"tags":[20124,37,423,14064],"class_list":["post-111792","post","type-post","status-publish","format-standard","has-post-thumbnail","hentry","category-parties","category-toutes-les-actualites","tag-calixte","tag-cote-divoire-2","tag-pdci","tag-yapo"],"yoast_head":"<!-- This site is optimized with the Yoast SEO Premium plugin v26.1 (Yoast SEO v27.0) - https:\/\/yoast.com\/product\/yoast-seo-premium-wordpress\/ -->\n<title>Yapo Yapo Calixte, Secr\u00e9taire ex\u00e9cutif du PDCI, convoqu\u00e9 \u00e0 la Pr\u00e9fecture de police d&#039;Abidjan - C\u00f4te d&#039;Ivoire<\/title>\n<meta name=\"robots\" content=\"index, follow, max-snippet:-1, max-image-preview:large, max-video-preview:-1\" \/>\n<link rel=\"canonical\" href=\"https:\/\/www.africa-press.net\/cotedivoire\/politique\/yapo-yapo-calixte-secretaire-executif-du-pdci-convoque-a-la-prefecture-de-police-dabidjan\" \/>\n<meta property=\"og:locale\" content=\"fr_FR\" \/>\n<meta property=\"og:type\" content=\"article\" \/>\n<meta property=\"og:title\" content=\"Yapo Yapo Calixte, Secr\u00e9taire ex\u00e9cutif du PDCI, convoqu\u00e9 \u00e0 la Pr\u00e9fecture de police d&#039;Abidjan\" \/>\n<meta property=\"og:description\" content=\"Yapo Calixte, Secr\u00e9taire ex\u00e9cutif du PDCI Le Secr\u00e9taire ex\u00e9cutif du Parti d\u00e9mocratique de C\u00f4te d\u2019Ivoire \u2013 Rassemblement d\u00e9mocratique africain (PDCI-RDA), Yapo Yapo Calixte, est convoqu\u00e9 \u00e0 la Pr\u00e9fecture de police d\u2019Abidjan par le Service des enqu\u00eates g\u00e9n\u00e9rales, selon un document officiel \u00e9mis par les autorit\u00e9s polici\u00e8res ivoiriennes. La convocation, dat\u00e9e de ce 26 janvier 2026, [&hellip;]\" \/>\n<meta property=\"og:url\" content=\"https:\/\/www.africa-press.net\/cotedivoire\/politique\/yapo-yapo-calixte-secretaire-executif-du-pdci-convoque-a-la-prefecture-de-police-dabidjan\" \/>\n<meta property=\"og:site_name\" content=\"C\u00f4te d&#039;Ivoire\" \/>\n<meta property=\"article:published_time\" content=\"2026-01-26T20:59:13+00:00\" \/>\n<meta name=\"author\" content=\"cfeditorfr\" \/>\n<meta name=\"twitter:card\" content=\"summary_large_image\" \/>\n<meta name=\"twitter:label1\" content=\"\u00c9crit par\" \/>\n\t<meta name=\"twitter:data1\" content=\"cfeditorfr\" \/>\n\t<meta name=\"twitter:label2\" content=\"Dur\u00e9e de lecture estim\u00e9e\" \/>\n\t<meta name=\"twitter:data2\" content=\"2 minutes\" \/>\n<script type=\"application\/ld+json\" class=\"yoast-schema-graph\">{\"@context\":\"https:\/\/schema.org\",\"@graph\":[{\"@type\":\"Article\",\"@id\":\"https:\/\/www.africa-press.net\/cotedivoire\/politique\/yapo-yapo-calixte-secretaire-executif-du-pdci-convoque-a-la-prefecture-de-police-dabidjan#article\",\"isPartOf\":{\"@id\":\"https:\/\/www.africa-press.net\/cotedivoire\/politique\/yapo-yapo-calixte-secretaire-executif-du-pdci-convoque-a-la-prefecture-de-police-dabidjan\"},\"author\":{\"name\":\"cfeditorfr\",\"@id\":\"https:\/\/www.africa-press.net\/cotedivoire\/#\/schema\/person\/2b1cf3cd81a31e3cd26889ca66d677f1\"},\"headline\":\"Yapo Yapo Calixte, Secr\u00e9taire ex\u00e9cutif du PDCI, convoqu\u00e9 \u00e0 la Pr\u00e9fecture de police d&rsquo;Abidjan\",\"datePublished\":\"2026-01-26T20:59:13+00:00\",\"mainEntityOfPage\":{\"@id\":\"https:\/\/www.africa-press.net\/cotedivoire\/politique\/yapo-yapo-calixte-secretaire-executif-du-pdci-convoque-a-la-prefecture-de-police-dabidjan\"},\"wordCount\":418,\"commentCount\":0,\"image\":{\"@id\":\"https:\/\/www.africa-press.net\/cotedivoire\/politique\/yapo-yapo-calixte-secretaire-executif-du-pdci-convoque-a-la-prefecture-de-police-dabidjan#primaryimage\"},\"thumbnailUrl\":\"https:\/\/static.africa-press.net\/cote\/sites\/43\/2026\/01\/sm_1769461153.388534.jpg\",\"keywords\":[\"Calixte\",\"C\u00f4te d'Ivoire\",\"Pdci\",\"Yapo\"],\"articleSection\":[\"Parties\",\"Toutes les actualit\u00e9s\"],\"inLanguage\":\"fr-FR\",\"potentialAction\":[{\"@type\":\"CommentAction\",\"name\":\"Comment\",\"target\":[\"https:\/\/www.africa-press.net\/cotedivoire\/politique\/yapo-yapo-calixte-secretaire-executif-du-pdci-convoque-a-la-prefecture-de-police-dabidjan#respond\"]}]},{\"@type\":\"WebPage\",\"@id\":\"https:\/\/www.africa-press.net\/cotedivoire\/politique\/yapo-yapo-calixte-secretaire-executif-du-pdci-convoque-a-la-prefecture-de-police-dabidjan\",\"url\":\"https:\/\/www.africa-press.net\/cotedivoire\/politique\/yapo-yapo-calixte-secretaire-executif-du-pdci-convoque-a-la-prefecture-de-police-dabidjan\",\"name\":\"Yapo Yapo Calixte, Secr\u00e9taire ex\u00e9cutif du PDCI, convoqu\u00e9 \u00e0 la Pr\u00e9fecture de police d'Abidjan - C\u00f4te d&#039;Ivoire\",\"isPartOf\":{\"@id\":\"https:\/\/www.africa-press.net\/cotedivoire\/#website\"},\"primaryImageOfPage\":{\"@id\":\"https:\/\/www.africa-press.net\/cotedivoire\/politique\/yapo-yapo-calixte-secretaire-executif-du-pdci-convoque-a-la-prefecture-de-police-dabidjan#primaryimage\"},\"image\":{\"@id\":\"https:\/\/www.africa-press.net\/cotedivoire\/politique\/yapo-yapo-calixte-secretaire-executif-du-pdci-convoque-a-la-prefecture-de-police-dabidjan#primaryimage\"},\"thumbnailUrl\":\"https:\/\/static.africa-press.net\/cote\/sites\/43\/2026\/01\/sm_1769461153.388534.jpg\",\"datePublished\":\"2026-01-26T20:59:13+00:00\",\"author\":{\"@id\":\"https:\/\/www.africa-press.net\/cotedivoire\/#\/schema\/person\/2b1cf3cd81a31e3cd26889ca66d677f1\"},\"breadcrumb\":{\"@id\":\"https:\/\/www.africa-press.net\/cotedivoire\/politique\/yapo-yapo-calixte-secretaire-executif-du-pdci-convoque-a-la-prefecture-de-police-dabidjan#breadcrumb\"},\"inLanguage\":\"fr-FR\",\"potentialAction\":[{\"@type\":\"ReadAction\",\"target\":[\"https:\/\/www.africa-press.net\/cotedivoire\/politique\/yapo-yapo-calixte-secretaire-executif-du-pdci-convoque-a-la-prefecture-de-police-dabidjan\"]}]},{\"@type\":\"ImageObject\",\"inLanguage\":\"fr-FR\",\"@id\":\"https:\/\/www.africa-press.net\/cotedivoire\/politique\/yapo-yapo-calixte-secretaire-executif-du-pdci-convoque-a-la-prefecture-de-police-dabidjan#primaryimage\",\"url\":\"https:\/\/static.africa-press.net\/cote\/sites\/43\/2026\/01\/sm_1769461153.388534.jpg\",\"contentUrl\":\"https:\/\/static.africa-press.net\/cote\/sites\/43\/2026\/01\/sm_1769461153.388534.jpg\",\"width\":600,\"height\":393,\"caption\":\"Yapo Yapo Calixte, Secr\u00e9taire ex\u00e9cutif du PDCI, convoqu\u00e9 \u00e0 la Pr\u00e9fecture de police d'Abidjan\"},{\"@type\":\"BreadcrumbList\",\"@id\":\"https:\/\/www.africa-press.net\/cotedivoire\/politique\/yapo-yapo-calixte-secretaire-executif-du-pdci-convoque-a-la-prefecture-de-police-dabidjan#breadcrumb\",\"itemListElement\":[{\"@type\":\"ListItem\",\"position\":1,\"name\":\"Accueil\",\"item\":\"https:\/\/www.africa-press.net\/cotedivoire\/\"},{\"@type\":\"ListItem\",\"position\":2,\"name\":\"Yapo Yapo Calixte, Secr\u00e9taire ex\u00e9cutif du PDCI, convoqu\u00e9 \u00e0 la Pr\u00e9fecture de police d&rsquo;Abidjan\"}]},{\"@type\":\"WebSite\",\"@id\":\"https:\/\/www.africa-press.net\/cotedivoire\/#website\",\"url\":\"https:\/\/www.africa-press.net\/cotedivoire\/\",\"name\":\"C\u00f4te d&#039;Ivoire\",\"description\":\"Just another Africa News Agency Sites site\",\"potentialAction\":[{\"@type\":\"SearchAction\",\"target\":{\"@type\":\"EntryPoint\",\"urlTemplate\":\"https:\/\/www.africa-press.net\/cotedivoire\/?s={search_term_string}\"},\"query-input\":{\"@type\":\"PropertyValueSpecification\",\"valueRequired\":true,\"valueName\":\"search_term_string\"}}],\"inLanguage\":\"fr-FR\"},{\"@type\":\"Person\",\"@id\":\"https:\/\/www.africa-press.net\/cotedivoire\/#\/schema\/person\/2b1cf3cd81a31e3cd26889ca66d677f1\",\"name\":\"cfeditorfr\"}]}<\/script>\n<!-- \/ Yoast SEO Premium plugin. -->","yoast_head_json":{"title":"Yapo Yapo Calixte, Secr\u00e9taire ex\u00e9cutif du PDCI, convoqu\u00e9 \u00e0 la Pr\u00e9fecture de police d'Abidjan - C\u00f4te d&#039;Ivoire","robots":{"index":"index","follow":"follow","max-snippet":"max-snippet:-1","max-image-preview":"max-image-preview:large","max-video-preview":"max-video-preview:-1"},"canonical":"https:\/\/www.africa-press.net\/cotedivoire\/politique\/yapo-yapo-calixte-secretaire-executif-du-pdci-convoque-a-la-prefecture-de-police-dabidjan","og_locale":"fr_FR","og_type":"article","og_title":"Yapo Yapo Calixte, Secr\u00e9taire ex\u00e9cutif du PDCI, convoqu\u00e9 \u00e0 la Pr\u00e9fecture de police d'Abidjan","og_description":"Yapo Calixte, Secr\u00e9taire ex\u00e9cutif du PDCI Le Secr\u00e9taire ex\u00e9cutif du Parti d\u00e9mocratique de C\u00f4te d\u2019Ivoire \u2013 Rassemblement d\u00e9mocratique africain (PDCI-RDA), Yapo Yapo Calixte, est convoqu\u00e9 \u00e0 la Pr\u00e9fecture de police d\u2019Abidjan par le Service des enqu\u00eates g\u00e9n\u00e9rales, selon un document officiel \u00e9mis par les autorit\u00e9s polici\u00e8res ivoiriennes. La convocation, dat\u00e9e de ce 26 janvier 2026, [&hellip;]","og_url":"https:\/\/www.africa-press.net\/cotedivoire\/politique\/yapo-yapo-calixte-secretaire-executif-du-pdci-convoque-a-la-prefecture-de-police-dabidjan","og_site_name":"C\u00f4te d&#039;Ivoire","article_published_time":"2026-01-26T20:59:13+00:00","author":"cfeditorfr","twitter_card":"summary_large_image","twitter_misc":{"\u00c9crit par":"cfeditorfr","Dur\u00e9e de lecture estim\u00e9e":"2 minutes"},"schema":{"@context":"https:\/\/schema.org","@graph":[{"@type":"Article","@id":"https:\/\/www.africa-press.net\/cotedivoire\/politique\/yapo-yapo-calixte-secretaire-executif-du-pdci-convoque-a-la-prefecture-de-police-dabidjan#article","isPartOf":{"@id":"https:\/\/www.africa-press.net\/cotedivoire\/politique\/yapo-yapo-calixte-secretaire-executif-du-pdci-convoque-a-la-prefecture-de-police-dabidjan"},"author":{"name":"cfeditorfr","@id":"https:\/\/www.africa-press.net\/cotedivoire\/#\/schema\/person\/2b1cf3cd81a31e3cd26889ca66d677f1"},"headline":"Yapo Yapo Calixte, Secr\u00e9taire ex\u00e9cutif du PDCI, convoqu\u00e9 \u00e0 la Pr\u00e9fecture de police d&rsquo;Abidjan","datePublished":"2026-01-26T20:59:13+00:00","mainEntityOfPage":{"@id":"https:\/\/www.africa-press.net\/cotedivoire\/politique\/yapo-yapo-calixte-secretaire-executif-du-pdci-convoque-a-la-prefecture-de-police-dabidjan"},"wordCount":418,"commentCount":0,"image":{"@id":"https:\/\/www.africa-press.net\/cotedivoire\/politique\/yapo-yapo-calixte-secretaire-executif-du-pdci-convoque-a-la-prefecture-de-police-dabidjan#primaryimage"},"thumbnailUrl":"https:\/\/static.africa-press.net\/cote\/sites\/43\/2026\/01\/sm_1769461153.388534.jpg","keywords":["Calixte","C\u00f4te d'Ivoire","Pdci","Yapo"],"articleSection":["Parties","Toutes les actualit\u00e9s"],"inLanguage":"fr-FR","potentialAction":[{"@type":"CommentAction","name":"Comment","target":["https:\/\/www.africa-press.net\/cotedivoire\/politique\/yapo-yapo-calixte-secretaire-executif-du-pdci-convoque-a-la-prefecture-de-police-dabidjan#respond"]}]},{"@type":"WebPage","@id":"https:\/\/www.africa-press.net\/cotedivoire\/politique\/yapo-yapo-calixte-secretaire-executif-du-pdci-convoque-a-la-prefecture-de-police-dabidjan","url":"https:\/\/www.africa-press.net\/cotedivoire\/politique\/yapo-yapo-calixte-secretaire-executif-du-pdci-convoque-a-la-prefecture-de-police-dabidjan","name":"Yapo Yapo Calixte, Secr\u00e9taire ex\u00e9cutif du PDCI, convoqu\u00e9 \u00e0 la Pr\u00e9fecture de police d'Abidjan - C\u00f4te d&#039;Ivoire","isPartOf":{"@id":"https:\/\/www.africa-press.net\/cotedivoire\/#website"},"primaryImageOfPage":{"@id":"https:\/\/www.africa-press.net\/cotedivoire\/politique\/yapo-yapo-calixte-secretaire-executif-du-pdci-convoque-a-la-prefecture-de-police-dabidjan#primaryimage"},"image":{"@id":"https:\/\/www.africa-press.net\/cotedivoire\/politique\/yapo-yapo-calixte-secretaire-executif-du-pdci-convoque-a-la-prefecture-de-police-dabidjan#primaryimage"},"thumbnailUrl":"https:\/\/static.africa-press.net\/cote\/sites\/43\/2026\/01\/sm_1769461153.388534.jpg","datePublished":"2026-01-26T20:59:13+00:00","author":{"@id":"https:\/\/www.africa-press.net\/cotedivoire\/#\/schema\/person\/2b1cf3cd81a31e3cd26889ca66d677f1"},"breadcrumb":{"@id":"https:\/\/www.africa-press.net\/cotedivoire\/politique\/yapo-yapo-calixte-secretaire-executif-du-pdci-convoque-a-la-prefecture-de-police-dabidjan#breadcrumb"},"inLanguage":"fr-FR","potentialAction":[{"@type":"ReadAction","target":["https:\/\/www.africa-press.net\/cotedivoire\/politique\/yapo-yapo-calixte-secretaire-executif-du-pdci-convoque-a-la-prefecture-de-police-dabidjan"]}]},{"@type":"ImageObject","inLanguage":"fr-FR","@id":"https:\/\/www.africa-press.net\/cotedivoire\/politique\/yapo-yapo-calixte-secretaire-executif-du-pdci-convoque-a-la-prefecture-de-police-dabidjan#primaryimage","url":"https:\/\/static.africa-press.net\/cote\/sites\/43\/2026\/01\/sm_1769461153.388534.jpg","contentUrl":"https:\/\/static.africa-press.net\/cote\/sites\/43\/2026\/01\/sm_1769461153.388534.jpg","width":600,"height":393,"caption":"Yapo Yapo Calixte, Secr\u00e9taire ex\u00e9cutif du PDCI, convoqu\u00e9 \u00e0 la Pr\u00e9fecture de police d'Abidjan"},{"@type":"BreadcrumbList","@id":"https:\/\/www.africa-press.net\/cotedivoire\/politique\/yapo-yapo-calixte-secretaire-executif-du-pdci-convoque-a-la-prefecture-de-police-dabidjan#breadcrumb","itemListElement":[{"@type":"ListItem","position":1,"name":"Accueil","item":"https:\/\/www.africa-press.net\/cotedivoire\/"},{"@type":"ListItem","position":2,"name":"Yapo Yapo Calixte, Secr\u00e9taire ex\u00e9cutif du PDCI, convoqu\u00e9 \u00e0 la Pr\u00e9fecture de police d&rsquo;Abidjan"}]},{"@type":"WebSite","@id":"https:\/\/www.africa-press.net\/cotedivoire\/#website","url":"https:\/\/www.africa-press.net\/cotedivoire\/","name":"C\u00f4te d&#039;Ivoire","description":"Just another Africa News Agency Sites site","potentialAction":[{"@type":"SearchAction","target":{"@type":"EntryPoint","urlTemplate":"https:\/\/www.africa-press.net\/cotedivoire\/?s={search_term_string}"},"query-input":{"@type":"PropertyValueSpecification","valueRequired":true,"valueName":"search_term_string"}}],"inLanguage":"fr-FR"},{"@type":"Person","@id":"https:\/\/www.africa-press.net\/cotedivoire\/#\/schema\/person\/2b1cf3cd81a31e3cd26889ca66d677f1","name":"cfeditorfr"}]}},"_links":{"self":[{"href":"https:\/\/www.africa-press.net\/cotedivoire\/wp-json\/wp\/v2\/posts\/111792","targetHints":{"allow":["GET"]}}],"collection":[{"href":"https:\/\/www.africa-press.net\/cotedivoire\/wp-json\/wp\/v2\/posts"}],"about":[{"href":"https:\/\/www.africa-press.net\/cotedivoire\/wp-json\/wp\/v2\/types\/post"}],"author":[{"embeddable":true,"href":"https:\/\/www.africa-press.net\/cotedivoire\/wp-json\/wp\/v2\/users\/82"}],"replies":[{"embeddable":true,"href":"https:\/\/www.africa-press.net\/cotedivoire\/wp-json\/wp\/v2\/comments?post=111792"}],"version-history":[{"count":0,"href":"https:\/\/www.africa-press.net\/cotedivoire\/wp-json\/wp\/v2\/posts\/111792\/revisions"}],"wp:featuredmedia":[{"embeddable":true,"href":"https:\/\/www.africa-press.net\/cotedivoire\/wp-json\/wp\/v2\/media\/111791"}],"wp:attachment":[{"href":"https:\/\/www.africa-press.net\/cotedivoire\/wp-json\/wp\/v2\/media?parent=111792"}],"wp:term":[{"taxonomy":"category","embeddable":true,"href":"https:\/\/www.africa-press.net\/cotedivoire\/wp-json\/wp\/v2\/categories?post=111792"},{"taxonomy":"post_tag","embeddable":true,"href":"https:\/\/www.africa-press.net\/cotedivoire\/wp-json\/wp\/v2\/tags?post=111792"}],"curies":[{"name":"wp","href":"https:\/\/api.w.org\/{rel}","templated":true}]}}