{"id":111794,"date":"2026-01-26T21:00:02","date_gmt":"2026-01-26T21:00:02","guid":{"rendered":"https:\/\/www.africa-press.net\/cotedivoire\/politique\/daloa-bras-de-fer-autour-du-cacao-la-justice-convoque-les-leaders-la-mobilisation-des-producteurs-interrompue"},"modified":"2026-01-26T21:00:02","modified_gmt":"2026-01-26T21:00:02","slug":"daloa-bras-de-fer-autour-du-cacao-la-justice-convoque-les-leaders-la-mobilisation-des-producteurs-interrompue","status":"publish","type":"post","link":"https:\/\/www.africa-press.net\/cotedivoire\/economie\/daloa-bras-de-fer-autour-du-cacao-la-justice-convoque-les-leaders-la-mobilisation-des-producteurs-interrompue","title":{"rendered":"Daloa, bras de fer autour du cacao, la justice convoque les leaders, la mobilisation des producteurs interrompue"},"content":{"rendered":"<p>Les leaders syndicaux (Ph Koaci)<\/p>\n<p>La dynamique engag\u00e9e par les producteurs de caf\u00e9-cacao a connu un coup d\u2019arr\u00eat ce lundi 26 janvier 2026 \u00e0 Daloa. L\u2019Assembl\u00e9e g\u00e9n\u00e9rale extraordinaire de la plateforme ANAPROCI\u2013SYNAP-CI, attendue comme un temps fort de concertation face aux difficult\u00e9s persistantes du secteur, n\u2019a finalement pas pu se tenir. En cause, une convocation judiciaire adress\u00e9e aux deux figures centrales de la plateforme, Kanga Koffi et Kon\u00e9 Moussa, somm\u00e9s de se pr\u00e9senter \u00e0 Abidjan devant le procureur de la R\u00e9publique.<\/p>\n<p>Pr\u00e9vue pour r\u00e9unir des d\u00e9l\u00e9gu\u00e9s venus de plusieurs r\u00e9gions productrices ainsi qu\u2019un grand nombre de planteurs, la rencontre devait servir de cadre d\u2019\u00e9changes directs sur la crise que traverse la fili\u00e8re, marqu\u00e9e notamment par l\u2019ins\u00e9curit\u00e9 des r\u00e9coltes et les inqui\u00e9tudes \u00e9conomiques des producteurs. L\u2019objectif affich\u00e9 \u00e9tait de faire remonter les r\u00e9alit\u00e9s du terrain et de structurer des propositions \u00e0 soumettre aux autorit\u00e9s, dans une logique de dialogue et de recherche de solutions durables.<\/p>\n<p>Inform\u00e9s d\u00e8s le matin de la convocation judiciaire, les dirigeants de la plateforme ont \u00e9t\u00e9 contraints de suspendre l\u2019assembl\u00e9e avant m\u00eame son ouverture. Les d\u00e9l\u00e9gations d\u00e9j\u00e0 en route pour Daloa ont \u00e9t\u00e9 invit\u00e9es \u00e0 faire demi-tour. Selon Kanga Koffi, cette d\u00e9cision s\u2019est impos\u00e9e afin de r\u00e9pondre aux exigences de la justice, l\u2019audition \u00e9tant programm\u00e9e pour le mardi 27 janvier 2026 \u00e0 Abidjan. Kon\u00e9 Moussa a, pour sa part, soulign\u00e9 le caract\u00e8re urgent de la convocation, rendant impossible le maintien de la r\u00e9union dans ces conditions.<\/p>\n<p>Au-del\u00e0 de cet emp\u00eachement, les responsables de l\u2019ANAPROCI et du SYNAP-CI ont tenu \u00e0 r\u00e9affirmer le sens de leur d\u00e9marche. Ils rappellent que l\u2019initiative de Daloa visait avant tout \u00e0 renforcer la voix des producteurs, souvent en premi\u00e8re ligne face aux crises qui secouent la fili\u00e8re. Pour eux, la stabilit\u00e9 du secteur caf\u00e9-cacao passe n\u00e9cessairement par une concertation inclusive, tenant compte de l\u2019exp\u00e9rience et des propositions des acteurs de terrain.<\/p>\n<p>Malgr\u00e9 la suspension de l\u2019AGE, la plateforme assure rester mobilis\u00e9e et d\u00e9termin\u00e9e \u00e0 poursuivre son plaidoyer. Kanga Koffi et Kon\u00e9 Moussa affirment leur disponibilit\u00e9 \u00e0 dialoguer avec les autorit\u00e9s et \u00e0 contribuer, aux c\u00f4t\u00e9s de l\u2019\u00c9tat, \u00e0 l\u2019\u00e9laboration de r\u00e9ponses efficaces.<\/p>\n<p>Dans ce contexte, ils estiment que l\u2019avenir de la fili\u00e8re d\u00e9pendra de la capacit\u00e9 collective \u00e0 \u00e9couter les producteurs et \u00e0 s\u00e9curiser durablement leurs moyens de subsistance.<\/p>\n<p>Jean Chresus, Abidjan<\/p>\n","protected":false},"excerpt":{"rendered":"<p>Les leaders syndicaux (Ph Koaci) La dynamique engag\u00e9e par les producteurs de caf\u00e9-cacao a connu un coup d\u2019arr\u00eat ce lundi 26 janvier 2026 \u00e0 Daloa. L\u2019Assembl\u00e9e g\u00e9n\u00e9rale extraordinaire de la plateforme ANAPROCI\u2013SYNAP-CI, attendue comme un temps fort de concertation face aux difficult\u00e9s persistantes du secteur, n\u2019a finalement pas pu se tenir. En cause, une convocation [&hellip;]<\/p>\n","protected":false},"author":82,"featured_media":111793,"comment_status":"open","ping_status":"closed","sticky":false,"template":"","format":"standard","meta":{"footnotes":""},"categories":[3,10],"tags":[30,1685,1699,3854,6017,4308,949],"class_list":["post-111794","post","type-post","status-publish","format-standard","has-post-thumbnail","hentry","category-economie","category-toutes-les-actualites","tag-abidjan","tag-cacao","tag-filiere","tag-kanga-koffi","tag-kone-moussa","tag-plateforme","tag-procureur"],"yoast_head":"<!-- This site is optimized with the Yoast SEO Premium plugin v26.1 (Yoast SEO v27.0) - https:\/\/yoast.com\/product\/yoast-seo-premium-wordpress\/ -->\n<title>Daloa, bras de fer autour du cacao, la justice convoque les leaders, la mobilisation des producteurs interrompue - C\u00f4te d&#039;Ivoire<\/title>\n<meta name=\"robots\" content=\"index, follow, max-snippet:-1, max-image-preview:large, max-video-preview:-1\" \/>\n<link rel=\"canonical\" href=\"https:\/\/www.africa-press.net\/cotedivoire\/politique\/daloa-bras-de-fer-autour-du-cacao-la-justice-convoque-les-leaders-la-mobilisation-des-producteurs-interrompue\" \/>\n<meta property=\"og:locale\" content=\"fr_FR\" \/>\n<meta property=\"og:type\" content=\"article\" \/>\n<meta property=\"og:title\" content=\"Daloa, bras de fer autour du cacao, la justice convoque les leaders, la mobilisation des producteurs interrompue\" \/>\n<meta property=\"og:description\" content=\"Les leaders syndicaux (Ph Koaci) La dynamique engag\u00e9e par les producteurs de caf\u00e9-cacao a connu un coup d\u2019arr\u00eat ce lundi 26 janvier 2026 \u00e0 Daloa. L\u2019Assembl\u00e9e g\u00e9n\u00e9rale extraordinaire de la plateforme ANAPROCI\u2013SYNAP-CI, attendue comme un temps fort de concertation face aux difficult\u00e9s persistantes du secteur, n\u2019a finalement pas pu se tenir. En cause, une convocation [&hellip;]\" \/>\n<meta property=\"og:url\" content=\"https:\/\/www.africa-press.net\/cotedivoire\/politique\/daloa-bras-de-fer-autour-du-cacao-la-justice-convoque-les-leaders-la-mobilisation-des-producteurs-interrompue\" \/>\n<meta property=\"og:site_name\" content=\"C\u00f4te d&#039;Ivoire\" \/>\n<meta property=\"article:published_time\" content=\"2026-01-26T21:00:02+00:00\" \/>\n<meta name=\"author\" content=\"cfeditorfr\" \/>\n<meta name=\"twitter:card\" content=\"summary_large_image\" \/>\n<meta name=\"twitter:label1\" content=\"\u00c9crit par\" \/>\n\t<meta name=\"twitter:data1\" content=\"cfeditorfr\" \/>\n\t<meta name=\"twitter:label2\" content=\"Dur\u00e9e de lecture estim\u00e9e\" \/>\n\t<meta name=\"twitter:data2\" content=\"2 minutes\" \/>\n<script type=\"application\/ld+json\" class=\"yoast-schema-graph\">{\"@context\":\"https:\/\/schema.org\",\"@graph\":[{\"@type\":\"Article\",\"@id\":\"https:\/\/www.africa-press.net\/cotedivoire\/politique\/daloa-bras-de-fer-autour-du-cacao-la-justice-convoque-les-leaders-la-mobilisation-des-producteurs-interrompue#article\",\"isPartOf\":{\"@id\":\"https:\/\/www.africa-press.net\/cotedivoire\/politique\/daloa-bras-de-fer-autour-du-cacao-la-justice-convoque-les-leaders-la-mobilisation-des-producteurs-interrompue\"},\"author\":{\"name\":\"cfeditorfr\",\"@id\":\"https:\/\/www.africa-press.net\/cotedivoire\/#\/schema\/person\/2b1cf3cd81a31e3cd26889ca66d677f1\"},\"headline\":\"Daloa, bras de fer autour du cacao, la justice convoque les leaders, la mobilisation des producteurs interrompue\",\"datePublished\":\"2026-01-26T21:00:02+00:00\",\"mainEntityOfPage\":{\"@id\":\"https:\/\/www.africa-press.net\/cotedivoire\/politique\/daloa-bras-de-fer-autour-du-cacao-la-justice-convoque-les-leaders-la-mobilisation-des-producteurs-interrompue\"},\"wordCount\":455,\"commentCount\":0,\"image\":{\"@id\":\"https:\/\/www.africa-press.net\/cotedivoire\/politique\/daloa-bras-de-fer-autour-du-cacao-la-justice-convoque-les-leaders-la-mobilisation-des-producteurs-interrompue#primaryimage\"},\"thumbnailUrl\":\"https:\/\/static.africa-press.net\/cote\/sites\/43\/2026\/01\/sm_1769461202.972056.jpg\",\"keywords\":[\"Abidjan\",\"cacao\",\"fili\u00e8re\",\"Kanga Koffi\",\"Kon\u00e9 Moussa\",\"plateforme\",\"Procureur\"],\"articleSection\":[\"\u00c9conomie\",\"Toutes les actualit\u00e9s\"],\"inLanguage\":\"fr-FR\",\"potentialAction\":[{\"@type\":\"CommentAction\",\"name\":\"Comment\",\"target\":[\"https:\/\/www.africa-press.net\/cotedivoire\/politique\/daloa-bras-de-fer-autour-du-cacao-la-justice-convoque-les-leaders-la-mobilisation-des-producteurs-interrompue#respond\"]}]},{\"@type\":\"WebPage\",\"@id\":\"https:\/\/www.africa-press.net\/cotedivoire\/politique\/daloa-bras-de-fer-autour-du-cacao-la-justice-convoque-les-leaders-la-mobilisation-des-producteurs-interrompue\",\"url\":\"https:\/\/www.africa-press.net\/cotedivoire\/politique\/daloa-bras-de-fer-autour-du-cacao-la-justice-convoque-les-leaders-la-mobilisation-des-producteurs-interrompue\",\"name\":\"Daloa, bras de fer autour du cacao, la justice convoque les leaders, la mobilisation des producteurs interrompue - C\u00f4te d&#039;Ivoire\",\"isPartOf\":{\"@id\":\"https:\/\/www.africa-press.net\/cotedivoire\/#website\"},\"primaryImageOfPage\":{\"@id\":\"https:\/\/www.africa-press.net\/cotedivoire\/politique\/daloa-bras-de-fer-autour-du-cacao-la-justice-convoque-les-leaders-la-mobilisation-des-producteurs-interrompue#primaryimage\"},\"image\":{\"@id\":\"https:\/\/www.africa-press.net\/cotedivoire\/politique\/daloa-bras-de-fer-autour-du-cacao-la-justice-convoque-les-leaders-la-mobilisation-des-producteurs-interrompue#primaryimage\"},\"thumbnailUrl\":\"https:\/\/static.africa-press.net\/cote\/sites\/43\/2026\/01\/sm_1769461202.972056.jpg\",\"datePublished\":\"2026-01-26T21:00:02+00:00\",\"author\":{\"@id\":\"https:\/\/www.africa-press.net\/cotedivoire\/#\/schema\/person\/2b1cf3cd81a31e3cd26889ca66d677f1\"},\"breadcrumb\":{\"@id\":\"https:\/\/www.africa-press.net\/cotedivoire\/politique\/daloa-bras-de-fer-autour-du-cacao-la-justice-convoque-les-leaders-la-mobilisation-des-producteurs-interrompue#breadcrumb\"},\"inLanguage\":\"fr-FR\",\"potentialAction\":[{\"@type\":\"ReadAction\",\"target\":[\"https:\/\/www.africa-press.net\/cotedivoire\/politique\/daloa-bras-de-fer-autour-du-cacao-la-justice-convoque-les-leaders-la-mobilisation-des-producteurs-interrompue\"]}]},{\"@type\":\"ImageObject\",\"inLanguage\":\"fr-FR\",\"@id\":\"https:\/\/www.africa-press.net\/cotedivoire\/politique\/daloa-bras-de-fer-autour-du-cacao-la-justice-convoque-les-leaders-la-mobilisation-des-producteurs-interrompue#primaryimage\",\"url\":\"https:\/\/static.africa-press.net\/cote\/sites\/43\/2026\/01\/sm_1769461202.972056.jpg\",\"contentUrl\":\"https:\/\/static.africa-press.net\/cote\/sites\/43\/2026\/01\/sm_1769461202.972056.jpg\",\"width\":600,\"height\":400,\"caption\":\"Daloa, bras de fer autour du cacao, la justice convoque les leaders, la mobilisation des producteurs interrompue\"},{\"@type\":\"BreadcrumbList\",\"@id\":\"https:\/\/www.africa-press.net\/cotedivoire\/politique\/daloa-bras-de-fer-autour-du-cacao-la-justice-convoque-les-leaders-la-mobilisation-des-producteurs-interrompue#breadcrumb\",\"itemListElement\":[{\"@type\":\"ListItem\",\"position\":1,\"name\":\"Accueil\",\"item\":\"https:\/\/www.africa-press.net\/cotedivoire\/\"},{\"@type\":\"ListItem\",\"position\":2,\"name\":\"Daloa, bras de fer autour du cacao, la justice convoque les leaders, la mobilisation des producteurs interrompue\"}]},{\"@type\":\"WebSite\",\"@id\":\"https:\/\/www.africa-press.net\/cotedivoire\/#website\",\"url\":\"https:\/\/www.africa-press.net\/cotedivoire\/\",\"name\":\"C\u00f4te d&#039;Ivoire\",\"description\":\"Just another Africa News Agency Sites site\",\"potentialAction\":[{\"@type\":\"SearchAction\",\"target\":{\"@type\":\"EntryPoint\",\"urlTemplate\":\"https:\/\/www.africa-press.net\/cotedivoire\/?s={search_term_string}\"},\"query-input\":{\"@type\":\"PropertyValueSpecification\",\"valueRequired\":true,\"valueName\":\"search_term_string\"}}],\"inLanguage\":\"fr-FR\"},{\"@type\":\"Person\",\"@id\":\"https:\/\/www.africa-press.net\/cotedivoire\/#\/schema\/person\/2b1cf3cd81a31e3cd26889ca66d677f1\",\"name\":\"cfeditorfr\"}]}<\/script>\n<!-- \/ Yoast SEO Premium plugin. -->","yoast_head_json":{"title":"Daloa, bras de fer autour du cacao, la justice convoque les leaders, la mobilisation des producteurs interrompue - C\u00f4te d&#039;Ivoire","robots":{"index":"index","follow":"follow","max-snippet":"max-snippet:-1","max-image-preview":"max-image-preview:large","max-video-preview":"max-video-preview:-1"},"canonical":"https:\/\/www.africa-press.net\/cotedivoire\/politique\/daloa-bras-de-fer-autour-du-cacao-la-justice-convoque-les-leaders-la-mobilisation-des-producteurs-interrompue","og_locale":"fr_FR","og_type":"article","og_title":"Daloa, bras de fer autour du cacao, la justice convoque les leaders, la mobilisation des producteurs interrompue","og_description":"Les leaders syndicaux (Ph Koaci) La dynamique engag\u00e9e par les producteurs de caf\u00e9-cacao a connu un coup d\u2019arr\u00eat ce lundi 26 janvier 2026 \u00e0 Daloa. L\u2019Assembl\u00e9e g\u00e9n\u00e9rale extraordinaire de la plateforme ANAPROCI\u2013SYNAP-CI, attendue comme un temps fort de concertation face aux difficult\u00e9s persistantes du secteur, n\u2019a finalement pas pu se tenir. En cause, une convocation [&hellip;]","og_url":"https:\/\/www.africa-press.net\/cotedivoire\/politique\/daloa-bras-de-fer-autour-du-cacao-la-justice-convoque-les-leaders-la-mobilisation-des-producteurs-interrompue","og_site_name":"C\u00f4te d&#039;Ivoire","article_published_time":"2026-01-26T21:00:02+00:00","author":"cfeditorfr","twitter_card":"summary_large_image","twitter_misc":{"\u00c9crit par":"cfeditorfr","Dur\u00e9e de lecture estim\u00e9e":"2 minutes"},"schema":{"@context":"https:\/\/schema.org","@graph":[{"@type":"Article","@id":"https:\/\/www.africa-press.net\/cotedivoire\/politique\/daloa-bras-de-fer-autour-du-cacao-la-justice-convoque-les-leaders-la-mobilisation-des-producteurs-interrompue#article","isPartOf":{"@id":"https:\/\/www.africa-press.net\/cotedivoire\/politique\/daloa-bras-de-fer-autour-du-cacao-la-justice-convoque-les-leaders-la-mobilisation-des-producteurs-interrompue"},"author":{"name":"cfeditorfr","@id":"https:\/\/www.africa-press.net\/cotedivoire\/#\/schema\/person\/2b1cf3cd81a31e3cd26889ca66d677f1"},"headline":"Daloa, bras de fer autour du cacao, la justice convoque les leaders, la mobilisation des producteurs interrompue","datePublished":"2026-01-26T21:00:02+00:00","mainEntityOfPage":{"@id":"https:\/\/www.africa-press.net\/cotedivoire\/politique\/daloa-bras-de-fer-autour-du-cacao-la-justice-convoque-les-leaders-la-mobilisation-des-producteurs-interrompue"},"wordCount":455,"commentCount":0,"image":{"@id":"https:\/\/www.africa-press.net\/cotedivoire\/politique\/daloa-bras-de-fer-autour-du-cacao-la-justice-convoque-les-leaders-la-mobilisation-des-producteurs-interrompue#primaryimage"},"thumbnailUrl":"https:\/\/static.africa-press.net\/cote\/sites\/43\/2026\/01\/sm_1769461202.972056.jpg","keywords":["Abidjan","cacao","fili\u00e8re","Kanga Koffi","Kon\u00e9 Moussa","plateforme","Procureur"],"articleSection":["\u00c9conomie","Toutes les actualit\u00e9s"],"inLanguage":"fr-FR","potentialAction":[{"@type":"CommentAction","name":"Comment","target":["https:\/\/www.africa-press.net\/cotedivoire\/politique\/daloa-bras-de-fer-autour-du-cacao-la-justice-convoque-les-leaders-la-mobilisation-des-producteurs-interrompue#respond"]}]},{"@type":"WebPage","@id":"https:\/\/www.africa-press.net\/cotedivoire\/politique\/daloa-bras-de-fer-autour-du-cacao-la-justice-convoque-les-leaders-la-mobilisation-des-producteurs-interrompue","url":"https:\/\/www.africa-press.net\/cotedivoire\/politique\/daloa-bras-de-fer-autour-du-cacao-la-justice-convoque-les-leaders-la-mobilisation-des-producteurs-interrompue","name":"Daloa, bras de fer autour du cacao, la justice convoque les leaders, la mobilisation des producteurs interrompue - C\u00f4te d&#039;Ivoire","isPartOf":{"@id":"https:\/\/www.africa-press.net\/cotedivoire\/#website"},"primaryImageOfPage":{"@id":"https:\/\/www.africa-press.net\/cotedivoire\/politique\/daloa-bras-de-fer-autour-du-cacao-la-justice-convoque-les-leaders-la-mobilisation-des-producteurs-interrompue#primaryimage"},"image":{"@id":"https:\/\/www.africa-press.net\/cotedivoire\/politique\/daloa-bras-de-fer-autour-du-cacao-la-justice-convoque-les-leaders-la-mobilisation-des-producteurs-interrompue#primaryimage"},"thumbnailUrl":"https:\/\/static.africa-press.net\/cote\/sites\/43\/2026\/01\/sm_1769461202.972056.jpg","datePublished":"2026-01-26T21:00:02+00:00","author":{"@id":"https:\/\/www.africa-press.net\/cotedivoire\/#\/schema\/person\/2b1cf3cd81a31e3cd26889ca66d677f1"},"breadcrumb":{"@id":"https:\/\/www.africa-press.net\/cotedivoire\/politique\/daloa-bras-de-fer-autour-du-cacao-la-justice-convoque-les-leaders-la-mobilisation-des-producteurs-interrompue#breadcrumb"},"inLanguage":"fr-FR","potentialAction":[{"@type":"ReadAction","target":["https:\/\/www.africa-press.net\/cotedivoire\/politique\/daloa-bras-de-fer-autour-du-cacao-la-justice-convoque-les-leaders-la-mobilisation-des-producteurs-interrompue"]}]},{"@type":"ImageObject","inLanguage":"fr-FR","@id":"https:\/\/www.africa-press.net\/cotedivoire\/politique\/daloa-bras-de-fer-autour-du-cacao-la-justice-convoque-les-leaders-la-mobilisation-des-producteurs-interrompue#primaryimage","url":"https:\/\/static.africa-press.net\/cote\/sites\/43\/2026\/01\/sm_1769461202.972056.jpg","contentUrl":"https:\/\/static.africa-press.net\/cote\/sites\/43\/2026\/01\/sm_1769461202.972056.jpg","width":600,"height":400,"caption":"Daloa, bras de fer autour du cacao, la justice convoque les leaders, la mobilisation des producteurs interrompue"},{"@type":"BreadcrumbList","@id":"https:\/\/www.africa-press.net\/cotedivoire\/politique\/daloa-bras-de-fer-autour-du-cacao-la-justice-convoque-les-leaders-la-mobilisation-des-producteurs-interrompue#breadcrumb","itemListElement":[{"@type":"ListItem","position":1,"name":"Accueil","item":"https:\/\/www.africa-press.net\/cotedivoire\/"},{"@type":"ListItem","position":2,"name":"Daloa, bras de fer autour du cacao, la justice convoque les leaders, la mobilisation des producteurs interrompue"}]},{"@type":"WebSite","@id":"https:\/\/www.africa-press.net\/cotedivoire\/#website","url":"https:\/\/www.africa-press.net\/cotedivoire\/","name":"C\u00f4te d&#039;Ivoire","description":"Just another Africa News Agency Sites site","potentialAction":[{"@type":"SearchAction","target":{"@type":"EntryPoint","urlTemplate":"https:\/\/www.africa-press.net\/cotedivoire\/?s={search_term_string}"},"query-input":{"@type":"PropertyValueSpecification","valueRequired":true,"valueName":"search_term_string"}}],"inLanguage":"fr-FR"},{"@type":"Person","@id":"https:\/\/www.africa-press.net\/cotedivoire\/#\/schema\/person\/2b1cf3cd81a31e3cd26889ca66d677f1","name":"cfeditorfr"}]}},"_links":{"self":[{"href":"https:\/\/www.africa-press.net\/cotedivoire\/wp-json\/wp\/v2\/posts\/111794","targetHints":{"allow":["GET"]}}],"collection":[{"href":"https:\/\/www.africa-press.net\/cotedivoire\/wp-json\/wp\/v2\/posts"}],"about":[{"href":"https:\/\/www.africa-press.net\/cotedivoire\/wp-json\/wp\/v2\/types\/post"}],"author":[{"embeddable":true,"href":"https:\/\/www.africa-press.net\/cotedivoire\/wp-json\/wp\/v2\/users\/82"}],"replies":[{"embeddable":true,"href":"https:\/\/www.africa-press.net\/cotedivoire\/wp-json\/wp\/v2\/comments?post=111794"}],"version-history":[{"count":0,"href":"https:\/\/www.africa-press.net\/cotedivoire\/wp-json\/wp\/v2\/posts\/111794\/revisions"}],"wp:featuredmedia":[{"embeddable":true,"href":"https:\/\/www.africa-press.net\/cotedivoire\/wp-json\/wp\/v2\/media\/111793"}],"wp:attachment":[{"href":"https:\/\/www.africa-press.net\/cotedivoire\/wp-json\/wp\/v2\/media?parent=111794"}],"wp:term":[{"taxonomy":"category","embeddable":true,"href":"https:\/\/www.africa-press.net\/cotedivoire\/wp-json\/wp\/v2\/categories?post=111794"},{"taxonomy":"post_tag","embeddable":true,"href":"https:\/\/www.africa-press.net\/cotedivoire\/wp-json\/wp\/v2\/tags?post=111794"}],"curies":[{"name":"wp","href":"https:\/\/api.w.org\/{rel}","templated":true}]}}