{"id":11180,"date":"2021-08-11T13:02:25","date_gmt":"2021-08-11T13:02:25","guid":{"rendered":"https:\/\/www.africa-press.net\/cotedivoire\/?p=11180"},"modified":"2021-08-11T21:07:46","modified_gmt":"2021-08-11T21:07:46","slug":"cote-divoire-surpris-par-la-sagesse-de-gbagbo-de-ne-pas-aller-au-clash-affi-se-fache-et-verse-dans-les-injures-son-communique","status":"publish","type":"post","link":"https:\/\/www.africa-press.net\/cotedivoire\/politique\/cote-divoire-surpris-par-la-sagesse-de-gbagbo-de-ne-pas-aller-au-clash-affi-se-fache-et-verse-dans-les-injures-son-communique","title":{"rendered":"Surpris par la \u00ab\u00a0sagesse\u00a0\u00bb de Gbagbo de ne pas aller au clash, Affi se f\u00e2che et verse dans les injures (son communiqu\u00e9)"},"content":{"rendered":"<p><span style=\"color: #ff6600\"><strong><a href=\"https:\/\/www.africa-press.net\/\">Africa-Press<\/a> &#8211; <a href=\"https:\/\/www.africa-press.net\/cotedivoire\">C\u00f4te d&rsquo;Ivoire<\/a>. <\/strong><\/span>Pr\u00e9sident du FPI depuis\u20262001, Affi N\u2019Guessan, ne s\u2019attendait pas \u00e0 la tournure prise par les choses hier lorsque Laurent Gbagbo a propos\u00e9 au Comit\u00e9 central de cr\u00e9er une nouvelle structure politique, plut\u00f4t que d\u2019aller au clash avec l\u2019ancien Premier ministre et son \u00abclan\u00bb de minoritaires (2 petits \u00e9lus aux derni\u00e8res l\u00e9gislatives). Les partisans d\u2019Affi, visiblement d\u00e9boussol\u00e9s et paniqu\u00e9sm, tentent depuis, de diviser l\u2019\u00e9lectorat du FPI sur des bases tribalistes, arguant d\u2019une ligne de fracture akan contre ceux de l\u2019ouest. Ils oublient que l\u2019\u00e9lectorat d\u2019Affi ne d\u00e9passe pas les limites de son Moronou natal et que les r\u00e9gions Agn\u00e9by, Abour\u00e9 et Akky\u00e9, ont d\u2019autres rapports d\u2019affection avec le chef historique du FPI.<\/p>\n<p><strong>\u00a0Le communiqu\u00e9 d\u2019Affi<\/strong><\/p>\n<p>A l\u2019issue d\u2019une rencontre avec ses sympathisants ce lundi 9 ao\u00fbt 2021, le Pr\u00e9sident Laurent Gbagbo vient d\u2019annoncer qu\u2019il abandonne la bataille inopportune et destructrice qu\u2019il m\u00e8ne depuis 7 ans contre le FPI et qu\u2019il \u00ab va cr\u00e9er un autre parti avec le m\u00eame contenu \u00bb.<\/p>\n<p>Ainsi, en r\u00e9ponse \u00e0 ma demande d\u2019audience, \u00e0 ma volont\u00e9 de dialogue en vue de l\u2019unit\u00e9 du FPI, Laurent Gbagbo a choisi la rupture et la division. Il enterre l\u2019espoir qu\u2019avaient nos militants, nos \u00e9lecteurs, nos sympathisants, en l\u2019unit\u00e9 de la gauche, en la r\u00e9conciliation de notre famille politique.<\/p>\n<p>Il endosse de mani\u00e8re assum\u00e9e devant nos compatriotes et devant l\u2019histoire la responsabilit\u00e9 du schisme qui marque d\u00e9sormais l\u2019\u00e9pop\u00e9e du FPI.<\/p>\n<p>Et pourtant ses visites et ses embrassades avec ses tourmenteurs d\u2019hier avaient laiss\u00e9 penser qu\u2019il \u00e9tait v\u00e9ritablement le cha\u00eenon manquant de la r\u00e9conciliation nationale et qu\u2019il aurait \u00e0 c\u0153ur d\u2019\u0153uvrer \u00e0 l\u2019unit\u00e9 de notre parti. H\u00e9las !<\/p>\n<p>Cette d\u00e9cision, dict\u00e9e essentiellement par la soif de pouvoir et la volont\u00e9 de revanche, constitue un d\u00e9fi \u00e0 notre force de caract\u00e8re, \u00e0 nos convictions id\u00e9ologiques et \u00e0 notre maturit\u00e9 politique.<\/p>\n<p>Pour ma part, j\u2019assure les militants et sympathisants du FPI, l\u2019opinion nationale et internationale de ma ferme volont\u00e9 de poursuivre ma mission pour la renaissance du parti en vue de la reconqu\u00eate du pouvoir en 2025.<\/p>\n<p>Je continuerai de me battre pour les valeurs de d\u00e9mocratie et de progr\u00e8s que nous avons autrefois partag\u00e9es.<\/p>\n<p>&nbsp;<\/p>\n","protected":false},"excerpt":{"rendered":"<p>Africa-Press &#8211; C\u00f4te d&rsquo;Ivoire. Pr\u00e9sident du FPI depuis\u20262001, Affi N\u2019Guessan, ne s\u2019attendait pas \u00e0 la tournure prise par les choses hier lorsque Laurent Gbagbo a propos\u00e9 au Comit\u00e9 central de cr\u00e9er une nouvelle structure politique, plut\u00f4t que d\u2019aller au clash avec l\u2019ancien Premier ministre et son \u00abclan\u00bb de minoritaires (2 petits \u00e9lus aux derni\u00e8res l\u00e9gislatives). [&hellip;]<\/p>\n","protected":false},"author":82,"featured_media":11179,"comment_status":"open","ping_status":"closed","sticky":false,"template":"","format":"standard","meta":{"footnotes":""},"categories":[11,2,10],"tags":[56,63,29],"class_list":["post-11180","post","type-post","status-publish","format-standard","has-post-thumbnail","hentry","category-homepage-french","category-politique","category-toutes-les-actualites","tag-africa-press","tag-africa-press-cote-divoire","tag-cote-divoire"],"yoast_head":"<!-- This site is optimized with the Yoast SEO Premium plugin v26.1 (Yoast SEO v27.0) - https:\/\/yoast.com\/product\/yoast-seo-premium-wordpress\/ -->\n<title>Surpris par la \u00ab\u00a0sagesse\u00a0\u00bb de Gbagbo de ne pas aller au clash, Affi se f\u00e2che et verse dans les injures (son communiqu\u00e9) - C\u00f4te d&#039;Ivoire<\/title>\n<meta name=\"description\" content=\"Pr\u00e9sident du FPI depuis\u20262001, Affi N\u2019Guessan, ne s\u2019attendait pas \u00e0 la tournure prise par les choses hier lorsque Laurent ...\" \/>\n<meta name=\"robots\" content=\"index, follow, max-snippet:-1, max-image-preview:large, max-video-preview:-1\" \/>\n<link rel=\"canonical\" href=\"https:\/\/www.africa-press.net\/cotedivoire\/politique\/cote-divoire-surpris-par-la-sagesse-de-gbagbo-de-ne-pas-aller-au-clash-affi-se-fache-et-verse-dans-les-injures-son-communique\" \/>\n<meta property=\"og:locale\" content=\"fr_FR\" \/>\n<meta property=\"og:type\" content=\"article\" \/>\n<meta property=\"og:title\" content=\"Surpris par la \u00ab\u00a0sagesse\u00a0\u00bb de Gbagbo de ne pas aller au clash, Affi se f\u00e2che et verse dans les injures (son communiqu\u00e9)\" \/>\n<meta property=\"og:description\" content=\"Pr\u00e9sident du FPI depuis\u20262001, Affi N\u2019Guessan, ne s\u2019attendait pas \u00e0 la tournure prise par les choses hier lorsque Laurent ...\" \/>\n<meta property=\"og:url\" content=\"https:\/\/www.africa-press.net\/cotedivoire\/politique\/cote-divoire-surpris-par-la-sagesse-de-gbagbo-de-ne-pas-aller-au-clash-affi-se-fache-et-verse-dans-les-injures-son-communique\" \/>\n<meta property=\"og:site_name\" content=\"C\u00f4te d&#039;Ivoire\" \/>\n<meta property=\"article:published_time\" content=\"2021-08-11T13:02:25+00:00\" \/>\n<meta property=\"article:modified_time\" content=\"2021-08-11T21:07:46+00:00\" \/>\n<meta property=\"og:image\" content=\"https:\/\/static.africa-press.net\/cote\/sites\/43\/2021\/08\/img-6113c310a6512.jpg\" \/>\n\t<meta property=\"og:image:width\" content=\"960\" \/>\n\t<meta property=\"og:image:height\" content=\"540\" \/>\n\t<meta property=\"og:image:type\" content=\"image\/jpeg\" \/>\n<meta name=\"author\" content=\"cfeditorfr\" \/>\n<meta name=\"twitter:card\" content=\"summary_large_image\" \/>\n<meta name=\"twitter:label1\" content=\"\u00c9crit par\" \/>\n\t<meta name=\"twitter:data1\" content=\"cfeditorfr\" \/>\n\t<meta name=\"twitter:label2\" content=\"Dur\u00e9e de lecture estim\u00e9e\" \/>\n\t<meta name=\"twitter:data2\" content=\"2 minutes\" \/>\n<script type=\"application\/ld+json\" class=\"yoast-schema-graph\">{\"@context\":\"https:\/\/schema.org\",\"@graph\":[{\"@type\":\"Article\",\"@id\":\"https:\/\/www.africa-press.net\/cotedivoire\/politique\/cote-divoire-surpris-par-la-sagesse-de-gbagbo-de-ne-pas-aller-au-clash-affi-se-fache-et-verse-dans-les-injures-son-communique#article\",\"isPartOf\":{\"@id\":\"https:\/\/www.africa-press.net\/cotedivoire\/politique\/cote-divoire-surpris-par-la-sagesse-de-gbagbo-de-ne-pas-aller-au-clash-affi-se-fache-et-verse-dans-les-injures-son-communique\"},\"author\":{\"name\":\"cfeditorfr\",\"@id\":\"https:\/\/www.africa-press.net\/cotedivoire\/#\/schema\/person\/2b1cf3cd81a31e3cd26889ca66d677f1\"},\"headline\":\"Surpris par la \u00ab\u00a0sagesse\u00a0\u00bb de Gbagbo de ne pas aller au clash, Affi se f\u00e2che et verse dans les injures (son communiqu\u00e9)\",\"datePublished\":\"2021-08-11T13:02:25+00:00\",\"dateModified\":\"2021-08-11T21:07:46+00:00\",\"mainEntityOfPage\":{\"@id\":\"https:\/\/www.africa-press.net\/cotedivoire\/politique\/cote-divoire-surpris-par-la-sagesse-de-gbagbo-de-ne-pas-aller-au-clash-affi-se-fache-et-verse-dans-les-injures-son-communique\"},\"wordCount\":435,\"commentCount\":0,\"image\":{\"@id\":\"https:\/\/www.africa-press.net\/cotedivoire\/politique\/cote-divoire-surpris-par-la-sagesse-de-gbagbo-de-ne-pas-aller-au-clash-affi-se-fache-et-verse-dans-les-injures-son-communique#primaryimage\"},\"thumbnailUrl\":\"https:\/\/static.africa-press.net\/cote\/sites\/43\/2021\/08\/img-6113c310a6512.jpg\",\"keywords\":[\"Africa Press\",\"Africa Press-C\u00f4te d'Ivoire\",\"C\u00d4TE D'IVOIRE\"],\"articleSection\":[\"homepage-french\",\"Politique\",\"Toutes les actualit\u00e9s\"],\"inLanguage\":\"fr-FR\",\"potentialAction\":[{\"@type\":\"CommentAction\",\"name\":\"Comment\",\"target\":[\"https:\/\/www.africa-press.net\/cotedivoire\/politique\/cote-divoire-surpris-par-la-sagesse-de-gbagbo-de-ne-pas-aller-au-clash-affi-se-fache-et-verse-dans-les-injures-son-communique#respond\"]}]},{\"@type\":\"WebPage\",\"@id\":\"https:\/\/www.africa-press.net\/cotedivoire\/politique\/cote-divoire-surpris-par-la-sagesse-de-gbagbo-de-ne-pas-aller-au-clash-affi-se-fache-et-verse-dans-les-injures-son-communique\",\"url\":\"https:\/\/www.africa-press.net\/cotedivoire\/politique\/cote-divoire-surpris-par-la-sagesse-de-gbagbo-de-ne-pas-aller-au-clash-affi-se-fache-et-verse-dans-les-injures-son-communique\",\"name\":\"Surpris par la \u00ab\u00a0sagesse\u00a0\u00bb de Gbagbo de ne pas aller au clash, Affi se f\u00e2che et verse dans les injures (son communiqu\u00e9) - C\u00f4te d&#039;Ivoire\",\"isPartOf\":{\"@id\":\"https:\/\/www.africa-press.net\/cotedivoire\/#website\"},\"primaryImageOfPage\":{\"@id\":\"https:\/\/www.africa-press.net\/cotedivoire\/politique\/cote-divoire-surpris-par-la-sagesse-de-gbagbo-de-ne-pas-aller-au-clash-affi-se-fache-et-verse-dans-les-injures-son-communique#primaryimage\"},\"image\":{\"@id\":\"https:\/\/www.africa-press.net\/cotedivoire\/politique\/cote-divoire-surpris-par-la-sagesse-de-gbagbo-de-ne-pas-aller-au-clash-affi-se-fache-et-verse-dans-les-injures-son-communique#primaryimage\"},\"thumbnailUrl\":\"https:\/\/static.africa-press.net\/cote\/sites\/43\/2021\/08\/img-6113c310a6512.jpg\",\"datePublished\":\"2021-08-11T13:02:25+00:00\",\"dateModified\":\"2021-08-11T21:07:46+00:00\",\"author\":{\"@id\":\"https:\/\/www.africa-press.net\/cotedivoire\/#\/schema\/person\/2b1cf3cd81a31e3cd26889ca66d677f1\"},\"description\":\"Pr\u00e9sident du FPI depuis\u20262001, Affi N\u2019Guessan, ne s\u2019attendait pas \u00e0 la tournure prise par les choses hier lorsque Laurent ...\",\"breadcrumb\":{\"@id\":\"https:\/\/www.africa-press.net\/cotedivoire\/politique\/cote-divoire-surpris-par-la-sagesse-de-gbagbo-de-ne-pas-aller-au-clash-affi-se-fache-et-verse-dans-les-injures-son-communique#breadcrumb\"},\"inLanguage\":\"fr-FR\",\"potentialAction\":[{\"@type\":\"ReadAction\",\"target\":[\"https:\/\/www.africa-press.net\/cotedivoire\/politique\/cote-divoire-surpris-par-la-sagesse-de-gbagbo-de-ne-pas-aller-au-clash-affi-se-fache-et-verse-dans-les-injures-son-communique\"]}]},{\"@type\":\"ImageObject\",\"inLanguage\":\"fr-FR\",\"@id\":\"https:\/\/www.africa-press.net\/cotedivoire\/politique\/cote-divoire-surpris-par-la-sagesse-de-gbagbo-de-ne-pas-aller-au-clash-affi-se-fache-et-verse-dans-les-injures-son-communique#primaryimage\",\"url\":\"https:\/\/static.africa-press.net\/cote\/sites\/43\/2021\/08\/img-6113c310a6512.jpg\",\"contentUrl\":\"https:\/\/static.africa-press.net\/cote\/sites\/43\/2021\/08\/img-6113c310a6512.jpg\",\"width\":960,\"height\":540,\"caption\":\"C\u00f4te-d\u2019Ivoire: Surpris par la \u00ab\u00a0sagesse\u00a0\u00bb de Gbagbo de ne pas aller au clash, Affi se f\u00e2che et verse dans les injures (son communiqu\u00e9)\"},{\"@type\":\"BreadcrumbList\",\"@id\":\"https:\/\/www.africa-press.net\/cotedivoire\/politique\/cote-divoire-surpris-par-la-sagesse-de-gbagbo-de-ne-pas-aller-au-clash-affi-se-fache-et-verse-dans-les-injures-son-communique#breadcrumb\",\"itemListElement\":[{\"@type\":\"ListItem\",\"position\":1,\"name\":\"Accueil\",\"item\":\"https:\/\/www.africa-press.net\/cotedivoire\/\"},{\"@type\":\"ListItem\",\"position\":2,\"name\":\"Surpris par la \u00ab\u00a0sagesse\u00a0\u00bb de Gbagbo de ne pas aller au clash, Affi se f\u00e2che et verse dans les injures (son communiqu\u00e9)\"}]},{\"@type\":\"WebSite\",\"@id\":\"https:\/\/www.africa-press.net\/cotedivoire\/#website\",\"url\":\"https:\/\/www.africa-press.net\/cotedivoire\/\",\"name\":\"C\u00f4te d&#039;Ivoire\",\"description\":\"Just another Africa News Agency Sites site\",\"potentialAction\":[{\"@type\":\"SearchAction\",\"target\":{\"@type\":\"EntryPoint\",\"urlTemplate\":\"https:\/\/www.africa-press.net\/cotedivoire\/?s={search_term_string}\"},\"query-input\":{\"@type\":\"PropertyValueSpecification\",\"valueRequired\":true,\"valueName\":\"search_term_string\"}}],\"inLanguage\":\"fr-FR\"},{\"@type\":\"Person\",\"@id\":\"https:\/\/www.africa-press.net\/cotedivoire\/#\/schema\/person\/2b1cf3cd81a31e3cd26889ca66d677f1\",\"name\":\"cfeditorfr\"}]}<\/script>\n<!-- \/ Yoast SEO Premium plugin. -->","yoast_head_json":{"title":"Surpris par la \u00ab\u00a0sagesse\u00a0\u00bb de Gbagbo de ne pas aller au clash, Affi se f\u00e2che et verse dans les injures (son communiqu\u00e9) - C\u00f4te d&#039;Ivoire","description":"Pr\u00e9sident du FPI depuis\u20262001, Affi N\u2019Guessan, ne s\u2019attendait pas \u00e0 la tournure prise par les choses hier lorsque Laurent ...","robots":{"index":"index","follow":"follow","max-snippet":"max-snippet:-1","max-image-preview":"max-image-preview:large","max-video-preview":"max-video-preview:-1"},"canonical":"https:\/\/www.africa-press.net\/cotedivoire\/politique\/cote-divoire-surpris-par-la-sagesse-de-gbagbo-de-ne-pas-aller-au-clash-affi-se-fache-et-verse-dans-les-injures-son-communique","og_locale":"fr_FR","og_type":"article","og_title":"Surpris par la \u00ab\u00a0sagesse\u00a0\u00bb de Gbagbo de ne pas aller au clash, Affi se f\u00e2che et verse dans les injures (son communiqu\u00e9)","og_description":"Pr\u00e9sident du FPI depuis\u20262001, Affi N\u2019Guessan, ne s\u2019attendait pas \u00e0 la tournure prise par les choses hier lorsque Laurent ...","og_url":"https:\/\/www.africa-press.net\/cotedivoire\/politique\/cote-divoire-surpris-par-la-sagesse-de-gbagbo-de-ne-pas-aller-au-clash-affi-se-fache-et-verse-dans-les-injures-son-communique","og_site_name":"C\u00f4te d&#039;Ivoire","article_published_time":"2021-08-11T13:02:25+00:00","article_modified_time":"2021-08-11T21:07:46+00:00","og_image":[{"width":960,"height":540,"url":"https:\/\/static.africa-press.net\/cote\/sites\/43\/2021\/08\/img-6113c310a6512.jpg","type":"image\/jpeg"}],"author":"cfeditorfr","twitter_card":"summary_large_image","twitter_misc":{"\u00c9crit par":"cfeditorfr","Dur\u00e9e de lecture estim\u00e9e":"2 minutes"},"schema":{"@context":"https:\/\/schema.org","@graph":[{"@type":"Article","@id":"https:\/\/www.africa-press.net\/cotedivoire\/politique\/cote-divoire-surpris-par-la-sagesse-de-gbagbo-de-ne-pas-aller-au-clash-affi-se-fache-et-verse-dans-les-injures-son-communique#article","isPartOf":{"@id":"https:\/\/www.africa-press.net\/cotedivoire\/politique\/cote-divoire-surpris-par-la-sagesse-de-gbagbo-de-ne-pas-aller-au-clash-affi-se-fache-et-verse-dans-les-injures-son-communique"},"author":{"name":"cfeditorfr","@id":"https:\/\/www.africa-press.net\/cotedivoire\/#\/schema\/person\/2b1cf3cd81a31e3cd26889ca66d677f1"},"headline":"Surpris par la \u00ab\u00a0sagesse\u00a0\u00bb de Gbagbo de ne pas aller au clash, Affi se f\u00e2che et verse dans les injures (son communiqu\u00e9)","datePublished":"2021-08-11T13:02:25+00:00","dateModified":"2021-08-11T21:07:46+00:00","mainEntityOfPage":{"@id":"https:\/\/www.africa-press.net\/cotedivoire\/politique\/cote-divoire-surpris-par-la-sagesse-de-gbagbo-de-ne-pas-aller-au-clash-affi-se-fache-et-verse-dans-les-injures-son-communique"},"wordCount":435,"commentCount":0,"image":{"@id":"https:\/\/www.africa-press.net\/cotedivoire\/politique\/cote-divoire-surpris-par-la-sagesse-de-gbagbo-de-ne-pas-aller-au-clash-affi-se-fache-et-verse-dans-les-injures-son-communique#primaryimage"},"thumbnailUrl":"https:\/\/static.africa-press.net\/cote\/sites\/43\/2021\/08\/img-6113c310a6512.jpg","keywords":["Africa Press","Africa Press-C\u00f4te d'Ivoire","C\u00d4TE D'IVOIRE"],"articleSection":["homepage-french","Politique","Toutes les actualit\u00e9s"],"inLanguage":"fr-FR","potentialAction":[{"@type":"CommentAction","name":"Comment","target":["https:\/\/www.africa-press.net\/cotedivoire\/politique\/cote-divoire-surpris-par-la-sagesse-de-gbagbo-de-ne-pas-aller-au-clash-affi-se-fache-et-verse-dans-les-injures-son-communique#respond"]}]},{"@type":"WebPage","@id":"https:\/\/www.africa-press.net\/cotedivoire\/politique\/cote-divoire-surpris-par-la-sagesse-de-gbagbo-de-ne-pas-aller-au-clash-affi-se-fache-et-verse-dans-les-injures-son-communique","url":"https:\/\/www.africa-press.net\/cotedivoire\/politique\/cote-divoire-surpris-par-la-sagesse-de-gbagbo-de-ne-pas-aller-au-clash-affi-se-fache-et-verse-dans-les-injures-son-communique","name":"Surpris par la \u00ab\u00a0sagesse\u00a0\u00bb de Gbagbo de ne pas aller au clash, Affi se f\u00e2che et verse dans les injures (son communiqu\u00e9) - C\u00f4te d&#039;Ivoire","isPartOf":{"@id":"https:\/\/www.africa-press.net\/cotedivoire\/#website"},"primaryImageOfPage":{"@id":"https:\/\/www.africa-press.net\/cotedivoire\/politique\/cote-divoire-surpris-par-la-sagesse-de-gbagbo-de-ne-pas-aller-au-clash-affi-se-fache-et-verse-dans-les-injures-son-communique#primaryimage"},"image":{"@id":"https:\/\/www.africa-press.net\/cotedivoire\/politique\/cote-divoire-surpris-par-la-sagesse-de-gbagbo-de-ne-pas-aller-au-clash-affi-se-fache-et-verse-dans-les-injures-son-communique#primaryimage"},"thumbnailUrl":"https:\/\/static.africa-press.net\/cote\/sites\/43\/2021\/08\/img-6113c310a6512.jpg","datePublished":"2021-08-11T13:02:25+00:00","dateModified":"2021-08-11T21:07:46+00:00","author":{"@id":"https:\/\/www.africa-press.net\/cotedivoire\/#\/schema\/person\/2b1cf3cd81a31e3cd26889ca66d677f1"},"description":"Pr\u00e9sident du FPI depuis\u20262001, Affi N\u2019Guessan, ne s\u2019attendait pas \u00e0 la tournure prise par les choses hier lorsque Laurent ...","breadcrumb":{"@id":"https:\/\/www.africa-press.net\/cotedivoire\/politique\/cote-divoire-surpris-par-la-sagesse-de-gbagbo-de-ne-pas-aller-au-clash-affi-se-fache-et-verse-dans-les-injures-son-communique#breadcrumb"},"inLanguage":"fr-FR","potentialAction":[{"@type":"ReadAction","target":["https:\/\/www.africa-press.net\/cotedivoire\/politique\/cote-divoire-surpris-par-la-sagesse-de-gbagbo-de-ne-pas-aller-au-clash-affi-se-fache-et-verse-dans-les-injures-son-communique"]}]},{"@type":"ImageObject","inLanguage":"fr-FR","@id":"https:\/\/www.africa-press.net\/cotedivoire\/politique\/cote-divoire-surpris-par-la-sagesse-de-gbagbo-de-ne-pas-aller-au-clash-affi-se-fache-et-verse-dans-les-injures-son-communique#primaryimage","url":"https:\/\/static.africa-press.net\/cote\/sites\/43\/2021\/08\/img-6113c310a6512.jpg","contentUrl":"https:\/\/static.africa-press.net\/cote\/sites\/43\/2021\/08\/img-6113c310a6512.jpg","width":960,"height":540,"caption":"C\u00f4te-d\u2019Ivoire: Surpris par la \u00ab\u00a0sagesse\u00a0\u00bb de Gbagbo de ne pas aller au clash, Affi se f\u00e2che et verse dans les injures (son communiqu\u00e9)"},{"@type":"BreadcrumbList","@id":"https:\/\/www.africa-press.net\/cotedivoire\/politique\/cote-divoire-surpris-par-la-sagesse-de-gbagbo-de-ne-pas-aller-au-clash-affi-se-fache-et-verse-dans-les-injures-son-communique#breadcrumb","itemListElement":[{"@type":"ListItem","position":1,"name":"Accueil","item":"https:\/\/www.africa-press.net\/cotedivoire\/"},{"@type":"ListItem","position":2,"name":"Surpris par la \u00ab\u00a0sagesse\u00a0\u00bb de Gbagbo de ne pas aller au clash, Affi se f\u00e2che et verse dans les injures (son communiqu\u00e9)"}]},{"@type":"WebSite","@id":"https:\/\/www.africa-press.net\/cotedivoire\/#website","url":"https:\/\/www.africa-press.net\/cotedivoire\/","name":"C\u00f4te d&#039;Ivoire","description":"Just another Africa News Agency Sites site","potentialAction":[{"@type":"SearchAction","target":{"@type":"EntryPoint","urlTemplate":"https:\/\/www.africa-press.net\/cotedivoire\/?s={search_term_string}"},"query-input":{"@type":"PropertyValueSpecification","valueRequired":true,"valueName":"search_term_string"}}],"inLanguage":"fr-FR"},{"@type":"Person","@id":"https:\/\/www.africa-press.net\/cotedivoire\/#\/schema\/person\/2b1cf3cd81a31e3cd26889ca66d677f1","name":"cfeditorfr"}]}},"_links":{"self":[{"href":"https:\/\/www.africa-press.net\/cotedivoire\/wp-json\/wp\/v2\/posts\/11180","targetHints":{"allow":["GET"]}}],"collection":[{"href":"https:\/\/www.africa-press.net\/cotedivoire\/wp-json\/wp\/v2\/posts"}],"about":[{"href":"https:\/\/www.africa-press.net\/cotedivoire\/wp-json\/wp\/v2\/types\/post"}],"author":[{"embeddable":true,"href":"https:\/\/www.africa-press.net\/cotedivoire\/wp-json\/wp\/v2\/users\/82"}],"replies":[{"embeddable":true,"href":"https:\/\/www.africa-press.net\/cotedivoire\/wp-json\/wp\/v2\/comments?post=11180"}],"version-history":[{"count":0,"href":"https:\/\/www.africa-press.net\/cotedivoire\/wp-json\/wp\/v2\/posts\/11180\/revisions"}],"wp:featuredmedia":[{"embeddable":true,"href":"https:\/\/www.africa-press.net\/cotedivoire\/wp-json\/wp\/v2\/media\/11179"}],"wp:attachment":[{"href":"https:\/\/www.africa-press.net\/cotedivoire\/wp-json\/wp\/v2\/media?parent=11180"}],"wp:term":[{"taxonomy":"category","embeddable":true,"href":"https:\/\/www.africa-press.net\/cotedivoire\/wp-json\/wp\/v2\/categories?post=11180"},{"taxonomy":"post_tag","embeddable":true,"href":"https:\/\/www.africa-press.net\/cotedivoire\/wp-json\/wp\/v2\/tags?post=11180"}],"curies":[{"name":"wp","href":"https:\/\/api.w.org\/{rel}","templated":true}]}}