{"id":111800,"date":"2026-01-26T21:06:06","date_gmt":"2026-01-26T21:06:06","guid":{"rendered":"https:\/\/www.africa-press.net\/cotedivoire\/politique\/habitat-social-a-abobo-5-000-logements-signature-dune-convention-historique"},"modified":"2026-01-26T21:06:06","modified_gmt":"2026-01-26T21:06:06","slug":"habitat-social-a-abobo-5-000-logements-signature-dune-convention-historique","status":"publish","type":"post","link":"https:\/\/www.africa-press.net\/cotedivoire\/economie\/habitat-social-a-abobo-5-000-logements-signature-dune-convention-historique","title":{"rendered":"Habitat social \u00e0 Abobo, 5 000 logements, signature d&rsquo;une convention historique"},"content":{"rendered":"<p>Signature de Convention \u00e0 Abobo (Ph Koaci)<\/p>\n<p>La commune d\u2019Abobo a franchi une \u00e9tape majeure dans sa politique de d\u00e9veloppement urbain avec la signature d\u2019une convention de partenariat pour la construction de 5 000 logements sociaux, \u00e9conomiques et de standing ce lundi 26 janvier 2026.<\/p>\n<p>La c\u00e9r\u00e9monie s\u2019est tenue en pr\u00e9sence de Mme Kandia Camara, maire de la commune d\u2019Abobo, pr\u00e9sidente du S\u00e9nat ivoirien, de repr\u00e9sentants du gouvernement, ainsi que des responsables du groupe immobilier Sablux Afrique.<\/p>\n<p>Cet \u00e9v\u00e9nement, loin d\u2019\u00eatre un simple acte administratif, marque un engagement fort de l\u2019\u00c9tat, de la collectivit\u00e9 territoriale et du secteur priv\u00e9 en faveur de l\u2019am\u00e9lioration durable des conditions de vie des populations.<\/p>\n<p>Il s\u2019inscrit pleinement dans la politique nationale de l\u2019habitat impuls\u00e9e par le Pr\u00e9sident de la R\u00e9publique, Son Excellence Alassane Ouattara, qui a fait du logement social et \u00e9conomique une priorit\u00e9 strat\u00e9gique.<\/p>\n<p>Prenant la parole au nom du minist\u00e8re de la Construction, du Logement et de l\u2019Urbanisme, le directeur du Logement et du Cadre de Vie, M. C\u00e9lestin Koalla, a salu\u00e9 les efforts constants du gouvernement et de la mairie d\u2019Abobo en mati\u00e8re d\u2019am\u00e9lioration du cadre de vie. Il a rappel\u00e9 que, gr\u00e2ce \u00e0 la vision du chef de l\u2019\u00c9tat et \u00e0 l\u2019action des diff\u00e9rents ministres qui se sont succ\u00e9d\u00e9, \u00ab nous sommes aujourd\u2019hui \u00e0 pr\u00e8s de 45 000 logements sociaux construits \u00bb.<\/p>\n<p>M. C\u00e9lestin Koalla a insist\u00e9 sur l\u2019\u00e9volution du m\u00e9canisme de financement du logement social, d\u00e9sormais ax\u00e9 sur la location-vente, une formule plus accessible aux m\u00e9nages \u00e0 revenus modestes.<\/p>\n<p>\u00ab Tout le monde ne peut pas acheter une maison, mais tout le monde loue une maison. Le r\u00f4le du gouvernement est de faire en sorte qu\u2019au bout d\u2019un certain nombre d\u2019ann\u00e9es, ces logements deviennent la propri\u00e9t\u00e9 de ceux qui les occupent \u00bb, a-t-il expliqu\u00e9. Cette approche vise \u00e0 \u00e9viter que des citoyens passent toute leur vie \u00e0 payer des loyers sans jamais acc\u00e9der \u00e0 la propri\u00e9t\u00e9.<\/p>\n<p>Il a \u00e9galement mis en lumi\u00e8re les deux modes de financement retenus par l\u2019\u00c9tat : d\u2019une part, l\u2019intervention directe de l\u2019\u00c9tat \u00e0 travers des emprunts ext\u00e9rieurs et, d\u2019autre part, l\u2019implication d\u2019investisseurs priv\u00e9s capables de mobiliser des financements longs.<\/p>\n<p>\u00c0 ce titre, le choix du groupe Sablux n\u2019est pas fortuit. \u00ab Ce n\u2019est pas un choix fait au hasard. C\u2019est un promoteur qui accepte d\u2019investir sur le long terme et d\u2019entrer dans une logique de location-vente sur 25 ans \u00bb, a-t-il soulign\u00e9.<\/p>\n<p>Le minist\u00e8re de la Construction s\u2019est par ailleurs engag\u00e9 \u00e0 accompagner la mairie d\u2019Abobo dans la r\u00e9alisation des infrastructures primaires, notamment l\u2019adduction en eau potable, l\u2019\u00e9lectricit\u00e9, les stations d\u2019\u00e9puration et les voiries, afin de garantir un environnement urbain viable.<\/p>\n<p>Un appui est \u00e9galement pr\u00e9vu pour la r\u00e9novation urbaine, la r\u00e9habilitation de la voie express d\u2019Abobo et l\u2019adaptation du pacte immobilier aux nouveaux \u00e9quipements structurants, tels que les centres hospitaliers universitaires et les \u00e9tablissements scolaires.<\/p>\n<p>De son c\u00f4t\u00e9, M. Diallo Souleymane, pr\u00e9sident du conseil d\u2019administration de Sablux Afrique, a pr\u00e9sent\u00e9 son groupe comme un acteur panafricain de r\u00e9f\u00e9rence, d\u00e9j\u00e0 pr\u00e9sent en Guin\u00e9e, en C\u00f4te d\u2019Ivoire, au S\u00e9n\u00e9gal et au Burkina Faso, avec plus de 6 500 logements r\u00e9alis\u00e9s. Il a expliqu\u00e9 que le choix de la C\u00f4te d\u2019Ivoire s\u2019imposait naturellement, en raison de son dynamisme et de son leadership r\u00e9gional en mati\u00e8re immobili\u00e8re.<\/p>\n<p>Selon lui, le partenariat avec un groupe ivoirien, sp\u00e9cialis\u00e9 dans l\u2019assurance et la finance, permet de s\u00e9curiser les projets et d\u2019offrir des solutions de paiement progressif adapt\u00e9es aux r\u00e9alit\u00e9s des populations. \u00ab Quand il y a une synergie entre la promotion immobili\u00e8re et la finance, cela permet de financer des projets tout en laissant le temps aux b\u00e9n\u00e9ficiaires de payer progressivement \u00bb, a-t-il d\u00e9clar\u00e9.<\/p>\n<p>La commune d\u2019Abobo a particuli\u00e8rement retenu l\u2019attention en raison de l\u2019importance de sa population, de la forte demande en logements et des infrastructures d\u00e9j\u00e0 visibles sur le terrain. Le promoteur s\u2019est engag\u00e9 \u00e0 concevoir des cadres de vie int\u00e9grant des espaces verts, des commodit\u00e9s modernes et des avantages sp\u00e9cifiques pour les populations locales, afin de donner tout son sens social \u00e0 ce partenariat.<\/p>\n<p>Cl\u00f4turant la c\u00e9r\u00e9monie, Mme Kandia Camara a qualifi\u00e9 la signature de cette convention d\u2019\u00ab acte politique fort \u00bb et de \u00ab r\u00e9ponse concr\u00e8te aux attentes l\u00e9gitimes des populations en mati\u00e8re de logement d\u00e9cent \u00bb. Elle a rappel\u00e9 que pr\u00e8s de 60 % des habitants d\u2019Abobo vivent encore dans des quartiers pr\u00e9caires, dans un contexte de forte pression d\u00e9mographique.<\/p>\n<p>La convention pr\u00e9voit la construction de 5 000 logements sur une p\u00e9riode de cinq ans, sur plusieurs sites d\u00e9j\u00e0 identifi\u00e9s, notamment aux abords du grand march\u00e9 d\u2019Abobo et au carrefour Anador.<\/p>\n<p>Ces logements respecteront des normes techniques strictes afin de garantir qualit\u00e9, durabilit\u00e9 et dignit\u00e9 aux b\u00e9n\u00e9ficiaires. Le m\u00e9canisme retenu repose sur le rachat des logements par l\u2019\u00c9tat, via l\u2019Agence Nationale de l\u2019Habitat, avant leur r\u00e9trocession aux populations selon des crit\u00e8res sociaux transparents, valid\u00e9s en conseil municipal.<\/p>\n<p>La maire d\u2019Abobo a assur\u00e9 que la commune jouera pleinement son r\u00f4le, \u00e0 travers la mise \u00e0 disposition du foncier, le suivi rigoureux des travaux, la participation \u00e0 la s\u00e9lection des b\u00e9n\u00e9ficiaires et la pr\u00e9sidence d\u2019un comit\u00e9 de pilotage charg\u00e9 de veiller \u00e0 la bonne ex\u00e9cution du projet.<\/p>\n<p>\u00ab Nous serons exigeants, vigilants et transparents. Chaque logement livr\u00e9 devra \u00eatre conforme aux standards annonc\u00e9s et b\u00e9n\u00e9ficier aux familles qui en ont le plus besoin \u00bb, a-t-elle affirm\u00e9.<\/p>\n<p>Rendant hommage aux autorit\u00e9s gouvernementales et aux partenaires techniques, Mme Kandia Camara a exprim\u00e9 le v\u0153u que ce projet devienne un mod\u00e8le de r\u00e9ussite nationale.<\/p>\n<p>\u00ab En signant cette convention aujourd\u2019hui, Abobo fait un pas d\u00e9cisif vers un avenir plus juste, plus s\u00e9curis\u00e9 et plus humain \u00bb, a-t-elle conclu, souhaitant que l\u2019exp\u00e9rience d\u2019Abobo inspire d\u2019autres communes de C\u00f4te d\u2019Ivoire.<\/p>\n<p>Jean Chresus, Abidjan<\/p>\n","protected":false},"excerpt":{"rendered":"<p>Signature de Convention \u00e0 Abobo (Ph Koaci) La commune d\u2019Abobo a franchi une \u00e9tape majeure dans sa politique de d\u00e9veloppement urbain avec la signature d\u2019une convention de partenariat pour la construction de 5 000 logements sociaux, \u00e9conomiques et de standing ce lundi 26 janvier 2026. La c\u00e9r\u00e9monie s\u2019est tenue en pr\u00e9sence de Mme Kandia Camara, [&hellip;]<\/p>\n","protected":false},"author":82,"featured_media":111799,"comment_status":"open","ping_status":"closed","sticky":false,"template":"","format":"standard","meta":{"footnotes":""},"categories":[3,10],"tags":[787,38,11136,1399,10457,3164],"class_list":["post-111800","post","type-post","status-publish","format-standard","has-post-thumbnail","hentry","category-economie","category-toutes-les-actualites","tag-abobo","tag-alassane-ouattara","tag-celestin-koalla","tag-convention","tag-kandia","tag-logement"],"yoast_head":"<!-- This site is optimized with the Yoast SEO Premium plugin v26.1 (Yoast SEO v27.0) - https:\/\/yoast.com\/product\/yoast-seo-premium-wordpress\/ -->\n<title>Habitat social \u00e0 Abobo, 5 000 logements, signature d&#039;une convention historique - C\u00f4te d&#039;Ivoire<\/title>\n<meta name=\"robots\" content=\"index, follow, max-snippet:-1, max-image-preview:large, max-video-preview:-1\" \/>\n<link rel=\"canonical\" href=\"https:\/\/www.africa-press.net\/cotedivoire\/politique\/habitat-social-a-abobo-5-000-logements-signature-dune-convention-historique\" \/>\n<meta property=\"og:locale\" content=\"fr_FR\" \/>\n<meta property=\"og:type\" content=\"article\" \/>\n<meta property=\"og:title\" content=\"Habitat social \u00e0 Abobo, 5 000 logements, signature d&#039;une convention historique\" \/>\n<meta property=\"og:description\" content=\"Signature de Convention \u00e0 Abobo (Ph Koaci) La commune d\u2019Abobo a franchi une \u00e9tape majeure dans sa politique de d\u00e9veloppement urbain avec la signature d\u2019une convention de partenariat pour la construction de 5 000 logements sociaux, \u00e9conomiques et de standing ce lundi 26 janvier 2026. La c\u00e9r\u00e9monie s\u2019est tenue en pr\u00e9sence de Mme Kandia Camara, [&hellip;]\" \/>\n<meta property=\"og:url\" content=\"https:\/\/www.africa-press.net\/cotedivoire\/politique\/habitat-social-a-abobo-5-000-logements-signature-dune-convention-historique\" \/>\n<meta property=\"og:site_name\" content=\"C\u00f4te d&#039;Ivoire\" \/>\n<meta property=\"article:published_time\" content=\"2026-01-26T21:06:06+00:00\" \/>\n<meta name=\"author\" content=\"cfeditorfr\" \/>\n<meta name=\"twitter:card\" content=\"summary_large_image\" \/>\n<meta name=\"twitter:label1\" content=\"\u00c9crit par\" \/>\n\t<meta name=\"twitter:data1\" content=\"cfeditorfr\" \/>\n\t<meta name=\"twitter:label2\" content=\"Dur\u00e9e de lecture estim\u00e9e\" \/>\n\t<meta name=\"twitter:data2\" content=\"5 minutes\" \/>\n<script type=\"application\/ld+json\" class=\"yoast-schema-graph\">{\"@context\":\"https:\/\/schema.org\",\"@graph\":[{\"@type\":\"Article\",\"@id\":\"https:\/\/www.africa-press.net\/cotedivoire\/politique\/habitat-social-a-abobo-5-000-logements-signature-dune-convention-historique#article\",\"isPartOf\":{\"@id\":\"https:\/\/www.africa-press.net\/cotedivoire\/politique\/habitat-social-a-abobo-5-000-logements-signature-dune-convention-historique\"},\"author\":{\"name\":\"cfeditorfr\",\"@id\":\"https:\/\/www.africa-press.net\/cotedivoire\/#\/schema\/person\/2b1cf3cd81a31e3cd26889ca66d677f1\"},\"headline\":\"Habitat social \u00e0 Abobo, 5 000 logements, signature d&rsquo;une convention historique\",\"datePublished\":\"2026-01-26T21:06:06+00:00\",\"mainEntityOfPage\":{\"@id\":\"https:\/\/www.africa-press.net\/cotedivoire\/politique\/habitat-social-a-abobo-5-000-logements-signature-dune-convention-historique\"},\"wordCount\":1071,\"commentCount\":0,\"image\":{\"@id\":\"https:\/\/www.africa-press.net\/cotedivoire\/politique\/habitat-social-a-abobo-5-000-logements-signature-dune-convention-historique#primaryimage\"},\"thumbnailUrl\":\"https:\/\/static.africa-press.net\/cote\/sites\/43\/2026\/01\/sm_1769461566.657027.jpg\",\"keywords\":[\"Abobo\",\"Alassane Ouattara\",\"C\u00e9lestin Koalla\",\"convention\",\"Kandia\",\"Logement\"],\"articleSection\":[\"\u00c9conomie\",\"Toutes les actualit\u00e9s\"],\"inLanguage\":\"fr-FR\",\"potentialAction\":[{\"@type\":\"CommentAction\",\"name\":\"Comment\",\"target\":[\"https:\/\/www.africa-press.net\/cotedivoire\/politique\/habitat-social-a-abobo-5-000-logements-signature-dune-convention-historique#respond\"]}]},{\"@type\":\"WebPage\",\"@id\":\"https:\/\/www.africa-press.net\/cotedivoire\/politique\/habitat-social-a-abobo-5-000-logements-signature-dune-convention-historique\",\"url\":\"https:\/\/www.africa-press.net\/cotedivoire\/politique\/habitat-social-a-abobo-5-000-logements-signature-dune-convention-historique\",\"name\":\"Habitat social \u00e0 Abobo, 5 000 logements, signature d'une convention historique - C\u00f4te d&#039;Ivoire\",\"isPartOf\":{\"@id\":\"https:\/\/www.africa-press.net\/cotedivoire\/#website\"},\"primaryImageOfPage\":{\"@id\":\"https:\/\/www.africa-press.net\/cotedivoire\/politique\/habitat-social-a-abobo-5-000-logements-signature-dune-convention-historique#primaryimage\"},\"image\":{\"@id\":\"https:\/\/www.africa-press.net\/cotedivoire\/politique\/habitat-social-a-abobo-5-000-logements-signature-dune-convention-historique#primaryimage\"},\"thumbnailUrl\":\"https:\/\/static.africa-press.net\/cote\/sites\/43\/2026\/01\/sm_1769461566.657027.jpg\",\"datePublished\":\"2026-01-26T21:06:06+00:00\",\"author\":{\"@id\":\"https:\/\/www.africa-press.net\/cotedivoire\/#\/schema\/person\/2b1cf3cd81a31e3cd26889ca66d677f1\"},\"breadcrumb\":{\"@id\":\"https:\/\/www.africa-press.net\/cotedivoire\/politique\/habitat-social-a-abobo-5-000-logements-signature-dune-convention-historique#breadcrumb\"},\"inLanguage\":\"fr-FR\",\"potentialAction\":[{\"@type\":\"ReadAction\",\"target\":[\"https:\/\/www.africa-press.net\/cotedivoire\/politique\/habitat-social-a-abobo-5-000-logements-signature-dune-convention-historique\"]}]},{\"@type\":\"ImageObject\",\"inLanguage\":\"fr-FR\",\"@id\":\"https:\/\/www.africa-press.net\/cotedivoire\/politique\/habitat-social-a-abobo-5-000-logements-signature-dune-convention-historique#primaryimage\",\"url\":\"https:\/\/static.africa-press.net\/cote\/sites\/43\/2026\/01\/sm_1769461566.657027.jpg\",\"contentUrl\":\"https:\/\/static.africa-press.net\/cote\/sites\/43\/2026\/01\/sm_1769461566.657027.jpg\",\"width\":600,\"height\":401,\"caption\":\"Habitat social \u00e0 Abobo, 5 000 logements, signature d'une convention historique\"},{\"@type\":\"BreadcrumbList\",\"@id\":\"https:\/\/www.africa-press.net\/cotedivoire\/politique\/habitat-social-a-abobo-5-000-logements-signature-dune-convention-historique#breadcrumb\",\"itemListElement\":[{\"@type\":\"ListItem\",\"position\":1,\"name\":\"Accueil\",\"item\":\"https:\/\/www.africa-press.net\/cotedivoire\/\"},{\"@type\":\"ListItem\",\"position\":2,\"name\":\"Habitat social \u00e0 Abobo, 5 000 logements, signature d&rsquo;une convention historique\"}]},{\"@type\":\"WebSite\",\"@id\":\"https:\/\/www.africa-press.net\/cotedivoire\/#website\",\"url\":\"https:\/\/www.africa-press.net\/cotedivoire\/\",\"name\":\"C\u00f4te d&#039;Ivoire\",\"description\":\"Just another Africa News Agency Sites site\",\"potentialAction\":[{\"@type\":\"SearchAction\",\"target\":{\"@type\":\"EntryPoint\",\"urlTemplate\":\"https:\/\/www.africa-press.net\/cotedivoire\/?s={search_term_string}\"},\"query-input\":{\"@type\":\"PropertyValueSpecification\",\"valueRequired\":true,\"valueName\":\"search_term_string\"}}],\"inLanguage\":\"fr-FR\"},{\"@type\":\"Person\",\"@id\":\"https:\/\/www.africa-press.net\/cotedivoire\/#\/schema\/person\/2b1cf3cd81a31e3cd26889ca66d677f1\",\"name\":\"cfeditorfr\"}]}<\/script>\n<!-- \/ Yoast SEO Premium plugin. -->","yoast_head_json":{"title":"Habitat social \u00e0 Abobo, 5 000 logements, signature d'une convention historique - C\u00f4te d&#039;Ivoire","robots":{"index":"index","follow":"follow","max-snippet":"max-snippet:-1","max-image-preview":"max-image-preview:large","max-video-preview":"max-video-preview:-1"},"canonical":"https:\/\/www.africa-press.net\/cotedivoire\/politique\/habitat-social-a-abobo-5-000-logements-signature-dune-convention-historique","og_locale":"fr_FR","og_type":"article","og_title":"Habitat social \u00e0 Abobo, 5 000 logements, signature d'une convention historique","og_description":"Signature de Convention \u00e0 Abobo (Ph Koaci) La commune d\u2019Abobo a franchi une \u00e9tape majeure dans sa politique de d\u00e9veloppement urbain avec la signature d\u2019une convention de partenariat pour la construction de 5 000 logements sociaux, \u00e9conomiques et de standing ce lundi 26 janvier 2026. La c\u00e9r\u00e9monie s\u2019est tenue en pr\u00e9sence de Mme Kandia Camara, [&hellip;]","og_url":"https:\/\/www.africa-press.net\/cotedivoire\/politique\/habitat-social-a-abobo-5-000-logements-signature-dune-convention-historique","og_site_name":"C\u00f4te d&#039;Ivoire","article_published_time":"2026-01-26T21:06:06+00:00","author":"cfeditorfr","twitter_card":"summary_large_image","twitter_misc":{"\u00c9crit par":"cfeditorfr","Dur\u00e9e de lecture estim\u00e9e":"5 minutes"},"schema":{"@context":"https:\/\/schema.org","@graph":[{"@type":"Article","@id":"https:\/\/www.africa-press.net\/cotedivoire\/politique\/habitat-social-a-abobo-5-000-logements-signature-dune-convention-historique#article","isPartOf":{"@id":"https:\/\/www.africa-press.net\/cotedivoire\/politique\/habitat-social-a-abobo-5-000-logements-signature-dune-convention-historique"},"author":{"name":"cfeditorfr","@id":"https:\/\/www.africa-press.net\/cotedivoire\/#\/schema\/person\/2b1cf3cd81a31e3cd26889ca66d677f1"},"headline":"Habitat social \u00e0 Abobo, 5 000 logements, signature d&rsquo;une convention historique","datePublished":"2026-01-26T21:06:06+00:00","mainEntityOfPage":{"@id":"https:\/\/www.africa-press.net\/cotedivoire\/politique\/habitat-social-a-abobo-5-000-logements-signature-dune-convention-historique"},"wordCount":1071,"commentCount":0,"image":{"@id":"https:\/\/www.africa-press.net\/cotedivoire\/politique\/habitat-social-a-abobo-5-000-logements-signature-dune-convention-historique#primaryimage"},"thumbnailUrl":"https:\/\/static.africa-press.net\/cote\/sites\/43\/2026\/01\/sm_1769461566.657027.jpg","keywords":["Abobo","Alassane Ouattara","C\u00e9lestin Koalla","convention","Kandia","Logement"],"articleSection":["\u00c9conomie","Toutes les actualit\u00e9s"],"inLanguage":"fr-FR","potentialAction":[{"@type":"CommentAction","name":"Comment","target":["https:\/\/www.africa-press.net\/cotedivoire\/politique\/habitat-social-a-abobo-5-000-logements-signature-dune-convention-historique#respond"]}]},{"@type":"WebPage","@id":"https:\/\/www.africa-press.net\/cotedivoire\/politique\/habitat-social-a-abobo-5-000-logements-signature-dune-convention-historique","url":"https:\/\/www.africa-press.net\/cotedivoire\/politique\/habitat-social-a-abobo-5-000-logements-signature-dune-convention-historique","name":"Habitat social \u00e0 Abobo, 5 000 logements, signature d'une convention historique - C\u00f4te d&#039;Ivoire","isPartOf":{"@id":"https:\/\/www.africa-press.net\/cotedivoire\/#website"},"primaryImageOfPage":{"@id":"https:\/\/www.africa-press.net\/cotedivoire\/politique\/habitat-social-a-abobo-5-000-logements-signature-dune-convention-historique#primaryimage"},"image":{"@id":"https:\/\/www.africa-press.net\/cotedivoire\/politique\/habitat-social-a-abobo-5-000-logements-signature-dune-convention-historique#primaryimage"},"thumbnailUrl":"https:\/\/static.africa-press.net\/cote\/sites\/43\/2026\/01\/sm_1769461566.657027.jpg","datePublished":"2026-01-26T21:06:06+00:00","author":{"@id":"https:\/\/www.africa-press.net\/cotedivoire\/#\/schema\/person\/2b1cf3cd81a31e3cd26889ca66d677f1"},"breadcrumb":{"@id":"https:\/\/www.africa-press.net\/cotedivoire\/politique\/habitat-social-a-abobo-5-000-logements-signature-dune-convention-historique#breadcrumb"},"inLanguage":"fr-FR","potentialAction":[{"@type":"ReadAction","target":["https:\/\/www.africa-press.net\/cotedivoire\/politique\/habitat-social-a-abobo-5-000-logements-signature-dune-convention-historique"]}]},{"@type":"ImageObject","inLanguage":"fr-FR","@id":"https:\/\/www.africa-press.net\/cotedivoire\/politique\/habitat-social-a-abobo-5-000-logements-signature-dune-convention-historique#primaryimage","url":"https:\/\/static.africa-press.net\/cote\/sites\/43\/2026\/01\/sm_1769461566.657027.jpg","contentUrl":"https:\/\/static.africa-press.net\/cote\/sites\/43\/2026\/01\/sm_1769461566.657027.jpg","width":600,"height":401,"caption":"Habitat social \u00e0 Abobo, 5 000 logements, signature d'une convention historique"},{"@type":"BreadcrumbList","@id":"https:\/\/www.africa-press.net\/cotedivoire\/politique\/habitat-social-a-abobo-5-000-logements-signature-dune-convention-historique#breadcrumb","itemListElement":[{"@type":"ListItem","position":1,"name":"Accueil","item":"https:\/\/www.africa-press.net\/cotedivoire\/"},{"@type":"ListItem","position":2,"name":"Habitat social \u00e0 Abobo, 5 000 logements, signature d&rsquo;une convention historique"}]},{"@type":"WebSite","@id":"https:\/\/www.africa-press.net\/cotedivoire\/#website","url":"https:\/\/www.africa-press.net\/cotedivoire\/","name":"C\u00f4te d&#039;Ivoire","description":"Just another Africa News Agency Sites site","potentialAction":[{"@type":"SearchAction","target":{"@type":"EntryPoint","urlTemplate":"https:\/\/www.africa-press.net\/cotedivoire\/?s={search_term_string}"},"query-input":{"@type":"PropertyValueSpecification","valueRequired":true,"valueName":"search_term_string"}}],"inLanguage":"fr-FR"},{"@type":"Person","@id":"https:\/\/www.africa-press.net\/cotedivoire\/#\/schema\/person\/2b1cf3cd81a31e3cd26889ca66d677f1","name":"cfeditorfr"}]}},"_links":{"self":[{"href":"https:\/\/www.africa-press.net\/cotedivoire\/wp-json\/wp\/v2\/posts\/111800","targetHints":{"allow":["GET"]}}],"collection":[{"href":"https:\/\/www.africa-press.net\/cotedivoire\/wp-json\/wp\/v2\/posts"}],"about":[{"href":"https:\/\/www.africa-press.net\/cotedivoire\/wp-json\/wp\/v2\/types\/post"}],"author":[{"embeddable":true,"href":"https:\/\/www.africa-press.net\/cotedivoire\/wp-json\/wp\/v2\/users\/82"}],"replies":[{"embeddable":true,"href":"https:\/\/www.africa-press.net\/cotedivoire\/wp-json\/wp\/v2\/comments?post=111800"}],"version-history":[{"count":0,"href":"https:\/\/www.africa-press.net\/cotedivoire\/wp-json\/wp\/v2\/posts\/111800\/revisions"}],"wp:featuredmedia":[{"embeddable":true,"href":"https:\/\/www.africa-press.net\/cotedivoire\/wp-json\/wp\/v2\/media\/111799"}],"wp:attachment":[{"href":"https:\/\/www.africa-press.net\/cotedivoire\/wp-json\/wp\/v2\/media?parent=111800"}],"wp:term":[{"taxonomy":"category","embeddable":true,"href":"https:\/\/www.africa-press.net\/cotedivoire\/wp-json\/wp\/v2\/categories?post=111800"},{"taxonomy":"post_tag","embeddable":true,"href":"https:\/\/www.africa-press.net\/cotedivoire\/wp-json\/wp\/v2\/tags?post=111800"}],"curies":[{"name":"wp","href":"https:\/\/api.w.org\/{rel}","templated":true}]}}