{"id":111802,"date":"2026-01-26T21:07:13","date_gmt":"2026-01-26T21:07:13","guid":{"rendered":"https:\/\/www.africa-press.net\/cotedivoire\/politique\/journee-internationale-des-douanes-2026-lomd-appelle-les-administrations-douanieres-a-renforcer-la-vigilance-a-travers-lutilisation-des-technologies-avancees"},"modified":"2026-01-26T21:07:13","modified_gmt":"2026-01-26T21:07:13","slug":"journee-internationale-des-douanes-2026-lomd-appelle-les-administrations-douanieres-a-renforcer-la-vigilance-a-travers-lutilisation-des-technologies-avancees","status":"publish","type":"post","link":"https:\/\/www.africa-press.net\/cotedivoire\/economie\/journee-internationale-des-douanes-2026-lomd-appelle-les-administrations-douanieres-a-renforcer-la-vigilance-a-travers-lutilisation-des-technologies-avancees","title":{"rendered":"Journ\u00e9e internationale des Douanes 2026, l&rsquo;OMD appelle les administrations douani\u00e8res \u00e0 renforcer la vigilance \u00e0 travers l&rsquo;utilisation des technologies avanc\u00e9es"},"content":{"rendered":"<p>L\u2019administration des Douanes ivoiriennes a officiellement lanc\u00e9, ce lundi, la Semaine des Douanes ivoiriennes (SEDIV) 2026, coupl\u00e9e \u00e0 la c\u00e9l\u00e9bration de la Journ\u00e9e internationale des Douanes, lors d\u2019une c\u00e9r\u00e9monie solennelle marqu\u00e9e par des discours forts, des recommandations strat\u00e9giques et des distinctions honorifiques.<\/p>\n<p>Plac\u00e9e sous le th\u00e8me \u00ab Une douane qui prot\u00e8ge la soci\u00e9t\u00e9 par sa vigilance et son engagement \u00bb, cette \u00e9dition 2026 s\u2019inscrit dans un contexte mondial marqu\u00e9 par la recrudescence des trafics illicites, des menaces s\u00e9curitaires et des d\u00e9fis li\u00e9s \u00e0 la mondialisation des \u00e9changes.<\/p>\n<p>Ouvrant la c\u00e9r\u00e9monie, le Colonel-major M\u00e9it\u00e9 Yacouba, Directeur g\u00e9n\u00e9ral adjoint des Douanes et pr\u00e9sident du comit\u00e9 d\u2019organisation de la SEDIV 2026, a exprim\u00e9 sa reconnaissance aux autorit\u00e9s gouvernementales et \u00e0 l\u2019ensemble des partenaires pour leur soutien constant \u00e0 l\u2019administration douani\u00e8re.<\/p>\n<p>Il a rappel\u00e9 que la SEDIV est d\u00e9sormais un cadre strat\u00e9gique de r\u00e9flexion, d\u2019\u00e9valuation et projection, articul\u00e9 autour de deux activit\u00e9s majeures, la c\u00e9l\u00e9bration de la Journ\u00e9e internationale des Douanes, le s\u00e9minaire bilan 2025 et perspectives 2026 de la Direction g\u00e9n\u00e9rale des Douanes.<\/p>\n<p>Selon lui, cette semaine constitue un levier essentiel pour renforcer la gouvernance douani\u00e8re, am\u00e9liorer la performance op\u00e9rationnelle et consolider la contribution des Douanes \u00e0 la protection de la soci\u00e9t\u00e9 et \u00e0 la mobilisation des ressources de l\u2019\u00c9tat.<\/p>\n<p>Prenant la parole au nom du Secr\u00e9taire g\u00e9n\u00e9ral de l\u2019Organisation mondiale des Douanes (OMD), Mme Lemami Nina, Directrice du Bureau r\u00e9gional de renforcement des capacit\u00e9s pour l\u2019Afrique occidentale et centrale, a insist\u00e9 sur les recommandations majeures port\u00e9es par le th\u00e8me de cette journ\u00e9e internationale.<\/p>\n<p>Elle a appel\u00e9 les administrations douani\u00e8res \u00e0 renforcer la vigilance \u00e0 travers l\u2019utilisation des technologies avanc\u00e9es et l\u2019analyse des risques \u00e9mergents, investir durablement dans la formation des agents, promouvoir la transparence, l\u2019int\u00e9grit\u00e9 et la lutte contre la corruption et d\u00e9velopper la coop\u00e9ration r\u00e9gionale et internationale, notamment face aux trafics illicites, au terrorisme et aux flux financiers il\u00e9gaux.<\/p>\n<p>Pour l\u2019OMD, la douane demeure un acteur central du d\u00e9veloppement durable, de la s\u00e9curit\u00e9 et de la prosp\u00e9rit\u00e9 \u00e9conomique, bien au-del\u00e0 de la simple r\u00e9gulation des \u00e9changes commerciaux.<\/p>\n<p>Dans son discours, le Directeur g\u00e9n\u00e9ral des Douanes, le G\u00e9n\u00e9ral Da Pierre Alphonse, a mis en lumi\u00e8re les actions structurantes engag\u00e9es par l\u2019administration ivoirienne pour traduire le th\u00e8me 2026 en r\u00e9sultats concrets.<\/p>\n<p>Parmi les mesures phares figurent, l\u2019acquisition de scanners \u00e0 rayons X et le d\u00e9ploiement de syst\u00e8mes de vid\u00e9osurveillance aux fronti\u00e8res terrestres ;<\/p>\n<p>la cr\u00e9ation d\u2019un groupe de surveillance financi\u00e8re d\u00e9di\u00e9 \u00e0 la lutte contre le blanchiment de capitaux et le financement du terrorisme, la mise en \u0153uvre du Syst\u00e8me de d\u00e9claration des esp\u00e8ces aux fronti\u00e8res (SEDIV) et le lancement du projet \u00ab Douane intelligente \u00bb, ax\u00e9 sur la digitalisation et l\u2019int\u00e9gration de l\u2019intelligence artificielle dans la gestion des risques.<\/p>\n<p>Ces efforts ont permis, selon le Directeur g\u00e9n\u00e9ral, des r\u00e9sultats significatifs en 2025, notamment la saisie de plus de 5 058 tonnes de marchandises prohib\u00e9es et de devises d\u2019une contre-valeur de plus de 532 millions de FCFA, renfor\u00e7ant ainsi la protection sanitaire, \u00e9conomique et s\u00e9curitaire du pays.<\/p>\n<p>La c\u00e9r\u00e9monie a \u00e9galement mis en exergue l\u2019importance de la coop\u00e9ration multisectorielle, notamment avec les secteurs de la sant\u00e9, de l\u2019environnement, de la s\u00e9curit\u00e9, de la justice et du secteur priv\u00e9.<\/p>\n<p>\u00c0 cet effet, plusieurs partenaires des Douanes ivoiriennes ont re\u00e7u des dipl\u00f4mes de reconnaissance pour leur engagement aux c\u00f4t\u00e9s de l\u2019administration. Par ailleurs, des agents promus \u00e0 des grades sup\u00e9rieurs sont le DGA des douanes, ont vu leurs galons officiellement arros\u00e9s par le repr\u00e9sentant du ministre de l\u2019\u00c9conomie, des Finances et du Budget, Adama Coulibaly, dans une atmosph\u00e8re empreinte de solennit\u00e9 et de fiert\u00e9.<\/p>\n<p>\u00c0 travers la SEDIV 2026 et la Journ\u00e9e internationale des Douanes, l\u2019administration des Douanes ivoiriennes r\u00e9affirme sa volont\u00e9 de demeurer une institution moderne, vigilante et engag\u00e9e, pleinement consciente de son r\u00f4le strat\u00e9gique dans la protection de la soci\u00e9t\u00e9, la s\u00e9curisation des \u00e9changes et le d\u00e9veloppement durable de la C\u00f4te d\u2019Ivoire.<\/p>\n<p>Wassimagnon<\/p>\n","protected":false},"excerpt":{"rendered":"<p>L\u2019administration des Douanes ivoiriennes a officiellement lanc\u00e9, ce lundi, la Semaine des Douanes ivoiriennes (SEDIV) 2026, coupl\u00e9e \u00e0 la c\u00e9l\u00e9bration de la Journ\u00e9e internationale des Douanes, lors d\u2019une c\u00e9r\u00e9monie solennelle marqu\u00e9e par des discours forts, des recommandations strat\u00e9giques et des distinctions honorifiques. Plac\u00e9e sous le th\u00e8me \u00ab Une douane qui prot\u00e8ge la soci\u00e9t\u00e9 par sa [&hellip;]<\/p>\n","protected":false},"author":82,"featured_media":111801,"comment_status":"open","ping_status":"closed","sticky":false,"template":"","format":"standard","meta":{"footnotes":""},"categories":[3,10],"tags":[440,1549,6722,2410,767,20129,986,3109,20128,14699],"class_list":["post-111802","post","type-post","status-publish","format-standard","has-post-thumbnail","hentry","category-economie","category-toutes-les-actualites","tag-douanes","tag-gouvernance","tag-internationale","tag-journee","tag-lutte","tag-omd","tag-protection","tag-securite-2","tag-sediv2026","tag-trafics"],"yoast_head":"<!-- This site is optimized with the Yoast SEO Premium plugin v26.1 (Yoast SEO v27.0) - https:\/\/yoast.com\/product\/yoast-seo-premium-wordpress\/ -->\n<title>Journ\u00e9e internationale des Douanes 2026, l&#039;OMD appelle les administrations douani\u00e8res \u00e0 renforcer la vigilance \u00e0 travers l&#039;utilisation des technologies avanc\u00e9es - C\u00f4te d&#039;Ivoire<\/title>\n<meta name=\"robots\" content=\"index, follow, max-snippet:-1, max-image-preview:large, max-video-preview:-1\" \/>\n<link rel=\"canonical\" href=\"https:\/\/www.africa-press.net\/cotedivoire\/politique\/journee-internationale-des-douanes-2026-lomd-appelle-les-administrations-douanieres-a-renforcer-la-vigilance-a-travers-lutilisation-des-technologies-avancees\" \/>\n<meta property=\"og:locale\" content=\"fr_FR\" \/>\n<meta property=\"og:type\" content=\"article\" \/>\n<meta property=\"og:title\" content=\"Journ\u00e9e internationale des Douanes 2026, l&#039;OMD appelle les administrations douani\u00e8res \u00e0 renforcer la vigilance \u00e0 travers l&#039;utilisation des technologies avanc\u00e9es\" \/>\n<meta property=\"og:description\" content=\"L\u2019administration des Douanes ivoiriennes a officiellement lanc\u00e9, ce lundi, la Semaine des Douanes ivoiriennes (SEDIV) 2026, coupl\u00e9e \u00e0 la c\u00e9l\u00e9bration de la Journ\u00e9e internationale des Douanes, lors d\u2019une c\u00e9r\u00e9monie solennelle marqu\u00e9e par des discours forts, des recommandations strat\u00e9giques et des distinctions honorifiques. Plac\u00e9e sous le th\u00e8me \u00ab Une douane qui prot\u00e8ge la soci\u00e9t\u00e9 par sa [&hellip;]\" \/>\n<meta property=\"og:url\" content=\"https:\/\/www.africa-press.net\/cotedivoire\/politique\/journee-internationale-des-douanes-2026-lomd-appelle-les-administrations-douanieres-a-renforcer-la-vigilance-a-travers-lutilisation-des-technologies-avancees\" \/>\n<meta property=\"og:site_name\" content=\"C\u00f4te d&#039;Ivoire\" \/>\n<meta property=\"article:published_time\" content=\"2026-01-26T21:07:13+00:00\" \/>\n<meta name=\"author\" content=\"cfeditorfr\" \/>\n<meta name=\"twitter:card\" content=\"summary_large_image\" \/>\n<meta name=\"twitter:label1\" content=\"\u00c9crit par\" \/>\n\t<meta name=\"twitter:data1\" content=\"cfeditorfr\" \/>\n\t<meta name=\"twitter:label2\" content=\"Dur\u00e9e de lecture estim\u00e9e\" \/>\n\t<meta name=\"twitter:data2\" content=\"4 minutes\" \/>\n<script type=\"application\/ld+json\" class=\"yoast-schema-graph\">{\"@context\":\"https:\/\/schema.org\",\"@graph\":[{\"@type\":\"Article\",\"@id\":\"https:\/\/www.africa-press.net\/cotedivoire\/politique\/journee-internationale-des-douanes-2026-lomd-appelle-les-administrations-douanieres-a-renforcer-la-vigilance-a-travers-lutilisation-des-technologies-avancees#article\",\"isPartOf\":{\"@id\":\"https:\/\/www.africa-press.net\/cotedivoire\/politique\/journee-internationale-des-douanes-2026-lomd-appelle-les-administrations-douanieres-a-renforcer-la-vigilance-a-travers-lutilisation-des-technologies-avancees\"},\"author\":{\"name\":\"cfeditorfr\",\"@id\":\"https:\/\/www.africa-press.net\/cotedivoire\/#\/schema\/person\/2b1cf3cd81a31e3cd26889ca66d677f1\"},\"headline\":\"Journ\u00e9e internationale des Douanes 2026, l&rsquo;OMD appelle les administrations douani\u00e8res \u00e0 renforcer la vigilance \u00e0 travers l&rsquo;utilisation des technologies avanc\u00e9es\",\"datePublished\":\"2026-01-26T21:07:13+00:00\",\"mainEntityOfPage\":{\"@id\":\"https:\/\/www.africa-press.net\/cotedivoire\/politique\/journee-internationale-des-douanes-2026-lomd-appelle-les-administrations-douanieres-a-renforcer-la-vigilance-a-travers-lutilisation-des-technologies-avancees\"},\"wordCount\":762,\"commentCount\":0,\"image\":{\"@id\":\"https:\/\/www.africa-press.net\/cotedivoire\/politique\/journee-internationale-des-douanes-2026-lomd-appelle-les-administrations-douanieres-a-renforcer-la-vigilance-a-travers-lutilisation-des-technologies-avancees#primaryimage\"},\"thumbnailUrl\":\"https:\/\/static.africa-press.net\/cote\/sites\/43\/2026\/01\/sm_1769461633.977362.jpg\",\"keywords\":[\"Douanes\",\"Gouvernance\",\"internationale\",\"journ\u00e9e\",\"lutte\",\"OMD\",\"Protection\",\"S\u00e9curit\u00e9\",\"SEDIV2026\",\"trafics\"],\"articleSection\":[\"\u00c9conomie\",\"Toutes les actualit\u00e9s\"],\"inLanguage\":\"fr-FR\",\"potentialAction\":[{\"@type\":\"CommentAction\",\"name\":\"Comment\",\"target\":[\"https:\/\/www.africa-press.net\/cotedivoire\/politique\/journee-internationale-des-douanes-2026-lomd-appelle-les-administrations-douanieres-a-renforcer-la-vigilance-a-travers-lutilisation-des-technologies-avancees#respond\"]}]},{\"@type\":\"WebPage\",\"@id\":\"https:\/\/www.africa-press.net\/cotedivoire\/politique\/journee-internationale-des-douanes-2026-lomd-appelle-les-administrations-douanieres-a-renforcer-la-vigilance-a-travers-lutilisation-des-technologies-avancees\",\"url\":\"https:\/\/www.africa-press.net\/cotedivoire\/politique\/journee-internationale-des-douanes-2026-lomd-appelle-les-administrations-douanieres-a-renforcer-la-vigilance-a-travers-lutilisation-des-technologies-avancees\",\"name\":\"Journ\u00e9e internationale des Douanes 2026, l'OMD appelle les administrations douani\u00e8res \u00e0 renforcer la vigilance \u00e0 travers l'utilisation des technologies avanc\u00e9es - C\u00f4te d&#039;Ivoire\",\"isPartOf\":{\"@id\":\"https:\/\/www.africa-press.net\/cotedivoire\/#website\"},\"primaryImageOfPage\":{\"@id\":\"https:\/\/www.africa-press.net\/cotedivoire\/politique\/journee-internationale-des-douanes-2026-lomd-appelle-les-administrations-douanieres-a-renforcer-la-vigilance-a-travers-lutilisation-des-technologies-avancees#primaryimage\"},\"image\":{\"@id\":\"https:\/\/www.africa-press.net\/cotedivoire\/politique\/journee-internationale-des-douanes-2026-lomd-appelle-les-administrations-douanieres-a-renforcer-la-vigilance-a-travers-lutilisation-des-technologies-avancees#primaryimage\"},\"thumbnailUrl\":\"https:\/\/static.africa-press.net\/cote\/sites\/43\/2026\/01\/sm_1769461633.977362.jpg\",\"datePublished\":\"2026-01-26T21:07:13+00:00\",\"author\":{\"@id\":\"https:\/\/www.africa-press.net\/cotedivoire\/#\/schema\/person\/2b1cf3cd81a31e3cd26889ca66d677f1\"},\"breadcrumb\":{\"@id\":\"https:\/\/www.africa-press.net\/cotedivoire\/politique\/journee-internationale-des-douanes-2026-lomd-appelle-les-administrations-douanieres-a-renforcer-la-vigilance-a-travers-lutilisation-des-technologies-avancees#breadcrumb\"},\"inLanguage\":\"fr-FR\",\"potentialAction\":[{\"@type\":\"ReadAction\",\"target\":[\"https:\/\/www.africa-press.net\/cotedivoire\/politique\/journee-internationale-des-douanes-2026-lomd-appelle-les-administrations-douanieres-a-renforcer-la-vigilance-a-travers-lutilisation-des-technologies-avancees\"]}]},{\"@type\":\"ImageObject\",\"inLanguage\":\"fr-FR\",\"@id\":\"https:\/\/www.africa-press.net\/cotedivoire\/politique\/journee-internationale-des-douanes-2026-lomd-appelle-les-administrations-douanieres-a-renforcer-la-vigilance-a-travers-lutilisation-des-technologies-avancees#primaryimage\",\"url\":\"https:\/\/static.africa-press.net\/cote\/sites\/43\/2026\/01\/sm_1769461633.977362.jpg\",\"contentUrl\":\"https:\/\/static.africa-press.net\/cote\/sites\/43\/2026\/01\/sm_1769461633.977362.jpg\",\"width\":600,\"height\":328,\"caption\":\"Journ\u00e9e internationale des Douanes 2026, l'OMD appelle les administrations douani\u00e8res \u00e0 renforcer la vigilance \u00e0 travers l'utilisation des technologies avanc\u00e9es\"},{\"@type\":\"BreadcrumbList\",\"@id\":\"https:\/\/www.africa-press.net\/cotedivoire\/politique\/journee-internationale-des-douanes-2026-lomd-appelle-les-administrations-douanieres-a-renforcer-la-vigilance-a-travers-lutilisation-des-technologies-avancees#breadcrumb\",\"itemListElement\":[{\"@type\":\"ListItem\",\"position\":1,\"name\":\"Accueil\",\"item\":\"https:\/\/www.africa-press.net\/cotedivoire\/\"},{\"@type\":\"ListItem\",\"position\":2,\"name\":\"Journ\u00e9e internationale des Douanes 2026, l&rsquo;OMD appelle les administrations douani\u00e8res \u00e0 renforcer la vigilance \u00e0 travers l&rsquo;utilisation des technologies avanc\u00e9es\"}]},{\"@type\":\"WebSite\",\"@id\":\"https:\/\/www.africa-press.net\/cotedivoire\/#website\",\"url\":\"https:\/\/www.africa-press.net\/cotedivoire\/\",\"name\":\"C\u00f4te d&#039;Ivoire\",\"description\":\"Just another Africa News Agency Sites site\",\"potentialAction\":[{\"@type\":\"SearchAction\",\"target\":{\"@type\":\"EntryPoint\",\"urlTemplate\":\"https:\/\/www.africa-press.net\/cotedivoire\/?s={search_term_string}\"},\"query-input\":{\"@type\":\"PropertyValueSpecification\",\"valueRequired\":true,\"valueName\":\"search_term_string\"}}],\"inLanguage\":\"fr-FR\"},{\"@type\":\"Person\",\"@id\":\"https:\/\/www.africa-press.net\/cotedivoire\/#\/schema\/person\/2b1cf3cd81a31e3cd26889ca66d677f1\",\"name\":\"cfeditorfr\"}]}<\/script>\n<!-- \/ Yoast SEO Premium plugin. -->","yoast_head_json":{"title":"Journ\u00e9e internationale des Douanes 2026, l'OMD appelle les administrations douani\u00e8res \u00e0 renforcer la vigilance \u00e0 travers l'utilisation des technologies avanc\u00e9es - C\u00f4te d&#039;Ivoire","robots":{"index":"index","follow":"follow","max-snippet":"max-snippet:-1","max-image-preview":"max-image-preview:large","max-video-preview":"max-video-preview:-1"},"canonical":"https:\/\/www.africa-press.net\/cotedivoire\/politique\/journee-internationale-des-douanes-2026-lomd-appelle-les-administrations-douanieres-a-renforcer-la-vigilance-a-travers-lutilisation-des-technologies-avancees","og_locale":"fr_FR","og_type":"article","og_title":"Journ\u00e9e internationale des Douanes 2026, l'OMD appelle les administrations douani\u00e8res \u00e0 renforcer la vigilance \u00e0 travers l'utilisation des technologies avanc\u00e9es","og_description":"L\u2019administration des Douanes ivoiriennes a officiellement lanc\u00e9, ce lundi, la Semaine des Douanes ivoiriennes (SEDIV) 2026, coupl\u00e9e \u00e0 la c\u00e9l\u00e9bration de la Journ\u00e9e internationale des Douanes, lors d\u2019une c\u00e9r\u00e9monie solennelle marqu\u00e9e par des discours forts, des recommandations strat\u00e9giques et des distinctions honorifiques. Plac\u00e9e sous le th\u00e8me \u00ab Une douane qui prot\u00e8ge la soci\u00e9t\u00e9 par sa [&hellip;]","og_url":"https:\/\/www.africa-press.net\/cotedivoire\/politique\/journee-internationale-des-douanes-2026-lomd-appelle-les-administrations-douanieres-a-renforcer-la-vigilance-a-travers-lutilisation-des-technologies-avancees","og_site_name":"C\u00f4te d&#039;Ivoire","article_published_time":"2026-01-26T21:07:13+00:00","author":"cfeditorfr","twitter_card":"summary_large_image","twitter_misc":{"\u00c9crit par":"cfeditorfr","Dur\u00e9e de lecture estim\u00e9e":"4 minutes"},"schema":{"@context":"https:\/\/schema.org","@graph":[{"@type":"Article","@id":"https:\/\/www.africa-press.net\/cotedivoire\/politique\/journee-internationale-des-douanes-2026-lomd-appelle-les-administrations-douanieres-a-renforcer-la-vigilance-a-travers-lutilisation-des-technologies-avancees#article","isPartOf":{"@id":"https:\/\/www.africa-press.net\/cotedivoire\/politique\/journee-internationale-des-douanes-2026-lomd-appelle-les-administrations-douanieres-a-renforcer-la-vigilance-a-travers-lutilisation-des-technologies-avancees"},"author":{"name":"cfeditorfr","@id":"https:\/\/www.africa-press.net\/cotedivoire\/#\/schema\/person\/2b1cf3cd81a31e3cd26889ca66d677f1"},"headline":"Journ\u00e9e internationale des Douanes 2026, l&rsquo;OMD appelle les administrations douani\u00e8res \u00e0 renforcer la vigilance \u00e0 travers l&rsquo;utilisation des technologies avanc\u00e9es","datePublished":"2026-01-26T21:07:13+00:00","mainEntityOfPage":{"@id":"https:\/\/www.africa-press.net\/cotedivoire\/politique\/journee-internationale-des-douanes-2026-lomd-appelle-les-administrations-douanieres-a-renforcer-la-vigilance-a-travers-lutilisation-des-technologies-avancees"},"wordCount":762,"commentCount":0,"image":{"@id":"https:\/\/www.africa-press.net\/cotedivoire\/politique\/journee-internationale-des-douanes-2026-lomd-appelle-les-administrations-douanieres-a-renforcer-la-vigilance-a-travers-lutilisation-des-technologies-avancees#primaryimage"},"thumbnailUrl":"https:\/\/static.africa-press.net\/cote\/sites\/43\/2026\/01\/sm_1769461633.977362.jpg","keywords":["Douanes","Gouvernance","internationale","journ\u00e9e","lutte","OMD","Protection","S\u00e9curit\u00e9","SEDIV2026","trafics"],"articleSection":["\u00c9conomie","Toutes les actualit\u00e9s"],"inLanguage":"fr-FR","potentialAction":[{"@type":"CommentAction","name":"Comment","target":["https:\/\/www.africa-press.net\/cotedivoire\/politique\/journee-internationale-des-douanes-2026-lomd-appelle-les-administrations-douanieres-a-renforcer-la-vigilance-a-travers-lutilisation-des-technologies-avancees#respond"]}]},{"@type":"WebPage","@id":"https:\/\/www.africa-press.net\/cotedivoire\/politique\/journee-internationale-des-douanes-2026-lomd-appelle-les-administrations-douanieres-a-renforcer-la-vigilance-a-travers-lutilisation-des-technologies-avancees","url":"https:\/\/www.africa-press.net\/cotedivoire\/politique\/journee-internationale-des-douanes-2026-lomd-appelle-les-administrations-douanieres-a-renforcer-la-vigilance-a-travers-lutilisation-des-technologies-avancees","name":"Journ\u00e9e internationale des Douanes 2026, l'OMD appelle les administrations douani\u00e8res \u00e0 renforcer la vigilance \u00e0 travers l'utilisation des technologies avanc\u00e9es - C\u00f4te d&#039;Ivoire","isPartOf":{"@id":"https:\/\/www.africa-press.net\/cotedivoire\/#website"},"primaryImageOfPage":{"@id":"https:\/\/www.africa-press.net\/cotedivoire\/politique\/journee-internationale-des-douanes-2026-lomd-appelle-les-administrations-douanieres-a-renforcer-la-vigilance-a-travers-lutilisation-des-technologies-avancees#primaryimage"},"image":{"@id":"https:\/\/www.africa-press.net\/cotedivoire\/politique\/journee-internationale-des-douanes-2026-lomd-appelle-les-administrations-douanieres-a-renforcer-la-vigilance-a-travers-lutilisation-des-technologies-avancees#primaryimage"},"thumbnailUrl":"https:\/\/static.africa-press.net\/cote\/sites\/43\/2026\/01\/sm_1769461633.977362.jpg","datePublished":"2026-01-26T21:07:13+00:00","author":{"@id":"https:\/\/www.africa-press.net\/cotedivoire\/#\/schema\/person\/2b1cf3cd81a31e3cd26889ca66d677f1"},"breadcrumb":{"@id":"https:\/\/www.africa-press.net\/cotedivoire\/politique\/journee-internationale-des-douanes-2026-lomd-appelle-les-administrations-douanieres-a-renforcer-la-vigilance-a-travers-lutilisation-des-technologies-avancees#breadcrumb"},"inLanguage":"fr-FR","potentialAction":[{"@type":"ReadAction","target":["https:\/\/www.africa-press.net\/cotedivoire\/politique\/journee-internationale-des-douanes-2026-lomd-appelle-les-administrations-douanieres-a-renforcer-la-vigilance-a-travers-lutilisation-des-technologies-avancees"]}]},{"@type":"ImageObject","inLanguage":"fr-FR","@id":"https:\/\/www.africa-press.net\/cotedivoire\/politique\/journee-internationale-des-douanes-2026-lomd-appelle-les-administrations-douanieres-a-renforcer-la-vigilance-a-travers-lutilisation-des-technologies-avancees#primaryimage","url":"https:\/\/static.africa-press.net\/cote\/sites\/43\/2026\/01\/sm_1769461633.977362.jpg","contentUrl":"https:\/\/static.africa-press.net\/cote\/sites\/43\/2026\/01\/sm_1769461633.977362.jpg","width":600,"height":328,"caption":"Journ\u00e9e internationale des Douanes 2026, l'OMD appelle les administrations douani\u00e8res \u00e0 renforcer la vigilance \u00e0 travers l'utilisation des technologies avanc\u00e9es"},{"@type":"BreadcrumbList","@id":"https:\/\/www.africa-press.net\/cotedivoire\/politique\/journee-internationale-des-douanes-2026-lomd-appelle-les-administrations-douanieres-a-renforcer-la-vigilance-a-travers-lutilisation-des-technologies-avancees#breadcrumb","itemListElement":[{"@type":"ListItem","position":1,"name":"Accueil","item":"https:\/\/www.africa-press.net\/cotedivoire\/"},{"@type":"ListItem","position":2,"name":"Journ\u00e9e internationale des Douanes 2026, l&rsquo;OMD appelle les administrations douani\u00e8res \u00e0 renforcer la vigilance \u00e0 travers l&rsquo;utilisation des technologies avanc\u00e9es"}]},{"@type":"WebSite","@id":"https:\/\/www.africa-press.net\/cotedivoire\/#website","url":"https:\/\/www.africa-press.net\/cotedivoire\/","name":"C\u00f4te d&#039;Ivoire","description":"Just another Africa News Agency Sites site","potentialAction":[{"@type":"SearchAction","target":{"@type":"EntryPoint","urlTemplate":"https:\/\/www.africa-press.net\/cotedivoire\/?s={search_term_string}"},"query-input":{"@type":"PropertyValueSpecification","valueRequired":true,"valueName":"search_term_string"}}],"inLanguage":"fr-FR"},{"@type":"Person","@id":"https:\/\/www.africa-press.net\/cotedivoire\/#\/schema\/person\/2b1cf3cd81a31e3cd26889ca66d677f1","name":"cfeditorfr"}]}},"_links":{"self":[{"href":"https:\/\/www.africa-press.net\/cotedivoire\/wp-json\/wp\/v2\/posts\/111802","targetHints":{"allow":["GET"]}}],"collection":[{"href":"https:\/\/www.africa-press.net\/cotedivoire\/wp-json\/wp\/v2\/posts"}],"about":[{"href":"https:\/\/www.africa-press.net\/cotedivoire\/wp-json\/wp\/v2\/types\/post"}],"author":[{"embeddable":true,"href":"https:\/\/www.africa-press.net\/cotedivoire\/wp-json\/wp\/v2\/users\/82"}],"replies":[{"embeddable":true,"href":"https:\/\/www.africa-press.net\/cotedivoire\/wp-json\/wp\/v2\/comments?post=111802"}],"version-history":[{"count":0,"href":"https:\/\/www.africa-press.net\/cotedivoire\/wp-json\/wp\/v2\/posts\/111802\/revisions"}],"wp:featuredmedia":[{"embeddable":true,"href":"https:\/\/www.africa-press.net\/cotedivoire\/wp-json\/wp\/v2\/media\/111801"}],"wp:attachment":[{"href":"https:\/\/www.africa-press.net\/cotedivoire\/wp-json\/wp\/v2\/media?parent=111802"}],"wp:term":[{"taxonomy":"category","embeddable":true,"href":"https:\/\/www.africa-press.net\/cotedivoire\/wp-json\/wp\/v2\/categories?post=111802"},{"taxonomy":"post_tag","embeddable":true,"href":"https:\/\/www.africa-press.net\/cotedivoire\/wp-json\/wp\/v2\/tags?post=111802"}],"curies":[{"name":"wp","href":"https:\/\/api.w.org\/{rel}","templated":true}]}}