{"id":111808,"date":"2026-01-26T21:11:42","date_gmt":"2026-01-26T21:11:42","guid":{"rendered":"https:\/\/www.africa-press.net\/cotedivoire\/politique\/interdiction-des-engins-a-2-et-3-roues-dans-le-transport-une-tolerance-encadree-et-exceptionnelle-pourrait-etre-observee-dans-certaines-zones"},"modified":"2026-01-26T21:11:42","modified_gmt":"2026-01-26T21:11:42","slug":"interdiction-des-engins-a-2-et-3-roues-dans-le-transport-une-tolerance-encadree-et-exceptionnelle-pourrait-etre-observee-dans-certaines-zones","status":"publish","type":"post","link":"https:\/\/www.africa-press.net\/cotedivoire\/toutes-les-actualites\/interdiction-des-engins-a-2-et-3-roues-dans-le-transport-une-tolerance-encadree-et-exceptionnelle-pourrait-etre-observee-dans-certaines-zones","title":{"rendered":"Interdiction des engins \u00e0 2 et 3 roues dans le transport, une tol\u00e9rance encadr\u00e9e et exceptionnelle pourrait \u00eatre observ\u00e9e dans certaines zones"},"content":{"rendered":"<p>L\u2019op\u00e9ration de sensibilisation jeudi \u00e0 Cocody (DR)<\/p>\n<p>La sensibilisation pour l\u2019application de la mesure d\u2019interdiction des 2 et 3 roues se poursuit dans le District Autonome d\u2019Abidjan (DAA).<\/p>\n<p>C\u2019est dans ce cadre que , la Direction de la Police Sp\u00e9ciale de la S\u00e9curit\u00e9 Routi\u00e8re (DPSSR), sous la conduite du Commissaire de Police Demb\u00e9l\u00e9 Bassiriki a, le jeudi 22 janvier 2026 dans le District Autonome d\u2019Abidjan, men\u00e9 une vaste op\u00e9ration de sensibilisation et de r\u00e9pression portant sur la mesure d\u2019interdiction du transport public de personnes par les engins \u00e0 2 et 3 roues. Une op\u00e9ration de pr\u00e9vention des accidents de la circulation, rapporte une note du Minist\u00e8re des Transports.<\/p>\n<p>A cette occasion, la DPSSR a sillonn\u00e9 les zones \u00e0 forte affluence et \u00e0 forte circulation, notamment les communes de Cocody, pr\u00e9cis\u00e9ment dans les secteurs d\u2019Abatta et de Faya, ainsi que la commune de Bingerville, avec des actions men\u00e9es au march\u00e9 et \u00e0 Feh Kess\u00e9. Ces localit\u00e9s ont \u00e9t\u00e9 choisies en raison de la pr\u00e9sence accrue d\u2019engins \u00e0 2 et 3 roues utilis\u00e9s \u00e0 des fins de transport de personnes.<\/p>\n<p>Les \u00e9quipes de la DPSSR ont rappel\u00e9 aux conducteurs de ces engins, l\u2019interdiction formelle du transport public de personnes par les engins \u00e0 deux et trois roues, sur l\u2019ensemble du territoire national et plus sp\u00e9cifiquement dans le District Autonome d\u2019Abidjan.<\/p>\n<p>Ils ont insist\u00e9 sur l\u2019obligation du port du casque, tant pour les conducteurs que pour les passagers et la d\u00e9tention d\u2019un permis de conduire conforme \u00e0 la cat\u00e9gorie de l\u2019engin utilis\u00e9.<\/p>\n<p>Agissant sous l\u2019autorit\u00e9 directe du Commissaire Divisionnaire Major Tour\u00e9 Abdul Kader, Directeur de la PSSR, ils ont pr\u00e9cis\u00e9 qu\u2019une tol\u00e9rance encadr\u00e9e et exceptionnelle pourrait \u00eatre observ\u00e9e dans certaines zones insuffisamment desservies par les transports publics, exclusivement pour des raisons humanitaires, et dans le strict respect des r\u00e8gles de s\u00e9curit\u00e9 routi\u00e8re, informe-t-on.<\/p>\n<p>Donatien Kautcha, Abidjan<\/p>\n","protected":false},"excerpt":{"rendered":"<p>L\u2019op\u00e9ration de sensibilisation jeudi \u00e0 Cocody (DR) La sensibilisation pour l\u2019application de la mesure d\u2019interdiction des 2 et 3 roues se poursuit dans le District Autonome d\u2019Abidjan (DAA). C\u2019est dans ce cadre que , la Direction de la Police Sp\u00e9ciale de la S\u00e9curit\u00e9 Routi\u00e8re (DPSSR), sous la conduite du Commissaire de Police Demb\u00e9l\u00e9 Bassiriki a, [&hellip;]<\/p>\n","protected":false},"author":82,"featured_media":111807,"comment_status":"open","ping_status":"closed","sticky":false,"template":"","format":"standard","meta":{"footnotes":""},"categories":[21,10],"tags":[358,20131,10448,7964,7365,2218],"class_list":["post-111808","post","type-post","status-publish","format-standard","has-post-thumbnail","hentry","category-communaute","category-toutes-les-actualites","tag-cocody","tag-dembele-bassiriki","tag-dpssr","tag-engins","tag-toure-abdul-kader-2","tag-transport"],"yoast_head":"<!-- This site is optimized with the Yoast SEO Premium plugin v26.1 (Yoast SEO v27.0) - https:\/\/yoast.com\/product\/yoast-seo-premium-wordpress\/ -->\n<title>Interdiction des engins \u00e0 2 et 3 roues dans le transport, une tol\u00e9rance encadr\u00e9e et exceptionnelle pourrait \u00eatre observ\u00e9e dans certaines zones - C\u00f4te d&#039;Ivoire<\/title>\n<meta name=\"robots\" content=\"index, follow, max-snippet:-1, max-image-preview:large, max-video-preview:-1\" \/>\n<link rel=\"canonical\" href=\"https:\/\/www.africa-press.net\/cotedivoire\/politique\/interdiction-des-engins-a-2-et-3-roues-dans-le-transport-une-tolerance-encadree-et-exceptionnelle-pourrait-etre-observee-dans-certaines-zones\" \/>\n<meta property=\"og:locale\" content=\"fr_FR\" \/>\n<meta property=\"og:type\" content=\"article\" \/>\n<meta property=\"og:title\" content=\"Interdiction des engins \u00e0 2 et 3 roues dans le transport, une tol\u00e9rance encadr\u00e9e et exceptionnelle pourrait \u00eatre observ\u00e9e dans certaines zones\" \/>\n<meta property=\"og:description\" content=\"L\u2019op\u00e9ration de sensibilisation jeudi \u00e0 Cocody (DR) La sensibilisation pour l\u2019application de la mesure d\u2019interdiction des 2 et 3 roues se poursuit dans le District Autonome d\u2019Abidjan (DAA). C\u2019est dans ce cadre que , la Direction de la Police Sp\u00e9ciale de la S\u00e9curit\u00e9 Routi\u00e8re (DPSSR), sous la conduite du Commissaire de Police Demb\u00e9l\u00e9 Bassiriki a, [&hellip;]\" \/>\n<meta property=\"og:url\" content=\"https:\/\/www.africa-press.net\/cotedivoire\/politique\/interdiction-des-engins-a-2-et-3-roues-dans-le-transport-une-tolerance-encadree-et-exceptionnelle-pourrait-etre-observee-dans-certaines-zones\" \/>\n<meta property=\"og:site_name\" content=\"C\u00f4te d&#039;Ivoire\" \/>\n<meta property=\"article:published_time\" content=\"2026-01-26T21:11:42+00:00\" \/>\n<meta name=\"author\" content=\"cfeditorfr\" \/>\n<meta name=\"twitter:card\" content=\"summary_large_image\" \/>\n<meta name=\"twitter:label1\" content=\"\u00c9crit par\" \/>\n\t<meta name=\"twitter:data1\" content=\"cfeditorfr\" \/>\n\t<meta name=\"twitter:label2\" content=\"Dur\u00e9e de lecture estim\u00e9e\" \/>\n\t<meta name=\"twitter:data2\" content=\"2 minutes\" \/>\n<script type=\"application\/ld+json\" class=\"yoast-schema-graph\">{\"@context\":\"https:\/\/schema.org\",\"@graph\":[{\"@type\":\"Article\",\"@id\":\"https:\/\/www.africa-press.net\/cotedivoire\/politique\/interdiction-des-engins-a-2-et-3-roues-dans-le-transport-une-tolerance-encadree-et-exceptionnelle-pourrait-etre-observee-dans-certaines-zones#article\",\"isPartOf\":{\"@id\":\"https:\/\/www.africa-press.net\/cotedivoire\/politique\/interdiction-des-engins-a-2-et-3-roues-dans-le-transport-une-tolerance-encadree-et-exceptionnelle-pourrait-etre-observee-dans-certaines-zones\"},\"author\":{\"name\":\"cfeditorfr\",\"@id\":\"https:\/\/www.africa-press.net\/cotedivoire\/#\/schema\/person\/2b1cf3cd81a31e3cd26889ca66d677f1\"},\"headline\":\"Interdiction des engins \u00e0 2 et 3 roues dans le transport, une tol\u00e9rance encadr\u00e9e et exceptionnelle pourrait \u00eatre observ\u00e9e dans certaines zones\",\"datePublished\":\"2026-01-26T21:11:42+00:00\",\"mainEntityOfPage\":{\"@id\":\"https:\/\/www.africa-press.net\/cotedivoire\/politique\/interdiction-des-engins-a-2-et-3-roues-dans-le-transport-une-tolerance-encadree-et-exceptionnelle-pourrait-etre-observee-dans-certaines-zones\"},\"wordCount\":350,\"commentCount\":0,\"image\":{\"@id\":\"https:\/\/www.africa-press.net\/cotedivoire\/politique\/interdiction-des-engins-a-2-et-3-roues-dans-le-transport-une-tolerance-encadree-et-exceptionnelle-pourrait-etre-observee-dans-certaines-zones#primaryimage\"},\"thumbnailUrl\":\"https:\/\/static.africa-press.net\/cote\/sites\/43\/2026\/01\/sm_1769461902.882644.jpg\",\"keywords\":[\"Cocody\",\"Demb\u00e9l\u00e9 Bassiriki\",\"DPSSR\",\"engins\",\"Tour\u00e9 Abdul Kader\",\"transport\"],\"articleSection\":[\"Communaut\u00e9\",\"Toutes les actualit\u00e9s\"],\"inLanguage\":\"fr-FR\",\"potentialAction\":[{\"@type\":\"CommentAction\",\"name\":\"Comment\",\"target\":[\"https:\/\/www.africa-press.net\/cotedivoire\/politique\/interdiction-des-engins-a-2-et-3-roues-dans-le-transport-une-tolerance-encadree-et-exceptionnelle-pourrait-etre-observee-dans-certaines-zones#respond\"]}]},{\"@type\":\"WebPage\",\"@id\":\"https:\/\/www.africa-press.net\/cotedivoire\/politique\/interdiction-des-engins-a-2-et-3-roues-dans-le-transport-une-tolerance-encadree-et-exceptionnelle-pourrait-etre-observee-dans-certaines-zones\",\"url\":\"https:\/\/www.africa-press.net\/cotedivoire\/politique\/interdiction-des-engins-a-2-et-3-roues-dans-le-transport-une-tolerance-encadree-et-exceptionnelle-pourrait-etre-observee-dans-certaines-zones\",\"name\":\"Interdiction des engins \u00e0 2 et 3 roues dans le transport, une tol\u00e9rance encadr\u00e9e et exceptionnelle pourrait \u00eatre observ\u00e9e dans certaines zones - C\u00f4te d&#039;Ivoire\",\"isPartOf\":{\"@id\":\"https:\/\/www.africa-press.net\/cotedivoire\/#website\"},\"primaryImageOfPage\":{\"@id\":\"https:\/\/www.africa-press.net\/cotedivoire\/politique\/interdiction-des-engins-a-2-et-3-roues-dans-le-transport-une-tolerance-encadree-et-exceptionnelle-pourrait-etre-observee-dans-certaines-zones#primaryimage\"},\"image\":{\"@id\":\"https:\/\/www.africa-press.net\/cotedivoire\/politique\/interdiction-des-engins-a-2-et-3-roues-dans-le-transport-une-tolerance-encadree-et-exceptionnelle-pourrait-etre-observee-dans-certaines-zones#primaryimage\"},\"thumbnailUrl\":\"https:\/\/static.africa-press.net\/cote\/sites\/43\/2026\/01\/sm_1769461902.882644.jpg\",\"datePublished\":\"2026-01-26T21:11:42+00:00\",\"author\":{\"@id\":\"https:\/\/www.africa-press.net\/cotedivoire\/#\/schema\/person\/2b1cf3cd81a31e3cd26889ca66d677f1\"},\"breadcrumb\":{\"@id\":\"https:\/\/www.africa-press.net\/cotedivoire\/politique\/interdiction-des-engins-a-2-et-3-roues-dans-le-transport-une-tolerance-encadree-et-exceptionnelle-pourrait-etre-observee-dans-certaines-zones#breadcrumb\"},\"inLanguage\":\"fr-FR\",\"potentialAction\":[{\"@type\":\"ReadAction\",\"target\":[\"https:\/\/www.africa-press.net\/cotedivoire\/politique\/interdiction-des-engins-a-2-et-3-roues-dans-le-transport-une-tolerance-encadree-et-exceptionnelle-pourrait-etre-observee-dans-certaines-zones\"]}]},{\"@type\":\"ImageObject\",\"inLanguage\":\"fr-FR\",\"@id\":\"https:\/\/www.africa-press.net\/cotedivoire\/politique\/interdiction-des-engins-a-2-et-3-roues-dans-le-transport-une-tolerance-encadree-et-exceptionnelle-pourrait-etre-observee-dans-certaines-zones#primaryimage\",\"url\":\"https:\/\/static.africa-press.net\/cote\/sites\/43\/2026\/01\/sm_1769461902.882644.jpg\",\"contentUrl\":\"https:\/\/static.africa-press.net\/cote\/sites\/43\/2026\/01\/sm_1769461902.882644.jpg\",\"width\":600,\"height\":285,\"caption\":\"Interdiction des engins \u00e0 2 et 3 roues dans le transport, une tol\u00e9rance encadr\u00e9e et exceptionnelle pourrait \u00eatre observ\u00e9e dans certaines zones\"},{\"@type\":\"BreadcrumbList\",\"@id\":\"https:\/\/www.africa-press.net\/cotedivoire\/politique\/interdiction-des-engins-a-2-et-3-roues-dans-le-transport-une-tolerance-encadree-et-exceptionnelle-pourrait-etre-observee-dans-certaines-zones#breadcrumb\",\"itemListElement\":[{\"@type\":\"ListItem\",\"position\":1,\"name\":\"Accueil\",\"item\":\"https:\/\/www.africa-press.net\/cotedivoire\/\"},{\"@type\":\"ListItem\",\"position\":2,\"name\":\"Interdiction des engins \u00e0 2 et 3 roues dans le transport, une tol\u00e9rance encadr\u00e9e et exceptionnelle pourrait \u00eatre observ\u00e9e dans certaines zones\"}]},{\"@type\":\"WebSite\",\"@id\":\"https:\/\/www.africa-press.net\/cotedivoire\/#website\",\"url\":\"https:\/\/www.africa-press.net\/cotedivoire\/\",\"name\":\"C\u00f4te d&#039;Ivoire\",\"description\":\"Just another Africa News Agency Sites site\",\"potentialAction\":[{\"@type\":\"SearchAction\",\"target\":{\"@type\":\"EntryPoint\",\"urlTemplate\":\"https:\/\/www.africa-press.net\/cotedivoire\/?s={search_term_string}\"},\"query-input\":{\"@type\":\"PropertyValueSpecification\",\"valueRequired\":true,\"valueName\":\"search_term_string\"}}],\"inLanguage\":\"fr-FR\"},{\"@type\":\"Person\",\"@id\":\"https:\/\/www.africa-press.net\/cotedivoire\/#\/schema\/person\/2b1cf3cd81a31e3cd26889ca66d677f1\",\"name\":\"cfeditorfr\"}]}<\/script>\n<!-- \/ Yoast SEO Premium plugin. -->","yoast_head_json":{"title":"Interdiction des engins \u00e0 2 et 3 roues dans le transport, une tol\u00e9rance encadr\u00e9e et exceptionnelle pourrait \u00eatre observ\u00e9e dans certaines zones - C\u00f4te d&#039;Ivoire","robots":{"index":"index","follow":"follow","max-snippet":"max-snippet:-1","max-image-preview":"max-image-preview:large","max-video-preview":"max-video-preview:-1"},"canonical":"https:\/\/www.africa-press.net\/cotedivoire\/politique\/interdiction-des-engins-a-2-et-3-roues-dans-le-transport-une-tolerance-encadree-et-exceptionnelle-pourrait-etre-observee-dans-certaines-zones","og_locale":"fr_FR","og_type":"article","og_title":"Interdiction des engins \u00e0 2 et 3 roues dans le transport, une tol\u00e9rance encadr\u00e9e et exceptionnelle pourrait \u00eatre observ\u00e9e dans certaines zones","og_description":"L\u2019op\u00e9ration de sensibilisation jeudi \u00e0 Cocody (DR) La sensibilisation pour l\u2019application de la mesure d\u2019interdiction des 2 et 3 roues se poursuit dans le District Autonome d\u2019Abidjan (DAA). C\u2019est dans ce cadre que , la Direction de la Police Sp\u00e9ciale de la S\u00e9curit\u00e9 Routi\u00e8re (DPSSR), sous la conduite du Commissaire de Police Demb\u00e9l\u00e9 Bassiriki a, [&hellip;]","og_url":"https:\/\/www.africa-press.net\/cotedivoire\/politique\/interdiction-des-engins-a-2-et-3-roues-dans-le-transport-une-tolerance-encadree-et-exceptionnelle-pourrait-etre-observee-dans-certaines-zones","og_site_name":"C\u00f4te d&#039;Ivoire","article_published_time":"2026-01-26T21:11:42+00:00","author":"cfeditorfr","twitter_card":"summary_large_image","twitter_misc":{"\u00c9crit par":"cfeditorfr","Dur\u00e9e de lecture estim\u00e9e":"2 minutes"},"schema":{"@context":"https:\/\/schema.org","@graph":[{"@type":"Article","@id":"https:\/\/www.africa-press.net\/cotedivoire\/politique\/interdiction-des-engins-a-2-et-3-roues-dans-le-transport-une-tolerance-encadree-et-exceptionnelle-pourrait-etre-observee-dans-certaines-zones#article","isPartOf":{"@id":"https:\/\/www.africa-press.net\/cotedivoire\/politique\/interdiction-des-engins-a-2-et-3-roues-dans-le-transport-une-tolerance-encadree-et-exceptionnelle-pourrait-etre-observee-dans-certaines-zones"},"author":{"name":"cfeditorfr","@id":"https:\/\/www.africa-press.net\/cotedivoire\/#\/schema\/person\/2b1cf3cd81a31e3cd26889ca66d677f1"},"headline":"Interdiction des engins \u00e0 2 et 3 roues dans le transport, une tol\u00e9rance encadr\u00e9e et exceptionnelle pourrait \u00eatre observ\u00e9e dans certaines zones","datePublished":"2026-01-26T21:11:42+00:00","mainEntityOfPage":{"@id":"https:\/\/www.africa-press.net\/cotedivoire\/politique\/interdiction-des-engins-a-2-et-3-roues-dans-le-transport-une-tolerance-encadree-et-exceptionnelle-pourrait-etre-observee-dans-certaines-zones"},"wordCount":350,"commentCount":0,"image":{"@id":"https:\/\/www.africa-press.net\/cotedivoire\/politique\/interdiction-des-engins-a-2-et-3-roues-dans-le-transport-une-tolerance-encadree-et-exceptionnelle-pourrait-etre-observee-dans-certaines-zones#primaryimage"},"thumbnailUrl":"https:\/\/static.africa-press.net\/cote\/sites\/43\/2026\/01\/sm_1769461902.882644.jpg","keywords":["Cocody","Demb\u00e9l\u00e9 Bassiriki","DPSSR","engins","Tour\u00e9 Abdul Kader","transport"],"articleSection":["Communaut\u00e9","Toutes les actualit\u00e9s"],"inLanguage":"fr-FR","potentialAction":[{"@type":"CommentAction","name":"Comment","target":["https:\/\/www.africa-press.net\/cotedivoire\/politique\/interdiction-des-engins-a-2-et-3-roues-dans-le-transport-une-tolerance-encadree-et-exceptionnelle-pourrait-etre-observee-dans-certaines-zones#respond"]}]},{"@type":"WebPage","@id":"https:\/\/www.africa-press.net\/cotedivoire\/politique\/interdiction-des-engins-a-2-et-3-roues-dans-le-transport-une-tolerance-encadree-et-exceptionnelle-pourrait-etre-observee-dans-certaines-zones","url":"https:\/\/www.africa-press.net\/cotedivoire\/politique\/interdiction-des-engins-a-2-et-3-roues-dans-le-transport-une-tolerance-encadree-et-exceptionnelle-pourrait-etre-observee-dans-certaines-zones","name":"Interdiction des engins \u00e0 2 et 3 roues dans le transport, une tol\u00e9rance encadr\u00e9e et exceptionnelle pourrait \u00eatre observ\u00e9e dans certaines zones - C\u00f4te d&#039;Ivoire","isPartOf":{"@id":"https:\/\/www.africa-press.net\/cotedivoire\/#website"},"primaryImageOfPage":{"@id":"https:\/\/www.africa-press.net\/cotedivoire\/politique\/interdiction-des-engins-a-2-et-3-roues-dans-le-transport-une-tolerance-encadree-et-exceptionnelle-pourrait-etre-observee-dans-certaines-zones#primaryimage"},"image":{"@id":"https:\/\/www.africa-press.net\/cotedivoire\/politique\/interdiction-des-engins-a-2-et-3-roues-dans-le-transport-une-tolerance-encadree-et-exceptionnelle-pourrait-etre-observee-dans-certaines-zones#primaryimage"},"thumbnailUrl":"https:\/\/static.africa-press.net\/cote\/sites\/43\/2026\/01\/sm_1769461902.882644.jpg","datePublished":"2026-01-26T21:11:42+00:00","author":{"@id":"https:\/\/www.africa-press.net\/cotedivoire\/#\/schema\/person\/2b1cf3cd81a31e3cd26889ca66d677f1"},"breadcrumb":{"@id":"https:\/\/www.africa-press.net\/cotedivoire\/politique\/interdiction-des-engins-a-2-et-3-roues-dans-le-transport-une-tolerance-encadree-et-exceptionnelle-pourrait-etre-observee-dans-certaines-zones#breadcrumb"},"inLanguage":"fr-FR","potentialAction":[{"@type":"ReadAction","target":["https:\/\/www.africa-press.net\/cotedivoire\/politique\/interdiction-des-engins-a-2-et-3-roues-dans-le-transport-une-tolerance-encadree-et-exceptionnelle-pourrait-etre-observee-dans-certaines-zones"]}]},{"@type":"ImageObject","inLanguage":"fr-FR","@id":"https:\/\/www.africa-press.net\/cotedivoire\/politique\/interdiction-des-engins-a-2-et-3-roues-dans-le-transport-une-tolerance-encadree-et-exceptionnelle-pourrait-etre-observee-dans-certaines-zones#primaryimage","url":"https:\/\/static.africa-press.net\/cote\/sites\/43\/2026\/01\/sm_1769461902.882644.jpg","contentUrl":"https:\/\/static.africa-press.net\/cote\/sites\/43\/2026\/01\/sm_1769461902.882644.jpg","width":600,"height":285,"caption":"Interdiction des engins \u00e0 2 et 3 roues dans le transport, une tol\u00e9rance encadr\u00e9e et exceptionnelle pourrait \u00eatre observ\u00e9e dans certaines zones"},{"@type":"BreadcrumbList","@id":"https:\/\/www.africa-press.net\/cotedivoire\/politique\/interdiction-des-engins-a-2-et-3-roues-dans-le-transport-une-tolerance-encadree-et-exceptionnelle-pourrait-etre-observee-dans-certaines-zones#breadcrumb","itemListElement":[{"@type":"ListItem","position":1,"name":"Accueil","item":"https:\/\/www.africa-press.net\/cotedivoire\/"},{"@type":"ListItem","position":2,"name":"Interdiction des engins \u00e0 2 et 3 roues dans le transport, une tol\u00e9rance encadr\u00e9e et exceptionnelle pourrait \u00eatre observ\u00e9e dans certaines zones"}]},{"@type":"WebSite","@id":"https:\/\/www.africa-press.net\/cotedivoire\/#website","url":"https:\/\/www.africa-press.net\/cotedivoire\/","name":"C\u00f4te d&#039;Ivoire","description":"Just another Africa News Agency Sites site","potentialAction":[{"@type":"SearchAction","target":{"@type":"EntryPoint","urlTemplate":"https:\/\/www.africa-press.net\/cotedivoire\/?s={search_term_string}"},"query-input":{"@type":"PropertyValueSpecification","valueRequired":true,"valueName":"search_term_string"}}],"inLanguage":"fr-FR"},{"@type":"Person","@id":"https:\/\/www.africa-press.net\/cotedivoire\/#\/schema\/person\/2b1cf3cd81a31e3cd26889ca66d677f1","name":"cfeditorfr"}]}},"_links":{"self":[{"href":"https:\/\/www.africa-press.net\/cotedivoire\/wp-json\/wp\/v2\/posts\/111808","targetHints":{"allow":["GET"]}}],"collection":[{"href":"https:\/\/www.africa-press.net\/cotedivoire\/wp-json\/wp\/v2\/posts"}],"about":[{"href":"https:\/\/www.africa-press.net\/cotedivoire\/wp-json\/wp\/v2\/types\/post"}],"author":[{"embeddable":true,"href":"https:\/\/www.africa-press.net\/cotedivoire\/wp-json\/wp\/v2\/users\/82"}],"replies":[{"embeddable":true,"href":"https:\/\/www.africa-press.net\/cotedivoire\/wp-json\/wp\/v2\/comments?post=111808"}],"version-history":[{"count":0,"href":"https:\/\/www.africa-press.net\/cotedivoire\/wp-json\/wp\/v2\/posts\/111808\/revisions"}],"wp:featuredmedia":[{"embeddable":true,"href":"https:\/\/www.africa-press.net\/cotedivoire\/wp-json\/wp\/v2\/media\/111807"}],"wp:attachment":[{"href":"https:\/\/www.africa-press.net\/cotedivoire\/wp-json\/wp\/v2\/media?parent=111808"}],"wp:term":[{"taxonomy":"category","embeddable":true,"href":"https:\/\/www.africa-press.net\/cotedivoire\/wp-json\/wp\/v2\/categories?post=111808"},{"taxonomy":"post_tag","embeddable":true,"href":"https:\/\/www.africa-press.net\/cotedivoire\/wp-json\/wp\/v2\/tags?post=111808"}],"curies":[{"name":"wp","href":"https:\/\/api.w.org\/{rel}","templated":true}]}}