{"id":111812,"date":"2026-01-26T21:15:42","date_gmt":"2026-01-26T21:15:42","guid":{"rendered":"https:\/\/www.africa-press.net\/cotedivoire\/politique\/mondial-2026-idriss-diallo-fae-devra-travailler-pour-ameliorer-les-faiblesses-quil-a"},"modified":"2026-01-26T21:15:42","modified_gmt":"2026-01-26T21:15:42","slug":"mondial-2026-idriss-diallo-fae-devra-travailler-pour-ameliorer-les-faiblesses-quil-a","status":"publish","type":"post","link":"https:\/\/www.africa-press.net\/cotedivoire\/sports\/mondial-2026-idriss-diallo-fae-devra-travailler-pour-ameliorer-les-faiblesses-quil-a","title":{"rendered":"Mondial 2026, Idriss Diallo : \u00ab Fa\u00e9 devra travailler pour am\u00e9liorer les faiblesses qu&rsquo;il a&#8230; \u00bb"},"content":{"rendered":"<p>Fa\u00e9 et Diallo (DR)<\/p>\n<p>Elimin\u00e9 en quarts de finale de la CAN 2025, l\u2019avenir du s\u00e9lectionneur des \u00e9l\u00e9phants, Emerse Fa\u00e9, fait l\u2019objet de nombreuses critiques et rumeurs au sein de l\u2019opinion sportive.<\/p>\n<p>Dans une interview sur une cha\u00eene locale, le pr\u00e9sident de la F\u00e9d\u00e9ration Ivoirienne de Football, Idriss Yacine Diallo, a mis fin ai d\u00e9bat.<\/p>\n<p>Pour le premier responsable du football ivoirien,, le d\u00e9part du champion d\u2019Afrique 2023 du banc des \u00e9l\u00e9phants n\u2019est pas \u00e0 l\u2019ordre du jour, il sera de l\u2019aventure du prochain mondial, mais devra s\u2019am\u00e9liorer.<\/p>\n<p>\u00ab Moi, je travaille pour mon pays avec s\u00e9rieux. Et quand on est s\u00e9rieux, on ne prend pas de d\u00e9cision \u00e0 l&#8217;emporte-pi\u00e8ce. Fa\u00e9 a notre confiance. Fa\u00e9 devra travailler pour am\u00e9liorer les faiblesses qu&rsquo;il a, comme tout \u00eatre humain. Et je pense qu&rsquo;il va y travailler. Et nous allons aller au mondial avec Fa\u00e9. Donc ce d\u00e9bat-l\u00e0, il faut le mettre de c\u00f4t\u00e9 \u00bb, a clarifi\u00e9 Idriss Diallo, mettant ainsi fin au d\u00e9bat de l\u2019avenir de Fa\u00e9 avec la s\u00e9lection ivoirienne.<\/p>\n<p>Donatien Kautcha, Abidjan<\/p>\n","protected":false},"excerpt":{"rendered":"<p>Fa\u00e9 et Diallo (DR) Elimin\u00e9 en quarts de finale de la CAN 2025, l\u2019avenir du s\u00e9lectionneur des \u00e9l\u00e9phants, Emerse Fa\u00e9, fait l\u2019objet de nombreuses critiques et rumeurs au sein de l\u2019opinion sportive. Dans une interview sur une cha\u00eene locale, le pr\u00e9sident de la F\u00e9d\u00e9ration Ivoirienne de Football, Idriss Yacine Diallo, a mis fin ai d\u00e9bat. [&hellip;]<\/p>\n","protected":false},"author":82,"featured_media":111811,"comment_status":"open","ping_status":"closed","sticky":false,"template":"","format":"standard","meta":{"footnotes":""},"categories":[6,10],"tags":[13587,3997,6891,859,10684],"class_list":["post-111812","post","type-post","status-publish","format-standard","has-post-thumbnail","hentry","category-sports","category-toutes-les-actualites","tag-can-2025","tag-diallo","tag-fae","tag-fif","tag-mondial-2026-2"],"yoast_head":"<!-- This site is optimized with the Yoast SEO Premium plugin v26.1 (Yoast SEO v27.0) - https:\/\/yoast.com\/product\/yoast-seo-premium-wordpress\/ -->\n<title>Mondial 2026, Idriss Diallo : \u00ab Fa\u00e9 devra travailler pour am\u00e9liorer les faiblesses qu&#039;il a... \u00bb - C\u00f4te d&#039;Ivoire<\/title>\n<meta name=\"robots\" content=\"index, follow, max-snippet:-1, max-image-preview:large, max-video-preview:-1\" \/>\n<link rel=\"canonical\" href=\"https:\/\/www.africa-press.net\/cotedivoire\/politique\/mondial-2026-idriss-diallo-fae-devra-travailler-pour-ameliorer-les-faiblesses-quil-a\" \/>\n<meta property=\"og:locale\" content=\"fr_FR\" \/>\n<meta property=\"og:type\" content=\"article\" \/>\n<meta property=\"og:title\" content=\"Mondial 2026, Idriss Diallo : \u00ab Fa\u00e9 devra travailler pour am\u00e9liorer les faiblesses qu&#039;il a... \u00bb\" \/>\n<meta property=\"og:description\" content=\"Fa\u00e9 et Diallo (DR) Elimin\u00e9 en quarts de finale de la CAN 2025, l\u2019avenir du s\u00e9lectionneur des \u00e9l\u00e9phants, Emerse Fa\u00e9, fait l\u2019objet de nombreuses critiques et rumeurs au sein de l\u2019opinion sportive. Dans une interview sur une cha\u00eene locale, le pr\u00e9sident de la F\u00e9d\u00e9ration Ivoirienne de Football, Idriss Yacine Diallo, a mis fin ai d\u00e9bat. [&hellip;]\" \/>\n<meta property=\"og:url\" content=\"https:\/\/www.africa-press.net\/cotedivoire\/politique\/mondial-2026-idriss-diallo-fae-devra-travailler-pour-ameliorer-les-faiblesses-quil-a\" \/>\n<meta property=\"og:site_name\" content=\"C\u00f4te d&#039;Ivoire\" \/>\n<meta property=\"article:published_time\" content=\"2026-01-26T21:15:42+00:00\" \/>\n<meta name=\"author\" content=\"cfeditorfr\" \/>\n<meta name=\"twitter:card\" content=\"summary_large_image\" \/>\n<meta name=\"twitter:label1\" content=\"\u00c9crit par\" \/>\n\t<meta name=\"twitter:data1\" content=\"cfeditorfr\" \/>\n\t<meta name=\"twitter:label2\" content=\"Dur\u00e9e de lecture estim\u00e9e\" \/>\n\t<meta name=\"twitter:data2\" content=\"1 minute\" \/>\n<script type=\"application\/ld+json\" class=\"yoast-schema-graph\">{\"@context\":\"https:\/\/schema.org\",\"@graph\":[{\"@type\":\"Article\",\"@id\":\"https:\/\/www.africa-press.net\/cotedivoire\/politique\/mondial-2026-idriss-diallo-fae-devra-travailler-pour-ameliorer-les-faiblesses-quil-a#article\",\"isPartOf\":{\"@id\":\"https:\/\/www.africa-press.net\/cotedivoire\/politique\/mondial-2026-idriss-diallo-fae-devra-travailler-pour-ameliorer-les-faiblesses-quil-a\"},\"author\":{\"name\":\"cfeditorfr\",\"@id\":\"https:\/\/www.africa-press.net\/cotedivoire\/#\/schema\/person\/2b1cf3cd81a31e3cd26889ca66d677f1\"},\"headline\":\"Mondial 2026, Idriss Diallo : \u00ab Fa\u00e9 devra travailler pour am\u00e9liorer les faiblesses qu&rsquo;il a&#8230; \u00bb\",\"datePublished\":\"2026-01-26T21:15:42+00:00\",\"mainEntityOfPage\":{\"@id\":\"https:\/\/www.africa-press.net\/cotedivoire\/politique\/mondial-2026-idriss-diallo-fae-devra-travailler-pour-ameliorer-les-faiblesses-quil-a\"},\"wordCount\":211,\"commentCount\":0,\"image\":{\"@id\":\"https:\/\/www.africa-press.net\/cotedivoire\/politique\/mondial-2026-idriss-diallo-fae-devra-travailler-pour-ameliorer-les-faiblesses-quil-a#primaryimage\"},\"thumbnailUrl\":\"https:\/\/static.africa-press.net\/cote\/sites\/43\/2026\/01\/sm_1769462142.202063.jpg\",\"keywords\":[\"CAN 2025\",\"DIALLO\",\"Fa\u00e9\",\"FIF\",\"Mondial 2026\"],\"articleSection\":[\"Sports\",\"Toutes les actualit\u00e9s\"],\"inLanguage\":\"fr-FR\",\"potentialAction\":[{\"@type\":\"CommentAction\",\"name\":\"Comment\",\"target\":[\"https:\/\/www.africa-press.net\/cotedivoire\/politique\/mondial-2026-idriss-diallo-fae-devra-travailler-pour-ameliorer-les-faiblesses-quil-a#respond\"]}]},{\"@type\":\"WebPage\",\"@id\":\"https:\/\/www.africa-press.net\/cotedivoire\/politique\/mondial-2026-idriss-diallo-fae-devra-travailler-pour-ameliorer-les-faiblesses-quil-a\",\"url\":\"https:\/\/www.africa-press.net\/cotedivoire\/politique\/mondial-2026-idriss-diallo-fae-devra-travailler-pour-ameliorer-les-faiblesses-quil-a\",\"name\":\"Mondial 2026, Idriss Diallo : \u00ab Fa\u00e9 devra travailler pour am\u00e9liorer les faiblesses qu'il a... \u00bb - C\u00f4te d&#039;Ivoire\",\"isPartOf\":{\"@id\":\"https:\/\/www.africa-press.net\/cotedivoire\/#website\"},\"primaryImageOfPage\":{\"@id\":\"https:\/\/www.africa-press.net\/cotedivoire\/politique\/mondial-2026-idriss-diallo-fae-devra-travailler-pour-ameliorer-les-faiblesses-quil-a#primaryimage\"},\"image\":{\"@id\":\"https:\/\/www.africa-press.net\/cotedivoire\/politique\/mondial-2026-idriss-diallo-fae-devra-travailler-pour-ameliorer-les-faiblesses-quil-a#primaryimage\"},\"thumbnailUrl\":\"https:\/\/static.africa-press.net\/cote\/sites\/43\/2026\/01\/sm_1769462142.202063.jpg\",\"datePublished\":\"2026-01-26T21:15:42+00:00\",\"author\":{\"@id\":\"https:\/\/www.africa-press.net\/cotedivoire\/#\/schema\/person\/2b1cf3cd81a31e3cd26889ca66d677f1\"},\"breadcrumb\":{\"@id\":\"https:\/\/www.africa-press.net\/cotedivoire\/politique\/mondial-2026-idriss-diallo-fae-devra-travailler-pour-ameliorer-les-faiblesses-quil-a#breadcrumb\"},\"inLanguage\":\"fr-FR\",\"potentialAction\":[{\"@type\":\"ReadAction\",\"target\":[\"https:\/\/www.africa-press.net\/cotedivoire\/politique\/mondial-2026-idriss-diallo-fae-devra-travailler-pour-ameliorer-les-faiblesses-quil-a\"]}]},{\"@type\":\"ImageObject\",\"inLanguage\":\"fr-FR\",\"@id\":\"https:\/\/www.africa-press.net\/cotedivoire\/politique\/mondial-2026-idriss-diallo-fae-devra-travailler-pour-ameliorer-les-faiblesses-quil-a#primaryimage\",\"url\":\"https:\/\/static.africa-press.net\/cote\/sites\/43\/2026\/01\/sm_1769462142.202063.jpg\",\"contentUrl\":\"https:\/\/static.africa-press.net\/cote\/sites\/43\/2026\/01\/sm_1769462142.202063.jpg\",\"width\":600,\"height\":270,\"caption\":\"Mondial 2026, Idriss Diallo : \u00ab Fa\u00e9 devra travailler pour am\u00e9liorer les faiblesses qu'il a... \u00bb\"},{\"@type\":\"BreadcrumbList\",\"@id\":\"https:\/\/www.africa-press.net\/cotedivoire\/politique\/mondial-2026-idriss-diallo-fae-devra-travailler-pour-ameliorer-les-faiblesses-quil-a#breadcrumb\",\"itemListElement\":[{\"@type\":\"ListItem\",\"position\":1,\"name\":\"Accueil\",\"item\":\"https:\/\/www.africa-press.net\/cotedivoire\/\"},{\"@type\":\"ListItem\",\"position\":2,\"name\":\"Mondial 2026, Idriss Diallo : \u00ab Fa\u00e9 devra travailler pour am\u00e9liorer les faiblesses qu&rsquo;il a&#8230; \u00bb\"}]},{\"@type\":\"WebSite\",\"@id\":\"https:\/\/www.africa-press.net\/cotedivoire\/#website\",\"url\":\"https:\/\/www.africa-press.net\/cotedivoire\/\",\"name\":\"C\u00f4te d&#039;Ivoire\",\"description\":\"Just another Africa News Agency Sites site\",\"potentialAction\":[{\"@type\":\"SearchAction\",\"target\":{\"@type\":\"EntryPoint\",\"urlTemplate\":\"https:\/\/www.africa-press.net\/cotedivoire\/?s={search_term_string}\"},\"query-input\":{\"@type\":\"PropertyValueSpecification\",\"valueRequired\":true,\"valueName\":\"search_term_string\"}}],\"inLanguage\":\"fr-FR\"},{\"@type\":\"Person\",\"@id\":\"https:\/\/www.africa-press.net\/cotedivoire\/#\/schema\/person\/2b1cf3cd81a31e3cd26889ca66d677f1\",\"name\":\"cfeditorfr\"}]}<\/script>\n<!-- \/ Yoast SEO Premium plugin. -->","yoast_head_json":{"title":"Mondial 2026, Idriss Diallo : \u00ab Fa\u00e9 devra travailler pour am\u00e9liorer les faiblesses qu'il a... \u00bb - C\u00f4te d&#039;Ivoire","robots":{"index":"index","follow":"follow","max-snippet":"max-snippet:-1","max-image-preview":"max-image-preview:large","max-video-preview":"max-video-preview:-1"},"canonical":"https:\/\/www.africa-press.net\/cotedivoire\/politique\/mondial-2026-idriss-diallo-fae-devra-travailler-pour-ameliorer-les-faiblesses-quil-a","og_locale":"fr_FR","og_type":"article","og_title":"Mondial 2026, Idriss Diallo : \u00ab Fa\u00e9 devra travailler pour am\u00e9liorer les faiblesses qu'il a... \u00bb","og_description":"Fa\u00e9 et Diallo (DR) Elimin\u00e9 en quarts de finale de la CAN 2025, l\u2019avenir du s\u00e9lectionneur des \u00e9l\u00e9phants, Emerse Fa\u00e9, fait l\u2019objet de nombreuses critiques et rumeurs au sein de l\u2019opinion sportive. Dans une interview sur une cha\u00eene locale, le pr\u00e9sident de la F\u00e9d\u00e9ration Ivoirienne de Football, Idriss Yacine Diallo, a mis fin ai d\u00e9bat. [&hellip;]","og_url":"https:\/\/www.africa-press.net\/cotedivoire\/politique\/mondial-2026-idriss-diallo-fae-devra-travailler-pour-ameliorer-les-faiblesses-quil-a","og_site_name":"C\u00f4te d&#039;Ivoire","article_published_time":"2026-01-26T21:15:42+00:00","author":"cfeditorfr","twitter_card":"summary_large_image","twitter_misc":{"\u00c9crit par":"cfeditorfr","Dur\u00e9e de lecture estim\u00e9e":"1 minute"},"schema":{"@context":"https:\/\/schema.org","@graph":[{"@type":"Article","@id":"https:\/\/www.africa-press.net\/cotedivoire\/politique\/mondial-2026-idriss-diallo-fae-devra-travailler-pour-ameliorer-les-faiblesses-quil-a#article","isPartOf":{"@id":"https:\/\/www.africa-press.net\/cotedivoire\/politique\/mondial-2026-idriss-diallo-fae-devra-travailler-pour-ameliorer-les-faiblesses-quil-a"},"author":{"name":"cfeditorfr","@id":"https:\/\/www.africa-press.net\/cotedivoire\/#\/schema\/person\/2b1cf3cd81a31e3cd26889ca66d677f1"},"headline":"Mondial 2026, Idriss Diallo : \u00ab Fa\u00e9 devra travailler pour am\u00e9liorer les faiblesses qu&rsquo;il a&#8230; \u00bb","datePublished":"2026-01-26T21:15:42+00:00","mainEntityOfPage":{"@id":"https:\/\/www.africa-press.net\/cotedivoire\/politique\/mondial-2026-idriss-diallo-fae-devra-travailler-pour-ameliorer-les-faiblesses-quil-a"},"wordCount":211,"commentCount":0,"image":{"@id":"https:\/\/www.africa-press.net\/cotedivoire\/politique\/mondial-2026-idriss-diallo-fae-devra-travailler-pour-ameliorer-les-faiblesses-quil-a#primaryimage"},"thumbnailUrl":"https:\/\/static.africa-press.net\/cote\/sites\/43\/2026\/01\/sm_1769462142.202063.jpg","keywords":["CAN 2025","DIALLO","Fa\u00e9","FIF","Mondial 2026"],"articleSection":["Sports","Toutes les actualit\u00e9s"],"inLanguage":"fr-FR","potentialAction":[{"@type":"CommentAction","name":"Comment","target":["https:\/\/www.africa-press.net\/cotedivoire\/politique\/mondial-2026-idriss-diallo-fae-devra-travailler-pour-ameliorer-les-faiblesses-quil-a#respond"]}]},{"@type":"WebPage","@id":"https:\/\/www.africa-press.net\/cotedivoire\/politique\/mondial-2026-idriss-diallo-fae-devra-travailler-pour-ameliorer-les-faiblesses-quil-a","url":"https:\/\/www.africa-press.net\/cotedivoire\/politique\/mondial-2026-idriss-diallo-fae-devra-travailler-pour-ameliorer-les-faiblesses-quil-a","name":"Mondial 2026, Idriss Diallo : \u00ab Fa\u00e9 devra travailler pour am\u00e9liorer les faiblesses qu'il a... \u00bb - C\u00f4te d&#039;Ivoire","isPartOf":{"@id":"https:\/\/www.africa-press.net\/cotedivoire\/#website"},"primaryImageOfPage":{"@id":"https:\/\/www.africa-press.net\/cotedivoire\/politique\/mondial-2026-idriss-diallo-fae-devra-travailler-pour-ameliorer-les-faiblesses-quil-a#primaryimage"},"image":{"@id":"https:\/\/www.africa-press.net\/cotedivoire\/politique\/mondial-2026-idriss-diallo-fae-devra-travailler-pour-ameliorer-les-faiblesses-quil-a#primaryimage"},"thumbnailUrl":"https:\/\/static.africa-press.net\/cote\/sites\/43\/2026\/01\/sm_1769462142.202063.jpg","datePublished":"2026-01-26T21:15:42+00:00","author":{"@id":"https:\/\/www.africa-press.net\/cotedivoire\/#\/schema\/person\/2b1cf3cd81a31e3cd26889ca66d677f1"},"breadcrumb":{"@id":"https:\/\/www.africa-press.net\/cotedivoire\/politique\/mondial-2026-idriss-diallo-fae-devra-travailler-pour-ameliorer-les-faiblesses-quil-a#breadcrumb"},"inLanguage":"fr-FR","potentialAction":[{"@type":"ReadAction","target":["https:\/\/www.africa-press.net\/cotedivoire\/politique\/mondial-2026-idriss-diallo-fae-devra-travailler-pour-ameliorer-les-faiblesses-quil-a"]}]},{"@type":"ImageObject","inLanguage":"fr-FR","@id":"https:\/\/www.africa-press.net\/cotedivoire\/politique\/mondial-2026-idriss-diallo-fae-devra-travailler-pour-ameliorer-les-faiblesses-quil-a#primaryimage","url":"https:\/\/static.africa-press.net\/cote\/sites\/43\/2026\/01\/sm_1769462142.202063.jpg","contentUrl":"https:\/\/static.africa-press.net\/cote\/sites\/43\/2026\/01\/sm_1769462142.202063.jpg","width":600,"height":270,"caption":"Mondial 2026, Idriss Diallo : \u00ab Fa\u00e9 devra travailler pour am\u00e9liorer les faiblesses qu'il a... \u00bb"},{"@type":"BreadcrumbList","@id":"https:\/\/www.africa-press.net\/cotedivoire\/politique\/mondial-2026-idriss-diallo-fae-devra-travailler-pour-ameliorer-les-faiblesses-quil-a#breadcrumb","itemListElement":[{"@type":"ListItem","position":1,"name":"Accueil","item":"https:\/\/www.africa-press.net\/cotedivoire\/"},{"@type":"ListItem","position":2,"name":"Mondial 2026, Idriss Diallo : \u00ab Fa\u00e9 devra travailler pour am\u00e9liorer les faiblesses qu&rsquo;il a&#8230; \u00bb"}]},{"@type":"WebSite","@id":"https:\/\/www.africa-press.net\/cotedivoire\/#website","url":"https:\/\/www.africa-press.net\/cotedivoire\/","name":"C\u00f4te d&#039;Ivoire","description":"Just another Africa News Agency Sites site","potentialAction":[{"@type":"SearchAction","target":{"@type":"EntryPoint","urlTemplate":"https:\/\/www.africa-press.net\/cotedivoire\/?s={search_term_string}"},"query-input":{"@type":"PropertyValueSpecification","valueRequired":true,"valueName":"search_term_string"}}],"inLanguage":"fr-FR"},{"@type":"Person","@id":"https:\/\/www.africa-press.net\/cotedivoire\/#\/schema\/person\/2b1cf3cd81a31e3cd26889ca66d677f1","name":"cfeditorfr"}]}},"_links":{"self":[{"href":"https:\/\/www.africa-press.net\/cotedivoire\/wp-json\/wp\/v2\/posts\/111812","targetHints":{"allow":["GET"]}}],"collection":[{"href":"https:\/\/www.africa-press.net\/cotedivoire\/wp-json\/wp\/v2\/posts"}],"about":[{"href":"https:\/\/www.africa-press.net\/cotedivoire\/wp-json\/wp\/v2\/types\/post"}],"author":[{"embeddable":true,"href":"https:\/\/www.africa-press.net\/cotedivoire\/wp-json\/wp\/v2\/users\/82"}],"replies":[{"embeddable":true,"href":"https:\/\/www.africa-press.net\/cotedivoire\/wp-json\/wp\/v2\/comments?post=111812"}],"version-history":[{"count":0,"href":"https:\/\/www.africa-press.net\/cotedivoire\/wp-json\/wp\/v2\/posts\/111812\/revisions"}],"wp:featuredmedia":[{"embeddable":true,"href":"https:\/\/www.africa-press.net\/cotedivoire\/wp-json\/wp\/v2\/media\/111811"}],"wp:attachment":[{"href":"https:\/\/www.africa-press.net\/cotedivoire\/wp-json\/wp\/v2\/media?parent=111812"}],"wp:term":[{"taxonomy":"category","embeddable":true,"href":"https:\/\/www.africa-press.net\/cotedivoire\/wp-json\/wp\/v2\/categories?post=111812"},{"taxonomy":"post_tag","embeddable":true,"href":"https:\/\/www.africa-press.net\/cotedivoire\/wp-json\/wp\/v2\/tags?post=111812"}],"curies":[{"name":"wp","href":"https:\/\/api.w.org\/{rel}","templated":true}]}}