{"id":111818,"date":"2026-01-26T21:18:26","date_gmt":"2026-01-26T21:18:26","guid":{"rendered":"https:\/\/www.africa-press.net\/cotedivoire\/politique\/kanga-koffi-president-lassociation-des-producteurs-de-cafe-cacao-salue-linitiative-du-gouvernement-decouler-les-stocks-mais-la-trouve-insuffisante"},"modified":"2026-01-26T21:18:26","modified_gmt":"2026-01-26T21:18:26","slug":"kanga-koffi-president-lassociation-des-producteurs-de-cafe-cacao-salue-linitiative-du-gouvernement-decouler-les-stocks-mais-la-trouve-insuffisante","status":"publish","type":"post","link":"https:\/\/www.africa-press.net\/cotedivoire\/economie\/kanga-koffi-president-lassociation-des-producteurs-de-cafe-cacao-salue-linitiative-du-gouvernement-decouler-les-stocks-mais-la-trouve-insuffisante","title":{"rendered":"Kanga Koffi, pr\u00e9sident l&rsquo;Association  des producteurs de caf\u00e9-cacao salue l&rsquo;initiative du Gouvernement d&rsquo;\u00e9couler les stocks, mais la trouve  insuffisante"},"content":{"rendered":"<p>Kanga Koffi, PCA de l\u2019ANAPROCI (Ph KOACI)<\/p>\n<p>\u00c0 la veille de son Assembl\u00e9e g\u00e9n\u00e9rale extraordinaire, l\u2019Association nationale des producteurs de caf\u00e9-cacao de C\u00f4te d\u2019Ivoire (ANAPROCI), par la voix de son pr\u00e9sident du Conseil d\u2019administration, Kanga Koffi, livre une analyse nuanc\u00e9e des mesures annonc\u00e9es par le gouvernement pour r\u00e9soudre les difficult\u00e9s de commercialisation du cacao.<\/p>\n<p>Lors d\u2019une conf\u00e9rence de presse tenue r\u00e9cemment, le ministre de l\u2019Agriculture, Kobenan Adjoumani, a pr\u00e9sent\u00e9 la strat\u00e9gie gouvernementale visant l\u2019\u00e9coulement de stocks de cacao estim\u00e9s \u00e0 123 000 tonnes, avec un m\u00e9canisme de stockage provisoire et une enveloppe financi\u00e8re de 280 milliards de FCFA. Une annonce accueillie avec prudence par l\u2019ANAPROCI.<\/p>\n<p>Pour Kanga Koffi, l\u2019initiative gouvernementale traduit avant tout l\u2019engagement constant du chef de l\u2019\u00c9tat en faveur du monde paysan.<\/p>\n<p>\u00ab Cette d\u00e9cision ne nous surprend pas. Le Pr\u00e9sident de la R\u00e9publique a toujours accord\u00e9 une attention particuli\u00e8re aux producteurs \u00bb, reconna\u00eet-il.<\/p>\n<p>Toutefois, le pr\u00e9sident du PCA de l\u2019ANAPROCI estime que, malgr\u00e9 cette volont\u00e9 affich\u00e9e, la solution propos\u00e9e reste incompl\u00e8te au regard de la gravit\u00e9 de la situation.<\/p>\n<p>L\u2019un des principaux points de r\u00e9serve concerne la coh\u00e9rence des montants annonc\u00e9s. \u00c0 un prix bord champ fix\u00e9 \u00e0 2 800 FCFA le kilogramme, avec une cession aux industriels \u00e0 2 900 FCFA, 100 000 tonnes de cacao repr\u00e9sentent d\u00e9j\u00e0 pr\u00e8s de 290 milliards de FCFA.<\/p>\n<p>\u00ab Pour 123 000 tonnes, le besoin r\u00e9el avoisine plut\u00f4t 344 milliards de FCFA, sans m\u00eame int\u00e9grer les marges des coop\u00e9ratives et des acheteurs \u00bb, souligne Kanga Koffi. Selon lui, les 280 milliards de FCFA annonc\u00e9s restent donc en de\u00e7\u00e0 des besoins r\u00e9els.<\/p>\n<p>Le choix du stockage provisoire \u00e0 Transcao constitue \u00e9galement une source d\u2019inqui\u00e9tude pour l\u2019ANAPROCI. Une immobilisation prolong\u00e9e des stocks risque, selon l\u2019organisation, d\u2019ass\u00e9cher la tr\u00e9sorerie des coop\u00e9ratives et des acheteurs, qui fonctionnent principalement gr\u00e2ce \u00e0 des lignes de cr\u00e9dit bancaires.<\/p>\n<p>Dans un contexte d\u2019incertitude qui perdure depuis novembre, un retrait des financements bancaires exposerait de nombreux producteurs, notamment ceux qui d\u00e9tiennent encore du cacao dans les villages et campements, \u00e0 une situation \u00e9conomique difficile.<\/p>\n<p>Sans parler de d\u00e9ception, Kanga Koffi estime que la solution propos\u00e9e aurait gagn\u00e9 en efficacit\u00e9 si elle avait \u00e9t\u00e9 \u00e9labor\u00e9e de mani\u00e8re plus inclusive.<\/p>\n<p>\u00ab Plusieurs organisations ont alert\u00e9 l\u2019opinion et les autorit\u00e9s sur l\u2019ampleur de la crise. Pourtant, tous les acteurs n\u2019ont pas \u00e9t\u00e9 associ\u00e9s \u00e0 la r\u00e9flexion \u00bb, regrette-t-il.<\/p>\n<p>Pour l\u2019ANAPROCI, une r\u00e9ponse partielle \u00e0 un probl\u00e8me aussi complexe risque de ne pas apporter de solution durable.<\/p>\n<p>Concernant l\u2019Organisation interprofessionnelle agricole (OIA), pr\u00e9sent\u00e9e comme l\u2019unique interlocuteur de la fili\u00e8re, Kanga Koffi rappelle que le d\u00e9cret portant sa cr\u00e9ation en fait une instance porte-parole, sans exclure les associations, syndicats et organisations de producteurs.<\/p>\n<p>Il indique par ailleurs que, si l\u2019OIA reconna\u00eet aujourd\u2019hui l\u2019existence du blocage, la proposition de sortie de crise n\u2019a pas fait l\u2019objet d\u2019une concertation \u00e9largie, ce qui expliquerait certaines zones d\u2019ombre.<\/p>\n<p>Autre sujet de pr\u00e9occupation : l\u2019\u00e9valuation des volumes concern\u00e9s. Aux 123 000 tonnes annonc\u00e9es s\u2019ajouteraient des stocks impay\u00e9s depuis novembre, des quantit\u00e9s d\u00e9tenues par les producteurs et une surproduction venue de l\u2019ext\u00e9rieur.<\/p>\n<p>L\u2019ANAPROCI \u00e9voque \u00e9galement des entr\u00e9es de cacao par les ports d\u2019Abidjan et de San-P\u00e9dro sans connaissement, r\u00e9v\u00e9lant, selon elle, des failles importantes dans le dispositif de contr\u00f4le de la fili\u00e8re.<\/p>\n<p>\u00c0 l\u2019approche de son Assembl\u00e9e g\u00e9n\u00e9rale extraordinaire, l\u2019ANAPROCI r\u00e9affirme que sa priorit\u00e9 demeure le bien-\u00eatre du producteur ivoirien.<\/p>\n<p>\u00ab Peu importe l\u2019interlocuteur institutionnel, l\u2019essentiel est que la solution soit efficace et durable \u00bb, insiste Kanga Koffi.<\/p>\n<p>Si l\u2019initiative gouvernementale est jug\u00e9e salutaire, le pr\u00e9sident de l\u2019ANAPROCI pr\u00e9vient qu\u2019elle reste insuffisante en l\u2019\u00e9tat. Sans correction des insuffisances relev\u00e9es, le risque est, selon lui, de d\u00e9placer la crise plut\u00f4t que de la r\u00e9soudre durablement, au d\u00e9triment des producteurs de cacao.<\/p>\n<p>Donatien Kautcha, Abidjan<\/p>\n","protected":false},"excerpt":{"rendered":"<p>Kanga Koffi, PCA de l\u2019ANAPROCI (Ph KOACI) \u00c0 la veille de son Assembl\u00e9e g\u00e9n\u00e9rale extraordinaire, l\u2019Association nationale des producteurs de caf\u00e9-cacao de C\u00f4te d\u2019Ivoire (ANAPROCI), par la voix de son pr\u00e9sident du Conseil d\u2019administration, Kanga Koffi, livre une analyse nuanc\u00e9e des mesures annonc\u00e9es par le gouvernement pour r\u00e9soudre les difficult\u00e9s de commercialisation du cacao. Lors [&hellip;]<\/p>\n","protected":false},"author":82,"featured_media":111817,"comment_status":"open","ping_status":"closed","sticky":false,"template":"","format":"standard","meta":{"footnotes":""},"categories":[3,10],"tags":[3855,1685,762,3854,16978],"class_list":["post-111818","post","type-post","status-publish","format-standard","has-post-thumbnail","hentry","category-economie","category-toutes-les-actualites","tag-anaproci","tag-cacao","tag-gouvernement","tag-kanga-koffi","tag-stocks"],"yoast_head":"<!-- This site is optimized with the Yoast SEO Premium plugin v26.1 (Yoast SEO v27.0) - https:\/\/yoast.com\/product\/yoast-seo-premium-wordpress\/ -->\n<title>Kanga Koffi, pr\u00e9sident l&#039;Association des producteurs de caf\u00e9-cacao salue l&#039;initiative du Gouvernement d&#039;\u00e9couler les stocks, mais la trouve insuffisante - C\u00f4te d&#039;Ivoire<\/title>\n<meta name=\"robots\" content=\"index, follow, max-snippet:-1, max-image-preview:large, max-video-preview:-1\" \/>\n<link rel=\"canonical\" href=\"https:\/\/www.africa-press.net\/cotedivoire\/politique\/kanga-koffi-president-lassociation-des-producteurs-de-cafe-cacao-salue-linitiative-du-gouvernement-decouler-les-stocks-mais-la-trouve-insuffisante\" \/>\n<meta property=\"og:locale\" content=\"fr_FR\" \/>\n<meta property=\"og:type\" content=\"article\" \/>\n<meta property=\"og:title\" content=\"Kanga Koffi, pr\u00e9sident l&#039;Association des producteurs de caf\u00e9-cacao salue l&#039;initiative du Gouvernement d&#039;\u00e9couler les stocks, mais la trouve insuffisante\" \/>\n<meta property=\"og:description\" content=\"Kanga Koffi, PCA de l\u2019ANAPROCI (Ph KOACI) \u00c0 la veille de son Assembl\u00e9e g\u00e9n\u00e9rale extraordinaire, l\u2019Association nationale des producteurs de caf\u00e9-cacao de C\u00f4te d\u2019Ivoire (ANAPROCI), par la voix de son pr\u00e9sident du Conseil d\u2019administration, Kanga Koffi, livre une analyse nuanc\u00e9e des mesures annonc\u00e9es par le gouvernement pour r\u00e9soudre les difficult\u00e9s de commercialisation du cacao. Lors [&hellip;]\" \/>\n<meta property=\"og:url\" content=\"https:\/\/www.africa-press.net\/cotedivoire\/politique\/kanga-koffi-president-lassociation-des-producteurs-de-cafe-cacao-salue-linitiative-du-gouvernement-decouler-les-stocks-mais-la-trouve-insuffisante\" \/>\n<meta property=\"og:site_name\" content=\"C\u00f4te d&#039;Ivoire\" \/>\n<meta property=\"article:published_time\" content=\"2026-01-26T21:18:26+00:00\" \/>\n<meta name=\"author\" content=\"cfeditorfr\" \/>\n<meta name=\"twitter:card\" content=\"summary_large_image\" \/>\n<meta name=\"twitter:label1\" content=\"\u00c9crit par\" \/>\n\t<meta name=\"twitter:data1\" content=\"cfeditorfr\" \/>\n\t<meta name=\"twitter:label2\" content=\"Dur\u00e9e de lecture estim\u00e9e\" \/>\n\t<meta name=\"twitter:data2\" content=\"4 minutes\" \/>\n<script type=\"application\/ld+json\" class=\"yoast-schema-graph\">{\"@context\":\"https:\/\/schema.org\",\"@graph\":[{\"@type\":\"Article\",\"@id\":\"https:\/\/www.africa-press.net\/cotedivoire\/politique\/kanga-koffi-president-lassociation-des-producteurs-de-cafe-cacao-salue-linitiative-du-gouvernement-decouler-les-stocks-mais-la-trouve-insuffisante#article\",\"isPartOf\":{\"@id\":\"https:\/\/www.africa-press.net\/cotedivoire\/politique\/kanga-koffi-president-lassociation-des-producteurs-de-cafe-cacao-salue-linitiative-du-gouvernement-decouler-les-stocks-mais-la-trouve-insuffisante\"},\"author\":{\"name\":\"cfeditorfr\",\"@id\":\"https:\/\/www.africa-press.net\/cotedivoire\/#\/schema\/person\/2b1cf3cd81a31e3cd26889ca66d677f1\"},\"headline\":\"Kanga Koffi, pr\u00e9sident l&rsquo;Association des producteurs de caf\u00e9-cacao salue l&rsquo;initiative du Gouvernement d&rsquo;\u00e9couler les stocks, mais la trouve insuffisante\",\"datePublished\":\"2026-01-26T21:18:26+00:00\",\"mainEntityOfPage\":{\"@id\":\"https:\/\/www.africa-press.net\/cotedivoire\/politique\/kanga-koffi-president-lassociation-des-producteurs-de-cafe-cacao-salue-linitiative-du-gouvernement-decouler-les-stocks-mais-la-trouve-insuffisante\"},\"wordCount\":733,\"commentCount\":0,\"image\":{\"@id\":\"https:\/\/www.africa-press.net\/cotedivoire\/politique\/kanga-koffi-president-lassociation-des-producteurs-de-cafe-cacao-salue-linitiative-du-gouvernement-decouler-les-stocks-mais-la-trouve-insuffisante#primaryimage\"},\"thumbnailUrl\":\"https:\/\/static.africa-press.net\/cote\/sites\/43\/2026\/01\/sm_1769462306.125146.jpg\",\"keywords\":[\"ANAPROCI\",\"cacao\",\"Gouvernement\",\"Kanga Koffi\",\"Stocks\"],\"articleSection\":[\"\u00c9conomie\",\"Toutes les actualit\u00e9s\"],\"inLanguage\":\"fr-FR\",\"potentialAction\":[{\"@type\":\"CommentAction\",\"name\":\"Comment\",\"target\":[\"https:\/\/www.africa-press.net\/cotedivoire\/politique\/kanga-koffi-president-lassociation-des-producteurs-de-cafe-cacao-salue-linitiative-du-gouvernement-decouler-les-stocks-mais-la-trouve-insuffisante#respond\"]}]},{\"@type\":\"WebPage\",\"@id\":\"https:\/\/www.africa-press.net\/cotedivoire\/politique\/kanga-koffi-president-lassociation-des-producteurs-de-cafe-cacao-salue-linitiative-du-gouvernement-decouler-les-stocks-mais-la-trouve-insuffisante\",\"url\":\"https:\/\/www.africa-press.net\/cotedivoire\/politique\/kanga-koffi-president-lassociation-des-producteurs-de-cafe-cacao-salue-linitiative-du-gouvernement-decouler-les-stocks-mais-la-trouve-insuffisante\",\"name\":\"Kanga Koffi, pr\u00e9sident l'Association des producteurs de caf\u00e9-cacao salue l'initiative du Gouvernement d'\u00e9couler les stocks, mais la trouve insuffisante - C\u00f4te d&#039;Ivoire\",\"isPartOf\":{\"@id\":\"https:\/\/www.africa-press.net\/cotedivoire\/#website\"},\"primaryImageOfPage\":{\"@id\":\"https:\/\/www.africa-press.net\/cotedivoire\/politique\/kanga-koffi-president-lassociation-des-producteurs-de-cafe-cacao-salue-linitiative-du-gouvernement-decouler-les-stocks-mais-la-trouve-insuffisante#primaryimage\"},\"image\":{\"@id\":\"https:\/\/www.africa-press.net\/cotedivoire\/politique\/kanga-koffi-president-lassociation-des-producteurs-de-cafe-cacao-salue-linitiative-du-gouvernement-decouler-les-stocks-mais-la-trouve-insuffisante#primaryimage\"},\"thumbnailUrl\":\"https:\/\/static.africa-press.net\/cote\/sites\/43\/2026\/01\/sm_1769462306.125146.jpg\",\"datePublished\":\"2026-01-26T21:18:26+00:00\",\"author\":{\"@id\":\"https:\/\/www.africa-press.net\/cotedivoire\/#\/schema\/person\/2b1cf3cd81a31e3cd26889ca66d677f1\"},\"breadcrumb\":{\"@id\":\"https:\/\/www.africa-press.net\/cotedivoire\/politique\/kanga-koffi-president-lassociation-des-producteurs-de-cafe-cacao-salue-linitiative-du-gouvernement-decouler-les-stocks-mais-la-trouve-insuffisante#breadcrumb\"},\"inLanguage\":\"fr-FR\",\"potentialAction\":[{\"@type\":\"ReadAction\",\"target\":[\"https:\/\/www.africa-press.net\/cotedivoire\/politique\/kanga-koffi-president-lassociation-des-producteurs-de-cafe-cacao-salue-linitiative-du-gouvernement-decouler-les-stocks-mais-la-trouve-insuffisante\"]}]},{\"@type\":\"ImageObject\",\"inLanguage\":\"fr-FR\",\"@id\":\"https:\/\/www.africa-press.net\/cotedivoire\/politique\/kanga-koffi-president-lassociation-des-producteurs-de-cafe-cacao-salue-linitiative-du-gouvernement-decouler-les-stocks-mais-la-trouve-insuffisante#primaryimage\",\"url\":\"https:\/\/static.africa-press.net\/cote\/sites\/43\/2026\/01\/sm_1769462306.125146.jpg\",\"contentUrl\":\"https:\/\/static.africa-press.net\/cote\/sites\/43\/2026\/01\/sm_1769462306.125146.jpg\",\"width\":600,\"height\":289,\"caption\":\"Kanga Koffi, pr\u00e9sident l'Association des producteurs de caf\u00e9-cacao salue l'initiative du Gouvernement d'\u00e9couler les stocks, mais la trouve insuffisante\"},{\"@type\":\"BreadcrumbList\",\"@id\":\"https:\/\/www.africa-press.net\/cotedivoire\/politique\/kanga-koffi-president-lassociation-des-producteurs-de-cafe-cacao-salue-linitiative-du-gouvernement-decouler-les-stocks-mais-la-trouve-insuffisante#breadcrumb\",\"itemListElement\":[{\"@type\":\"ListItem\",\"position\":1,\"name\":\"Accueil\",\"item\":\"https:\/\/www.africa-press.net\/cotedivoire\/\"},{\"@type\":\"ListItem\",\"position\":2,\"name\":\"Kanga Koffi, pr\u00e9sident l&rsquo;Association des producteurs de caf\u00e9-cacao salue l&rsquo;initiative du Gouvernement d&rsquo;\u00e9couler les stocks, mais la trouve insuffisante\"}]},{\"@type\":\"WebSite\",\"@id\":\"https:\/\/www.africa-press.net\/cotedivoire\/#website\",\"url\":\"https:\/\/www.africa-press.net\/cotedivoire\/\",\"name\":\"C\u00f4te d&#039;Ivoire\",\"description\":\"Just another Africa News Agency Sites site\",\"potentialAction\":[{\"@type\":\"SearchAction\",\"target\":{\"@type\":\"EntryPoint\",\"urlTemplate\":\"https:\/\/www.africa-press.net\/cotedivoire\/?s={search_term_string}\"},\"query-input\":{\"@type\":\"PropertyValueSpecification\",\"valueRequired\":true,\"valueName\":\"search_term_string\"}}],\"inLanguage\":\"fr-FR\"},{\"@type\":\"Person\",\"@id\":\"https:\/\/www.africa-press.net\/cotedivoire\/#\/schema\/person\/2b1cf3cd81a31e3cd26889ca66d677f1\",\"name\":\"cfeditorfr\"}]}<\/script>\n<!-- \/ Yoast SEO Premium plugin. -->","yoast_head_json":{"title":"Kanga Koffi, pr\u00e9sident l'Association des producteurs de caf\u00e9-cacao salue l'initiative du Gouvernement d'\u00e9couler les stocks, mais la trouve insuffisante - C\u00f4te d&#039;Ivoire","robots":{"index":"index","follow":"follow","max-snippet":"max-snippet:-1","max-image-preview":"max-image-preview:large","max-video-preview":"max-video-preview:-1"},"canonical":"https:\/\/www.africa-press.net\/cotedivoire\/politique\/kanga-koffi-president-lassociation-des-producteurs-de-cafe-cacao-salue-linitiative-du-gouvernement-decouler-les-stocks-mais-la-trouve-insuffisante","og_locale":"fr_FR","og_type":"article","og_title":"Kanga Koffi, pr\u00e9sident l'Association des producteurs de caf\u00e9-cacao salue l'initiative du Gouvernement d'\u00e9couler les stocks, mais la trouve insuffisante","og_description":"Kanga Koffi, PCA de l\u2019ANAPROCI (Ph KOACI) \u00c0 la veille de son Assembl\u00e9e g\u00e9n\u00e9rale extraordinaire, l\u2019Association nationale des producteurs de caf\u00e9-cacao de C\u00f4te d\u2019Ivoire (ANAPROCI), par la voix de son pr\u00e9sident du Conseil d\u2019administration, Kanga Koffi, livre une analyse nuanc\u00e9e des mesures annonc\u00e9es par le gouvernement pour r\u00e9soudre les difficult\u00e9s de commercialisation du cacao. Lors [&hellip;]","og_url":"https:\/\/www.africa-press.net\/cotedivoire\/politique\/kanga-koffi-president-lassociation-des-producteurs-de-cafe-cacao-salue-linitiative-du-gouvernement-decouler-les-stocks-mais-la-trouve-insuffisante","og_site_name":"C\u00f4te d&#039;Ivoire","article_published_time":"2026-01-26T21:18:26+00:00","author":"cfeditorfr","twitter_card":"summary_large_image","twitter_misc":{"\u00c9crit par":"cfeditorfr","Dur\u00e9e de lecture estim\u00e9e":"4 minutes"},"schema":{"@context":"https:\/\/schema.org","@graph":[{"@type":"Article","@id":"https:\/\/www.africa-press.net\/cotedivoire\/politique\/kanga-koffi-president-lassociation-des-producteurs-de-cafe-cacao-salue-linitiative-du-gouvernement-decouler-les-stocks-mais-la-trouve-insuffisante#article","isPartOf":{"@id":"https:\/\/www.africa-press.net\/cotedivoire\/politique\/kanga-koffi-president-lassociation-des-producteurs-de-cafe-cacao-salue-linitiative-du-gouvernement-decouler-les-stocks-mais-la-trouve-insuffisante"},"author":{"name":"cfeditorfr","@id":"https:\/\/www.africa-press.net\/cotedivoire\/#\/schema\/person\/2b1cf3cd81a31e3cd26889ca66d677f1"},"headline":"Kanga Koffi, pr\u00e9sident l&rsquo;Association des producteurs de caf\u00e9-cacao salue l&rsquo;initiative du Gouvernement d&rsquo;\u00e9couler les stocks, mais la trouve insuffisante","datePublished":"2026-01-26T21:18:26+00:00","mainEntityOfPage":{"@id":"https:\/\/www.africa-press.net\/cotedivoire\/politique\/kanga-koffi-president-lassociation-des-producteurs-de-cafe-cacao-salue-linitiative-du-gouvernement-decouler-les-stocks-mais-la-trouve-insuffisante"},"wordCount":733,"commentCount":0,"image":{"@id":"https:\/\/www.africa-press.net\/cotedivoire\/politique\/kanga-koffi-president-lassociation-des-producteurs-de-cafe-cacao-salue-linitiative-du-gouvernement-decouler-les-stocks-mais-la-trouve-insuffisante#primaryimage"},"thumbnailUrl":"https:\/\/static.africa-press.net\/cote\/sites\/43\/2026\/01\/sm_1769462306.125146.jpg","keywords":["ANAPROCI","cacao","Gouvernement","Kanga Koffi","Stocks"],"articleSection":["\u00c9conomie","Toutes les actualit\u00e9s"],"inLanguage":"fr-FR","potentialAction":[{"@type":"CommentAction","name":"Comment","target":["https:\/\/www.africa-press.net\/cotedivoire\/politique\/kanga-koffi-president-lassociation-des-producteurs-de-cafe-cacao-salue-linitiative-du-gouvernement-decouler-les-stocks-mais-la-trouve-insuffisante#respond"]}]},{"@type":"WebPage","@id":"https:\/\/www.africa-press.net\/cotedivoire\/politique\/kanga-koffi-president-lassociation-des-producteurs-de-cafe-cacao-salue-linitiative-du-gouvernement-decouler-les-stocks-mais-la-trouve-insuffisante","url":"https:\/\/www.africa-press.net\/cotedivoire\/politique\/kanga-koffi-president-lassociation-des-producteurs-de-cafe-cacao-salue-linitiative-du-gouvernement-decouler-les-stocks-mais-la-trouve-insuffisante","name":"Kanga Koffi, pr\u00e9sident l'Association des producteurs de caf\u00e9-cacao salue l'initiative du Gouvernement d'\u00e9couler les stocks, mais la trouve insuffisante - C\u00f4te d&#039;Ivoire","isPartOf":{"@id":"https:\/\/www.africa-press.net\/cotedivoire\/#website"},"primaryImageOfPage":{"@id":"https:\/\/www.africa-press.net\/cotedivoire\/politique\/kanga-koffi-president-lassociation-des-producteurs-de-cafe-cacao-salue-linitiative-du-gouvernement-decouler-les-stocks-mais-la-trouve-insuffisante#primaryimage"},"image":{"@id":"https:\/\/www.africa-press.net\/cotedivoire\/politique\/kanga-koffi-president-lassociation-des-producteurs-de-cafe-cacao-salue-linitiative-du-gouvernement-decouler-les-stocks-mais-la-trouve-insuffisante#primaryimage"},"thumbnailUrl":"https:\/\/static.africa-press.net\/cote\/sites\/43\/2026\/01\/sm_1769462306.125146.jpg","datePublished":"2026-01-26T21:18:26+00:00","author":{"@id":"https:\/\/www.africa-press.net\/cotedivoire\/#\/schema\/person\/2b1cf3cd81a31e3cd26889ca66d677f1"},"breadcrumb":{"@id":"https:\/\/www.africa-press.net\/cotedivoire\/politique\/kanga-koffi-president-lassociation-des-producteurs-de-cafe-cacao-salue-linitiative-du-gouvernement-decouler-les-stocks-mais-la-trouve-insuffisante#breadcrumb"},"inLanguage":"fr-FR","potentialAction":[{"@type":"ReadAction","target":["https:\/\/www.africa-press.net\/cotedivoire\/politique\/kanga-koffi-president-lassociation-des-producteurs-de-cafe-cacao-salue-linitiative-du-gouvernement-decouler-les-stocks-mais-la-trouve-insuffisante"]}]},{"@type":"ImageObject","inLanguage":"fr-FR","@id":"https:\/\/www.africa-press.net\/cotedivoire\/politique\/kanga-koffi-president-lassociation-des-producteurs-de-cafe-cacao-salue-linitiative-du-gouvernement-decouler-les-stocks-mais-la-trouve-insuffisante#primaryimage","url":"https:\/\/static.africa-press.net\/cote\/sites\/43\/2026\/01\/sm_1769462306.125146.jpg","contentUrl":"https:\/\/static.africa-press.net\/cote\/sites\/43\/2026\/01\/sm_1769462306.125146.jpg","width":600,"height":289,"caption":"Kanga Koffi, pr\u00e9sident l'Association des producteurs de caf\u00e9-cacao salue l'initiative du Gouvernement d'\u00e9couler les stocks, mais la trouve insuffisante"},{"@type":"BreadcrumbList","@id":"https:\/\/www.africa-press.net\/cotedivoire\/politique\/kanga-koffi-president-lassociation-des-producteurs-de-cafe-cacao-salue-linitiative-du-gouvernement-decouler-les-stocks-mais-la-trouve-insuffisante#breadcrumb","itemListElement":[{"@type":"ListItem","position":1,"name":"Accueil","item":"https:\/\/www.africa-press.net\/cotedivoire\/"},{"@type":"ListItem","position":2,"name":"Kanga Koffi, pr\u00e9sident l&rsquo;Association des producteurs de caf\u00e9-cacao salue l&rsquo;initiative du Gouvernement d&rsquo;\u00e9couler les stocks, mais la trouve insuffisante"}]},{"@type":"WebSite","@id":"https:\/\/www.africa-press.net\/cotedivoire\/#website","url":"https:\/\/www.africa-press.net\/cotedivoire\/","name":"C\u00f4te d&#039;Ivoire","description":"Just another Africa News Agency Sites site","potentialAction":[{"@type":"SearchAction","target":{"@type":"EntryPoint","urlTemplate":"https:\/\/www.africa-press.net\/cotedivoire\/?s={search_term_string}"},"query-input":{"@type":"PropertyValueSpecification","valueRequired":true,"valueName":"search_term_string"}}],"inLanguage":"fr-FR"},{"@type":"Person","@id":"https:\/\/www.africa-press.net\/cotedivoire\/#\/schema\/person\/2b1cf3cd81a31e3cd26889ca66d677f1","name":"cfeditorfr"}]}},"_links":{"self":[{"href":"https:\/\/www.africa-press.net\/cotedivoire\/wp-json\/wp\/v2\/posts\/111818","targetHints":{"allow":["GET"]}}],"collection":[{"href":"https:\/\/www.africa-press.net\/cotedivoire\/wp-json\/wp\/v2\/posts"}],"about":[{"href":"https:\/\/www.africa-press.net\/cotedivoire\/wp-json\/wp\/v2\/types\/post"}],"author":[{"embeddable":true,"href":"https:\/\/www.africa-press.net\/cotedivoire\/wp-json\/wp\/v2\/users\/82"}],"replies":[{"embeddable":true,"href":"https:\/\/www.africa-press.net\/cotedivoire\/wp-json\/wp\/v2\/comments?post=111818"}],"version-history":[{"count":0,"href":"https:\/\/www.africa-press.net\/cotedivoire\/wp-json\/wp\/v2\/posts\/111818\/revisions"}],"wp:featuredmedia":[{"embeddable":true,"href":"https:\/\/www.africa-press.net\/cotedivoire\/wp-json\/wp\/v2\/media\/111817"}],"wp:attachment":[{"href":"https:\/\/www.africa-press.net\/cotedivoire\/wp-json\/wp\/v2\/media?parent=111818"}],"wp:term":[{"taxonomy":"category","embeddable":true,"href":"https:\/\/www.africa-press.net\/cotedivoire\/wp-json\/wp\/v2\/categories?post=111818"},{"taxonomy":"post_tag","embeddable":true,"href":"https:\/\/www.africa-press.net\/cotedivoire\/wp-json\/wp\/v2\/tags?post=111818"}],"curies":[{"name":"wp","href":"https:\/\/api.w.org\/{rel}","templated":true}]}}