{"id":111824,"date":"2026-01-27T15:15:54","date_gmt":"2026-01-27T15:15:54","guid":{"rendered":"https:\/\/www.africa-press.net\/cotedivoire\/politique\/mondial-2026-la-fif-confirme-le-match-amical-contre-la-france-le-4-juin-a-nantes"},"modified":"2026-01-27T15:15:54","modified_gmt":"2026-01-27T15:15:54","slug":"mondial-2026-la-fif-confirme-le-match-amical-contre-la-france-le-4-juin-a-nantes","status":"publish","type":"post","link":"https:\/\/www.africa-press.net\/cotedivoire\/sports\/mondial-2026-la-fif-confirme-le-match-amical-contre-la-france-le-4-juin-a-nantes","title":{"rendered":"Mondial 2026, la FIF confirme le match amical contre la France le 4 juin \u00e0 Nantes"},"content":{"rendered":"<p>Vers les retrouvailles entre Tchouameni et Kessi\u00e9 \u00e0 nantes en juin (Ph)<\/p>\n<p>Si nous l\u2019\u00e9voquions dans un pr\u00e9c\u00e9dent article, le match amical entre la C\u00f4te d\u2019Ivoire et la France dans le cadre de la pr\u00e9paration de la coupe du monde 2026 est confirm\u00e9.<\/p>\n<p>Invit\u00e9 lundi 26 janvier 2026, sur le plateau du media public RTI via sa cha\u00eene LA 3, le pr\u00e9sident de la F\u00e9d\u00e9ration Ivoirienne de Football (FIF), Yacine Idriss Diallo, a confirm\u00e9 la rencontre amicale entre les El\u00e9phants et les Bleus, pour le 04 juin prochain \u00e0 Nantes.<\/p>\n<p>\u00ab Nous avons sign\u00e9 aujourd\u2019hui tous les documents de la rencontre, il ne reste que quelques d\u00e9tails \u00bb, a assur\u00e9 le premier responsable du football ivoirien, avant de souligner que, avant le match contre les Bleus de Didier Deschamps, le groupe de Emerse Fa\u00e9, livrera deux rencontres de pr\u00e9paration contre une \u00e9quipe Asiatique qui reste \u00e0 d\u00e9terminer, le 28 mars et l\u2019Ecosse le 31 mars 2026.<\/p>\n<p>Donatien Kautcha, Abidjan<\/p>\n","protected":false},"excerpt":{"rendered":"<p>Vers les retrouvailles entre Tchouameni et Kessi\u00e9 \u00e0 nantes en juin (Ph) Si nous l\u2019\u00e9voquions dans un pr\u00e9c\u00e9dent article, le match amical entre la C\u00f4te d\u2019Ivoire et la France dans le cadre de la pr\u00e9paration de la coupe du monde 2026 est confirm\u00e9. Invit\u00e9 lundi 26 janvier 2026, sur le plateau du media public RTI [&hellip;]<\/p>\n","protected":false},"author":82,"featured_media":111823,"comment_status":"open","ping_status":"closed","sticky":false,"template":"","format":"standard","meta":{"footnotes":""},"categories":[6,10],"tags":[11498,5132,2650,859,1356,10684,2479],"class_list":["post-111824","post","type-post","status-publish","format-standard","has-post-thumbnail","hentry","category-sports","category-toutes-les-actualites","tag-amical","tag-bleus","tag-elephants-2","tag-fif","tag-idriss-diallo","tag-mondial-2026-2","tag-nantes"],"yoast_head":"<!-- This site is optimized with the Yoast SEO Premium plugin v26.1 (Yoast SEO v27.0) - https:\/\/yoast.com\/product\/yoast-seo-premium-wordpress\/ -->\n<title>Mondial 2026, la FIF confirme le match amical contre la France le 4 juin \u00e0 Nantes - C\u00f4te d&#039;Ivoire<\/title>\n<meta name=\"robots\" content=\"index, follow, max-snippet:-1, max-image-preview:large, max-video-preview:-1\" \/>\n<link rel=\"canonical\" href=\"https:\/\/www.africa-press.net\/cotedivoire\/politique\/mondial-2026-la-fif-confirme-le-match-amical-contre-la-france-le-4-juin-a-nantes\" \/>\n<meta property=\"og:locale\" content=\"fr_FR\" \/>\n<meta property=\"og:type\" content=\"article\" \/>\n<meta property=\"og:title\" content=\"Mondial 2026, la FIF confirme le match amical contre la France le 4 juin \u00e0 Nantes\" \/>\n<meta property=\"og:description\" content=\"Vers les retrouvailles entre Tchouameni et Kessi\u00e9 \u00e0 nantes en juin (Ph) Si nous l\u2019\u00e9voquions dans un pr\u00e9c\u00e9dent article, le match amical entre la C\u00f4te d\u2019Ivoire et la France dans le cadre de la pr\u00e9paration de la coupe du monde 2026 est confirm\u00e9. Invit\u00e9 lundi 26 janvier 2026, sur le plateau du media public RTI [&hellip;]\" \/>\n<meta property=\"og:url\" content=\"https:\/\/www.africa-press.net\/cotedivoire\/politique\/mondial-2026-la-fif-confirme-le-match-amical-contre-la-france-le-4-juin-a-nantes\" \/>\n<meta property=\"og:site_name\" content=\"C\u00f4te d&#039;Ivoire\" \/>\n<meta property=\"article:published_time\" content=\"2026-01-27T15:15:54+00:00\" \/>\n<meta name=\"author\" content=\"cfeditorfr\" \/>\n<meta name=\"twitter:card\" content=\"summary_large_image\" \/>\n<meta name=\"twitter:label1\" content=\"\u00c9crit par\" \/>\n\t<meta name=\"twitter:data1\" content=\"cfeditorfr\" \/>\n\t<meta name=\"twitter:label2\" content=\"Dur\u00e9e de lecture estim\u00e9e\" \/>\n\t<meta name=\"twitter:data2\" content=\"1 minute\" \/>\n<script type=\"application\/ld+json\" class=\"yoast-schema-graph\">{\"@context\":\"https:\/\/schema.org\",\"@graph\":[{\"@type\":\"Article\",\"@id\":\"https:\/\/www.africa-press.net\/cotedivoire\/politique\/mondial-2026-la-fif-confirme-le-match-amical-contre-la-france-le-4-juin-a-nantes#article\",\"isPartOf\":{\"@id\":\"https:\/\/www.africa-press.net\/cotedivoire\/politique\/mondial-2026-la-fif-confirme-le-match-amical-contre-la-france-le-4-juin-a-nantes\"},\"author\":{\"name\":\"cfeditorfr\",\"@id\":\"https:\/\/www.africa-press.net\/cotedivoire\/#\/schema\/person\/2b1cf3cd81a31e3cd26889ca66d677f1\"},\"headline\":\"Mondial 2026, la FIF confirme le match amical contre la France le 4 juin \u00e0 Nantes\",\"datePublished\":\"2026-01-27T15:15:54+00:00\",\"mainEntityOfPage\":{\"@id\":\"https:\/\/www.africa-press.net\/cotedivoire\/politique\/mondial-2026-la-fif-confirme-le-match-amical-contre-la-france-le-4-juin-a-nantes\"},\"wordCount\":175,\"commentCount\":0,\"image\":{\"@id\":\"https:\/\/www.africa-press.net\/cotedivoire\/politique\/mondial-2026-la-fif-confirme-le-match-amical-contre-la-france-le-4-juin-a-nantes#primaryimage\"},\"thumbnailUrl\":\"https:\/\/static.africa-press.net\/cote\/sites\/43\/2026\/01\/sm_1769526954.365462.jpg\",\"keywords\":[\"amical\",\"bleus\",\"El\u00e9phants\",\"FIF\",\"Idriss Diallo\",\"Mondial 2026\",\"Nantes\"],\"articleSection\":[\"Sports\",\"Toutes les actualit\u00e9s\"],\"inLanguage\":\"fr-FR\",\"potentialAction\":[{\"@type\":\"CommentAction\",\"name\":\"Comment\",\"target\":[\"https:\/\/www.africa-press.net\/cotedivoire\/politique\/mondial-2026-la-fif-confirme-le-match-amical-contre-la-france-le-4-juin-a-nantes#respond\"]}]},{\"@type\":\"WebPage\",\"@id\":\"https:\/\/www.africa-press.net\/cotedivoire\/politique\/mondial-2026-la-fif-confirme-le-match-amical-contre-la-france-le-4-juin-a-nantes\",\"url\":\"https:\/\/www.africa-press.net\/cotedivoire\/politique\/mondial-2026-la-fif-confirme-le-match-amical-contre-la-france-le-4-juin-a-nantes\",\"name\":\"Mondial 2026, la FIF confirme le match amical contre la France le 4 juin \u00e0 Nantes - C\u00f4te d&#039;Ivoire\",\"isPartOf\":{\"@id\":\"https:\/\/www.africa-press.net\/cotedivoire\/#website\"},\"primaryImageOfPage\":{\"@id\":\"https:\/\/www.africa-press.net\/cotedivoire\/politique\/mondial-2026-la-fif-confirme-le-match-amical-contre-la-france-le-4-juin-a-nantes#primaryimage\"},\"image\":{\"@id\":\"https:\/\/www.africa-press.net\/cotedivoire\/politique\/mondial-2026-la-fif-confirme-le-match-amical-contre-la-france-le-4-juin-a-nantes#primaryimage\"},\"thumbnailUrl\":\"https:\/\/static.africa-press.net\/cote\/sites\/43\/2026\/01\/sm_1769526954.365462.jpg\",\"datePublished\":\"2026-01-27T15:15:54+00:00\",\"author\":{\"@id\":\"https:\/\/www.africa-press.net\/cotedivoire\/#\/schema\/person\/2b1cf3cd81a31e3cd26889ca66d677f1\"},\"breadcrumb\":{\"@id\":\"https:\/\/www.africa-press.net\/cotedivoire\/politique\/mondial-2026-la-fif-confirme-le-match-amical-contre-la-france-le-4-juin-a-nantes#breadcrumb\"},\"inLanguage\":\"fr-FR\",\"potentialAction\":[{\"@type\":\"ReadAction\",\"target\":[\"https:\/\/www.africa-press.net\/cotedivoire\/politique\/mondial-2026-la-fif-confirme-le-match-amical-contre-la-france-le-4-juin-a-nantes\"]}]},{\"@type\":\"ImageObject\",\"inLanguage\":\"fr-FR\",\"@id\":\"https:\/\/www.africa-press.net\/cotedivoire\/politique\/mondial-2026-la-fif-confirme-le-match-amical-contre-la-france-le-4-juin-a-nantes#primaryimage\",\"url\":\"https:\/\/static.africa-press.net\/cote\/sites\/43\/2026\/01\/sm_1769526954.365462.jpg\",\"contentUrl\":\"https:\/\/static.africa-press.net\/cote\/sites\/43\/2026\/01\/sm_1769526954.365462.jpg\",\"width\":600,\"height\":316,\"caption\":\"Mondial 2026, la FIF confirme le match amical contre la France le 4 juin \u00e0 Nantes\"},{\"@type\":\"BreadcrumbList\",\"@id\":\"https:\/\/www.africa-press.net\/cotedivoire\/politique\/mondial-2026-la-fif-confirme-le-match-amical-contre-la-france-le-4-juin-a-nantes#breadcrumb\",\"itemListElement\":[{\"@type\":\"ListItem\",\"position\":1,\"name\":\"Accueil\",\"item\":\"https:\/\/www.africa-press.net\/cotedivoire\/\"},{\"@type\":\"ListItem\",\"position\":2,\"name\":\"Mondial 2026, la FIF confirme le match amical contre la France le 4 juin \u00e0 Nantes\"}]},{\"@type\":\"WebSite\",\"@id\":\"https:\/\/www.africa-press.net\/cotedivoire\/#website\",\"url\":\"https:\/\/www.africa-press.net\/cotedivoire\/\",\"name\":\"C\u00f4te d&#039;Ivoire\",\"description\":\"Just another Africa News Agency Sites site\",\"potentialAction\":[{\"@type\":\"SearchAction\",\"target\":{\"@type\":\"EntryPoint\",\"urlTemplate\":\"https:\/\/www.africa-press.net\/cotedivoire\/?s={search_term_string}\"},\"query-input\":{\"@type\":\"PropertyValueSpecification\",\"valueRequired\":true,\"valueName\":\"search_term_string\"}}],\"inLanguage\":\"fr-FR\"},{\"@type\":\"Person\",\"@id\":\"https:\/\/www.africa-press.net\/cotedivoire\/#\/schema\/person\/2b1cf3cd81a31e3cd26889ca66d677f1\",\"name\":\"cfeditorfr\"}]}<\/script>\n<!-- \/ Yoast SEO Premium plugin. -->","yoast_head_json":{"title":"Mondial 2026, la FIF confirme le match amical contre la France le 4 juin \u00e0 Nantes - C\u00f4te d&#039;Ivoire","robots":{"index":"index","follow":"follow","max-snippet":"max-snippet:-1","max-image-preview":"max-image-preview:large","max-video-preview":"max-video-preview:-1"},"canonical":"https:\/\/www.africa-press.net\/cotedivoire\/politique\/mondial-2026-la-fif-confirme-le-match-amical-contre-la-france-le-4-juin-a-nantes","og_locale":"fr_FR","og_type":"article","og_title":"Mondial 2026, la FIF confirme le match amical contre la France le 4 juin \u00e0 Nantes","og_description":"Vers les retrouvailles entre Tchouameni et Kessi\u00e9 \u00e0 nantes en juin (Ph) Si nous l\u2019\u00e9voquions dans un pr\u00e9c\u00e9dent article, le match amical entre la C\u00f4te d\u2019Ivoire et la France dans le cadre de la pr\u00e9paration de la coupe du monde 2026 est confirm\u00e9. Invit\u00e9 lundi 26 janvier 2026, sur le plateau du media public RTI [&hellip;]","og_url":"https:\/\/www.africa-press.net\/cotedivoire\/politique\/mondial-2026-la-fif-confirme-le-match-amical-contre-la-france-le-4-juin-a-nantes","og_site_name":"C\u00f4te d&#039;Ivoire","article_published_time":"2026-01-27T15:15:54+00:00","author":"cfeditorfr","twitter_card":"summary_large_image","twitter_misc":{"\u00c9crit par":"cfeditorfr","Dur\u00e9e de lecture estim\u00e9e":"1 minute"},"schema":{"@context":"https:\/\/schema.org","@graph":[{"@type":"Article","@id":"https:\/\/www.africa-press.net\/cotedivoire\/politique\/mondial-2026-la-fif-confirme-le-match-amical-contre-la-france-le-4-juin-a-nantes#article","isPartOf":{"@id":"https:\/\/www.africa-press.net\/cotedivoire\/politique\/mondial-2026-la-fif-confirme-le-match-amical-contre-la-france-le-4-juin-a-nantes"},"author":{"name":"cfeditorfr","@id":"https:\/\/www.africa-press.net\/cotedivoire\/#\/schema\/person\/2b1cf3cd81a31e3cd26889ca66d677f1"},"headline":"Mondial 2026, la FIF confirme le match amical contre la France le 4 juin \u00e0 Nantes","datePublished":"2026-01-27T15:15:54+00:00","mainEntityOfPage":{"@id":"https:\/\/www.africa-press.net\/cotedivoire\/politique\/mondial-2026-la-fif-confirme-le-match-amical-contre-la-france-le-4-juin-a-nantes"},"wordCount":175,"commentCount":0,"image":{"@id":"https:\/\/www.africa-press.net\/cotedivoire\/politique\/mondial-2026-la-fif-confirme-le-match-amical-contre-la-france-le-4-juin-a-nantes#primaryimage"},"thumbnailUrl":"https:\/\/static.africa-press.net\/cote\/sites\/43\/2026\/01\/sm_1769526954.365462.jpg","keywords":["amical","bleus","El\u00e9phants","FIF","Idriss Diallo","Mondial 2026","Nantes"],"articleSection":["Sports","Toutes les actualit\u00e9s"],"inLanguage":"fr-FR","potentialAction":[{"@type":"CommentAction","name":"Comment","target":["https:\/\/www.africa-press.net\/cotedivoire\/politique\/mondial-2026-la-fif-confirme-le-match-amical-contre-la-france-le-4-juin-a-nantes#respond"]}]},{"@type":"WebPage","@id":"https:\/\/www.africa-press.net\/cotedivoire\/politique\/mondial-2026-la-fif-confirme-le-match-amical-contre-la-france-le-4-juin-a-nantes","url":"https:\/\/www.africa-press.net\/cotedivoire\/politique\/mondial-2026-la-fif-confirme-le-match-amical-contre-la-france-le-4-juin-a-nantes","name":"Mondial 2026, la FIF confirme le match amical contre la France le 4 juin \u00e0 Nantes - C\u00f4te d&#039;Ivoire","isPartOf":{"@id":"https:\/\/www.africa-press.net\/cotedivoire\/#website"},"primaryImageOfPage":{"@id":"https:\/\/www.africa-press.net\/cotedivoire\/politique\/mondial-2026-la-fif-confirme-le-match-amical-contre-la-france-le-4-juin-a-nantes#primaryimage"},"image":{"@id":"https:\/\/www.africa-press.net\/cotedivoire\/politique\/mondial-2026-la-fif-confirme-le-match-amical-contre-la-france-le-4-juin-a-nantes#primaryimage"},"thumbnailUrl":"https:\/\/static.africa-press.net\/cote\/sites\/43\/2026\/01\/sm_1769526954.365462.jpg","datePublished":"2026-01-27T15:15:54+00:00","author":{"@id":"https:\/\/www.africa-press.net\/cotedivoire\/#\/schema\/person\/2b1cf3cd81a31e3cd26889ca66d677f1"},"breadcrumb":{"@id":"https:\/\/www.africa-press.net\/cotedivoire\/politique\/mondial-2026-la-fif-confirme-le-match-amical-contre-la-france-le-4-juin-a-nantes#breadcrumb"},"inLanguage":"fr-FR","potentialAction":[{"@type":"ReadAction","target":["https:\/\/www.africa-press.net\/cotedivoire\/politique\/mondial-2026-la-fif-confirme-le-match-amical-contre-la-france-le-4-juin-a-nantes"]}]},{"@type":"ImageObject","inLanguage":"fr-FR","@id":"https:\/\/www.africa-press.net\/cotedivoire\/politique\/mondial-2026-la-fif-confirme-le-match-amical-contre-la-france-le-4-juin-a-nantes#primaryimage","url":"https:\/\/static.africa-press.net\/cote\/sites\/43\/2026\/01\/sm_1769526954.365462.jpg","contentUrl":"https:\/\/static.africa-press.net\/cote\/sites\/43\/2026\/01\/sm_1769526954.365462.jpg","width":600,"height":316,"caption":"Mondial 2026, la FIF confirme le match amical contre la France le 4 juin \u00e0 Nantes"},{"@type":"BreadcrumbList","@id":"https:\/\/www.africa-press.net\/cotedivoire\/politique\/mondial-2026-la-fif-confirme-le-match-amical-contre-la-france-le-4-juin-a-nantes#breadcrumb","itemListElement":[{"@type":"ListItem","position":1,"name":"Accueil","item":"https:\/\/www.africa-press.net\/cotedivoire\/"},{"@type":"ListItem","position":2,"name":"Mondial 2026, la FIF confirme le match amical contre la France le 4 juin \u00e0 Nantes"}]},{"@type":"WebSite","@id":"https:\/\/www.africa-press.net\/cotedivoire\/#website","url":"https:\/\/www.africa-press.net\/cotedivoire\/","name":"C\u00f4te d&#039;Ivoire","description":"Just another Africa News Agency Sites site","potentialAction":[{"@type":"SearchAction","target":{"@type":"EntryPoint","urlTemplate":"https:\/\/www.africa-press.net\/cotedivoire\/?s={search_term_string}"},"query-input":{"@type":"PropertyValueSpecification","valueRequired":true,"valueName":"search_term_string"}}],"inLanguage":"fr-FR"},{"@type":"Person","@id":"https:\/\/www.africa-press.net\/cotedivoire\/#\/schema\/person\/2b1cf3cd81a31e3cd26889ca66d677f1","name":"cfeditorfr"}]}},"_links":{"self":[{"href":"https:\/\/www.africa-press.net\/cotedivoire\/wp-json\/wp\/v2\/posts\/111824","targetHints":{"allow":["GET"]}}],"collection":[{"href":"https:\/\/www.africa-press.net\/cotedivoire\/wp-json\/wp\/v2\/posts"}],"about":[{"href":"https:\/\/www.africa-press.net\/cotedivoire\/wp-json\/wp\/v2\/types\/post"}],"author":[{"embeddable":true,"href":"https:\/\/www.africa-press.net\/cotedivoire\/wp-json\/wp\/v2\/users\/82"}],"replies":[{"embeddable":true,"href":"https:\/\/www.africa-press.net\/cotedivoire\/wp-json\/wp\/v2\/comments?post=111824"}],"version-history":[{"count":0,"href":"https:\/\/www.africa-press.net\/cotedivoire\/wp-json\/wp\/v2\/posts\/111824\/revisions"}],"wp:featuredmedia":[{"embeddable":true,"href":"https:\/\/www.africa-press.net\/cotedivoire\/wp-json\/wp\/v2\/media\/111823"}],"wp:attachment":[{"href":"https:\/\/www.africa-press.net\/cotedivoire\/wp-json\/wp\/v2\/media?parent=111824"}],"wp:term":[{"taxonomy":"category","embeddable":true,"href":"https:\/\/www.africa-press.net\/cotedivoire\/wp-json\/wp\/v2\/categories?post=111824"},{"taxonomy":"post_tag","embeddable":true,"href":"https:\/\/www.africa-press.net\/cotedivoire\/wp-json\/wp\/v2\/tags?post=111824"}],"curies":[{"name":"wp","href":"https:\/\/api.w.org\/{rel}","templated":true}]}}