{"id":111832,"date":"2026-01-27T15:17:45","date_gmt":"2026-01-27T15:17:45","guid":{"rendered":"https:\/\/www.africa-press.net\/cotedivoire\/politique\/session-de-formation-dentraineurs-guy-demel-et-ndri-koffi-romaric-a-la-conquete-de-la-licence-a-caf"},"modified":"2026-01-27T15:17:45","modified_gmt":"2026-01-27T15:17:45","slug":"session-de-formation-dentraineurs-guy-demel-et-ndri-koffi-romaric-a-la-conquete-de-la-licence-a-caf","status":"publish","type":"post","link":"https:\/\/www.africa-press.net\/cotedivoire\/sports\/session-de-formation-dentraineurs-guy-demel-et-ndri-koffi-romaric-a-la-conquete-de-la-licence-a-caf","title":{"rendered":"Session de formation d&rsquo;entra\u00eeneurs, Guy Demel et N&rsquo;Dri Koffi Romaric \u00e0 la conqu\u00eate de la licence A CAF"},"content":{"rendered":"<p>Ouverture de la formation lundi \u00e0 Bingerville (DR)<\/p>\n<p>Le s\u00e9lectionneur adjoint des El\u00e9phants, Guy Demel, les ex internationaux, N\u2019Dri Koffi Romaric, et Jean-Jacques Tizi\u00e9, sont \u00e0 la conqu\u00eate de la licence A CAF (Conf\u00e9d\u00e9ration Africaine de Football).<\/p>\n<p>La F\u00e9d\u00e9ration Ivoirienne de Football (FIF) a proc\u00e9d\u00e9, ce lundi 26 janvier 2026 au CTNF de Bingerville \u00e0 l\u2019ouverture d\u2019une session de formation pour l\u2019obtention de la Licences A CAF.<\/p>\n<p>Vingt-cinq (25) encadreurs techniques nationaux suivent \u00e0 partir du lundi 26 janvier 2026, au Centre Technique National de Football (CTNF), une session de formation pour l\u2019obtention de la Licence A CAF sous forme de modules th\u00e9oriques et pratiques.<\/p>\n<p>Pr\u00e9sent \u00e0 la c\u00e9r\u00e9monie d\u2019ouverture, le pr\u00e9sident de la FIF, M. Yacine Idriss Diallo, a soulign\u00e9 l\u2019importance de cette initiative. Il a rappel\u00e9 que la derni\u00e8re session de licence CAF A organis\u00e9e en C\u00f4te d\u2019Ivoire remonte \u00e0 pr\u00e8s d\u2019une d\u00e9cennie.<\/p>\n<p>\u00ab Effectivement, la derni\u00e8re formation de ce niveau remontait \u00e0 2016. Cela fait donc pr\u00e8s de dix ans. Comme je le disais tout \u00e0 l\u2019heure, lorsque nous avons \u00e9t\u00e9 \u00e9lus, nous avons clairement indiqu\u00e9 qu\u2019un axe important de notre mandat serait consacr\u00e9 \u00e0 la formation des formateurs. Cette formation est essentielle, car elle constitue un v\u00e9ritable capital pour l\u2019organisation, le suivi et la prise en charge du d\u00e9veloppement du football en C\u00f4te d\u2019Ivoire.<\/p>\n<p>Plusieurs autres sessions ont ainsi \u00e9t\u00e9 organis\u00e9es, notamment pour les licences des cat\u00e9gories inf\u00e9rieures. Aujourd\u2019hui, nous parvenons \u00e0 la licence A CAF, qui repr\u00e9sente le plus haut niveau de formation que nous puissions organiser en C\u00f4te d\u2019Ivoire \u00e0 ce stade. La Direction Technique Nationale a \u00e9t\u00e9 charg\u00e9e de piloter ce projet, en accord avec la CAF. Il s\u2019agit d\u2019un programme qui regroupera 25 participants, et c\u2019est une premi\u00e8re \u00e9tape.<\/p>\n<p>Si nous r\u00e9ussissons cette \u00e9tape et nous y tenons, nous souhaitons franchir un palier suppl\u00e9mentaire avec la Licence CAF Pro. Cela prendra le temps n\u00e9cessaire, mais nos dirigeants ont d\u00e9j\u00e0 fait de notre pays une r\u00e9f\u00e9rence en Afrique de l\u2019Ouest en mati\u00e8re d\u2019infrastructures.<\/p>\n<p>De notre c\u00f4t\u00e9, en tant que f\u00e9d\u00e9ration, nous allons nous atteler \u00e0 faire de la Direction Technique Nationale un v\u00e9ritable hub de la formation de haut niveau en Afrique de l\u2019Ouest.<\/p>\n<p>Nous attendons de cette formation du s\u00e9rieux, de la rigueur, et surtout un r\u00e9el engagement des participants. Ils doivent apprendre, et apprendre vraiment bien. Les six semaines de formation montrent \u00e0 quel point ce programme est *intense et exigeant*. Il faut le prendre avec responsabilit\u00e9, afin qu\u2019ensuite, ces connaissances puissent \u00eatre transmises efficacement aux jeunes dont ils auront la charge. \u00bb<\/p>\n<p>La formation, pr\u00e9vue sur cinq jours, se veut intensive et rigoureuse. Elle est dispens\u00e9e par des instructeurs CAF que sont: Alain Gouamen\u00e9, Kon\u00e9 Ti\u00e9gb\u00e8 et Tour\u00e9 Cl\u00e9mentine. Pour la FIF, cette formation s\u2019inscrit dans une vision globale visant \u00e0 renforcer tous les niveaux du football national, des jeunes cat\u00e9gories \u00e0 l\u2019\u00e9lite.<\/p>\n<p>Donatien Kautcha, Abidjan<\/p>\n","protected":false},"excerpt":{"rendered":"<p>Ouverture de la formation lundi \u00e0 Bingerville (DR) Le s\u00e9lectionneur adjoint des El\u00e9phants, Guy Demel, les ex internationaux, N\u2019Dri Koffi Romaric, et Jean-Jacques Tizi\u00e9, sont \u00e0 la conqu\u00eate de la licence A CAF (Conf\u00e9d\u00e9ration Africaine de Football). La F\u00e9d\u00e9ration Ivoirienne de Football (FIF) a proc\u00e9d\u00e9, ce lundi 26 janvier 2026 au CTNF de Bingerville \u00e0 [&hellip;]<\/p>\n","protected":false},"author":82,"featured_media":111831,"comment_status":"open","ping_status":"closed","sticky":false,"template":"","format":"standard","meta":{"footnotes":""},"categories":[6,10],"tags":[1731,941,20138,859,865,1356,11654],"class_list":["post-111832","post","type-post","status-publish","format-standard","has-post-thumbnail","hentry","category-sports","category-toutes-les-actualites","tag-bingerville","tag-caf","tag-cntf","tag-fif","tag-formation","tag-idriss-diallo","tag-licence"],"yoast_head":"<!-- This site is optimized with the Yoast SEO Premium plugin v26.1 (Yoast SEO v27.0) - https:\/\/yoast.com\/product\/yoast-seo-premium-wordpress\/ -->\n<title>Session de formation d&#039;entra\u00eeneurs, Guy Demel et N&#039;Dri Koffi Romaric \u00e0 la conqu\u00eate de la licence A CAF - C\u00f4te d&#039;Ivoire<\/title>\n<meta name=\"robots\" content=\"index, follow, max-snippet:-1, max-image-preview:large, max-video-preview:-1\" \/>\n<link rel=\"canonical\" href=\"https:\/\/www.africa-press.net\/cotedivoire\/politique\/session-de-formation-dentraineurs-guy-demel-et-ndri-koffi-romaric-a-la-conquete-de-la-licence-a-caf\" \/>\n<meta property=\"og:locale\" content=\"fr_FR\" \/>\n<meta property=\"og:type\" content=\"article\" \/>\n<meta property=\"og:title\" content=\"Session de formation d&#039;entra\u00eeneurs, Guy Demel et N&#039;Dri Koffi Romaric \u00e0 la conqu\u00eate de la licence A CAF\" \/>\n<meta property=\"og:description\" content=\"Ouverture de la formation lundi \u00e0 Bingerville (DR) Le s\u00e9lectionneur adjoint des El\u00e9phants, Guy Demel, les ex internationaux, N\u2019Dri Koffi Romaric, et Jean-Jacques Tizi\u00e9, sont \u00e0 la conqu\u00eate de la licence A CAF (Conf\u00e9d\u00e9ration Africaine de Football). La F\u00e9d\u00e9ration Ivoirienne de Football (FIF) a proc\u00e9d\u00e9, ce lundi 26 janvier 2026 au CTNF de Bingerville \u00e0 [&hellip;]\" \/>\n<meta property=\"og:url\" content=\"https:\/\/www.africa-press.net\/cotedivoire\/politique\/session-de-formation-dentraineurs-guy-demel-et-ndri-koffi-romaric-a-la-conquete-de-la-licence-a-caf\" \/>\n<meta property=\"og:site_name\" content=\"C\u00f4te d&#039;Ivoire\" \/>\n<meta property=\"article:published_time\" content=\"2026-01-27T15:17:45+00:00\" \/>\n<meta name=\"author\" content=\"cfeditorfr\" \/>\n<meta name=\"twitter:card\" content=\"summary_large_image\" \/>\n<meta name=\"twitter:label1\" content=\"\u00c9crit par\" \/>\n\t<meta name=\"twitter:data1\" content=\"cfeditorfr\" \/>\n\t<meta name=\"twitter:label2\" content=\"Dur\u00e9e de lecture estim\u00e9e\" \/>\n\t<meta name=\"twitter:data2\" content=\"3 minutes\" \/>\n<script type=\"application\/ld+json\" class=\"yoast-schema-graph\">{\"@context\":\"https:\/\/schema.org\",\"@graph\":[{\"@type\":\"Article\",\"@id\":\"https:\/\/www.africa-press.net\/cotedivoire\/politique\/session-de-formation-dentraineurs-guy-demel-et-ndri-koffi-romaric-a-la-conquete-de-la-licence-a-caf#article\",\"isPartOf\":{\"@id\":\"https:\/\/www.africa-press.net\/cotedivoire\/politique\/session-de-formation-dentraineurs-guy-demel-et-ndri-koffi-romaric-a-la-conquete-de-la-licence-a-caf\"},\"author\":{\"name\":\"cfeditorfr\",\"@id\":\"https:\/\/www.africa-press.net\/cotedivoire\/#\/schema\/person\/2b1cf3cd81a31e3cd26889ca66d677f1\"},\"headline\":\"Session de formation d&rsquo;entra\u00eeneurs, Guy Demel et N&rsquo;Dri Koffi Romaric \u00e0 la conqu\u00eate de la licence A CAF\",\"datePublished\":\"2026-01-27T15:17:45+00:00\",\"mainEntityOfPage\":{\"@id\":\"https:\/\/www.africa-press.net\/cotedivoire\/politique\/session-de-formation-dentraineurs-guy-demel-et-ndri-koffi-romaric-a-la-conquete-de-la-licence-a-caf\"},\"wordCount\":545,\"commentCount\":0,\"image\":{\"@id\":\"https:\/\/www.africa-press.net\/cotedivoire\/politique\/session-de-formation-dentraineurs-guy-demel-et-ndri-koffi-romaric-a-la-conquete-de-la-licence-a-caf#primaryimage\"},\"thumbnailUrl\":\"https:\/\/static.africa-press.net\/cote\/sites\/43\/2026\/01\/sm_1769527065.850768.jpg\",\"keywords\":[\"Bingerville\",\"CAF\",\"CNTF\",\"FIF\",\"Formation\",\"Idriss Diallo\",\"licence\"],\"articleSection\":[\"Sports\",\"Toutes les actualit\u00e9s\"],\"inLanguage\":\"fr-FR\",\"potentialAction\":[{\"@type\":\"CommentAction\",\"name\":\"Comment\",\"target\":[\"https:\/\/www.africa-press.net\/cotedivoire\/politique\/session-de-formation-dentraineurs-guy-demel-et-ndri-koffi-romaric-a-la-conquete-de-la-licence-a-caf#respond\"]}]},{\"@type\":\"WebPage\",\"@id\":\"https:\/\/www.africa-press.net\/cotedivoire\/politique\/session-de-formation-dentraineurs-guy-demel-et-ndri-koffi-romaric-a-la-conquete-de-la-licence-a-caf\",\"url\":\"https:\/\/www.africa-press.net\/cotedivoire\/politique\/session-de-formation-dentraineurs-guy-demel-et-ndri-koffi-romaric-a-la-conquete-de-la-licence-a-caf\",\"name\":\"Session de formation d'entra\u00eeneurs, Guy Demel et N'Dri Koffi Romaric \u00e0 la conqu\u00eate de la licence A CAF - C\u00f4te d&#039;Ivoire\",\"isPartOf\":{\"@id\":\"https:\/\/www.africa-press.net\/cotedivoire\/#website\"},\"primaryImageOfPage\":{\"@id\":\"https:\/\/www.africa-press.net\/cotedivoire\/politique\/session-de-formation-dentraineurs-guy-demel-et-ndri-koffi-romaric-a-la-conquete-de-la-licence-a-caf#primaryimage\"},\"image\":{\"@id\":\"https:\/\/www.africa-press.net\/cotedivoire\/politique\/session-de-formation-dentraineurs-guy-demel-et-ndri-koffi-romaric-a-la-conquete-de-la-licence-a-caf#primaryimage\"},\"thumbnailUrl\":\"https:\/\/static.africa-press.net\/cote\/sites\/43\/2026\/01\/sm_1769527065.850768.jpg\",\"datePublished\":\"2026-01-27T15:17:45+00:00\",\"author\":{\"@id\":\"https:\/\/www.africa-press.net\/cotedivoire\/#\/schema\/person\/2b1cf3cd81a31e3cd26889ca66d677f1\"},\"breadcrumb\":{\"@id\":\"https:\/\/www.africa-press.net\/cotedivoire\/politique\/session-de-formation-dentraineurs-guy-demel-et-ndri-koffi-romaric-a-la-conquete-de-la-licence-a-caf#breadcrumb\"},\"inLanguage\":\"fr-FR\",\"potentialAction\":[{\"@type\":\"ReadAction\",\"target\":[\"https:\/\/www.africa-press.net\/cotedivoire\/politique\/session-de-formation-dentraineurs-guy-demel-et-ndri-koffi-romaric-a-la-conquete-de-la-licence-a-caf\"]}]},{\"@type\":\"ImageObject\",\"inLanguage\":\"fr-FR\",\"@id\":\"https:\/\/www.africa-press.net\/cotedivoire\/politique\/session-de-formation-dentraineurs-guy-demel-et-ndri-koffi-romaric-a-la-conquete-de-la-licence-a-caf#primaryimage\",\"url\":\"https:\/\/static.africa-press.net\/cote\/sites\/43\/2026\/01\/sm_1769527065.850768.jpg\",\"contentUrl\":\"https:\/\/static.africa-press.net\/cote\/sites\/43\/2026\/01\/sm_1769527065.850768.jpg\",\"width\":600,\"height\":324,\"caption\":\"Session de formation d'entra\u00eeneurs, Guy Demel et N'Dri Koffi Romaric \u00e0 la conqu\u00eate de la licence A CAF\"},{\"@type\":\"BreadcrumbList\",\"@id\":\"https:\/\/www.africa-press.net\/cotedivoire\/politique\/session-de-formation-dentraineurs-guy-demel-et-ndri-koffi-romaric-a-la-conquete-de-la-licence-a-caf#breadcrumb\",\"itemListElement\":[{\"@type\":\"ListItem\",\"position\":1,\"name\":\"Accueil\",\"item\":\"https:\/\/www.africa-press.net\/cotedivoire\/\"},{\"@type\":\"ListItem\",\"position\":2,\"name\":\"Session de formation d&rsquo;entra\u00eeneurs, Guy Demel et N&rsquo;Dri Koffi Romaric \u00e0 la conqu\u00eate de la licence A CAF\"}]},{\"@type\":\"WebSite\",\"@id\":\"https:\/\/www.africa-press.net\/cotedivoire\/#website\",\"url\":\"https:\/\/www.africa-press.net\/cotedivoire\/\",\"name\":\"C\u00f4te d&#039;Ivoire\",\"description\":\"Just another Africa News Agency Sites site\",\"potentialAction\":[{\"@type\":\"SearchAction\",\"target\":{\"@type\":\"EntryPoint\",\"urlTemplate\":\"https:\/\/www.africa-press.net\/cotedivoire\/?s={search_term_string}\"},\"query-input\":{\"@type\":\"PropertyValueSpecification\",\"valueRequired\":true,\"valueName\":\"search_term_string\"}}],\"inLanguage\":\"fr-FR\"},{\"@type\":\"Person\",\"@id\":\"https:\/\/www.africa-press.net\/cotedivoire\/#\/schema\/person\/2b1cf3cd81a31e3cd26889ca66d677f1\",\"name\":\"cfeditorfr\"}]}<\/script>\n<!-- \/ Yoast SEO Premium plugin. -->","yoast_head_json":{"title":"Session de formation d'entra\u00eeneurs, Guy Demel et N'Dri Koffi Romaric \u00e0 la conqu\u00eate de la licence A CAF - C\u00f4te d&#039;Ivoire","robots":{"index":"index","follow":"follow","max-snippet":"max-snippet:-1","max-image-preview":"max-image-preview:large","max-video-preview":"max-video-preview:-1"},"canonical":"https:\/\/www.africa-press.net\/cotedivoire\/politique\/session-de-formation-dentraineurs-guy-demel-et-ndri-koffi-romaric-a-la-conquete-de-la-licence-a-caf","og_locale":"fr_FR","og_type":"article","og_title":"Session de formation d'entra\u00eeneurs, Guy Demel et N'Dri Koffi Romaric \u00e0 la conqu\u00eate de la licence A CAF","og_description":"Ouverture de la formation lundi \u00e0 Bingerville (DR) Le s\u00e9lectionneur adjoint des El\u00e9phants, Guy Demel, les ex internationaux, N\u2019Dri Koffi Romaric, et Jean-Jacques Tizi\u00e9, sont \u00e0 la conqu\u00eate de la licence A CAF (Conf\u00e9d\u00e9ration Africaine de Football). La F\u00e9d\u00e9ration Ivoirienne de Football (FIF) a proc\u00e9d\u00e9, ce lundi 26 janvier 2026 au CTNF de Bingerville \u00e0 [&hellip;]","og_url":"https:\/\/www.africa-press.net\/cotedivoire\/politique\/session-de-formation-dentraineurs-guy-demel-et-ndri-koffi-romaric-a-la-conquete-de-la-licence-a-caf","og_site_name":"C\u00f4te d&#039;Ivoire","article_published_time":"2026-01-27T15:17:45+00:00","author":"cfeditorfr","twitter_card":"summary_large_image","twitter_misc":{"\u00c9crit par":"cfeditorfr","Dur\u00e9e de lecture estim\u00e9e":"3 minutes"},"schema":{"@context":"https:\/\/schema.org","@graph":[{"@type":"Article","@id":"https:\/\/www.africa-press.net\/cotedivoire\/politique\/session-de-formation-dentraineurs-guy-demel-et-ndri-koffi-romaric-a-la-conquete-de-la-licence-a-caf#article","isPartOf":{"@id":"https:\/\/www.africa-press.net\/cotedivoire\/politique\/session-de-formation-dentraineurs-guy-demel-et-ndri-koffi-romaric-a-la-conquete-de-la-licence-a-caf"},"author":{"name":"cfeditorfr","@id":"https:\/\/www.africa-press.net\/cotedivoire\/#\/schema\/person\/2b1cf3cd81a31e3cd26889ca66d677f1"},"headline":"Session de formation d&rsquo;entra\u00eeneurs, Guy Demel et N&rsquo;Dri Koffi Romaric \u00e0 la conqu\u00eate de la licence A CAF","datePublished":"2026-01-27T15:17:45+00:00","mainEntityOfPage":{"@id":"https:\/\/www.africa-press.net\/cotedivoire\/politique\/session-de-formation-dentraineurs-guy-demel-et-ndri-koffi-romaric-a-la-conquete-de-la-licence-a-caf"},"wordCount":545,"commentCount":0,"image":{"@id":"https:\/\/www.africa-press.net\/cotedivoire\/politique\/session-de-formation-dentraineurs-guy-demel-et-ndri-koffi-romaric-a-la-conquete-de-la-licence-a-caf#primaryimage"},"thumbnailUrl":"https:\/\/static.africa-press.net\/cote\/sites\/43\/2026\/01\/sm_1769527065.850768.jpg","keywords":["Bingerville","CAF","CNTF","FIF","Formation","Idriss Diallo","licence"],"articleSection":["Sports","Toutes les actualit\u00e9s"],"inLanguage":"fr-FR","potentialAction":[{"@type":"CommentAction","name":"Comment","target":["https:\/\/www.africa-press.net\/cotedivoire\/politique\/session-de-formation-dentraineurs-guy-demel-et-ndri-koffi-romaric-a-la-conquete-de-la-licence-a-caf#respond"]}]},{"@type":"WebPage","@id":"https:\/\/www.africa-press.net\/cotedivoire\/politique\/session-de-formation-dentraineurs-guy-demel-et-ndri-koffi-romaric-a-la-conquete-de-la-licence-a-caf","url":"https:\/\/www.africa-press.net\/cotedivoire\/politique\/session-de-formation-dentraineurs-guy-demel-et-ndri-koffi-romaric-a-la-conquete-de-la-licence-a-caf","name":"Session de formation d'entra\u00eeneurs, Guy Demel et N'Dri Koffi Romaric \u00e0 la conqu\u00eate de la licence A CAF - C\u00f4te d&#039;Ivoire","isPartOf":{"@id":"https:\/\/www.africa-press.net\/cotedivoire\/#website"},"primaryImageOfPage":{"@id":"https:\/\/www.africa-press.net\/cotedivoire\/politique\/session-de-formation-dentraineurs-guy-demel-et-ndri-koffi-romaric-a-la-conquete-de-la-licence-a-caf#primaryimage"},"image":{"@id":"https:\/\/www.africa-press.net\/cotedivoire\/politique\/session-de-formation-dentraineurs-guy-demel-et-ndri-koffi-romaric-a-la-conquete-de-la-licence-a-caf#primaryimage"},"thumbnailUrl":"https:\/\/static.africa-press.net\/cote\/sites\/43\/2026\/01\/sm_1769527065.850768.jpg","datePublished":"2026-01-27T15:17:45+00:00","author":{"@id":"https:\/\/www.africa-press.net\/cotedivoire\/#\/schema\/person\/2b1cf3cd81a31e3cd26889ca66d677f1"},"breadcrumb":{"@id":"https:\/\/www.africa-press.net\/cotedivoire\/politique\/session-de-formation-dentraineurs-guy-demel-et-ndri-koffi-romaric-a-la-conquete-de-la-licence-a-caf#breadcrumb"},"inLanguage":"fr-FR","potentialAction":[{"@type":"ReadAction","target":["https:\/\/www.africa-press.net\/cotedivoire\/politique\/session-de-formation-dentraineurs-guy-demel-et-ndri-koffi-romaric-a-la-conquete-de-la-licence-a-caf"]}]},{"@type":"ImageObject","inLanguage":"fr-FR","@id":"https:\/\/www.africa-press.net\/cotedivoire\/politique\/session-de-formation-dentraineurs-guy-demel-et-ndri-koffi-romaric-a-la-conquete-de-la-licence-a-caf#primaryimage","url":"https:\/\/static.africa-press.net\/cote\/sites\/43\/2026\/01\/sm_1769527065.850768.jpg","contentUrl":"https:\/\/static.africa-press.net\/cote\/sites\/43\/2026\/01\/sm_1769527065.850768.jpg","width":600,"height":324,"caption":"Session de formation d'entra\u00eeneurs, Guy Demel et N'Dri Koffi Romaric \u00e0 la conqu\u00eate de la licence A CAF"},{"@type":"BreadcrumbList","@id":"https:\/\/www.africa-press.net\/cotedivoire\/politique\/session-de-formation-dentraineurs-guy-demel-et-ndri-koffi-romaric-a-la-conquete-de-la-licence-a-caf#breadcrumb","itemListElement":[{"@type":"ListItem","position":1,"name":"Accueil","item":"https:\/\/www.africa-press.net\/cotedivoire\/"},{"@type":"ListItem","position":2,"name":"Session de formation d&rsquo;entra\u00eeneurs, Guy Demel et N&rsquo;Dri Koffi Romaric \u00e0 la conqu\u00eate de la licence A CAF"}]},{"@type":"WebSite","@id":"https:\/\/www.africa-press.net\/cotedivoire\/#website","url":"https:\/\/www.africa-press.net\/cotedivoire\/","name":"C\u00f4te d&#039;Ivoire","description":"Just another Africa News Agency Sites site","potentialAction":[{"@type":"SearchAction","target":{"@type":"EntryPoint","urlTemplate":"https:\/\/www.africa-press.net\/cotedivoire\/?s={search_term_string}"},"query-input":{"@type":"PropertyValueSpecification","valueRequired":true,"valueName":"search_term_string"}}],"inLanguage":"fr-FR"},{"@type":"Person","@id":"https:\/\/www.africa-press.net\/cotedivoire\/#\/schema\/person\/2b1cf3cd81a31e3cd26889ca66d677f1","name":"cfeditorfr"}]}},"_links":{"self":[{"href":"https:\/\/www.africa-press.net\/cotedivoire\/wp-json\/wp\/v2\/posts\/111832","targetHints":{"allow":["GET"]}}],"collection":[{"href":"https:\/\/www.africa-press.net\/cotedivoire\/wp-json\/wp\/v2\/posts"}],"about":[{"href":"https:\/\/www.africa-press.net\/cotedivoire\/wp-json\/wp\/v2\/types\/post"}],"author":[{"embeddable":true,"href":"https:\/\/www.africa-press.net\/cotedivoire\/wp-json\/wp\/v2\/users\/82"}],"replies":[{"embeddable":true,"href":"https:\/\/www.africa-press.net\/cotedivoire\/wp-json\/wp\/v2\/comments?post=111832"}],"version-history":[{"count":0,"href":"https:\/\/www.africa-press.net\/cotedivoire\/wp-json\/wp\/v2\/posts\/111832\/revisions"}],"wp:featuredmedia":[{"embeddable":true,"href":"https:\/\/www.africa-press.net\/cotedivoire\/wp-json\/wp\/v2\/media\/111831"}],"wp:attachment":[{"href":"https:\/\/www.africa-press.net\/cotedivoire\/wp-json\/wp\/v2\/media?parent=111832"}],"wp:term":[{"taxonomy":"category","embeddable":true,"href":"https:\/\/www.africa-press.net\/cotedivoire\/wp-json\/wp\/v2\/categories?post=111832"},{"taxonomy":"post_tag","embeddable":true,"href":"https:\/\/www.africa-press.net\/cotedivoire\/wp-json\/wp\/v2\/tags?post=111832"}],"curies":[{"name":"wp","href":"https:\/\/api.w.org\/{rel}","templated":true}]}}