{"id":111838,"date":"2026-01-27T15:19:53","date_gmt":"2026-01-27T15:19:53","guid":{"rendered":"https:\/\/www.africa-press.net\/cotedivoire\/politique\/face-au-corps-diplomatique-ouattara-invite-les-partenaires-internationaux-a-soutenir-le-pnd-2026-2030-pour-une-croissance-inclusive-et-durable"},"modified":"2026-01-27T15:19:53","modified_gmt":"2026-01-27T15:19:53","slug":"face-au-corps-diplomatique-ouattara-invite-les-partenaires-internationaux-a-soutenir-le-pnd-2026-2030-pour-une-croissance-inclusive-et-durable","status":"publish","type":"post","link":"https:\/\/www.africa-press.net\/cotedivoire\/politique\/face-au-corps-diplomatique-ouattara-invite-les-partenaires-internationaux-a-soutenir-le-pnd-2026-2030-pour-une-croissance-inclusive-et-durable","title":{"rendered":"Face au Corps diplomatique, Ouattara invite les partenaires internationaux \u00e0 soutenir le PND 2026-2030 pour une croissance inclusive et durable"},"content":{"rendered":"<p>La traditionnelle c\u00e9r\u00e9monie de pr\u00e9sentation des v\u0153ux du Corps diplomatique accr\u00e9dit\u00e9 en C\u00f4te d\u2019Ivoire chef de l&rsquo;\u00c9tat Alassane Ouattara en ce d\u00e9but d&rsquo;ann\u00e9e 2026, s\u2019est tenue dans un climat de solennit\u00e9 et de convivialit\u00e9, marquant une nouvelle \u00e9tape du dialogue entre la C\u00f4te d\u2019Ivoire et ses partenaires internationaux.<\/p>\n<p>\u00c0 cette occasion, le Nonce apostolique, doyen du Corps diplomatique, et le Pr\u00e9sident de la R\u00e9publique, Son Excellence Alassane Ouattara, ont r\u00e9affirm\u00e9 leur engagement commun en faveur de la paix, du d\u00e9veloppement et de la coop\u00e9ration internationale.<\/p>\n<p>Prenant la parole au nom de l\u2019ensemble des ambassadeurs et repr\u00e9sentants des organisations internationales, le Nonce apostolique a salu\u00e9 la solidit\u00e9 du partenariat entre la C\u00f4te d\u2019Ivoire et la communaut\u00e9 diplomatique. Il a adress\u00e9 ses v\u0153ux les plus chaleureux au Chef de l\u2019\u00c9tat, \u00e0 son \u00e9pouse, Madame Dominique Ouattara, ainsi qu\u2019au peuple ivoirien, mettant en lumi\u00e8re l\u2019engagement humanitaire et social de la Premi\u00e8re Dame en faveur des plus vuln\u00e9rables.<\/p>\n<p>Revenant sur l\u2019ann\u00e9e 2025, le doyen du Corps diplomatique a soulign\u00e9 la capacit\u00e9 de r\u00e9silience de la C\u00f4te d\u2019Ivoire face aux d\u00e9fis \u00e9conomiques, sociaux et environnementaux. Il a salu\u00e9 la performance \u00e9conomique du pays, sup\u00e9rieure aux moyennes r\u00e9gionale et mondiale, ainsi que son rayonnement international, illustr\u00e9 par l\u2019organisation de grands \u00e9v\u00e9nements dans les domaines de l\u2019agriculture, de l\u2019intelligence artificielle, des arts et de la culture. La participation active de la C\u00f4te d\u2019Ivoire \u00e0 des rencontres internationales majeures, notamment la COP 30 \u00e0 Bel\u00e9m et la Conf\u00e9rence sur le financement du d\u00e9veloppement \u00e0 S\u00e9ville, a \u00e9galement \u00e9t\u00e9 mise en exergue.<\/p>\n<p>Sur le plan politique, le Nonce apostolique a f\u00e9licit\u00e9 les autorit\u00e9s ivoiriennes pour la tenue des \u00e9lections pr\u00e9sidentielle et l\u00e9gislatives dans un climat apais\u00e9, y voyant l\u2019expression d\u2019une d\u00e9mocratie en consolidation et d\u2019un profond attachement du peuple ivoirien \u00e0 la paix. Il a appel\u00e9 \u00e0 pr\u00e9server cet esprit de concorde, en comparant la C\u00f4te d\u2019Ivoire \u00e0 un \u00ab village de paix \u00bb, fond\u00e9 sur le dialogue, la place centrale de la femme et le r\u00f4le accru de la jeunesse.<\/p>\n<p>En r\u00e9ponse, le Pr\u00e9sident Alassane Ouattara a remerci\u00e9 le Corps diplomatique pour son accompagnement constant et son engagement au service du d\u00e9veloppement de la C\u00f4te d\u2019Ivoire. Il a formul\u00e9, \u00e0 son tour, des v\u0153ux de sant\u00e9, de prosp\u00e9rit\u00e9 et de succ\u00e8s \u00e0 l\u2019endroit des diplomates, de leurs familles et des pays qu\u2019ils repr\u00e9sentent.<\/p>\n<p>Le Chef de l\u2019\u00c9tat a rappel\u00e9 que l\u2019ann\u00e9e 2025 s\u2019est d\u00e9roul\u00e9e dans un contexte mondial marqu\u00e9 par des tensions g\u00e9opolitiques, des d\u00e9fis s\u00e9curitaires et les effets du changement climatique. Malgr\u00e9 ces contraintes, a-t-il soulign\u00e9, la C\u00f4te d\u2019Ivoire a poursuivi sa trajectoire de stabilit\u00e9 politique, de croissance \u00e9conomique et de progr\u00e8s social. Il a notamment mis en avant la bonne tenue des scrutins pr\u00e9sidentiel et l\u00e9gislatif, symboles de la maturit\u00e9 d\u00e9mocratique du pays.<\/p>\n<p>Sur le plan \u00e9conomique, le Pr\u00e9sident de la R\u00e9publique a salu\u00e9 la dynamique de croissance soutenue, port\u00e9e par l\u2019agriculture, l\u2019industrialisation et les services, ainsi que par la vigueur des investissements publics et priv\u00e9s. Il a \u00e9galement \u00e9voqu\u00e9 les avanc\u00e9es sociales r\u00e9alis\u00e9es dans les secteurs de l\u2019\u00e9ducation, de la sant\u00e9, de l\u2019acc\u00e8s \u00e0 l\u2019eau potable, \u00e0 l\u2019\u00e9lectricit\u00e9 et de la protection sociale, avec une attention particuli\u00e8re accord\u00e9e aux femmes et aux jeunes.<\/p>\n<p>Se projetant vers l\u2019avenir, Alassane Ouattara a pr\u00e9sent\u00e9 les grandes orientations du Plan national de d\u00e9veloppement 2026-2030, destin\u00e9 \u00e0 acc\u00e9l\u00e9rer la transformation structurelle de l\u2019\u00e9conomie ivoirienne et \u00e0 promouvoir une croissance inclusive et durable. Il a invit\u00e9 les partenaires bilat\u00e9raux et multilat\u00e9raux \u00e0 s\u2019engager pleinement dans la mise en \u0153uvre de ce programme ambitieux.<\/p>\n<p>Au terme de la c\u00e9r\u00e9monie, les deux parties ont r\u00e9affirm\u00e9 leur volont\u00e9 commune de renforcer la coop\u00e9ration, de promouvoir le multilat\u00e9ralisme et de consolider la paix. Un message d\u2019espoir et de confiance a ainsi \u00e9t\u00e9 adress\u00e9 pour l\u2019ann\u00e9e 2026, plac\u00e9e sous le signe du progr\u00e8s partag\u00e9, de la stabilit\u00e9 et de la fraternit\u00e9 entre les nations.<\/p>\n<p>Wassimagnon<\/p>\n","protected":false},"excerpt":{"rendered":"<p>La traditionnelle c\u00e9r\u00e9monie de pr\u00e9sentation des v\u0153ux du Corps diplomatique accr\u00e9dit\u00e9 en C\u00f4te d\u2019Ivoire chef de l&rsquo;\u00c9tat Alassane Ouattara en ce d\u00e9but d&rsquo;ann\u00e9e 2026, s\u2019est tenue dans un climat de solennit\u00e9 et de convivialit\u00e9, marquant une nouvelle \u00e9tape du dialogue entre la C\u00f4te d\u2019Ivoire et ses partenaires internationaux. \u00c0 cette occasion, le Nonce apostolique, doyen [&hellip;]<\/p>\n","protected":false},"author":82,"featured_media":111837,"comment_status":"open","ping_status":"closed","sticky":false,"template":"","format":"standard","meta":{"footnotes":""},"categories":[2,20,10],"tags":[38,180,1583,2314,600,9649,20141],"class_list":["post-111838","post","type-post","status-publish","format-standard","has-post-thumbnail","hentry","category-politique","category-top-nouvelles","category-toutes-les-actualites","tag-alassane-ouattara","tag-corps","tag-developpement","tag-diplomatique","tag-paix","tag-stabilite","tag-voeux2026"],"yoast_head":"<!-- This site is optimized with the Yoast SEO Premium plugin v26.1 (Yoast SEO v27.0) - https:\/\/yoast.com\/product\/yoast-seo-premium-wordpress\/ -->\n<title>Face au Corps diplomatique, Ouattara invite les partenaires internationaux \u00e0 soutenir le PND 2026-2030 pour une croissance inclusive et durable - C\u00f4te d&#039;Ivoire<\/title>\n<meta name=\"robots\" content=\"index, follow, max-snippet:-1, max-image-preview:large, max-video-preview:-1\" \/>\n<link rel=\"canonical\" href=\"https:\/\/www.africa-press.net\/cotedivoire\/politique\/face-au-corps-diplomatique-ouattara-invite-les-partenaires-internationaux-a-soutenir-le-pnd-2026-2030-pour-une-croissance-inclusive-et-durable\" \/>\n<meta property=\"og:locale\" content=\"fr_FR\" \/>\n<meta property=\"og:type\" content=\"article\" \/>\n<meta property=\"og:title\" content=\"Face au Corps diplomatique, Ouattara invite les partenaires internationaux \u00e0 soutenir le PND 2026-2030 pour une croissance inclusive et durable\" \/>\n<meta property=\"og:description\" content=\"La traditionnelle c\u00e9r\u00e9monie de pr\u00e9sentation des v\u0153ux du Corps diplomatique accr\u00e9dit\u00e9 en C\u00f4te d\u2019Ivoire chef de l&rsquo;\u00c9tat Alassane Ouattara en ce d\u00e9but d&rsquo;ann\u00e9e 2026, s\u2019est tenue dans un climat de solennit\u00e9 et de convivialit\u00e9, marquant une nouvelle \u00e9tape du dialogue entre la C\u00f4te d\u2019Ivoire et ses partenaires internationaux. \u00c0 cette occasion, le Nonce apostolique, doyen [&hellip;]\" \/>\n<meta property=\"og:url\" content=\"https:\/\/www.africa-press.net\/cotedivoire\/politique\/face-au-corps-diplomatique-ouattara-invite-les-partenaires-internationaux-a-soutenir-le-pnd-2026-2030-pour-une-croissance-inclusive-et-durable\" \/>\n<meta property=\"og:site_name\" content=\"C\u00f4te d&#039;Ivoire\" \/>\n<meta property=\"article:published_time\" content=\"2026-01-27T15:19:53+00:00\" \/>\n<meta name=\"author\" content=\"cfeditorfr\" \/>\n<meta name=\"twitter:card\" content=\"summary_large_image\" \/>\n<meta name=\"twitter:label1\" content=\"\u00c9crit par\" \/>\n\t<meta name=\"twitter:data1\" content=\"cfeditorfr\" \/>\n\t<meta name=\"twitter:label2\" content=\"Dur\u00e9e de lecture estim\u00e9e\" \/>\n\t<meta name=\"twitter:data2\" content=\"4 minutes\" \/>\n<script type=\"application\/ld+json\" class=\"yoast-schema-graph\">{\"@context\":\"https:\/\/schema.org\",\"@graph\":[{\"@type\":\"Article\",\"@id\":\"https:\/\/www.africa-press.net\/cotedivoire\/politique\/face-au-corps-diplomatique-ouattara-invite-les-partenaires-internationaux-a-soutenir-le-pnd-2026-2030-pour-une-croissance-inclusive-et-durable#article\",\"isPartOf\":{\"@id\":\"https:\/\/www.africa-press.net\/cotedivoire\/politique\/face-au-corps-diplomatique-ouattara-invite-les-partenaires-internationaux-a-soutenir-le-pnd-2026-2030-pour-une-croissance-inclusive-et-durable\"},\"author\":{\"name\":\"cfeditorfr\",\"@id\":\"https:\/\/www.africa-press.net\/cotedivoire\/#\/schema\/person\/2b1cf3cd81a31e3cd26889ca66d677f1\"},\"headline\":\"Face au Corps diplomatique, Ouattara invite les partenaires internationaux \u00e0 soutenir le PND 2026-2030 pour une croissance inclusive et durable\",\"datePublished\":\"2026-01-27T15:19:53+00:00\",\"mainEntityOfPage\":{\"@id\":\"https:\/\/www.africa-press.net\/cotedivoire\/politique\/face-au-corps-diplomatique-ouattara-invite-les-partenaires-internationaux-a-soutenir-le-pnd-2026-2030-pour-une-croissance-inclusive-et-durable\"},\"wordCount\":757,\"commentCount\":0,\"image\":{\"@id\":\"https:\/\/www.africa-press.net\/cotedivoire\/politique\/face-au-corps-diplomatique-ouattara-invite-les-partenaires-internationaux-a-soutenir-le-pnd-2026-2030-pour-une-croissance-inclusive-et-durable#primaryimage\"},\"thumbnailUrl\":\"https:\/\/static.africa-press.net\/cote\/sites\/43\/2026\/01\/sm_1769527193.801262.jpg\",\"keywords\":[\"Alassane Ouattara\",\"corps\",\"d\u00e9veloppement\",\"diplomatique\",\"paix\",\"stabilit\u00e9\",\"V\u0153ux2026\"],\"articleSection\":[\"Politique\",\"Top Nouvelles\",\"Toutes les actualit\u00e9s\"],\"inLanguage\":\"fr-FR\",\"potentialAction\":[{\"@type\":\"CommentAction\",\"name\":\"Comment\",\"target\":[\"https:\/\/www.africa-press.net\/cotedivoire\/politique\/face-au-corps-diplomatique-ouattara-invite-les-partenaires-internationaux-a-soutenir-le-pnd-2026-2030-pour-une-croissance-inclusive-et-durable#respond\"]}]},{\"@type\":\"WebPage\",\"@id\":\"https:\/\/www.africa-press.net\/cotedivoire\/politique\/face-au-corps-diplomatique-ouattara-invite-les-partenaires-internationaux-a-soutenir-le-pnd-2026-2030-pour-une-croissance-inclusive-et-durable\",\"url\":\"https:\/\/www.africa-press.net\/cotedivoire\/politique\/face-au-corps-diplomatique-ouattara-invite-les-partenaires-internationaux-a-soutenir-le-pnd-2026-2030-pour-une-croissance-inclusive-et-durable\",\"name\":\"Face au Corps diplomatique, Ouattara invite les partenaires internationaux \u00e0 soutenir le PND 2026-2030 pour une croissance inclusive et durable - C\u00f4te d&#039;Ivoire\",\"isPartOf\":{\"@id\":\"https:\/\/www.africa-press.net\/cotedivoire\/#website\"},\"primaryImageOfPage\":{\"@id\":\"https:\/\/www.africa-press.net\/cotedivoire\/politique\/face-au-corps-diplomatique-ouattara-invite-les-partenaires-internationaux-a-soutenir-le-pnd-2026-2030-pour-une-croissance-inclusive-et-durable#primaryimage\"},\"image\":{\"@id\":\"https:\/\/www.africa-press.net\/cotedivoire\/politique\/face-au-corps-diplomatique-ouattara-invite-les-partenaires-internationaux-a-soutenir-le-pnd-2026-2030-pour-une-croissance-inclusive-et-durable#primaryimage\"},\"thumbnailUrl\":\"https:\/\/static.africa-press.net\/cote\/sites\/43\/2026\/01\/sm_1769527193.801262.jpg\",\"datePublished\":\"2026-01-27T15:19:53+00:00\",\"author\":{\"@id\":\"https:\/\/www.africa-press.net\/cotedivoire\/#\/schema\/person\/2b1cf3cd81a31e3cd26889ca66d677f1\"},\"breadcrumb\":{\"@id\":\"https:\/\/www.africa-press.net\/cotedivoire\/politique\/face-au-corps-diplomatique-ouattara-invite-les-partenaires-internationaux-a-soutenir-le-pnd-2026-2030-pour-une-croissance-inclusive-et-durable#breadcrumb\"},\"inLanguage\":\"fr-FR\",\"potentialAction\":[{\"@type\":\"ReadAction\",\"target\":[\"https:\/\/www.africa-press.net\/cotedivoire\/politique\/face-au-corps-diplomatique-ouattara-invite-les-partenaires-internationaux-a-soutenir-le-pnd-2026-2030-pour-une-croissance-inclusive-et-durable\"]}]},{\"@type\":\"ImageObject\",\"inLanguage\":\"fr-FR\",\"@id\":\"https:\/\/www.africa-press.net\/cotedivoire\/politique\/face-au-corps-diplomatique-ouattara-invite-les-partenaires-internationaux-a-soutenir-le-pnd-2026-2030-pour-une-croissance-inclusive-et-durable#primaryimage\",\"url\":\"https:\/\/static.africa-press.net\/cote\/sites\/43\/2026\/01\/sm_1769527193.801262.jpg\",\"contentUrl\":\"https:\/\/static.africa-press.net\/cote\/sites\/43\/2026\/01\/sm_1769527193.801262.jpg\",\"width\":482,\"height\":500,\"caption\":\"Face au Corps diplomatique, Ouattara invite les partenaires internationaux \u00e0 soutenir le PND 2026-2030 pour une croissance inclusive et durable\"},{\"@type\":\"BreadcrumbList\",\"@id\":\"https:\/\/www.africa-press.net\/cotedivoire\/politique\/face-au-corps-diplomatique-ouattara-invite-les-partenaires-internationaux-a-soutenir-le-pnd-2026-2030-pour-une-croissance-inclusive-et-durable#breadcrumb\",\"itemListElement\":[{\"@type\":\"ListItem\",\"position\":1,\"name\":\"Accueil\",\"item\":\"https:\/\/www.africa-press.net\/cotedivoire\/\"},{\"@type\":\"ListItem\",\"position\":2,\"name\":\"Face au Corps diplomatique, Ouattara invite les partenaires internationaux \u00e0 soutenir le PND 2026-2030 pour une croissance inclusive et durable\"}]},{\"@type\":\"WebSite\",\"@id\":\"https:\/\/www.africa-press.net\/cotedivoire\/#website\",\"url\":\"https:\/\/www.africa-press.net\/cotedivoire\/\",\"name\":\"C\u00f4te d&#039;Ivoire\",\"description\":\"Just another Africa News Agency Sites site\",\"potentialAction\":[{\"@type\":\"SearchAction\",\"target\":{\"@type\":\"EntryPoint\",\"urlTemplate\":\"https:\/\/www.africa-press.net\/cotedivoire\/?s={search_term_string}\"},\"query-input\":{\"@type\":\"PropertyValueSpecification\",\"valueRequired\":true,\"valueName\":\"search_term_string\"}}],\"inLanguage\":\"fr-FR\"},{\"@type\":\"Person\",\"@id\":\"https:\/\/www.africa-press.net\/cotedivoire\/#\/schema\/person\/2b1cf3cd81a31e3cd26889ca66d677f1\",\"name\":\"cfeditorfr\"}]}<\/script>\n<!-- \/ Yoast SEO Premium plugin. -->","yoast_head_json":{"title":"Face au Corps diplomatique, Ouattara invite les partenaires internationaux \u00e0 soutenir le PND 2026-2030 pour une croissance inclusive et durable - C\u00f4te d&#039;Ivoire","robots":{"index":"index","follow":"follow","max-snippet":"max-snippet:-1","max-image-preview":"max-image-preview:large","max-video-preview":"max-video-preview:-1"},"canonical":"https:\/\/www.africa-press.net\/cotedivoire\/politique\/face-au-corps-diplomatique-ouattara-invite-les-partenaires-internationaux-a-soutenir-le-pnd-2026-2030-pour-une-croissance-inclusive-et-durable","og_locale":"fr_FR","og_type":"article","og_title":"Face au Corps diplomatique, Ouattara invite les partenaires internationaux \u00e0 soutenir le PND 2026-2030 pour une croissance inclusive et durable","og_description":"La traditionnelle c\u00e9r\u00e9monie de pr\u00e9sentation des v\u0153ux du Corps diplomatique accr\u00e9dit\u00e9 en C\u00f4te d\u2019Ivoire chef de l&rsquo;\u00c9tat Alassane Ouattara en ce d\u00e9but d&rsquo;ann\u00e9e 2026, s\u2019est tenue dans un climat de solennit\u00e9 et de convivialit\u00e9, marquant une nouvelle \u00e9tape du dialogue entre la C\u00f4te d\u2019Ivoire et ses partenaires internationaux. \u00c0 cette occasion, le Nonce apostolique, doyen [&hellip;]","og_url":"https:\/\/www.africa-press.net\/cotedivoire\/politique\/face-au-corps-diplomatique-ouattara-invite-les-partenaires-internationaux-a-soutenir-le-pnd-2026-2030-pour-une-croissance-inclusive-et-durable","og_site_name":"C\u00f4te d&#039;Ivoire","article_published_time":"2026-01-27T15:19:53+00:00","author":"cfeditorfr","twitter_card":"summary_large_image","twitter_misc":{"\u00c9crit par":"cfeditorfr","Dur\u00e9e de lecture estim\u00e9e":"4 minutes"},"schema":{"@context":"https:\/\/schema.org","@graph":[{"@type":"Article","@id":"https:\/\/www.africa-press.net\/cotedivoire\/politique\/face-au-corps-diplomatique-ouattara-invite-les-partenaires-internationaux-a-soutenir-le-pnd-2026-2030-pour-une-croissance-inclusive-et-durable#article","isPartOf":{"@id":"https:\/\/www.africa-press.net\/cotedivoire\/politique\/face-au-corps-diplomatique-ouattara-invite-les-partenaires-internationaux-a-soutenir-le-pnd-2026-2030-pour-une-croissance-inclusive-et-durable"},"author":{"name":"cfeditorfr","@id":"https:\/\/www.africa-press.net\/cotedivoire\/#\/schema\/person\/2b1cf3cd81a31e3cd26889ca66d677f1"},"headline":"Face au Corps diplomatique, Ouattara invite les partenaires internationaux \u00e0 soutenir le PND 2026-2030 pour une croissance inclusive et durable","datePublished":"2026-01-27T15:19:53+00:00","mainEntityOfPage":{"@id":"https:\/\/www.africa-press.net\/cotedivoire\/politique\/face-au-corps-diplomatique-ouattara-invite-les-partenaires-internationaux-a-soutenir-le-pnd-2026-2030-pour-une-croissance-inclusive-et-durable"},"wordCount":757,"commentCount":0,"image":{"@id":"https:\/\/www.africa-press.net\/cotedivoire\/politique\/face-au-corps-diplomatique-ouattara-invite-les-partenaires-internationaux-a-soutenir-le-pnd-2026-2030-pour-une-croissance-inclusive-et-durable#primaryimage"},"thumbnailUrl":"https:\/\/static.africa-press.net\/cote\/sites\/43\/2026\/01\/sm_1769527193.801262.jpg","keywords":["Alassane Ouattara","corps","d\u00e9veloppement","diplomatique","paix","stabilit\u00e9","V\u0153ux2026"],"articleSection":["Politique","Top Nouvelles","Toutes les actualit\u00e9s"],"inLanguage":"fr-FR","potentialAction":[{"@type":"CommentAction","name":"Comment","target":["https:\/\/www.africa-press.net\/cotedivoire\/politique\/face-au-corps-diplomatique-ouattara-invite-les-partenaires-internationaux-a-soutenir-le-pnd-2026-2030-pour-une-croissance-inclusive-et-durable#respond"]}]},{"@type":"WebPage","@id":"https:\/\/www.africa-press.net\/cotedivoire\/politique\/face-au-corps-diplomatique-ouattara-invite-les-partenaires-internationaux-a-soutenir-le-pnd-2026-2030-pour-une-croissance-inclusive-et-durable","url":"https:\/\/www.africa-press.net\/cotedivoire\/politique\/face-au-corps-diplomatique-ouattara-invite-les-partenaires-internationaux-a-soutenir-le-pnd-2026-2030-pour-une-croissance-inclusive-et-durable","name":"Face au Corps diplomatique, Ouattara invite les partenaires internationaux \u00e0 soutenir le PND 2026-2030 pour une croissance inclusive et durable - C\u00f4te d&#039;Ivoire","isPartOf":{"@id":"https:\/\/www.africa-press.net\/cotedivoire\/#website"},"primaryImageOfPage":{"@id":"https:\/\/www.africa-press.net\/cotedivoire\/politique\/face-au-corps-diplomatique-ouattara-invite-les-partenaires-internationaux-a-soutenir-le-pnd-2026-2030-pour-une-croissance-inclusive-et-durable#primaryimage"},"image":{"@id":"https:\/\/www.africa-press.net\/cotedivoire\/politique\/face-au-corps-diplomatique-ouattara-invite-les-partenaires-internationaux-a-soutenir-le-pnd-2026-2030-pour-une-croissance-inclusive-et-durable#primaryimage"},"thumbnailUrl":"https:\/\/static.africa-press.net\/cote\/sites\/43\/2026\/01\/sm_1769527193.801262.jpg","datePublished":"2026-01-27T15:19:53+00:00","author":{"@id":"https:\/\/www.africa-press.net\/cotedivoire\/#\/schema\/person\/2b1cf3cd81a31e3cd26889ca66d677f1"},"breadcrumb":{"@id":"https:\/\/www.africa-press.net\/cotedivoire\/politique\/face-au-corps-diplomatique-ouattara-invite-les-partenaires-internationaux-a-soutenir-le-pnd-2026-2030-pour-une-croissance-inclusive-et-durable#breadcrumb"},"inLanguage":"fr-FR","potentialAction":[{"@type":"ReadAction","target":["https:\/\/www.africa-press.net\/cotedivoire\/politique\/face-au-corps-diplomatique-ouattara-invite-les-partenaires-internationaux-a-soutenir-le-pnd-2026-2030-pour-une-croissance-inclusive-et-durable"]}]},{"@type":"ImageObject","inLanguage":"fr-FR","@id":"https:\/\/www.africa-press.net\/cotedivoire\/politique\/face-au-corps-diplomatique-ouattara-invite-les-partenaires-internationaux-a-soutenir-le-pnd-2026-2030-pour-une-croissance-inclusive-et-durable#primaryimage","url":"https:\/\/static.africa-press.net\/cote\/sites\/43\/2026\/01\/sm_1769527193.801262.jpg","contentUrl":"https:\/\/static.africa-press.net\/cote\/sites\/43\/2026\/01\/sm_1769527193.801262.jpg","width":482,"height":500,"caption":"Face au Corps diplomatique, Ouattara invite les partenaires internationaux \u00e0 soutenir le PND 2026-2030 pour une croissance inclusive et durable"},{"@type":"BreadcrumbList","@id":"https:\/\/www.africa-press.net\/cotedivoire\/politique\/face-au-corps-diplomatique-ouattara-invite-les-partenaires-internationaux-a-soutenir-le-pnd-2026-2030-pour-une-croissance-inclusive-et-durable#breadcrumb","itemListElement":[{"@type":"ListItem","position":1,"name":"Accueil","item":"https:\/\/www.africa-press.net\/cotedivoire\/"},{"@type":"ListItem","position":2,"name":"Face au Corps diplomatique, Ouattara invite les partenaires internationaux \u00e0 soutenir le PND 2026-2030 pour une croissance inclusive et durable"}]},{"@type":"WebSite","@id":"https:\/\/www.africa-press.net\/cotedivoire\/#website","url":"https:\/\/www.africa-press.net\/cotedivoire\/","name":"C\u00f4te d&#039;Ivoire","description":"Just another Africa News Agency Sites site","potentialAction":[{"@type":"SearchAction","target":{"@type":"EntryPoint","urlTemplate":"https:\/\/www.africa-press.net\/cotedivoire\/?s={search_term_string}"},"query-input":{"@type":"PropertyValueSpecification","valueRequired":true,"valueName":"search_term_string"}}],"inLanguage":"fr-FR"},{"@type":"Person","@id":"https:\/\/www.africa-press.net\/cotedivoire\/#\/schema\/person\/2b1cf3cd81a31e3cd26889ca66d677f1","name":"cfeditorfr"}]}},"_links":{"self":[{"href":"https:\/\/www.africa-press.net\/cotedivoire\/wp-json\/wp\/v2\/posts\/111838","targetHints":{"allow":["GET"]}}],"collection":[{"href":"https:\/\/www.africa-press.net\/cotedivoire\/wp-json\/wp\/v2\/posts"}],"about":[{"href":"https:\/\/www.africa-press.net\/cotedivoire\/wp-json\/wp\/v2\/types\/post"}],"author":[{"embeddable":true,"href":"https:\/\/www.africa-press.net\/cotedivoire\/wp-json\/wp\/v2\/users\/82"}],"replies":[{"embeddable":true,"href":"https:\/\/www.africa-press.net\/cotedivoire\/wp-json\/wp\/v2\/comments?post=111838"}],"version-history":[{"count":0,"href":"https:\/\/www.africa-press.net\/cotedivoire\/wp-json\/wp\/v2\/posts\/111838\/revisions"}],"wp:featuredmedia":[{"embeddable":true,"href":"https:\/\/www.africa-press.net\/cotedivoire\/wp-json\/wp\/v2\/media\/111837"}],"wp:attachment":[{"href":"https:\/\/www.africa-press.net\/cotedivoire\/wp-json\/wp\/v2\/media?parent=111838"}],"wp:term":[{"taxonomy":"category","embeddable":true,"href":"https:\/\/www.africa-press.net\/cotedivoire\/wp-json\/wp\/v2\/categories?post=111838"},{"taxonomy":"post_tag","embeddable":true,"href":"https:\/\/www.africa-press.net\/cotedivoire\/wp-json\/wp\/v2\/tags?post=111838"}],"curies":[{"name":"wp","href":"https:\/\/api.w.org\/{rel}","templated":true}]}}