{"id":111840,"date":"2026-01-27T15:20:18","date_gmt":"2026-01-27T15:20:18","guid":{"rendered":"https:\/\/www.africa-press.net\/cotedivoire\/politique\/recevant-les-institutions-de-la-republique-pour-les-voeux-ouattara-promet-des-reformes-pour-un-etat-fort-et-une-action-publique-efficace"},"modified":"2026-01-27T15:20:18","modified_gmt":"2026-01-27T15:20:18","slug":"recevant-les-institutions-de-la-republique-pour-les-voeux-ouattara-promet-des-reformes-pour-un-etat-fort-et-une-action-publique-efficace","status":"publish","type":"post","link":"https:\/\/www.africa-press.net\/cotedivoire\/politique\/recevant-les-institutions-de-la-republique-pour-les-voeux-ouattara-promet-des-reformes-pour-un-etat-fort-et-une-action-publique-efficace","title":{"rendered":"Recevant les Institutions de la R\u00e9publique pour les v\u0153ux, Ouattara promet des r\u00e9formes pour un \u00c9tat fort et une action publique efficace"},"content":{"rendered":"<p>Les institutions de la R\u00e9publique de C\u00f4te d\u2019Ivoire ont pr\u00e9sent\u00e9 leurs v\u0153ux de nouvel an au Pr\u00e9sident de la R\u00e9publique, Son Excellence Alassane Ouattara, lors d\u2019une c\u00e9r\u00e9monie solennelle plac\u00e9e sous le signe de l\u2019esp\u00e9rance, du renouveau et de la responsabilit\u00e9. Au nom de l\u2019ensemble des institutions, Madame Tour\u00e9 Hortense a salu\u00e9 les acquis d\u00e9mocratiques du pays et r\u00e9affirm\u00e9 leur engagement \u00e0 accompagner l\u2019action du Chef de l\u2019\u00c9tat.<\/p>\n<p>Dans son allocution, la porte-parole des institutions a adress\u00e9 des v\u0153ux de sant\u00e9, de long\u00e9vit\u00e9 et de force au Pr\u00e9sident de la R\u00e9publique, afin qu\u2019il poursuive, avec clairvoyance et constance, la conduite des affaires de l\u2019\u00c9tat. Elle a \u00e9galement associ\u00e9 \u00e0 ces v\u0153ux la Premi\u00e8re Dame, Madame Dominique Ouattara, dont l\u2019engagement social et humanitaire en faveur des populations vuln\u00e9rables a \u00e9t\u00e9 vivement salu\u00e9.<\/p>\n<p>Revenant sur l\u2019ann\u00e9e 2025, Madame Tour\u00e9 Hortense a soulign\u00e9 qu\u2019elle restera une \u00e9tape majeure de l\u2019histoire politique et institutionnelle du pays. Les institutions ont f\u00e9licit\u00e9 le Chef de l\u2019\u00c9tat pour sa r\u00e9\u00e9lection \u00e0 la magistrature supr\u00eame, ainsi que pour la bonne tenue des \u00e9lections pr\u00e9sidentielle et l\u00e9gislatives, organis\u00e9es dans un climat d\u2019apaisement, de transparence et de justice. Selon elle, ces scrutins ont confirm\u00e9 la maturit\u00e9 d\u00e9mocratique de la C\u00f4te d\u2019Ivoire et renforc\u00e9 la confiance des citoyens dans leurs institutions.<\/p>\n<p>Conscientes de l\u2019ampleur des d\u00e9fis \u00e0 relever, les institutions de la R\u00e9publique ont r\u00e9affirm\u00e9 leur enti\u00e8re disponibilit\u00e9 \u00e0 accompagner la gouvernance pr\u00e9sidentielle, chacune dans le strict respect de ses missions constitutionnelles, au service de l\u2019int\u00e9r\u00eat g\u00e9n\u00e9ral. Elles ont formul\u00e9 le v\u0153u que l\u2019ann\u00e9e 2026 soit marqu\u00e9e par la consolidation des acquis, un progr\u00e8s partag\u00e9 et un rayonnement accru de la C\u00f4te d\u2019Ivoire sur la sc\u00e8ne r\u00e9gionale et internationale.<\/p>\n<p>En r\u00e9ponse, le Pr\u00e9sident Alassane Ouattara a exprim\u00e9 sa profonde gratitude pour les v\u0153ux re\u00e7us et pour l\u2019engagement constant des institutions en faveur des valeurs r\u00e9publicaines, de la continuit\u00e9 de l\u2019\u00c9tat et du service public. Il a salu\u00e9 le professionnalisme et le sens \u00e9lev\u00e9 de responsabilit\u00e9 des institutions, en particulier du Conseil constitutionnel et de la Commission \u00e9lectorale ind\u00e9pendante, dont le r\u00f4le a \u00e9t\u00e9 d\u00e9terminant dans le bon d\u00e9roulement du processus \u00e9lectoral de 2025.<\/p>\n<p>Le Chef de l\u2019\u00c9tat a rappel\u00e9 que la paix et la stabilit\u00e9 dont jouit aujourd\u2019hui la C\u00f4te d\u2019Ivoire constituent des acquis pr\u00e9cieux qui exigent vigilance, dialogue permanent et respect des r\u00e8gles communes. Il a indiqu\u00e9 que l\u2019ann\u00e9e 2026 sera consacr\u00e9e \u00e0 la poursuite et \u00e0 l\u2019approfondissement des r\u00e9formes visant \u00e0 renforcer l\u2019efficacit\u00e9 de l\u2019action publique, la cr\u00e9dibilit\u00e9 de l\u2019\u00c9tat et la confiance des citoyens.<\/p>\n<p>S\u2019adressant aux responsables des institutions, Alassane Ouattara a r\u00e9affirm\u00e9 sa confiance en leur capacit\u00e9 \u00e0 accompagner ces r\u00e9formes dans le respect des \u00e9quilibres constitutionnels. Il les a encourag\u00e9s \u00e0 poursuivre leurs missions avec ind\u00e9pendance, rigueur et sens du devoir r\u00e9publicain, tout en leur formulant, \u00e0 son tour, des v\u0153ux de stabilit\u00e9, de s\u00e9r\u00e9nit\u00e9 et de succ\u00e8s.<\/p>\n<p>La c\u00e9r\u00e9monie s\u2019est achev\u00e9e sur un message d\u2019unit\u00e9 et d\u2019espoir, le Pr\u00e9sident de la R\u00e9publique formant le v\u0153u que l\u2019ann\u00e9e 2026 soit une ann\u00e9e de paix, de progr\u00e8s et de bonheur pour l\u2019ensemble des institutions et pour le peuple ivoirien.<\/p>\n<p>Wassimagnon<\/p>\n","protected":false},"excerpt":{"rendered":"<p>Les institutions de la R\u00e9publique de C\u00f4te d\u2019Ivoire ont pr\u00e9sent\u00e9 leurs v\u0153ux de nouvel an au Pr\u00e9sident de la R\u00e9publique, Son Excellence Alassane Ouattara, lors d\u2019une c\u00e9r\u00e9monie solennelle plac\u00e9e sous le signe de l\u2019esp\u00e9rance, du renouveau et de la responsabilit\u00e9. Au nom de l\u2019ensemble des institutions, Madame Tour\u00e9 Hortense a salu\u00e9 les acquis d\u00e9mocratiques du [&hellip;]<\/p>\n","protected":false},"author":82,"featured_media":111839,"comment_status":"open","ping_status":"closed","sticky":false,"template":"","format":"standard","meta":{"footnotes":""},"categories":[2,20,10],"tags":[38,7509,1549,19928,9063,600,2358,9649,4608,20141],"class_list":["post-111840","post","type-post","status-publish","format-standard","has-post-thumbnail","hentry","category-politique","category-top-nouvelles","category-toutes-les-actualites","tag-alassane-ouattara","tag-democratie","tag-gouvernance","tag-institutionnelle","tag-institutions","tag-paix","tag-republique","tag-stabilite","tag-vie","tag-voeux2026"],"yoast_head":"<!-- This site is optimized with the Yoast SEO Premium plugin v26.1 (Yoast SEO v27.0) - https:\/\/yoast.com\/product\/yoast-seo-premium-wordpress\/ -->\n<title>Recevant les Institutions de la R\u00e9publique pour les v\u0153ux, Ouattara promet des r\u00e9formes pour un \u00c9tat fort et une action publique efficace - C\u00f4te d&#039;Ivoire<\/title>\n<meta name=\"robots\" content=\"index, follow, max-snippet:-1, max-image-preview:large, max-video-preview:-1\" \/>\n<link rel=\"canonical\" href=\"https:\/\/www.africa-press.net\/cotedivoire\/politique\/recevant-les-institutions-de-la-republique-pour-les-voeux-ouattara-promet-des-reformes-pour-un-etat-fort-et-une-action-publique-efficace\" \/>\n<meta property=\"og:locale\" content=\"fr_FR\" \/>\n<meta property=\"og:type\" content=\"article\" \/>\n<meta property=\"og:title\" content=\"Recevant les Institutions de la R\u00e9publique pour les v\u0153ux, Ouattara promet des r\u00e9formes pour un \u00c9tat fort et une action publique efficace\" \/>\n<meta property=\"og:description\" content=\"Les institutions de la R\u00e9publique de C\u00f4te d\u2019Ivoire ont pr\u00e9sent\u00e9 leurs v\u0153ux de nouvel an au Pr\u00e9sident de la R\u00e9publique, Son Excellence Alassane Ouattara, lors d\u2019une c\u00e9r\u00e9monie solennelle plac\u00e9e sous le signe de l\u2019esp\u00e9rance, du renouveau et de la responsabilit\u00e9. Au nom de l\u2019ensemble des institutions, Madame Tour\u00e9 Hortense a salu\u00e9 les acquis d\u00e9mocratiques du [&hellip;]\" \/>\n<meta property=\"og:url\" content=\"https:\/\/www.africa-press.net\/cotedivoire\/politique\/recevant-les-institutions-de-la-republique-pour-les-voeux-ouattara-promet-des-reformes-pour-un-etat-fort-et-une-action-publique-efficace\" \/>\n<meta property=\"og:site_name\" content=\"C\u00f4te d&#039;Ivoire\" \/>\n<meta property=\"article:published_time\" content=\"2026-01-27T15:20:18+00:00\" \/>\n<meta name=\"author\" content=\"cfeditorfr\" \/>\n<meta name=\"twitter:card\" content=\"summary_large_image\" \/>\n<meta name=\"twitter:label1\" content=\"\u00c9crit par\" \/>\n\t<meta name=\"twitter:data1\" content=\"cfeditorfr\" \/>\n\t<meta name=\"twitter:label2\" content=\"Dur\u00e9e de lecture estim\u00e9e\" \/>\n\t<meta name=\"twitter:data2\" content=\"3 minutes\" \/>\n<script type=\"application\/ld+json\" class=\"yoast-schema-graph\">{\"@context\":\"https:\/\/schema.org\",\"@graph\":[{\"@type\":\"Article\",\"@id\":\"https:\/\/www.africa-press.net\/cotedivoire\/politique\/recevant-les-institutions-de-la-republique-pour-les-voeux-ouattara-promet-des-reformes-pour-un-etat-fort-et-une-action-publique-efficace#article\",\"isPartOf\":{\"@id\":\"https:\/\/www.africa-press.net\/cotedivoire\/politique\/recevant-les-institutions-de-la-republique-pour-les-voeux-ouattara-promet-des-reformes-pour-un-etat-fort-et-une-action-publique-efficace\"},\"author\":{\"name\":\"cfeditorfr\",\"@id\":\"https:\/\/www.africa-press.net\/cotedivoire\/#\/schema\/person\/2b1cf3cd81a31e3cd26889ca66d677f1\"},\"headline\":\"Recevant les Institutions de la R\u00e9publique pour les v\u0153ux, Ouattara promet des r\u00e9formes pour un \u00c9tat fort et une action publique efficace\",\"datePublished\":\"2026-01-27T15:20:18+00:00\",\"mainEntityOfPage\":{\"@id\":\"https:\/\/www.africa-press.net\/cotedivoire\/politique\/recevant-les-institutions-de-la-republique-pour-les-voeux-ouattara-promet-des-reformes-pour-un-etat-fort-et-une-action-publique-efficace\"},\"wordCount\":634,\"commentCount\":0,\"image\":{\"@id\":\"https:\/\/www.africa-press.net\/cotedivoire\/politique\/recevant-les-institutions-de-la-republique-pour-les-voeux-ouattara-promet-des-reformes-pour-un-etat-fort-et-une-action-publique-efficace#primaryimage\"},\"thumbnailUrl\":\"https:\/\/static.africa-press.net\/cote\/sites\/43\/2026\/01\/sm_1769527218.206151.jpg\",\"keywords\":[\"Alassane Ouattara\",\"D\u00e9mocratie\",\"Gouvernance\",\"institutionnelle\",\"institutions\",\"paix\",\"R\u00e9publique\",\"stabilit\u00e9\",\"vie\",\"V\u0153ux2026\"],\"articleSection\":[\"Politique\",\"Top Nouvelles\",\"Toutes les actualit\u00e9s\"],\"inLanguage\":\"fr-FR\",\"potentialAction\":[{\"@type\":\"CommentAction\",\"name\":\"Comment\",\"target\":[\"https:\/\/www.africa-press.net\/cotedivoire\/politique\/recevant-les-institutions-de-la-republique-pour-les-voeux-ouattara-promet-des-reformes-pour-un-etat-fort-et-une-action-publique-efficace#respond\"]}]},{\"@type\":\"WebPage\",\"@id\":\"https:\/\/www.africa-press.net\/cotedivoire\/politique\/recevant-les-institutions-de-la-republique-pour-les-voeux-ouattara-promet-des-reformes-pour-un-etat-fort-et-une-action-publique-efficace\",\"url\":\"https:\/\/www.africa-press.net\/cotedivoire\/politique\/recevant-les-institutions-de-la-republique-pour-les-voeux-ouattara-promet-des-reformes-pour-un-etat-fort-et-une-action-publique-efficace\",\"name\":\"Recevant les Institutions de la R\u00e9publique pour les v\u0153ux, Ouattara promet des r\u00e9formes pour un \u00c9tat fort et une action publique efficace - C\u00f4te d&#039;Ivoire\",\"isPartOf\":{\"@id\":\"https:\/\/www.africa-press.net\/cotedivoire\/#website\"},\"primaryImageOfPage\":{\"@id\":\"https:\/\/www.africa-press.net\/cotedivoire\/politique\/recevant-les-institutions-de-la-republique-pour-les-voeux-ouattara-promet-des-reformes-pour-un-etat-fort-et-une-action-publique-efficace#primaryimage\"},\"image\":{\"@id\":\"https:\/\/www.africa-press.net\/cotedivoire\/politique\/recevant-les-institutions-de-la-republique-pour-les-voeux-ouattara-promet-des-reformes-pour-un-etat-fort-et-une-action-publique-efficace#primaryimage\"},\"thumbnailUrl\":\"https:\/\/static.africa-press.net\/cote\/sites\/43\/2026\/01\/sm_1769527218.206151.jpg\",\"datePublished\":\"2026-01-27T15:20:18+00:00\",\"author\":{\"@id\":\"https:\/\/www.africa-press.net\/cotedivoire\/#\/schema\/person\/2b1cf3cd81a31e3cd26889ca66d677f1\"},\"breadcrumb\":{\"@id\":\"https:\/\/www.africa-press.net\/cotedivoire\/politique\/recevant-les-institutions-de-la-republique-pour-les-voeux-ouattara-promet-des-reformes-pour-un-etat-fort-et-une-action-publique-efficace#breadcrumb\"},\"inLanguage\":\"fr-FR\",\"potentialAction\":[{\"@type\":\"ReadAction\",\"target\":[\"https:\/\/www.africa-press.net\/cotedivoire\/politique\/recevant-les-institutions-de-la-republique-pour-les-voeux-ouattara-promet-des-reformes-pour-un-etat-fort-et-une-action-publique-efficace\"]}]},{\"@type\":\"ImageObject\",\"inLanguage\":\"fr-FR\",\"@id\":\"https:\/\/www.africa-press.net\/cotedivoire\/politique\/recevant-les-institutions-de-la-republique-pour-les-voeux-ouattara-promet-des-reformes-pour-un-etat-fort-et-une-action-publique-efficace#primaryimage\",\"url\":\"https:\/\/static.africa-press.net\/cote\/sites\/43\/2026\/01\/sm_1769527218.206151.jpg\",\"contentUrl\":\"https:\/\/static.africa-press.net\/cote\/sites\/43\/2026\/01\/sm_1769527218.206151.jpg\",\"width\":600,\"height\":328,\"caption\":\"Recevant les Institutions de la R\u00e9publique pour les v\u0153ux, Ouattara promet des r\u00e9formes pour un \u00c9tat fort et une action publique efficace\"},{\"@type\":\"BreadcrumbList\",\"@id\":\"https:\/\/www.africa-press.net\/cotedivoire\/politique\/recevant-les-institutions-de-la-republique-pour-les-voeux-ouattara-promet-des-reformes-pour-un-etat-fort-et-une-action-publique-efficace#breadcrumb\",\"itemListElement\":[{\"@type\":\"ListItem\",\"position\":1,\"name\":\"Accueil\",\"item\":\"https:\/\/www.africa-press.net\/cotedivoire\/\"},{\"@type\":\"ListItem\",\"position\":2,\"name\":\"Recevant les Institutions de la R\u00e9publique pour les v\u0153ux, Ouattara promet des r\u00e9formes pour un \u00c9tat fort et une action publique efficace\"}]},{\"@type\":\"WebSite\",\"@id\":\"https:\/\/www.africa-press.net\/cotedivoire\/#website\",\"url\":\"https:\/\/www.africa-press.net\/cotedivoire\/\",\"name\":\"C\u00f4te d&#039;Ivoire\",\"description\":\"Just another Africa News Agency Sites site\",\"potentialAction\":[{\"@type\":\"SearchAction\",\"target\":{\"@type\":\"EntryPoint\",\"urlTemplate\":\"https:\/\/www.africa-press.net\/cotedivoire\/?s={search_term_string}\"},\"query-input\":{\"@type\":\"PropertyValueSpecification\",\"valueRequired\":true,\"valueName\":\"search_term_string\"}}],\"inLanguage\":\"fr-FR\"},{\"@type\":\"Person\",\"@id\":\"https:\/\/www.africa-press.net\/cotedivoire\/#\/schema\/person\/2b1cf3cd81a31e3cd26889ca66d677f1\",\"name\":\"cfeditorfr\"}]}<\/script>\n<!-- \/ Yoast SEO Premium plugin. -->","yoast_head_json":{"title":"Recevant les Institutions de la R\u00e9publique pour les v\u0153ux, Ouattara promet des r\u00e9formes pour un \u00c9tat fort et une action publique efficace - C\u00f4te d&#039;Ivoire","robots":{"index":"index","follow":"follow","max-snippet":"max-snippet:-1","max-image-preview":"max-image-preview:large","max-video-preview":"max-video-preview:-1"},"canonical":"https:\/\/www.africa-press.net\/cotedivoire\/politique\/recevant-les-institutions-de-la-republique-pour-les-voeux-ouattara-promet-des-reformes-pour-un-etat-fort-et-une-action-publique-efficace","og_locale":"fr_FR","og_type":"article","og_title":"Recevant les Institutions de la R\u00e9publique pour les v\u0153ux, Ouattara promet des r\u00e9formes pour un \u00c9tat fort et une action publique efficace","og_description":"Les institutions de la R\u00e9publique de C\u00f4te d\u2019Ivoire ont pr\u00e9sent\u00e9 leurs v\u0153ux de nouvel an au Pr\u00e9sident de la R\u00e9publique, Son Excellence Alassane Ouattara, lors d\u2019une c\u00e9r\u00e9monie solennelle plac\u00e9e sous le signe de l\u2019esp\u00e9rance, du renouveau et de la responsabilit\u00e9. Au nom de l\u2019ensemble des institutions, Madame Tour\u00e9 Hortense a salu\u00e9 les acquis d\u00e9mocratiques du [&hellip;]","og_url":"https:\/\/www.africa-press.net\/cotedivoire\/politique\/recevant-les-institutions-de-la-republique-pour-les-voeux-ouattara-promet-des-reformes-pour-un-etat-fort-et-une-action-publique-efficace","og_site_name":"C\u00f4te d&#039;Ivoire","article_published_time":"2026-01-27T15:20:18+00:00","author":"cfeditorfr","twitter_card":"summary_large_image","twitter_misc":{"\u00c9crit par":"cfeditorfr","Dur\u00e9e de lecture estim\u00e9e":"3 minutes"},"schema":{"@context":"https:\/\/schema.org","@graph":[{"@type":"Article","@id":"https:\/\/www.africa-press.net\/cotedivoire\/politique\/recevant-les-institutions-de-la-republique-pour-les-voeux-ouattara-promet-des-reformes-pour-un-etat-fort-et-une-action-publique-efficace#article","isPartOf":{"@id":"https:\/\/www.africa-press.net\/cotedivoire\/politique\/recevant-les-institutions-de-la-republique-pour-les-voeux-ouattara-promet-des-reformes-pour-un-etat-fort-et-une-action-publique-efficace"},"author":{"name":"cfeditorfr","@id":"https:\/\/www.africa-press.net\/cotedivoire\/#\/schema\/person\/2b1cf3cd81a31e3cd26889ca66d677f1"},"headline":"Recevant les Institutions de la R\u00e9publique pour les v\u0153ux, Ouattara promet des r\u00e9formes pour un \u00c9tat fort et une action publique efficace","datePublished":"2026-01-27T15:20:18+00:00","mainEntityOfPage":{"@id":"https:\/\/www.africa-press.net\/cotedivoire\/politique\/recevant-les-institutions-de-la-republique-pour-les-voeux-ouattara-promet-des-reformes-pour-un-etat-fort-et-une-action-publique-efficace"},"wordCount":634,"commentCount":0,"image":{"@id":"https:\/\/www.africa-press.net\/cotedivoire\/politique\/recevant-les-institutions-de-la-republique-pour-les-voeux-ouattara-promet-des-reformes-pour-un-etat-fort-et-une-action-publique-efficace#primaryimage"},"thumbnailUrl":"https:\/\/static.africa-press.net\/cote\/sites\/43\/2026\/01\/sm_1769527218.206151.jpg","keywords":["Alassane Ouattara","D\u00e9mocratie","Gouvernance","institutionnelle","institutions","paix","R\u00e9publique","stabilit\u00e9","vie","V\u0153ux2026"],"articleSection":["Politique","Top Nouvelles","Toutes les actualit\u00e9s"],"inLanguage":"fr-FR","potentialAction":[{"@type":"CommentAction","name":"Comment","target":["https:\/\/www.africa-press.net\/cotedivoire\/politique\/recevant-les-institutions-de-la-republique-pour-les-voeux-ouattara-promet-des-reformes-pour-un-etat-fort-et-une-action-publique-efficace#respond"]}]},{"@type":"WebPage","@id":"https:\/\/www.africa-press.net\/cotedivoire\/politique\/recevant-les-institutions-de-la-republique-pour-les-voeux-ouattara-promet-des-reformes-pour-un-etat-fort-et-une-action-publique-efficace","url":"https:\/\/www.africa-press.net\/cotedivoire\/politique\/recevant-les-institutions-de-la-republique-pour-les-voeux-ouattara-promet-des-reformes-pour-un-etat-fort-et-une-action-publique-efficace","name":"Recevant les Institutions de la R\u00e9publique pour les v\u0153ux, Ouattara promet des r\u00e9formes pour un \u00c9tat fort et une action publique efficace - C\u00f4te d&#039;Ivoire","isPartOf":{"@id":"https:\/\/www.africa-press.net\/cotedivoire\/#website"},"primaryImageOfPage":{"@id":"https:\/\/www.africa-press.net\/cotedivoire\/politique\/recevant-les-institutions-de-la-republique-pour-les-voeux-ouattara-promet-des-reformes-pour-un-etat-fort-et-une-action-publique-efficace#primaryimage"},"image":{"@id":"https:\/\/www.africa-press.net\/cotedivoire\/politique\/recevant-les-institutions-de-la-republique-pour-les-voeux-ouattara-promet-des-reformes-pour-un-etat-fort-et-une-action-publique-efficace#primaryimage"},"thumbnailUrl":"https:\/\/static.africa-press.net\/cote\/sites\/43\/2026\/01\/sm_1769527218.206151.jpg","datePublished":"2026-01-27T15:20:18+00:00","author":{"@id":"https:\/\/www.africa-press.net\/cotedivoire\/#\/schema\/person\/2b1cf3cd81a31e3cd26889ca66d677f1"},"breadcrumb":{"@id":"https:\/\/www.africa-press.net\/cotedivoire\/politique\/recevant-les-institutions-de-la-republique-pour-les-voeux-ouattara-promet-des-reformes-pour-un-etat-fort-et-une-action-publique-efficace#breadcrumb"},"inLanguage":"fr-FR","potentialAction":[{"@type":"ReadAction","target":["https:\/\/www.africa-press.net\/cotedivoire\/politique\/recevant-les-institutions-de-la-republique-pour-les-voeux-ouattara-promet-des-reformes-pour-un-etat-fort-et-une-action-publique-efficace"]}]},{"@type":"ImageObject","inLanguage":"fr-FR","@id":"https:\/\/www.africa-press.net\/cotedivoire\/politique\/recevant-les-institutions-de-la-republique-pour-les-voeux-ouattara-promet-des-reformes-pour-un-etat-fort-et-une-action-publique-efficace#primaryimage","url":"https:\/\/static.africa-press.net\/cote\/sites\/43\/2026\/01\/sm_1769527218.206151.jpg","contentUrl":"https:\/\/static.africa-press.net\/cote\/sites\/43\/2026\/01\/sm_1769527218.206151.jpg","width":600,"height":328,"caption":"Recevant les Institutions de la R\u00e9publique pour les v\u0153ux, Ouattara promet des r\u00e9formes pour un \u00c9tat fort et une action publique efficace"},{"@type":"BreadcrumbList","@id":"https:\/\/www.africa-press.net\/cotedivoire\/politique\/recevant-les-institutions-de-la-republique-pour-les-voeux-ouattara-promet-des-reformes-pour-un-etat-fort-et-une-action-publique-efficace#breadcrumb","itemListElement":[{"@type":"ListItem","position":1,"name":"Accueil","item":"https:\/\/www.africa-press.net\/cotedivoire\/"},{"@type":"ListItem","position":2,"name":"Recevant les Institutions de la R\u00e9publique pour les v\u0153ux, Ouattara promet des r\u00e9formes pour un \u00c9tat fort et une action publique efficace"}]},{"@type":"WebSite","@id":"https:\/\/www.africa-press.net\/cotedivoire\/#website","url":"https:\/\/www.africa-press.net\/cotedivoire\/","name":"C\u00f4te d&#039;Ivoire","description":"Just another Africa News Agency Sites site","potentialAction":[{"@type":"SearchAction","target":{"@type":"EntryPoint","urlTemplate":"https:\/\/www.africa-press.net\/cotedivoire\/?s={search_term_string}"},"query-input":{"@type":"PropertyValueSpecification","valueRequired":true,"valueName":"search_term_string"}}],"inLanguage":"fr-FR"},{"@type":"Person","@id":"https:\/\/www.africa-press.net\/cotedivoire\/#\/schema\/person\/2b1cf3cd81a31e3cd26889ca66d677f1","name":"cfeditorfr"}]}},"_links":{"self":[{"href":"https:\/\/www.africa-press.net\/cotedivoire\/wp-json\/wp\/v2\/posts\/111840","targetHints":{"allow":["GET"]}}],"collection":[{"href":"https:\/\/www.africa-press.net\/cotedivoire\/wp-json\/wp\/v2\/posts"}],"about":[{"href":"https:\/\/www.africa-press.net\/cotedivoire\/wp-json\/wp\/v2\/types\/post"}],"author":[{"embeddable":true,"href":"https:\/\/www.africa-press.net\/cotedivoire\/wp-json\/wp\/v2\/users\/82"}],"replies":[{"embeddable":true,"href":"https:\/\/www.africa-press.net\/cotedivoire\/wp-json\/wp\/v2\/comments?post=111840"}],"version-history":[{"count":0,"href":"https:\/\/www.africa-press.net\/cotedivoire\/wp-json\/wp\/v2\/posts\/111840\/revisions"}],"wp:featuredmedia":[{"embeddable":true,"href":"https:\/\/www.africa-press.net\/cotedivoire\/wp-json\/wp\/v2\/media\/111839"}],"wp:attachment":[{"href":"https:\/\/www.africa-press.net\/cotedivoire\/wp-json\/wp\/v2\/media?parent=111840"}],"wp:term":[{"taxonomy":"category","embeddable":true,"href":"https:\/\/www.africa-press.net\/cotedivoire\/wp-json\/wp\/v2\/categories?post=111840"},{"taxonomy":"post_tag","embeddable":true,"href":"https:\/\/www.africa-press.net\/cotedivoire\/wp-json\/wp\/v2\/tags?post=111840"}],"curies":[{"name":"wp","href":"https:\/\/api.w.org\/{rel}","templated":true}]}}