{"id":111842,"date":"2026-01-27T15:20:44","date_gmt":"2026-01-27T15:20:44","guid":{"rendered":"https:\/\/www.africa-press.net\/cotedivoire\/politique\/leadership-jeunesse-cohesion-ble-goude-livre-sa-vision-d-une-autre-cote-divoire"},"modified":"2026-01-27T15:20:44","modified_gmt":"2026-01-27T15:20:44","slug":"leadership-jeunesse-cohesion-ble-goude-livre-sa-vision-d-une-autre-cote-divoire","status":"publish","type":"post","link":"https:\/\/www.africa-press.net\/cotedivoire\/politique\/leadership-jeunesse-cohesion-ble-goude-livre-sa-vision-d-une-autre-cote-divoire","title":{"rendered":"Leadership, jeunesse, coh\u00e9sion&#8230;, Bl\u00e9 Goud\u00e9 livre sa vision d&rsquo; \u00ab\u00a0une autre C\u00f4te d&rsquo;Ivoire\u00a0\u00bb"},"content":{"rendered":"<p>Le pr\u00e9sident du Congr\u00e8s panafricain pour la justice et l\u2019\u00e9galit\u00e9 des peuples (Cojep), Charles Bl\u00e9 Goud\u00e9, animera une conf\u00e9rence publique ce mercredi 28 janvier \u00e0 la Maison de la presse d\u2019Abidjan-Plateau, \u00e0 partir de 13 heures. Le th\u00e8me retenu, \u00ab Une autre C\u00f4te d\u2019Ivoire est encore possible \u00bb, se veut un appel \u00e0 la r\u00e9flexion et \u00e0 l\u2019engagement citoyen.<\/p>\n<p>\u00c0 travers les prismes de l\u2019\u00e9conomie, de la coh\u00e9sion sociale, de la jeunesse et de l\u2019environnement, l\u2019homme politique entend explorer les voies d\u2019une C\u00f4te d\u2019Ivoire diff\u00e9rente, capable d\u2019aller \u00ab plus loin \u00bb dans son d\u00e9veloppement. Selon lui, malgr\u00e9 un contexte marqu\u00e9 par des d\u00e9fis \u00e9conomiques, sociaux et environnementaux, un optimisme discret mais r\u00e9el traverse le pays.<\/p>\n<p>\u00ab Chaque jour, des Ivoiriens imaginent une nation plus inclusive, plus innovante et plus durable. L\u2019id\u00e9e peut para\u00eetre ambitieuse, mais elle gagne du terrain : une autre C\u00f4te d\u2019Ivoire est possible \u00bb, soutient Charles Bl\u00e9 Goud\u00e9.<\/p>\n<p>Cette rencontre publique, pr\u00e9vue ce mercredi, se veut un espace d\u2019\u00e9changes et de clarification. Elle doit permettre \u00e0 l\u2019opinion nationale, et plus largement aux citoyens, de se forger une id\u00e9e et de s\u2019approprier une vision alternative de l\u2019avenir du pays. \u00ab Ce n\u2019est pas une formule creuse. C\u2019est le constat d\u2019un pays riche d\u2019un potentiel immense, port\u00e9 par des forces vives et une volont\u00e9 citoyenne de transformation \u00bb, affirme-t-il.<\/p>\n<p>Pour le pr\u00e9sident du Cojep, la construction de cette \u00ab C\u00f4te d\u2019Ivoire nouvelle \u00bb ne se fera ni dans la pr\u00e9cipitation ni sans efforts. Elle reposera sur la convergence du leadership, de l\u2019innovation, de la solidarit\u00e9 et de la responsabilit\u00e9 collective.<\/p>\n<p>\u00ab Aucun destin n\u2019est fig\u00e9 \u00bb, insiste-t-il, appelant \u00e0 une mobilisation des femmes et des hommes convaincus de la n\u00e9cessit\u00e9 du changement.<\/p>\n<p>\u00ab \u00c0 cette conf\u00e9rence, des v\u00e9rit\u00e9s seront dites afin que l\u2019Ivoirien sache quoi faire, o\u00f9 se diriger et en qui croire pour b\u00e2tir une C\u00f4te d\u2019Ivoire nouvelle, construite avec tous ses fils et toutes ses filles \u00bb, conclut Charles Bl\u00e9 Goud\u00e9.<\/p>\n<p>Wassimagnon<\/p>\n","protected":false},"excerpt":{"rendered":"<p>Le pr\u00e9sident du Congr\u00e8s panafricain pour la justice et l\u2019\u00e9galit\u00e9 des peuples (Cojep), Charles Bl\u00e9 Goud\u00e9, animera une conf\u00e9rence publique ce mercredi 28 janvier \u00e0 la Maison de la presse d\u2019Abidjan-Plateau, \u00e0 partir de 13 heures. Le th\u00e8me retenu, \u00ab Une autre C\u00f4te d\u2019Ivoire est encore possible \u00bb, se veut un appel \u00e0 la r\u00e9flexion [&hellip;]<\/p>\n","protected":false},"author":82,"featured_media":111841,"comment_status":"open","ping_status":"closed","sticky":false,"template":"","format":"standard","meta":{"footnotes":""},"categories":[2,20,10],"tags":[2299,3107,493,1562,1583,212,7257,2611,60,2846],"class_list":["post-111842","post","type-post","status-publish","format-standard","has-post-thumbnail","hentry","category-politique","category-top-nouvelles","category-toutes-les-actualites","tag-charles-ble-goude","tag-cohesion","tag-cojep","tag-conference","tag-developpement","tag-environnement","tag-ivoirienne","tag-jeunesse","tag-politique","tag-sociale"],"yoast_head":"<!-- This site is optimized with the Yoast SEO Premium plugin v26.1 (Yoast SEO v27.0) - https:\/\/yoast.com\/product\/yoast-seo-premium-wordpress\/ -->\n<title>Leadership, jeunesse, coh\u00e9sion..., Bl\u00e9 Goud\u00e9 livre sa vision d&#039; &quot;une autre C\u00f4te d&#039;Ivoire&quot; - C\u00f4te d&#039;Ivoire<\/title>\n<meta name=\"robots\" content=\"index, follow, max-snippet:-1, max-image-preview:large, max-video-preview:-1\" \/>\n<link rel=\"canonical\" href=\"https:\/\/www.africa-press.net\/cotedivoire\/politique\/leadership-jeunesse-cohesion-ble-goude-livre-sa-vision-d-une-autre-cote-divoire\" \/>\n<meta property=\"og:locale\" content=\"fr_FR\" \/>\n<meta property=\"og:type\" content=\"article\" \/>\n<meta property=\"og:title\" content=\"Leadership, jeunesse, coh\u00e9sion..., Bl\u00e9 Goud\u00e9 livre sa vision d&#039; &quot;une autre C\u00f4te d&#039;Ivoire&quot;\" \/>\n<meta property=\"og:description\" content=\"Le pr\u00e9sident du Congr\u00e8s panafricain pour la justice et l\u2019\u00e9galit\u00e9 des peuples (Cojep), Charles Bl\u00e9 Goud\u00e9, animera une conf\u00e9rence publique ce mercredi 28 janvier \u00e0 la Maison de la presse d\u2019Abidjan-Plateau, \u00e0 partir de 13 heures. Le th\u00e8me retenu, \u00ab Une autre C\u00f4te d\u2019Ivoire est encore possible \u00bb, se veut un appel \u00e0 la r\u00e9flexion [&hellip;]\" \/>\n<meta property=\"og:url\" content=\"https:\/\/www.africa-press.net\/cotedivoire\/politique\/leadership-jeunesse-cohesion-ble-goude-livre-sa-vision-d-une-autre-cote-divoire\" \/>\n<meta property=\"og:site_name\" content=\"C\u00f4te d&#039;Ivoire\" \/>\n<meta property=\"article:published_time\" content=\"2026-01-27T15:20:44+00:00\" \/>\n<meta name=\"author\" content=\"cfeditorfr\" \/>\n<meta name=\"twitter:card\" content=\"summary_large_image\" \/>\n<meta name=\"twitter:label1\" content=\"\u00c9crit par\" \/>\n\t<meta name=\"twitter:data1\" content=\"cfeditorfr\" \/>\n\t<meta name=\"twitter:label2\" content=\"Dur\u00e9e de lecture estim\u00e9e\" \/>\n\t<meta name=\"twitter:data2\" content=\"2 minutes\" \/>\n<script type=\"application\/ld+json\" class=\"yoast-schema-graph\">{\"@context\":\"https:\/\/schema.org\",\"@graph\":[{\"@type\":\"Article\",\"@id\":\"https:\/\/www.africa-press.net\/cotedivoire\/politique\/leadership-jeunesse-cohesion-ble-goude-livre-sa-vision-d-une-autre-cote-divoire#article\",\"isPartOf\":{\"@id\":\"https:\/\/www.africa-press.net\/cotedivoire\/politique\/leadership-jeunesse-cohesion-ble-goude-livre-sa-vision-d-une-autre-cote-divoire\"},\"author\":{\"name\":\"cfeditorfr\",\"@id\":\"https:\/\/www.africa-press.net\/cotedivoire\/#\/schema\/person\/2b1cf3cd81a31e3cd26889ca66d677f1\"},\"headline\":\"Leadership, jeunesse, coh\u00e9sion&#8230;, Bl\u00e9 Goud\u00e9 livre sa vision d&rsquo; \u00ab\u00a0une autre C\u00f4te d&rsquo;Ivoire\u00a0\u00bb\",\"datePublished\":\"2026-01-27T15:20:44+00:00\",\"mainEntityOfPage\":{\"@id\":\"https:\/\/www.africa-press.net\/cotedivoire\/politique\/leadership-jeunesse-cohesion-ble-goude-livre-sa-vision-d-une-autre-cote-divoire\"},\"wordCount\":367,\"commentCount\":0,\"image\":{\"@id\":\"https:\/\/www.africa-press.net\/cotedivoire\/politique\/leadership-jeunesse-cohesion-ble-goude-livre-sa-vision-d-une-autre-cote-divoire#primaryimage\"},\"thumbnailUrl\":\"https:\/\/static.africa-press.net\/cote\/sites\/43\/2026\/01\/sm_1769527244.763571.jpg\",\"keywords\":[\"Charles Bl\u00e9 Goud\u00e9\",\"coh\u00e9sion\",\"Cojep\",\"Conf\u00e9rence\",\"d\u00e9veloppement\",\"Environnement\",\"ivoirienne\",\"jeunesse\",\"Politique\",\"sociale\"],\"articleSection\":[\"Politique\",\"Top Nouvelles\",\"Toutes les actualit\u00e9s\"],\"inLanguage\":\"fr-FR\",\"potentialAction\":[{\"@type\":\"CommentAction\",\"name\":\"Comment\",\"target\":[\"https:\/\/www.africa-press.net\/cotedivoire\/politique\/leadership-jeunesse-cohesion-ble-goude-livre-sa-vision-d-une-autre-cote-divoire#respond\"]}]},{\"@type\":\"WebPage\",\"@id\":\"https:\/\/www.africa-press.net\/cotedivoire\/politique\/leadership-jeunesse-cohesion-ble-goude-livre-sa-vision-d-une-autre-cote-divoire\",\"url\":\"https:\/\/www.africa-press.net\/cotedivoire\/politique\/leadership-jeunesse-cohesion-ble-goude-livre-sa-vision-d-une-autre-cote-divoire\",\"name\":\"Leadership, jeunesse, coh\u00e9sion..., Bl\u00e9 Goud\u00e9 livre sa vision d' \\\"une autre C\u00f4te d'Ivoire\\\" - C\u00f4te d&#039;Ivoire\",\"isPartOf\":{\"@id\":\"https:\/\/www.africa-press.net\/cotedivoire\/#website\"},\"primaryImageOfPage\":{\"@id\":\"https:\/\/www.africa-press.net\/cotedivoire\/politique\/leadership-jeunesse-cohesion-ble-goude-livre-sa-vision-d-une-autre-cote-divoire#primaryimage\"},\"image\":{\"@id\":\"https:\/\/www.africa-press.net\/cotedivoire\/politique\/leadership-jeunesse-cohesion-ble-goude-livre-sa-vision-d-une-autre-cote-divoire#primaryimage\"},\"thumbnailUrl\":\"https:\/\/static.africa-press.net\/cote\/sites\/43\/2026\/01\/sm_1769527244.763571.jpg\",\"datePublished\":\"2026-01-27T15:20:44+00:00\",\"author\":{\"@id\":\"https:\/\/www.africa-press.net\/cotedivoire\/#\/schema\/person\/2b1cf3cd81a31e3cd26889ca66d677f1\"},\"breadcrumb\":{\"@id\":\"https:\/\/www.africa-press.net\/cotedivoire\/politique\/leadership-jeunesse-cohesion-ble-goude-livre-sa-vision-d-une-autre-cote-divoire#breadcrumb\"},\"inLanguage\":\"fr-FR\",\"potentialAction\":[{\"@type\":\"ReadAction\",\"target\":[\"https:\/\/www.africa-press.net\/cotedivoire\/politique\/leadership-jeunesse-cohesion-ble-goude-livre-sa-vision-d-une-autre-cote-divoire\"]}]},{\"@type\":\"ImageObject\",\"inLanguage\":\"fr-FR\",\"@id\":\"https:\/\/www.africa-press.net\/cotedivoire\/politique\/leadership-jeunesse-cohesion-ble-goude-livre-sa-vision-d-une-autre-cote-divoire#primaryimage\",\"url\":\"https:\/\/static.africa-press.net\/cote\/sites\/43\/2026\/01\/sm_1769527244.763571.jpg\",\"contentUrl\":\"https:\/\/static.africa-press.net\/cote\/sites\/43\/2026\/01\/sm_1769527244.763571.jpg\",\"width\":600,\"height\":376,\"caption\":\"Leadership, jeunesse, coh\u00e9sion..., Bl\u00e9 Goud\u00e9 livre sa vision d' \\\"une autre C\u00f4te d'Ivoire\\\"\"},{\"@type\":\"BreadcrumbList\",\"@id\":\"https:\/\/www.africa-press.net\/cotedivoire\/politique\/leadership-jeunesse-cohesion-ble-goude-livre-sa-vision-d-une-autre-cote-divoire#breadcrumb\",\"itemListElement\":[{\"@type\":\"ListItem\",\"position\":1,\"name\":\"Accueil\",\"item\":\"https:\/\/www.africa-press.net\/cotedivoire\/\"},{\"@type\":\"ListItem\",\"position\":2,\"name\":\"Leadership, jeunesse, coh\u00e9sion&#8230;, Bl\u00e9 Goud\u00e9 livre sa vision d&rsquo; \u00ab\u00a0une autre C\u00f4te d&rsquo;Ivoire\u00a0\u00bb\"}]},{\"@type\":\"WebSite\",\"@id\":\"https:\/\/www.africa-press.net\/cotedivoire\/#website\",\"url\":\"https:\/\/www.africa-press.net\/cotedivoire\/\",\"name\":\"C\u00f4te d&#039;Ivoire\",\"description\":\"Just another Africa News Agency Sites site\",\"potentialAction\":[{\"@type\":\"SearchAction\",\"target\":{\"@type\":\"EntryPoint\",\"urlTemplate\":\"https:\/\/www.africa-press.net\/cotedivoire\/?s={search_term_string}\"},\"query-input\":{\"@type\":\"PropertyValueSpecification\",\"valueRequired\":true,\"valueName\":\"search_term_string\"}}],\"inLanguage\":\"fr-FR\"},{\"@type\":\"Person\",\"@id\":\"https:\/\/www.africa-press.net\/cotedivoire\/#\/schema\/person\/2b1cf3cd81a31e3cd26889ca66d677f1\",\"name\":\"cfeditorfr\"}]}<\/script>\n<!-- \/ Yoast SEO Premium plugin. -->","yoast_head_json":{"title":"Leadership, jeunesse, coh\u00e9sion..., Bl\u00e9 Goud\u00e9 livre sa vision d' \"une autre C\u00f4te d'Ivoire\" - C\u00f4te d&#039;Ivoire","robots":{"index":"index","follow":"follow","max-snippet":"max-snippet:-1","max-image-preview":"max-image-preview:large","max-video-preview":"max-video-preview:-1"},"canonical":"https:\/\/www.africa-press.net\/cotedivoire\/politique\/leadership-jeunesse-cohesion-ble-goude-livre-sa-vision-d-une-autre-cote-divoire","og_locale":"fr_FR","og_type":"article","og_title":"Leadership, jeunesse, coh\u00e9sion..., Bl\u00e9 Goud\u00e9 livre sa vision d' \"une autre C\u00f4te d'Ivoire\"","og_description":"Le pr\u00e9sident du Congr\u00e8s panafricain pour la justice et l\u2019\u00e9galit\u00e9 des peuples (Cojep), Charles Bl\u00e9 Goud\u00e9, animera une conf\u00e9rence publique ce mercredi 28 janvier \u00e0 la Maison de la presse d\u2019Abidjan-Plateau, \u00e0 partir de 13 heures. Le th\u00e8me retenu, \u00ab Une autre C\u00f4te d\u2019Ivoire est encore possible \u00bb, se veut un appel \u00e0 la r\u00e9flexion [&hellip;]","og_url":"https:\/\/www.africa-press.net\/cotedivoire\/politique\/leadership-jeunesse-cohesion-ble-goude-livre-sa-vision-d-une-autre-cote-divoire","og_site_name":"C\u00f4te d&#039;Ivoire","article_published_time":"2026-01-27T15:20:44+00:00","author":"cfeditorfr","twitter_card":"summary_large_image","twitter_misc":{"\u00c9crit par":"cfeditorfr","Dur\u00e9e de lecture estim\u00e9e":"2 minutes"},"schema":{"@context":"https:\/\/schema.org","@graph":[{"@type":"Article","@id":"https:\/\/www.africa-press.net\/cotedivoire\/politique\/leadership-jeunesse-cohesion-ble-goude-livre-sa-vision-d-une-autre-cote-divoire#article","isPartOf":{"@id":"https:\/\/www.africa-press.net\/cotedivoire\/politique\/leadership-jeunesse-cohesion-ble-goude-livre-sa-vision-d-une-autre-cote-divoire"},"author":{"name":"cfeditorfr","@id":"https:\/\/www.africa-press.net\/cotedivoire\/#\/schema\/person\/2b1cf3cd81a31e3cd26889ca66d677f1"},"headline":"Leadership, jeunesse, coh\u00e9sion&#8230;, Bl\u00e9 Goud\u00e9 livre sa vision d&rsquo; \u00ab\u00a0une autre C\u00f4te d&rsquo;Ivoire\u00a0\u00bb","datePublished":"2026-01-27T15:20:44+00:00","mainEntityOfPage":{"@id":"https:\/\/www.africa-press.net\/cotedivoire\/politique\/leadership-jeunesse-cohesion-ble-goude-livre-sa-vision-d-une-autre-cote-divoire"},"wordCount":367,"commentCount":0,"image":{"@id":"https:\/\/www.africa-press.net\/cotedivoire\/politique\/leadership-jeunesse-cohesion-ble-goude-livre-sa-vision-d-une-autre-cote-divoire#primaryimage"},"thumbnailUrl":"https:\/\/static.africa-press.net\/cote\/sites\/43\/2026\/01\/sm_1769527244.763571.jpg","keywords":["Charles Bl\u00e9 Goud\u00e9","coh\u00e9sion","Cojep","Conf\u00e9rence","d\u00e9veloppement","Environnement","ivoirienne","jeunesse","Politique","sociale"],"articleSection":["Politique","Top Nouvelles","Toutes les actualit\u00e9s"],"inLanguage":"fr-FR","potentialAction":[{"@type":"CommentAction","name":"Comment","target":["https:\/\/www.africa-press.net\/cotedivoire\/politique\/leadership-jeunesse-cohesion-ble-goude-livre-sa-vision-d-une-autre-cote-divoire#respond"]}]},{"@type":"WebPage","@id":"https:\/\/www.africa-press.net\/cotedivoire\/politique\/leadership-jeunesse-cohesion-ble-goude-livre-sa-vision-d-une-autre-cote-divoire","url":"https:\/\/www.africa-press.net\/cotedivoire\/politique\/leadership-jeunesse-cohesion-ble-goude-livre-sa-vision-d-une-autre-cote-divoire","name":"Leadership, jeunesse, coh\u00e9sion..., Bl\u00e9 Goud\u00e9 livre sa vision d' \"une autre C\u00f4te d'Ivoire\" - C\u00f4te d&#039;Ivoire","isPartOf":{"@id":"https:\/\/www.africa-press.net\/cotedivoire\/#website"},"primaryImageOfPage":{"@id":"https:\/\/www.africa-press.net\/cotedivoire\/politique\/leadership-jeunesse-cohesion-ble-goude-livre-sa-vision-d-une-autre-cote-divoire#primaryimage"},"image":{"@id":"https:\/\/www.africa-press.net\/cotedivoire\/politique\/leadership-jeunesse-cohesion-ble-goude-livre-sa-vision-d-une-autre-cote-divoire#primaryimage"},"thumbnailUrl":"https:\/\/static.africa-press.net\/cote\/sites\/43\/2026\/01\/sm_1769527244.763571.jpg","datePublished":"2026-01-27T15:20:44+00:00","author":{"@id":"https:\/\/www.africa-press.net\/cotedivoire\/#\/schema\/person\/2b1cf3cd81a31e3cd26889ca66d677f1"},"breadcrumb":{"@id":"https:\/\/www.africa-press.net\/cotedivoire\/politique\/leadership-jeunesse-cohesion-ble-goude-livre-sa-vision-d-une-autre-cote-divoire#breadcrumb"},"inLanguage":"fr-FR","potentialAction":[{"@type":"ReadAction","target":["https:\/\/www.africa-press.net\/cotedivoire\/politique\/leadership-jeunesse-cohesion-ble-goude-livre-sa-vision-d-une-autre-cote-divoire"]}]},{"@type":"ImageObject","inLanguage":"fr-FR","@id":"https:\/\/www.africa-press.net\/cotedivoire\/politique\/leadership-jeunesse-cohesion-ble-goude-livre-sa-vision-d-une-autre-cote-divoire#primaryimage","url":"https:\/\/static.africa-press.net\/cote\/sites\/43\/2026\/01\/sm_1769527244.763571.jpg","contentUrl":"https:\/\/static.africa-press.net\/cote\/sites\/43\/2026\/01\/sm_1769527244.763571.jpg","width":600,"height":376,"caption":"Leadership, jeunesse, coh\u00e9sion..., Bl\u00e9 Goud\u00e9 livre sa vision d' \"une autre C\u00f4te d'Ivoire\""},{"@type":"BreadcrumbList","@id":"https:\/\/www.africa-press.net\/cotedivoire\/politique\/leadership-jeunesse-cohesion-ble-goude-livre-sa-vision-d-une-autre-cote-divoire#breadcrumb","itemListElement":[{"@type":"ListItem","position":1,"name":"Accueil","item":"https:\/\/www.africa-press.net\/cotedivoire\/"},{"@type":"ListItem","position":2,"name":"Leadership, jeunesse, coh\u00e9sion&#8230;, Bl\u00e9 Goud\u00e9 livre sa vision d&rsquo; \u00ab\u00a0une autre C\u00f4te d&rsquo;Ivoire\u00a0\u00bb"}]},{"@type":"WebSite","@id":"https:\/\/www.africa-press.net\/cotedivoire\/#website","url":"https:\/\/www.africa-press.net\/cotedivoire\/","name":"C\u00f4te d&#039;Ivoire","description":"Just another Africa News Agency Sites site","potentialAction":[{"@type":"SearchAction","target":{"@type":"EntryPoint","urlTemplate":"https:\/\/www.africa-press.net\/cotedivoire\/?s={search_term_string}"},"query-input":{"@type":"PropertyValueSpecification","valueRequired":true,"valueName":"search_term_string"}}],"inLanguage":"fr-FR"},{"@type":"Person","@id":"https:\/\/www.africa-press.net\/cotedivoire\/#\/schema\/person\/2b1cf3cd81a31e3cd26889ca66d677f1","name":"cfeditorfr"}]}},"_links":{"self":[{"href":"https:\/\/www.africa-press.net\/cotedivoire\/wp-json\/wp\/v2\/posts\/111842","targetHints":{"allow":["GET"]}}],"collection":[{"href":"https:\/\/www.africa-press.net\/cotedivoire\/wp-json\/wp\/v2\/posts"}],"about":[{"href":"https:\/\/www.africa-press.net\/cotedivoire\/wp-json\/wp\/v2\/types\/post"}],"author":[{"embeddable":true,"href":"https:\/\/www.africa-press.net\/cotedivoire\/wp-json\/wp\/v2\/users\/82"}],"replies":[{"embeddable":true,"href":"https:\/\/www.africa-press.net\/cotedivoire\/wp-json\/wp\/v2\/comments?post=111842"}],"version-history":[{"count":0,"href":"https:\/\/www.africa-press.net\/cotedivoire\/wp-json\/wp\/v2\/posts\/111842\/revisions"}],"wp:featuredmedia":[{"embeddable":true,"href":"https:\/\/www.africa-press.net\/cotedivoire\/wp-json\/wp\/v2\/media\/111841"}],"wp:attachment":[{"href":"https:\/\/www.africa-press.net\/cotedivoire\/wp-json\/wp\/v2\/media?parent=111842"}],"wp:term":[{"taxonomy":"category","embeddable":true,"href":"https:\/\/www.africa-press.net\/cotedivoire\/wp-json\/wp\/v2\/categories?post=111842"},{"taxonomy":"post_tag","embeddable":true,"href":"https:\/\/www.africa-press.net\/cotedivoire\/wp-json\/wp\/v2\/tags?post=111842"}],"curies":[{"name":"wp","href":"https:\/\/api.w.org\/{rel}","templated":true}]}}