{"id":111851,"date":"2026-01-28T20:08:15","date_gmt":"2026-01-28T20:08:15","guid":{"rendered":"https:\/\/www.africa-press.net\/cotedivoire\/politique\/elephants-guy-demel-adjoint-de-fae-pourquoi-je-veux-obtenir-la-licence-a-caf"},"modified":"2026-01-28T20:08:15","modified_gmt":"2026-01-28T20:08:15","slug":"elephants-guy-demel-adjoint-de-fae-pourquoi-je-veux-obtenir-la-licence-a-caf","status":"publish","type":"post","link":"https:\/\/www.africa-press.net\/cotedivoire\/sports\/elephants-guy-demel-adjoint-de-fae-pourquoi-je-veux-obtenir-la-licence-a-caf","title":{"rendered":"El\u00e9phants, Guy Demel, adjoint de Fa\u00e9 : \u00ab  Pourquoi je veux obtenir la Licence A CAF\u00bb"},"content":{"rendered":"<p>Guy Demel (DR)<\/p>\n<p>La F\u00e9d\u00e9ration Ivoirienne de Football (FIF) a proc\u00e9d\u00e9, le lundi 26 janvier 2026 au CTNF de Bingerville \u00e0 l\u2019ouverture d\u2019une session de formation pour l\u2019obtention de la Licence A CAF.<\/p>\n<p>Parmi les postulants \u00e0 ce dipl\u00f4me, on retrouve Guy Demel, s\u00e9lectionneur adjoint des El\u00e9phants de C\u00f4te d\u2019Ivoire.<\/p>\n<p>Dans un entretien accord\u00e9 au service de la FIF, l\u2019ancien international ivoirien revient sur les raisons de sa motivation pour obtenir ce s\u00e9same.<\/p>\n<p>\u00ab La licence CAF est essentielle pour nous si nous voulons pouvoir exercer sur les bancs de touche africains. Mais au-del\u00e0 de cet aspect r\u00e9glementaire, c\u2019est aussi une formidable opportunit\u00e9 de partage d\u2019exp\u00e9riences. Cette formation permet d\u2019\u00e9changer entre stagiaires, de partager ce que chacun a v\u00e9cu sur le terrain, mais aussi de recevoir les conseils de formateurs et d\u2019instructeurs tr\u00e8s exp\u00e9riment\u00e9s, que je connais pour la plupart, et qui disposent d\u2019un \u00e9norme v\u00e9cu et d\u2019un r\u00e9el savoir \u00e0 transmettre. Comme je l\u2019ai \u00e9galement dit en salle, ces formations servent aussi \u00e0 entretenir et consolider les acquis. Elles permettent de revoir ce que nous avons appris, de nous conforter dans certaines id\u00e9es, ou parfois de les remettre en question. Dans le football, personne ne d\u00e9tient la v\u00e9rit\u00e9 absolue. Il est donc important de continuer \u00e0 se former tout au long de sa carri\u00e8re \u00bb, a expliqu\u00e9 Demel.<\/p>\n<p>Pour l\u2019ancien footballeur, c\u2019est une chance pour le football ivoirien, que cette Licence CAF A soit d\u00e9sormais organis\u00e9e en C\u00f4te d\u2019Ivoire, \u00e0 la Direction Technique Nationale de Bingerville.<\/p>\n<p>\u00ab C\u2019est une \u00e9tape importante, et la perspective d\u2019aller encore plus loin avec les prochaines licences \u00e0 venir est tr\u00e8s encourageante. Si nous voulons que le football ivoirien rayonne durablement, nous devons investir dans la formation de formateurs et d\u2019\u00e9ducateurs comp\u00e9tents, capables d\u2019accompagner au mieux nos jeunes talents, nos joueurs, et d\u2019offrir du spectacle et des \u00e9motions \u00e0 l\u2019ensemble du peuple ivoirien \u00bb, a poursuivi l\u2019adjoint d\u2019Emerse Fa\u00e9.<\/p>\n<p>\u00ab Sur le plan personnel, cette formation est primordiale. Elle me permet d\u2019\u00eatre dans le cadre r\u00e9glementaire, c\u2019est-\u00e0-dire d\u2019avoir le droit de m\u2019asseoir sur un banc de touche, ce qui passe obligatoirement par l\u2019obtention de cette licence. J\u2019ai des \u00e9quivalences europ\u00e9ennes, mais aujourd\u2019hui des r\u00e8gles claires ont \u00e9t\u00e9 mises en place, et je pense qu\u2019elles sont tr\u00e8s b\u00e9n\u00e9fiques pour le d\u00e9veloppement du football africain \u00ab , a-t-il ajout\u00e9 et de conclure.<\/p>\n<p>\u00ab C\u2019\u00e9tait donc une n\u00e9cessit\u00e9, autant pour mon d\u00e9veloppement personnel que professionnel. Mais encore une fois, ce sont avant tout des moments d\u2019\u00e9change, de partage et d\u2019apprentissage. Le football, c\u2019est aussi cela. \u00c0 chaque occasion d\u2019apprendre, de donner et de recevoir autour de notre passion commune, c\u2019est toujours un plaisir. \u00bb<\/p>\n<p>Donatien Kautcha, Abidjan<\/p>\n","protected":false},"excerpt":{"rendered":"<p>Guy Demel (DR) La F\u00e9d\u00e9ration Ivoirienne de Football (FIF) a proc\u00e9d\u00e9, le lundi 26 janvier 2026 au CTNF de Bingerville \u00e0 l\u2019ouverture d\u2019une session de formation pour l\u2019obtention de la Licence A CAF. Parmi les postulants \u00e0 ce dipl\u00f4me, on retrouve Guy Demel, s\u00e9lectionneur adjoint des El\u00e9phants de C\u00f4te d\u2019Ivoire. Dans un entretien accord\u00e9 au [&hellip;]<\/p>\n","protected":false},"author":82,"featured_media":111850,"comment_status":"open","ping_status":"closed","sticky":false,"template":"","format":"standard","meta":{"footnotes":""},"categories":[6,10],"tags":[2650,12497,859,11872,20147],"class_list":["post-111851","post","type-post","status-publish","format-standard","has-post-thumbnail","hentry","category-sports","category-toutes-les-actualites","tag-elephants-2","tag-emerse-fae-2","tag-fif","tag-guy-demel","tag-licence-caf-a"],"yoast_head":"<!-- This site is optimized with the Yoast SEO Premium plugin v26.1 (Yoast SEO v27.0) - https:\/\/yoast.com\/product\/yoast-seo-premium-wordpress\/ -->\n<title>El\u00e9phants, Guy Demel, adjoint de Fa\u00e9 : \u00ab Pourquoi je veux obtenir la Licence A CAF\u00bb - C\u00f4te d&#039;Ivoire<\/title>\n<meta name=\"robots\" content=\"index, follow, max-snippet:-1, max-image-preview:large, max-video-preview:-1\" \/>\n<link rel=\"canonical\" href=\"https:\/\/www.africa-press.net\/cotedivoire\/politique\/elephants-guy-demel-adjoint-de-fae-pourquoi-je-veux-obtenir-la-licence-a-caf\" \/>\n<meta property=\"og:locale\" content=\"fr_FR\" \/>\n<meta property=\"og:type\" content=\"article\" \/>\n<meta property=\"og:title\" content=\"El\u00e9phants, Guy Demel, adjoint de Fa\u00e9 : \u00ab Pourquoi je veux obtenir la Licence A CAF\u00bb\" \/>\n<meta property=\"og:description\" content=\"Guy Demel (DR) La F\u00e9d\u00e9ration Ivoirienne de Football (FIF) a proc\u00e9d\u00e9, le lundi 26 janvier 2026 au CTNF de Bingerville \u00e0 l\u2019ouverture d\u2019une session de formation pour l\u2019obtention de la Licence A CAF. Parmi les postulants \u00e0 ce dipl\u00f4me, on retrouve Guy Demel, s\u00e9lectionneur adjoint des El\u00e9phants de C\u00f4te d\u2019Ivoire. Dans un entretien accord\u00e9 au [&hellip;]\" \/>\n<meta property=\"og:url\" content=\"https:\/\/www.africa-press.net\/cotedivoire\/politique\/elephants-guy-demel-adjoint-de-fae-pourquoi-je-veux-obtenir-la-licence-a-caf\" \/>\n<meta property=\"og:site_name\" content=\"C\u00f4te d&#039;Ivoire\" \/>\n<meta property=\"article:published_time\" content=\"2026-01-28T20:08:15+00:00\" \/>\n<meta name=\"author\" content=\"cfeditorfr\" \/>\n<meta name=\"twitter:card\" content=\"summary_large_image\" \/>\n<meta name=\"twitter:label1\" content=\"\u00c9crit par\" \/>\n\t<meta name=\"twitter:data1\" content=\"cfeditorfr\" \/>\n\t<meta name=\"twitter:label2\" content=\"Dur\u00e9e de lecture estim\u00e9e\" \/>\n\t<meta name=\"twitter:data2\" content=\"2 minutes\" \/>\n<script type=\"application\/ld+json\" class=\"yoast-schema-graph\">{\"@context\":\"https:\/\/schema.org\",\"@graph\":[{\"@type\":\"Article\",\"@id\":\"https:\/\/www.africa-press.net\/cotedivoire\/politique\/elephants-guy-demel-adjoint-de-fae-pourquoi-je-veux-obtenir-la-licence-a-caf#article\",\"isPartOf\":{\"@id\":\"https:\/\/www.africa-press.net\/cotedivoire\/politique\/elephants-guy-demel-adjoint-de-fae-pourquoi-je-veux-obtenir-la-licence-a-caf\"},\"author\":{\"name\":\"cfeditorfr\",\"@id\":\"https:\/\/www.africa-press.net\/cotedivoire\/#\/schema\/person\/2b1cf3cd81a31e3cd26889ca66d677f1\"},\"headline\":\"El\u00e9phants, Guy Demel, adjoint de Fa\u00e9 : \u00ab Pourquoi je veux obtenir la Licence A CAF\u00bb\",\"datePublished\":\"2026-01-28T20:08:15+00:00\",\"mainEntityOfPage\":{\"@id\":\"https:\/\/www.africa-press.net\/cotedivoire\/politique\/elephants-guy-demel-adjoint-de-fae-pourquoi-je-veux-obtenir-la-licence-a-caf\"},\"wordCount\":507,\"commentCount\":0,\"image\":{\"@id\":\"https:\/\/www.africa-press.net\/cotedivoire\/politique\/elephants-guy-demel-adjoint-de-fae-pourquoi-je-veux-obtenir-la-licence-a-caf#primaryimage\"},\"thumbnailUrl\":\"https:\/\/static.africa-press.net\/cote\/sites\/43\/2026\/01\/sm_1769630895.98046.jpg\",\"keywords\":[\"El\u00e9phants\",\"Emerse Fa\u00e9\",\"FIF\",\"Guy Demel\",\"Licence CAF A\"],\"articleSection\":[\"Sports\",\"Toutes les actualit\u00e9s\"],\"inLanguage\":\"fr-FR\",\"potentialAction\":[{\"@type\":\"CommentAction\",\"name\":\"Comment\",\"target\":[\"https:\/\/www.africa-press.net\/cotedivoire\/politique\/elephants-guy-demel-adjoint-de-fae-pourquoi-je-veux-obtenir-la-licence-a-caf#respond\"]}]},{\"@type\":\"WebPage\",\"@id\":\"https:\/\/www.africa-press.net\/cotedivoire\/politique\/elephants-guy-demel-adjoint-de-fae-pourquoi-je-veux-obtenir-la-licence-a-caf\",\"url\":\"https:\/\/www.africa-press.net\/cotedivoire\/politique\/elephants-guy-demel-adjoint-de-fae-pourquoi-je-veux-obtenir-la-licence-a-caf\",\"name\":\"El\u00e9phants, Guy Demel, adjoint de Fa\u00e9 : \u00ab Pourquoi je veux obtenir la Licence A CAF\u00bb - C\u00f4te d&#039;Ivoire\",\"isPartOf\":{\"@id\":\"https:\/\/www.africa-press.net\/cotedivoire\/#website\"},\"primaryImageOfPage\":{\"@id\":\"https:\/\/www.africa-press.net\/cotedivoire\/politique\/elephants-guy-demel-adjoint-de-fae-pourquoi-je-veux-obtenir-la-licence-a-caf#primaryimage\"},\"image\":{\"@id\":\"https:\/\/www.africa-press.net\/cotedivoire\/politique\/elephants-guy-demel-adjoint-de-fae-pourquoi-je-veux-obtenir-la-licence-a-caf#primaryimage\"},\"thumbnailUrl\":\"https:\/\/static.africa-press.net\/cote\/sites\/43\/2026\/01\/sm_1769630895.98046.jpg\",\"datePublished\":\"2026-01-28T20:08:15+00:00\",\"author\":{\"@id\":\"https:\/\/www.africa-press.net\/cotedivoire\/#\/schema\/person\/2b1cf3cd81a31e3cd26889ca66d677f1\"},\"breadcrumb\":{\"@id\":\"https:\/\/www.africa-press.net\/cotedivoire\/politique\/elephants-guy-demel-adjoint-de-fae-pourquoi-je-veux-obtenir-la-licence-a-caf#breadcrumb\"},\"inLanguage\":\"fr-FR\",\"potentialAction\":[{\"@type\":\"ReadAction\",\"target\":[\"https:\/\/www.africa-press.net\/cotedivoire\/politique\/elephants-guy-demel-adjoint-de-fae-pourquoi-je-veux-obtenir-la-licence-a-caf\"]}]},{\"@type\":\"ImageObject\",\"inLanguage\":\"fr-FR\",\"@id\":\"https:\/\/www.africa-press.net\/cotedivoire\/politique\/elephants-guy-demel-adjoint-de-fae-pourquoi-je-veux-obtenir-la-licence-a-caf#primaryimage\",\"url\":\"https:\/\/static.africa-press.net\/cote\/sites\/43\/2026\/01\/sm_1769630895.98046.jpg\",\"contentUrl\":\"https:\/\/static.africa-press.net\/cote\/sites\/43\/2026\/01\/sm_1769630895.98046.jpg\",\"width\":600,\"height\":329,\"caption\":\"El\u00e9phants, Guy Demel, adjoint de Fa\u00e9 : \u00ab Pourquoi je veux obtenir la Licence A CAF\u00bb\"},{\"@type\":\"BreadcrumbList\",\"@id\":\"https:\/\/www.africa-press.net\/cotedivoire\/politique\/elephants-guy-demel-adjoint-de-fae-pourquoi-je-veux-obtenir-la-licence-a-caf#breadcrumb\",\"itemListElement\":[{\"@type\":\"ListItem\",\"position\":1,\"name\":\"Accueil\",\"item\":\"https:\/\/www.africa-press.net\/cotedivoire\/\"},{\"@type\":\"ListItem\",\"position\":2,\"name\":\"El\u00e9phants, Guy Demel, adjoint de Fa\u00e9 : \u00ab Pourquoi je veux obtenir la Licence A CAF\u00bb\"}]},{\"@type\":\"WebSite\",\"@id\":\"https:\/\/www.africa-press.net\/cotedivoire\/#website\",\"url\":\"https:\/\/www.africa-press.net\/cotedivoire\/\",\"name\":\"C\u00f4te d&#039;Ivoire\",\"description\":\"Just another Africa News Agency Sites site\",\"potentialAction\":[{\"@type\":\"SearchAction\",\"target\":{\"@type\":\"EntryPoint\",\"urlTemplate\":\"https:\/\/www.africa-press.net\/cotedivoire\/?s={search_term_string}\"},\"query-input\":{\"@type\":\"PropertyValueSpecification\",\"valueRequired\":true,\"valueName\":\"search_term_string\"}}],\"inLanguage\":\"fr-FR\"},{\"@type\":\"Person\",\"@id\":\"https:\/\/www.africa-press.net\/cotedivoire\/#\/schema\/person\/2b1cf3cd81a31e3cd26889ca66d677f1\",\"name\":\"cfeditorfr\"}]}<\/script>\n<!-- \/ Yoast SEO Premium plugin. -->","yoast_head_json":{"title":"El\u00e9phants, Guy Demel, adjoint de Fa\u00e9 : \u00ab Pourquoi je veux obtenir la Licence A CAF\u00bb - C\u00f4te d&#039;Ivoire","robots":{"index":"index","follow":"follow","max-snippet":"max-snippet:-1","max-image-preview":"max-image-preview:large","max-video-preview":"max-video-preview:-1"},"canonical":"https:\/\/www.africa-press.net\/cotedivoire\/politique\/elephants-guy-demel-adjoint-de-fae-pourquoi-je-veux-obtenir-la-licence-a-caf","og_locale":"fr_FR","og_type":"article","og_title":"El\u00e9phants, Guy Demel, adjoint de Fa\u00e9 : \u00ab Pourquoi je veux obtenir la Licence A CAF\u00bb","og_description":"Guy Demel (DR) La F\u00e9d\u00e9ration Ivoirienne de Football (FIF) a proc\u00e9d\u00e9, le lundi 26 janvier 2026 au CTNF de Bingerville \u00e0 l\u2019ouverture d\u2019une session de formation pour l\u2019obtention de la Licence A CAF. Parmi les postulants \u00e0 ce dipl\u00f4me, on retrouve Guy Demel, s\u00e9lectionneur adjoint des El\u00e9phants de C\u00f4te d\u2019Ivoire. Dans un entretien accord\u00e9 au [&hellip;]","og_url":"https:\/\/www.africa-press.net\/cotedivoire\/politique\/elephants-guy-demel-adjoint-de-fae-pourquoi-je-veux-obtenir-la-licence-a-caf","og_site_name":"C\u00f4te d&#039;Ivoire","article_published_time":"2026-01-28T20:08:15+00:00","author":"cfeditorfr","twitter_card":"summary_large_image","twitter_misc":{"\u00c9crit par":"cfeditorfr","Dur\u00e9e de lecture estim\u00e9e":"2 minutes"},"schema":{"@context":"https:\/\/schema.org","@graph":[{"@type":"Article","@id":"https:\/\/www.africa-press.net\/cotedivoire\/politique\/elephants-guy-demel-adjoint-de-fae-pourquoi-je-veux-obtenir-la-licence-a-caf#article","isPartOf":{"@id":"https:\/\/www.africa-press.net\/cotedivoire\/politique\/elephants-guy-demel-adjoint-de-fae-pourquoi-je-veux-obtenir-la-licence-a-caf"},"author":{"name":"cfeditorfr","@id":"https:\/\/www.africa-press.net\/cotedivoire\/#\/schema\/person\/2b1cf3cd81a31e3cd26889ca66d677f1"},"headline":"El\u00e9phants, Guy Demel, adjoint de Fa\u00e9 : \u00ab Pourquoi je veux obtenir la Licence A CAF\u00bb","datePublished":"2026-01-28T20:08:15+00:00","mainEntityOfPage":{"@id":"https:\/\/www.africa-press.net\/cotedivoire\/politique\/elephants-guy-demel-adjoint-de-fae-pourquoi-je-veux-obtenir-la-licence-a-caf"},"wordCount":507,"commentCount":0,"image":{"@id":"https:\/\/www.africa-press.net\/cotedivoire\/politique\/elephants-guy-demel-adjoint-de-fae-pourquoi-je-veux-obtenir-la-licence-a-caf#primaryimage"},"thumbnailUrl":"https:\/\/static.africa-press.net\/cote\/sites\/43\/2026\/01\/sm_1769630895.98046.jpg","keywords":["El\u00e9phants","Emerse Fa\u00e9","FIF","Guy Demel","Licence CAF A"],"articleSection":["Sports","Toutes les actualit\u00e9s"],"inLanguage":"fr-FR","potentialAction":[{"@type":"CommentAction","name":"Comment","target":["https:\/\/www.africa-press.net\/cotedivoire\/politique\/elephants-guy-demel-adjoint-de-fae-pourquoi-je-veux-obtenir-la-licence-a-caf#respond"]}]},{"@type":"WebPage","@id":"https:\/\/www.africa-press.net\/cotedivoire\/politique\/elephants-guy-demel-adjoint-de-fae-pourquoi-je-veux-obtenir-la-licence-a-caf","url":"https:\/\/www.africa-press.net\/cotedivoire\/politique\/elephants-guy-demel-adjoint-de-fae-pourquoi-je-veux-obtenir-la-licence-a-caf","name":"El\u00e9phants, Guy Demel, adjoint de Fa\u00e9 : \u00ab Pourquoi je veux obtenir la Licence A CAF\u00bb - C\u00f4te d&#039;Ivoire","isPartOf":{"@id":"https:\/\/www.africa-press.net\/cotedivoire\/#website"},"primaryImageOfPage":{"@id":"https:\/\/www.africa-press.net\/cotedivoire\/politique\/elephants-guy-demel-adjoint-de-fae-pourquoi-je-veux-obtenir-la-licence-a-caf#primaryimage"},"image":{"@id":"https:\/\/www.africa-press.net\/cotedivoire\/politique\/elephants-guy-demel-adjoint-de-fae-pourquoi-je-veux-obtenir-la-licence-a-caf#primaryimage"},"thumbnailUrl":"https:\/\/static.africa-press.net\/cote\/sites\/43\/2026\/01\/sm_1769630895.98046.jpg","datePublished":"2026-01-28T20:08:15+00:00","author":{"@id":"https:\/\/www.africa-press.net\/cotedivoire\/#\/schema\/person\/2b1cf3cd81a31e3cd26889ca66d677f1"},"breadcrumb":{"@id":"https:\/\/www.africa-press.net\/cotedivoire\/politique\/elephants-guy-demel-adjoint-de-fae-pourquoi-je-veux-obtenir-la-licence-a-caf#breadcrumb"},"inLanguage":"fr-FR","potentialAction":[{"@type":"ReadAction","target":["https:\/\/www.africa-press.net\/cotedivoire\/politique\/elephants-guy-demel-adjoint-de-fae-pourquoi-je-veux-obtenir-la-licence-a-caf"]}]},{"@type":"ImageObject","inLanguage":"fr-FR","@id":"https:\/\/www.africa-press.net\/cotedivoire\/politique\/elephants-guy-demel-adjoint-de-fae-pourquoi-je-veux-obtenir-la-licence-a-caf#primaryimage","url":"https:\/\/static.africa-press.net\/cote\/sites\/43\/2026\/01\/sm_1769630895.98046.jpg","contentUrl":"https:\/\/static.africa-press.net\/cote\/sites\/43\/2026\/01\/sm_1769630895.98046.jpg","width":600,"height":329,"caption":"El\u00e9phants, Guy Demel, adjoint de Fa\u00e9 : \u00ab Pourquoi je veux obtenir la Licence A CAF\u00bb"},{"@type":"BreadcrumbList","@id":"https:\/\/www.africa-press.net\/cotedivoire\/politique\/elephants-guy-demel-adjoint-de-fae-pourquoi-je-veux-obtenir-la-licence-a-caf#breadcrumb","itemListElement":[{"@type":"ListItem","position":1,"name":"Accueil","item":"https:\/\/www.africa-press.net\/cotedivoire\/"},{"@type":"ListItem","position":2,"name":"El\u00e9phants, Guy Demel, adjoint de Fa\u00e9 : \u00ab Pourquoi je veux obtenir la Licence A CAF\u00bb"}]},{"@type":"WebSite","@id":"https:\/\/www.africa-press.net\/cotedivoire\/#website","url":"https:\/\/www.africa-press.net\/cotedivoire\/","name":"C\u00f4te d&#039;Ivoire","description":"Just another Africa News Agency Sites site","potentialAction":[{"@type":"SearchAction","target":{"@type":"EntryPoint","urlTemplate":"https:\/\/www.africa-press.net\/cotedivoire\/?s={search_term_string}"},"query-input":{"@type":"PropertyValueSpecification","valueRequired":true,"valueName":"search_term_string"}}],"inLanguage":"fr-FR"},{"@type":"Person","@id":"https:\/\/www.africa-press.net\/cotedivoire\/#\/schema\/person\/2b1cf3cd81a31e3cd26889ca66d677f1","name":"cfeditorfr"}]}},"_links":{"self":[{"href":"https:\/\/www.africa-press.net\/cotedivoire\/wp-json\/wp\/v2\/posts\/111851","targetHints":{"allow":["GET"]}}],"collection":[{"href":"https:\/\/www.africa-press.net\/cotedivoire\/wp-json\/wp\/v2\/posts"}],"about":[{"href":"https:\/\/www.africa-press.net\/cotedivoire\/wp-json\/wp\/v2\/types\/post"}],"author":[{"embeddable":true,"href":"https:\/\/www.africa-press.net\/cotedivoire\/wp-json\/wp\/v2\/users\/82"}],"replies":[{"embeddable":true,"href":"https:\/\/www.africa-press.net\/cotedivoire\/wp-json\/wp\/v2\/comments?post=111851"}],"version-history":[{"count":0,"href":"https:\/\/www.africa-press.net\/cotedivoire\/wp-json\/wp\/v2\/posts\/111851\/revisions"}],"wp:featuredmedia":[{"embeddable":true,"href":"https:\/\/www.africa-press.net\/cotedivoire\/wp-json\/wp\/v2\/media\/111850"}],"wp:attachment":[{"href":"https:\/\/www.africa-press.net\/cotedivoire\/wp-json\/wp\/v2\/media?parent=111851"}],"wp:term":[{"taxonomy":"category","embeddable":true,"href":"https:\/\/www.africa-press.net\/cotedivoire\/wp-json\/wp\/v2\/categories?post=111851"},{"taxonomy":"post_tag","embeddable":true,"href":"https:\/\/www.africa-press.net\/cotedivoire\/wp-json\/wp\/v2\/tags?post=111851"}],"curies":[{"name":"wp","href":"https:\/\/api.w.org\/{rel}","templated":true}]}}