{"id":11186,"date":"2021-08-11T13:15:38","date_gmt":"2021-08-11T13:15:38","guid":{"rendered":"https:\/\/www.africa-press.net\/cotedivoire\/?p=11186"},"modified":"2021-08-11T21:08:07","modified_gmt":"2021-08-11T21:08:07","slug":"cote-divoire-gbagbo-recoit-eds-et-lance-un-appel-a-tous-ceux-qui-epousent-son-combat","status":"publish","type":"post","link":"https:\/\/www.africa-press.net\/cotedivoire\/politique\/cote-divoire-gbagbo-recoit-eds-et-lance-un-appel-a-tous-ceux-qui-epousent-son-combat","title":{"rendered":"Gbagbo re\u00e7oit Eds et lance un appel \u00e0 tous ceux qui \u00e9pousent son combat"},"content":{"rendered":"<p><span style=\"color: #ff6600\"><strong><a href=\"https:\/\/www.africa-press.net\/\">Africa-Press<\/a> &#8211; <a href=\"https:\/\/www.africa-press.net\/cotedivoire\">C\u00f4te d&rsquo;Ivoire<\/a>. <\/strong><\/span>Formation d\u2019un nouveau parti \u2013 Gbagbo tacle encore Affi<\/p>\n<p>Laurent Gbagbo a re\u00e7u ce mardi des personnalit\u00e9s politiques fondatrices de la plateforme Eds et des partenaires politiques. Ce, en pr\u00e9lude au congr\u00e8s constitutif extraordinaire d\u2019un nouveau parti politique. L\u2019ancien pr\u00e9sident veut y aller vite et se donne un d\u00e9lai d\u2019au plus un moi et demi. A pr\u00e9sent c\u2019est la phase de mise en place du comit\u00e9 d\u2019organisation de ce congr\u00e8s.<\/p>\n<p>En recevant donc St\u00e9phane Kipr\u00e9, Kah\u00e9 Eric, Dani\u00e8le Boni Claverie et bien d\u2019autres, le message est clair. Quitter les petits partis avec leur difficult\u00e9 de fonctionnement et se dissoudre dans le grand ensemble o\u00f9 chacun aura sa place.<\/p>\n<p>Laurent Gbagbo a \u00e9t\u00e9 moins long, mais son discours a \u00e9t\u00e9 dense et plein d\u2019enseignements devant ses camarades de lutte.<\/p>\n<p>Morceaux choisis :<\/p>\n<p>\u00ab je pense que c\u2019est une occasion, pour ce congr\u00e8s \u00e0 venir, de tout reprendre \u00e0 la base. J\u2019appelle donc tous les ivoiriens qui veulent s\u2019engager \u00e0 nos c\u00f4t\u00e9s dans le combat pour la d\u00e9mocratie, qui n\u2019est pas achev\u00e9. J\u2019appelle tous les ivoiriens qui sont d\u00e9sireux de reprendre ces combats \u00e0 mes c\u00f4t\u00e9s, avec nous, comme \u00e7a on va mettre sur pied ensemble ce nouveau dispositif politique \u00bb, a-t-il lanc\u00e9.<\/p>\n<p>Au passage il fait un commentaire critique de la gouvernance Ouattara, notamment sur le d\u00e9veloppement de la ville d\u2019Abidjan. Pour Laurent Gbagbo, Abidjan est \u00ab trop rempli \u00bb et il regrette que le projet de transfert de la capitale \u00e0 Yamoussoukro n\u2019ait pas \u00e9t\u00e9 poursuivi apr\u00e8s lui.<\/p>\n<p>Revenant sur les orientations du comit\u00e9 central du Fpi le 9 ao\u00fbt, Laurent Gbagbo a dress\u00e9 \u00e0 nouveau un portrait d\u2019Affi Nguessan dont il d\u00e9nonce encore le chantage surr\u00e9aliste dans le contr\u00f4le du Fpi.<\/p>\n<p><b>\u00ab Au cours de la r\u00e9union du Comit\u00e9 Central, de ce qu\u2019\u00e9tait le FPI, j\u2019ai propos\u00e9 et cela a \u00e9t\u00e9 accept\u00e9 par le Comit\u00e9 Central, j\u2019ai propos\u00e9 de quitter le FPI et de le laisser \u00e0 Affi N\u2019guessan, qui est venu prendre en otage notre Parti que nous avons cr\u00e9\u00e9 avec la sueur et les emprisonnements. Parce que nous l\u2019avons nomm\u00e9, il est venu prendre le Parti en otage. Et il me donne des conditions. Il dit que s\u2019 il doit me rendre la pr\u00e9sidence, il faut qu\u2019il soit premier Vice-Pr\u00e9sident avec pleins pouvoirs. Moi ? (Rires dans la salle). J\u2019ai entendu beaucoup de blagues mais des blagues comme \u00e7a, je n\u2019ai jamais entendu. C\u2019\u00e9tait donc la chose \u00e0 faire, demander au Comit\u00e9 Central de lui laisser \u00e7a. C\u2019est nous qui cr\u00e9ons, donc on va cr\u00e9er autre chose. Puisque nous savons cr\u00e9er et donc bient\u00f4t, dans un mois, un mois et demi, on fera un congr\u00e8s constitutif d\u2019un autre parti avec des objectifs. Lui fera ses objectifs l\u00e0 bas<\/b><\/p>\n<p>\u00ab , explique Gbagbo.<\/p>\n<p>Puis le Woody de Mama de terminer sur cette salve en guise d\u2019avertissement : \u00ab En politique, il ne faut jamais faire du chantage, sinon on vous fait ce qu\u2019on a fait \u00e0 Affi \u00bb.<\/p>\n<p>&nbsp;<\/p>\n","protected":false},"excerpt":{"rendered":"<p>Africa-Press &#8211; C\u00f4te d&rsquo;Ivoire. Formation d\u2019un nouveau parti \u2013 Gbagbo tacle encore Affi Laurent Gbagbo a re\u00e7u ce mardi des personnalit\u00e9s politiques fondatrices de la plateforme Eds et des partenaires politiques. Ce, en pr\u00e9lude au congr\u00e8s constitutif extraordinaire d\u2019un nouveau parti politique. L\u2019ancien pr\u00e9sident veut y aller vite et se donne un d\u00e9lai d\u2019au plus [&hellip;]<\/p>\n","protected":false},"author":82,"featured_media":11185,"comment_status":"open","ping_status":"closed","sticky":false,"template":"","format":"standard","meta":{"footnotes":""},"categories":[11,2,10],"tags":[56,63,29],"class_list":["post-11186","post","type-post","status-publish","format-standard","has-post-thumbnail","hentry","category-homepage-french","category-politique","category-toutes-les-actualites","tag-africa-press","tag-africa-press-cote-divoire","tag-cote-divoire"],"yoast_head":"<!-- This site is optimized with the Yoast SEO Premium plugin v26.1 (Yoast SEO v27.0) - https:\/\/yoast.com\/product\/yoast-seo-premium-wordpress\/ -->\n<title>Gbagbo re\u00e7oit Eds et lance un appel \u00e0 tous ceux qui \u00e9pousent son combat - C\u00f4te d&#039;Ivoire<\/title>\n<meta name=\"description\" content=\"Formation d\u2019un nouveau parti \u2013 Gbagbo tacle encore Affi Laurent Gbagbo a re\u00e7u ce mardi des personnalit\u00e9s politiques fon ...\" \/>\n<meta name=\"robots\" content=\"index, follow, max-snippet:-1, max-image-preview:large, max-video-preview:-1\" \/>\n<link rel=\"canonical\" href=\"https:\/\/www.africa-press.net\/cotedivoire\/politique\/cote-divoire-gbagbo-recoit-eds-et-lance-un-appel-a-tous-ceux-qui-epousent-son-combat\" \/>\n<meta property=\"og:locale\" content=\"fr_FR\" \/>\n<meta property=\"og:type\" content=\"article\" \/>\n<meta property=\"og:title\" content=\"Gbagbo re\u00e7oit Eds et lance un appel \u00e0 tous ceux qui \u00e9pousent son combat\" \/>\n<meta property=\"og:description\" content=\"Formation d\u2019un nouveau parti \u2013 Gbagbo tacle encore Affi Laurent Gbagbo a re\u00e7u ce mardi des personnalit\u00e9s politiques fon ...\" \/>\n<meta property=\"og:url\" content=\"https:\/\/www.africa-press.net\/cotedivoire\/politique\/cote-divoire-gbagbo-recoit-eds-et-lance-un-appel-a-tous-ceux-qui-epousent-son-combat\" \/>\n<meta property=\"og:site_name\" content=\"C\u00f4te d&#039;Ivoire\" \/>\n<meta property=\"article:published_time\" content=\"2021-08-11T13:15:38+00:00\" \/>\n<meta property=\"article:modified_time\" content=\"2021-08-11T21:08:07+00:00\" \/>\n<meta property=\"og:image\" content=\"https:\/\/static.africa-press.net\/cote\/sites\/43\/2021\/08\/img-6113c355353d5.jpg\" \/>\n\t<meta property=\"og:image:width\" content=\"1080\" \/>\n\t<meta property=\"og:image:height\" content=\"720\" \/>\n\t<meta property=\"og:image:type\" content=\"image\/jpeg\" \/>\n<meta name=\"author\" content=\"cfeditorfr\" \/>\n<meta name=\"twitter:card\" content=\"summary_large_image\" \/>\n<meta name=\"twitter:label1\" content=\"\u00c9crit par\" \/>\n\t<meta name=\"twitter:data1\" content=\"cfeditorfr\" \/>\n\t<meta name=\"twitter:label2\" content=\"Dur\u00e9e de lecture estim\u00e9e\" \/>\n\t<meta name=\"twitter:data2\" content=\"3 minutes\" \/>\n<script type=\"application\/ld+json\" class=\"yoast-schema-graph\">{\"@context\":\"https:\/\/schema.org\",\"@graph\":[{\"@type\":\"Article\",\"@id\":\"https:\/\/www.africa-press.net\/cotedivoire\/politique\/cote-divoire-gbagbo-recoit-eds-et-lance-un-appel-a-tous-ceux-qui-epousent-son-combat#article\",\"isPartOf\":{\"@id\":\"https:\/\/www.africa-press.net\/cotedivoire\/politique\/cote-divoire-gbagbo-recoit-eds-et-lance-un-appel-a-tous-ceux-qui-epousent-son-combat\"},\"author\":{\"name\":\"cfeditorfr\",\"@id\":\"https:\/\/www.africa-press.net\/cotedivoire\/#\/schema\/person\/2b1cf3cd81a31e3cd26889ca66d677f1\"},\"headline\":\"Gbagbo re\u00e7oit Eds et lance un appel \u00e0 tous ceux qui \u00e9pousent son combat\",\"datePublished\":\"2021-08-11T13:15:38+00:00\",\"dateModified\":\"2021-08-11T21:08:07+00:00\",\"mainEntityOfPage\":{\"@id\":\"https:\/\/www.africa-press.net\/cotedivoire\/politique\/cote-divoire-gbagbo-recoit-eds-et-lance-un-appel-a-tous-ceux-qui-epousent-son-combat\"},\"wordCount\":548,\"commentCount\":0,\"image\":{\"@id\":\"https:\/\/www.africa-press.net\/cotedivoire\/politique\/cote-divoire-gbagbo-recoit-eds-et-lance-un-appel-a-tous-ceux-qui-epousent-son-combat#primaryimage\"},\"thumbnailUrl\":\"https:\/\/static.africa-press.net\/cote\/sites\/43\/2021\/08\/img-6113c355353d5.jpg\",\"keywords\":[\"Africa Press\",\"Africa Press-C\u00f4te d'Ivoire\",\"C\u00d4TE D'IVOIRE\"],\"articleSection\":[\"homepage-french\",\"Politique\",\"Toutes les actualit\u00e9s\"],\"inLanguage\":\"fr-FR\",\"potentialAction\":[{\"@type\":\"CommentAction\",\"name\":\"Comment\",\"target\":[\"https:\/\/www.africa-press.net\/cotedivoire\/politique\/cote-divoire-gbagbo-recoit-eds-et-lance-un-appel-a-tous-ceux-qui-epousent-son-combat#respond\"]}]},{\"@type\":\"WebPage\",\"@id\":\"https:\/\/www.africa-press.net\/cotedivoire\/politique\/cote-divoire-gbagbo-recoit-eds-et-lance-un-appel-a-tous-ceux-qui-epousent-son-combat\",\"url\":\"https:\/\/www.africa-press.net\/cotedivoire\/politique\/cote-divoire-gbagbo-recoit-eds-et-lance-un-appel-a-tous-ceux-qui-epousent-son-combat\",\"name\":\"Gbagbo re\u00e7oit Eds et lance un appel \u00e0 tous ceux qui \u00e9pousent son combat - C\u00f4te d&#039;Ivoire\",\"isPartOf\":{\"@id\":\"https:\/\/www.africa-press.net\/cotedivoire\/#website\"},\"primaryImageOfPage\":{\"@id\":\"https:\/\/www.africa-press.net\/cotedivoire\/politique\/cote-divoire-gbagbo-recoit-eds-et-lance-un-appel-a-tous-ceux-qui-epousent-son-combat#primaryimage\"},\"image\":{\"@id\":\"https:\/\/www.africa-press.net\/cotedivoire\/politique\/cote-divoire-gbagbo-recoit-eds-et-lance-un-appel-a-tous-ceux-qui-epousent-son-combat#primaryimage\"},\"thumbnailUrl\":\"https:\/\/static.africa-press.net\/cote\/sites\/43\/2021\/08\/img-6113c355353d5.jpg\",\"datePublished\":\"2021-08-11T13:15:38+00:00\",\"dateModified\":\"2021-08-11T21:08:07+00:00\",\"author\":{\"@id\":\"https:\/\/www.africa-press.net\/cotedivoire\/#\/schema\/person\/2b1cf3cd81a31e3cd26889ca66d677f1\"},\"description\":\"Formation d\u2019un nouveau parti \u2013 Gbagbo tacle encore Affi Laurent Gbagbo a re\u00e7u ce mardi des personnalit\u00e9s politiques fon ...\",\"breadcrumb\":{\"@id\":\"https:\/\/www.africa-press.net\/cotedivoire\/politique\/cote-divoire-gbagbo-recoit-eds-et-lance-un-appel-a-tous-ceux-qui-epousent-son-combat#breadcrumb\"},\"inLanguage\":\"fr-FR\",\"potentialAction\":[{\"@type\":\"ReadAction\",\"target\":[\"https:\/\/www.africa-press.net\/cotedivoire\/politique\/cote-divoire-gbagbo-recoit-eds-et-lance-un-appel-a-tous-ceux-qui-epousent-son-combat\"]}]},{\"@type\":\"ImageObject\",\"inLanguage\":\"fr-FR\",\"@id\":\"https:\/\/www.africa-press.net\/cotedivoire\/politique\/cote-divoire-gbagbo-recoit-eds-et-lance-un-appel-a-tous-ceux-qui-epousent-son-combat#primaryimage\",\"url\":\"https:\/\/static.africa-press.net\/cote\/sites\/43\/2021\/08\/img-6113c355353d5.jpg\",\"contentUrl\":\"https:\/\/static.africa-press.net\/cote\/sites\/43\/2021\/08\/img-6113c355353d5.jpg\",\"width\":1080,\"height\":720,\"caption\":\"C\u00f4te-d\u2019Ivoire: Gbagbo re\u00e7oit Eds et lance un appel \u00e0 tous ceux qui \u00e9pousent son combat\"},{\"@type\":\"BreadcrumbList\",\"@id\":\"https:\/\/www.africa-press.net\/cotedivoire\/politique\/cote-divoire-gbagbo-recoit-eds-et-lance-un-appel-a-tous-ceux-qui-epousent-son-combat#breadcrumb\",\"itemListElement\":[{\"@type\":\"ListItem\",\"position\":1,\"name\":\"Accueil\",\"item\":\"https:\/\/www.africa-press.net\/cotedivoire\/\"},{\"@type\":\"ListItem\",\"position\":2,\"name\":\"Gbagbo re\u00e7oit Eds et lance un appel \u00e0 tous ceux qui \u00e9pousent son combat\"}]},{\"@type\":\"WebSite\",\"@id\":\"https:\/\/www.africa-press.net\/cotedivoire\/#website\",\"url\":\"https:\/\/www.africa-press.net\/cotedivoire\/\",\"name\":\"C\u00f4te d&#039;Ivoire\",\"description\":\"Just another Africa News Agency Sites site\",\"potentialAction\":[{\"@type\":\"SearchAction\",\"target\":{\"@type\":\"EntryPoint\",\"urlTemplate\":\"https:\/\/www.africa-press.net\/cotedivoire\/?s={search_term_string}\"},\"query-input\":{\"@type\":\"PropertyValueSpecification\",\"valueRequired\":true,\"valueName\":\"search_term_string\"}}],\"inLanguage\":\"fr-FR\"},{\"@type\":\"Person\",\"@id\":\"https:\/\/www.africa-press.net\/cotedivoire\/#\/schema\/person\/2b1cf3cd81a31e3cd26889ca66d677f1\",\"name\":\"cfeditorfr\"}]}<\/script>\n<!-- \/ Yoast SEO Premium plugin. -->","yoast_head_json":{"title":"Gbagbo re\u00e7oit Eds et lance un appel \u00e0 tous ceux qui \u00e9pousent son combat - C\u00f4te d&#039;Ivoire","description":"Formation d\u2019un nouveau parti \u2013 Gbagbo tacle encore Affi Laurent Gbagbo a re\u00e7u ce mardi des personnalit\u00e9s politiques fon ...","robots":{"index":"index","follow":"follow","max-snippet":"max-snippet:-1","max-image-preview":"max-image-preview:large","max-video-preview":"max-video-preview:-1"},"canonical":"https:\/\/www.africa-press.net\/cotedivoire\/politique\/cote-divoire-gbagbo-recoit-eds-et-lance-un-appel-a-tous-ceux-qui-epousent-son-combat","og_locale":"fr_FR","og_type":"article","og_title":"Gbagbo re\u00e7oit Eds et lance un appel \u00e0 tous ceux qui \u00e9pousent son combat","og_description":"Formation d\u2019un nouveau parti \u2013 Gbagbo tacle encore Affi Laurent Gbagbo a re\u00e7u ce mardi des personnalit\u00e9s politiques fon ...","og_url":"https:\/\/www.africa-press.net\/cotedivoire\/politique\/cote-divoire-gbagbo-recoit-eds-et-lance-un-appel-a-tous-ceux-qui-epousent-son-combat","og_site_name":"C\u00f4te d&#039;Ivoire","article_published_time":"2021-08-11T13:15:38+00:00","article_modified_time":"2021-08-11T21:08:07+00:00","og_image":[{"width":1080,"height":720,"url":"https:\/\/static.africa-press.net\/cote\/sites\/43\/2021\/08\/img-6113c355353d5.jpg","type":"image\/jpeg"}],"author":"cfeditorfr","twitter_card":"summary_large_image","twitter_misc":{"\u00c9crit par":"cfeditorfr","Dur\u00e9e de lecture estim\u00e9e":"3 minutes"},"schema":{"@context":"https:\/\/schema.org","@graph":[{"@type":"Article","@id":"https:\/\/www.africa-press.net\/cotedivoire\/politique\/cote-divoire-gbagbo-recoit-eds-et-lance-un-appel-a-tous-ceux-qui-epousent-son-combat#article","isPartOf":{"@id":"https:\/\/www.africa-press.net\/cotedivoire\/politique\/cote-divoire-gbagbo-recoit-eds-et-lance-un-appel-a-tous-ceux-qui-epousent-son-combat"},"author":{"name":"cfeditorfr","@id":"https:\/\/www.africa-press.net\/cotedivoire\/#\/schema\/person\/2b1cf3cd81a31e3cd26889ca66d677f1"},"headline":"Gbagbo re\u00e7oit Eds et lance un appel \u00e0 tous ceux qui \u00e9pousent son combat","datePublished":"2021-08-11T13:15:38+00:00","dateModified":"2021-08-11T21:08:07+00:00","mainEntityOfPage":{"@id":"https:\/\/www.africa-press.net\/cotedivoire\/politique\/cote-divoire-gbagbo-recoit-eds-et-lance-un-appel-a-tous-ceux-qui-epousent-son-combat"},"wordCount":548,"commentCount":0,"image":{"@id":"https:\/\/www.africa-press.net\/cotedivoire\/politique\/cote-divoire-gbagbo-recoit-eds-et-lance-un-appel-a-tous-ceux-qui-epousent-son-combat#primaryimage"},"thumbnailUrl":"https:\/\/static.africa-press.net\/cote\/sites\/43\/2021\/08\/img-6113c355353d5.jpg","keywords":["Africa Press","Africa Press-C\u00f4te d'Ivoire","C\u00d4TE D'IVOIRE"],"articleSection":["homepage-french","Politique","Toutes les actualit\u00e9s"],"inLanguage":"fr-FR","potentialAction":[{"@type":"CommentAction","name":"Comment","target":["https:\/\/www.africa-press.net\/cotedivoire\/politique\/cote-divoire-gbagbo-recoit-eds-et-lance-un-appel-a-tous-ceux-qui-epousent-son-combat#respond"]}]},{"@type":"WebPage","@id":"https:\/\/www.africa-press.net\/cotedivoire\/politique\/cote-divoire-gbagbo-recoit-eds-et-lance-un-appel-a-tous-ceux-qui-epousent-son-combat","url":"https:\/\/www.africa-press.net\/cotedivoire\/politique\/cote-divoire-gbagbo-recoit-eds-et-lance-un-appel-a-tous-ceux-qui-epousent-son-combat","name":"Gbagbo re\u00e7oit Eds et lance un appel \u00e0 tous ceux qui \u00e9pousent son combat - C\u00f4te d&#039;Ivoire","isPartOf":{"@id":"https:\/\/www.africa-press.net\/cotedivoire\/#website"},"primaryImageOfPage":{"@id":"https:\/\/www.africa-press.net\/cotedivoire\/politique\/cote-divoire-gbagbo-recoit-eds-et-lance-un-appel-a-tous-ceux-qui-epousent-son-combat#primaryimage"},"image":{"@id":"https:\/\/www.africa-press.net\/cotedivoire\/politique\/cote-divoire-gbagbo-recoit-eds-et-lance-un-appel-a-tous-ceux-qui-epousent-son-combat#primaryimage"},"thumbnailUrl":"https:\/\/static.africa-press.net\/cote\/sites\/43\/2021\/08\/img-6113c355353d5.jpg","datePublished":"2021-08-11T13:15:38+00:00","dateModified":"2021-08-11T21:08:07+00:00","author":{"@id":"https:\/\/www.africa-press.net\/cotedivoire\/#\/schema\/person\/2b1cf3cd81a31e3cd26889ca66d677f1"},"description":"Formation d\u2019un nouveau parti \u2013 Gbagbo tacle encore Affi Laurent Gbagbo a re\u00e7u ce mardi des personnalit\u00e9s politiques fon ...","breadcrumb":{"@id":"https:\/\/www.africa-press.net\/cotedivoire\/politique\/cote-divoire-gbagbo-recoit-eds-et-lance-un-appel-a-tous-ceux-qui-epousent-son-combat#breadcrumb"},"inLanguage":"fr-FR","potentialAction":[{"@type":"ReadAction","target":["https:\/\/www.africa-press.net\/cotedivoire\/politique\/cote-divoire-gbagbo-recoit-eds-et-lance-un-appel-a-tous-ceux-qui-epousent-son-combat"]}]},{"@type":"ImageObject","inLanguage":"fr-FR","@id":"https:\/\/www.africa-press.net\/cotedivoire\/politique\/cote-divoire-gbagbo-recoit-eds-et-lance-un-appel-a-tous-ceux-qui-epousent-son-combat#primaryimage","url":"https:\/\/static.africa-press.net\/cote\/sites\/43\/2021\/08\/img-6113c355353d5.jpg","contentUrl":"https:\/\/static.africa-press.net\/cote\/sites\/43\/2021\/08\/img-6113c355353d5.jpg","width":1080,"height":720,"caption":"C\u00f4te-d\u2019Ivoire: Gbagbo re\u00e7oit Eds et lance un appel \u00e0 tous ceux qui \u00e9pousent son combat"},{"@type":"BreadcrumbList","@id":"https:\/\/www.africa-press.net\/cotedivoire\/politique\/cote-divoire-gbagbo-recoit-eds-et-lance-un-appel-a-tous-ceux-qui-epousent-son-combat#breadcrumb","itemListElement":[{"@type":"ListItem","position":1,"name":"Accueil","item":"https:\/\/www.africa-press.net\/cotedivoire\/"},{"@type":"ListItem","position":2,"name":"Gbagbo re\u00e7oit Eds et lance un appel \u00e0 tous ceux qui \u00e9pousent son combat"}]},{"@type":"WebSite","@id":"https:\/\/www.africa-press.net\/cotedivoire\/#website","url":"https:\/\/www.africa-press.net\/cotedivoire\/","name":"C\u00f4te d&#039;Ivoire","description":"Just another Africa News Agency Sites site","potentialAction":[{"@type":"SearchAction","target":{"@type":"EntryPoint","urlTemplate":"https:\/\/www.africa-press.net\/cotedivoire\/?s={search_term_string}"},"query-input":{"@type":"PropertyValueSpecification","valueRequired":true,"valueName":"search_term_string"}}],"inLanguage":"fr-FR"},{"@type":"Person","@id":"https:\/\/www.africa-press.net\/cotedivoire\/#\/schema\/person\/2b1cf3cd81a31e3cd26889ca66d677f1","name":"cfeditorfr"}]}},"_links":{"self":[{"href":"https:\/\/www.africa-press.net\/cotedivoire\/wp-json\/wp\/v2\/posts\/11186","targetHints":{"allow":["GET"]}}],"collection":[{"href":"https:\/\/www.africa-press.net\/cotedivoire\/wp-json\/wp\/v2\/posts"}],"about":[{"href":"https:\/\/www.africa-press.net\/cotedivoire\/wp-json\/wp\/v2\/types\/post"}],"author":[{"embeddable":true,"href":"https:\/\/www.africa-press.net\/cotedivoire\/wp-json\/wp\/v2\/users\/82"}],"replies":[{"embeddable":true,"href":"https:\/\/www.africa-press.net\/cotedivoire\/wp-json\/wp\/v2\/comments?post=11186"}],"version-history":[{"count":0,"href":"https:\/\/www.africa-press.net\/cotedivoire\/wp-json\/wp\/v2\/posts\/11186\/revisions"}],"wp:featuredmedia":[{"embeddable":true,"href":"https:\/\/www.africa-press.net\/cotedivoire\/wp-json\/wp\/v2\/media\/11185"}],"wp:attachment":[{"href":"https:\/\/www.africa-press.net\/cotedivoire\/wp-json\/wp\/v2\/media?parent=11186"}],"wp:term":[{"taxonomy":"category","embeddable":true,"href":"https:\/\/www.africa-press.net\/cotedivoire\/wp-json\/wp\/v2\/categories?post=11186"},{"taxonomy":"post_tag","embeddable":true,"href":"https:\/\/www.africa-press.net\/cotedivoire\/wp-json\/wp\/v2\/tags?post=11186"}],"curies":[{"name":"wp","href":"https:\/\/api.w.org\/{rel}","templated":true}]}}