{"id":111863,"date":"2026-01-28T20:14:27","date_gmt":"2026-01-28T20:14:27","guid":{"rendered":"https:\/\/www.africa-press.net\/cotedivoire\/politique\/ministere-de-leconomie-niale-kaba-passe-le-temoin-a-adama-coulibaly-dans-un-elan-de-continuite-strategique"},"modified":"2026-01-28T20:14:27","modified_gmt":"2026-01-28T20:14:27","slug":"ministere-de-leconomie-niale-kaba-passe-le-temoin-a-adama-coulibaly-dans-un-elan-de-continuite-strategique","status":"publish","type":"post","link":"https:\/\/www.africa-press.net\/cotedivoire\/economie\/ministere-de-leconomie-niale-kaba-passe-le-temoin-a-adama-coulibaly-dans-un-elan-de-continuite-strategique","title":{"rendered":"Minist\u00e8re de l&rsquo;\u00e9conomie, Nial\u00e9 Kaba passe le t\u00e9moin \u00e0 Adama Coulibaly dans un \u00e9lan de continuit\u00e9 strat\u00e9gique"},"content":{"rendered":"<p>Dans un contexte de continuit\u00e9 gouvernementale et de renforcement de l\u2019action publique, une c\u00e9r\u00e9monie officielle de passation de charges s\u2019est tenue au 20\u1d49 \u00e9tage de l\u2019immeuble SCIAM, au Plateau, entre Madame Nial\u00e9 Kaba, d\u00e9sormais Ministre d\u2019\u00c9tat, Ministre des Affaires \u00e9trang\u00e8res et de la Coop\u00e9ration internationale, et Monsieur Adama Coulibaly, reconduit au poste de Ministre de l\u2019\u00c9conomie, des Finances et du Budget dans le gouvernement Beugr\u00e9 Mamb\u00e9 2.<\/p>\n<p>La c\u00e9r\u00e9monie s\u2019est d\u00e9roul\u00e9e en pr\u00e9sence de Monsieur Charlemagne Da, Secr\u00e9taire g\u00e9n\u00e9ral du Gouvernement, ainsi que de plusieurs hauts responsables administratifs et cadres du minist\u00e8re.<\/p>\n<p>Prenant la parole avec \u00e9motion, Madame Nial\u00e9 Kaba a exprim\u00e9 sa profonde gratitude au Pr\u00e9sident de la R\u00e9publique, SEM Alassane Ouattara, pour la confiance renouvel\u00e9e \u00e0 son endroit, saluant son \u00e9l\u00e9vation au rang de Ministre d\u2019\u00c9tat et sa nomination \u00e0 la t\u00eate de la diplomatie ivoirienne.<\/p>\n<p>Elle a adress\u00e9 ses f\u00e9licitations fraternelles \u00e0 Adama Coulibaly pour sa reconduction et pour l\u2019\u00e9largissement de son portefeuille au volet \u00e9conomique, soulignant que ce dernier conna\u00eet d\u00e9j\u00e0 parfaitement les dossiers, la Direction g\u00e9n\u00e9rale de l\u2019\u00c9conomie ayant \u00e9t\u00e9 plac\u00e9e sous son autorit\u00e9 par le pass\u00e9.<\/p>\n<p>Madame Nial\u00e9 Kaba a mis en lumi\u00e8re les avanc\u00e9es r\u00e9alis\u00e9es durant la p\u00e9riode o\u00f9 l\u2019\u00e9conomie \u00e9tait connect\u00e9e \u00e0 la planification, notamment, l\u2019am\u00e9lioration des outils de gestion et de mod\u00e9lisation \u00e9conomique, la mise en \u0153uvre de r\u00e9formes de modernisation, la consolidation des instruments d\u2019aide \u00e0 la d\u00e9cision.<\/p>\n<p>Elle a, par ailleurs, salu\u00e9 le professionnalisme, l\u2019int\u00e9grit\u00e9 et le d\u00e9vouement des \u00e9quipes techniques, les invitant \u00e0 poursuivre leur engagement avec la m\u00eame rigueur au service du nouveau ministre.<\/p>\n<p>\u00ab Je sais pouvoir compter sur votre leadership pour consolider ces acquis et porter encore plus haut les ambitions \u00e9conomiques de la C\u00f4te d\u2019Ivoire \u00bb, a-t-elle conclu.<\/p>\n<p>\u00c0 son tour, Adama Coulibaly a exprim\u00e9 sa reconnaissance au Pr\u00e9sident de la R\u00e9publique et au Premier ministre Robert Beugr\u00e9 Mamb\u00e9 pour la confiance renouvel\u00e9e \u00e0 son endroit. Il a affirm\u00e9 percevoir cette responsabilit\u00e9 accrue comme un privil\u00e8ge assorti d\u2019une obligation de r\u00e9sultats.<\/p>\n<p>Le ministre a tenu \u00e0 f\u00e9liciter Madame Nial\u00e9 Kaba pour sa nomination \u00e0 la t\u00eate de la diplomatie ivoirienne, saluant un parcours exemplaire et un sens \u00e9lev\u00e9 du devoir, avant de lui rendre hommage pour la qualit\u00e9 du travail accompli dans ses anciennes fonctions.<\/p>\n<p>Il a soulign\u00e9 les acquis majeurs laiss\u00e9s en h\u00e9ritage, parmi lesquels, l\u2019\u00e9laboration d\u2019outils de pr\u00e9vision et d\u2019un cadrage macro\u00e9conomique 2026-2030, le renforcement de l\u2019int\u00e9gration r\u00e9gionale et l\u2019anticipation des enjeux li\u00e9s \u00e0 la ZLECAf, la finalisation d\u2019accords strat\u00e9giques, notamment l\u2019APIE avec l\u2019Espagne et l\u2019instauration d\u2019une culture d\u2019excellence, marqu\u00e9e par la certification ISO 9001 version 2015 et la digitalisation des processus.<\/p>\n<p>S\u2019appuyant sur ce socle, Adama Coulibaly a d\u00e9clin\u00e9 ses axes prioritaires, promouvoir une croissance inclusive, cr\u00e9atrice d\u2019emplois et de r\u00e9duction de la pauvret\u00e9, acc\u00e9l\u00e9rer la diversification de l\u2019\u00e9conomie, encore d\u00e9pendante des mati\u00e8res premi\u00e8res et renforcer la r\u00e9silience \u00e9conomique face aux chocs climatiques et aux fluctuations des march\u00e9s internationaux.<\/p>\n<p>Il a insist\u00e9 sur la n\u00e9cessit\u00e9 d\u2019une mobilisation totale des \u00e9quipes et d\u2019une synergie renforc\u00e9e entre les diff\u00e9rentes directions, dans un contexte o\u00f9 l\u2019\u00c9conomie, les Finances et le Budget sont d\u00e9sormais r\u00e9unis au sein d\u2019un m\u00eame cadre institutionnel.<\/p>\n<p>La c\u00e9r\u00e9monie s\u2019est achev\u00e9e sur un engagement commun : \u0153uvrer collectivement \u00e0 la construction d\u2019une C\u00f4te d\u2019Ivoire forte, prosp\u00e8re, inclusive et durable, fid\u00e8le \u00e0 la vision du Chef de l\u2019\u00c9tat.<\/p>\n<p>Wassimagnon<\/p>\n","protected":false},"excerpt":{"rendered":"<p>Dans un contexte de continuit\u00e9 gouvernementale et de renforcement de l\u2019action publique, une c\u00e9r\u00e9monie officielle de passation de charges s\u2019est tenue au 20\u1d49 \u00e9tage de l\u2019immeuble SCIAM, au Plateau, entre Madame Nial\u00e9 Kaba, d\u00e9sormais Ministre d\u2019\u00c9tat, Ministre des Affaires \u00e9trang\u00e8res et de la Coop\u00e9ration internationale, et Monsieur Adama Coulibaly, reconduit au poste de Ministre de [&hellip;]<\/p>\n","protected":false},"author":82,"featured_media":111862,"comment_status":"open","ping_status":"closed","sticky":false,"template":"","format":"standard","meta":{"footnotes":""},"categories":[3,10],"tags":[1182,2399,5709,13999,4563,762,5059,4673,2720],"class_list":["post-111863","post","type-post","status-publish","format-standard","has-post-thumbnail","hentry","category-economie","category-toutes-les-actualites","tag-adama-coulibaly","tag-beugre-mambe","tag-charges","tag-economie-ivoirienne","tag-finances","tag-gouvernement","tag-niale-kaba-2","tag-passation","tag-publiques"],"yoast_head":"<!-- This site is optimized with the Yoast SEO Premium plugin v26.1 (Yoast SEO v27.0) - https:\/\/yoast.com\/product\/yoast-seo-premium-wordpress\/ -->\n<title>Minist\u00e8re de l&#039;\u00e9conomie, Nial\u00e9 Kaba passe le t\u00e9moin \u00e0 Adama Coulibaly dans un \u00e9lan de continuit\u00e9 strat\u00e9gique - C\u00f4te d&#039;Ivoire<\/title>\n<meta name=\"robots\" content=\"index, follow, max-snippet:-1, max-image-preview:large, max-video-preview:-1\" \/>\n<link rel=\"canonical\" href=\"https:\/\/www.africa-press.net\/cotedivoire\/politique\/ministere-de-leconomie-niale-kaba-passe-le-temoin-a-adama-coulibaly-dans-un-elan-de-continuite-strategique\" \/>\n<meta property=\"og:locale\" content=\"fr_FR\" \/>\n<meta property=\"og:type\" content=\"article\" \/>\n<meta property=\"og:title\" content=\"Minist\u00e8re de l&#039;\u00e9conomie, Nial\u00e9 Kaba passe le t\u00e9moin \u00e0 Adama Coulibaly dans un \u00e9lan de continuit\u00e9 strat\u00e9gique\" \/>\n<meta property=\"og:description\" content=\"Dans un contexte de continuit\u00e9 gouvernementale et de renforcement de l\u2019action publique, une c\u00e9r\u00e9monie officielle de passation de charges s\u2019est tenue au 20\u1d49 \u00e9tage de l\u2019immeuble SCIAM, au Plateau, entre Madame Nial\u00e9 Kaba, d\u00e9sormais Ministre d\u2019\u00c9tat, Ministre des Affaires \u00e9trang\u00e8res et de la Coop\u00e9ration internationale, et Monsieur Adama Coulibaly, reconduit au poste de Ministre de [&hellip;]\" \/>\n<meta property=\"og:url\" content=\"https:\/\/www.africa-press.net\/cotedivoire\/politique\/ministere-de-leconomie-niale-kaba-passe-le-temoin-a-adama-coulibaly-dans-un-elan-de-continuite-strategique\" \/>\n<meta property=\"og:site_name\" content=\"C\u00f4te d&#039;Ivoire\" \/>\n<meta property=\"article:published_time\" content=\"2026-01-28T20:14:27+00:00\" \/>\n<meta name=\"author\" content=\"cfeditorfr\" \/>\n<meta name=\"twitter:card\" content=\"summary_large_image\" \/>\n<meta name=\"twitter:label1\" content=\"\u00c9crit par\" \/>\n\t<meta name=\"twitter:data1\" content=\"cfeditorfr\" \/>\n\t<meta name=\"twitter:label2\" content=\"Dur\u00e9e de lecture estim\u00e9e\" \/>\n\t<meta name=\"twitter:data2\" content=\"3 minutes\" \/>\n<script type=\"application\/ld+json\" class=\"yoast-schema-graph\">{\"@context\":\"https:\/\/schema.org\",\"@graph\":[{\"@type\":\"Article\",\"@id\":\"https:\/\/www.africa-press.net\/cotedivoire\/politique\/ministere-de-leconomie-niale-kaba-passe-le-temoin-a-adama-coulibaly-dans-un-elan-de-continuite-strategique#article\",\"isPartOf\":{\"@id\":\"https:\/\/www.africa-press.net\/cotedivoire\/politique\/ministere-de-leconomie-niale-kaba-passe-le-temoin-a-adama-coulibaly-dans-un-elan-de-continuite-strategique\"},\"author\":{\"name\":\"cfeditorfr\",\"@id\":\"https:\/\/www.africa-press.net\/cotedivoire\/#\/schema\/person\/2b1cf3cd81a31e3cd26889ca66d677f1\"},\"headline\":\"Minist\u00e8re de l&rsquo;\u00e9conomie, Nial\u00e9 Kaba passe le t\u00e9moin \u00e0 Adama Coulibaly dans un \u00e9lan de continuit\u00e9 strat\u00e9gique\",\"datePublished\":\"2026-01-28T20:14:27+00:00\",\"mainEntityOfPage\":{\"@id\":\"https:\/\/www.africa-press.net\/cotedivoire\/politique\/ministere-de-leconomie-niale-kaba-passe-le-temoin-a-adama-coulibaly-dans-un-elan-de-continuite-strategique\"},\"wordCount\":661,\"commentCount\":0,\"image\":{\"@id\":\"https:\/\/www.africa-press.net\/cotedivoire\/politique\/ministere-de-leconomie-niale-kaba-passe-le-temoin-a-adama-coulibaly-dans-un-elan-de-continuite-strategique#primaryimage\"},\"thumbnailUrl\":\"https:\/\/static.africa-press.net\/cote\/sites\/43\/2026\/01\/sm_1769631267.271814.jpg\",\"keywords\":[\"Adama Coulibaly\",\"Beugr\u00e9 Mamb\u00e9\",\"charges\",\"\u00e9conomie ivoirienne\",\"finances\",\"Gouvernement\",\"Nial\u00e9 Kaba\",\"passation\",\"publiques\"],\"articleSection\":[\"\u00c9conomie\",\"Toutes les actualit\u00e9s\"],\"inLanguage\":\"fr-FR\",\"potentialAction\":[{\"@type\":\"CommentAction\",\"name\":\"Comment\",\"target\":[\"https:\/\/www.africa-press.net\/cotedivoire\/politique\/ministere-de-leconomie-niale-kaba-passe-le-temoin-a-adama-coulibaly-dans-un-elan-de-continuite-strategique#respond\"]}]},{\"@type\":\"WebPage\",\"@id\":\"https:\/\/www.africa-press.net\/cotedivoire\/politique\/ministere-de-leconomie-niale-kaba-passe-le-temoin-a-adama-coulibaly-dans-un-elan-de-continuite-strategique\",\"url\":\"https:\/\/www.africa-press.net\/cotedivoire\/politique\/ministere-de-leconomie-niale-kaba-passe-le-temoin-a-adama-coulibaly-dans-un-elan-de-continuite-strategique\",\"name\":\"Minist\u00e8re de l'\u00e9conomie, Nial\u00e9 Kaba passe le t\u00e9moin \u00e0 Adama Coulibaly dans un \u00e9lan de continuit\u00e9 strat\u00e9gique - C\u00f4te d&#039;Ivoire\",\"isPartOf\":{\"@id\":\"https:\/\/www.africa-press.net\/cotedivoire\/#website\"},\"primaryImageOfPage\":{\"@id\":\"https:\/\/www.africa-press.net\/cotedivoire\/politique\/ministere-de-leconomie-niale-kaba-passe-le-temoin-a-adama-coulibaly-dans-un-elan-de-continuite-strategique#primaryimage\"},\"image\":{\"@id\":\"https:\/\/www.africa-press.net\/cotedivoire\/politique\/ministere-de-leconomie-niale-kaba-passe-le-temoin-a-adama-coulibaly-dans-un-elan-de-continuite-strategique#primaryimage\"},\"thumbnailUrl\":\"https:\/\/static.africa-press.net\/cote\/sites\/43\/2026\/01\/sm_1769631267.271814.jpg\",\"datePublished\":\"2026-01-28T20:14:27+00:00\",\"author\":{\"@id\":\"https:\/\/www.africa-press.net\/cotedivoire\/#\/schema\/person\/2b1cf3cd81a31e3cd26889ca66d677f1\"},\"breadcrumb\":{\"@id\":\"https:\/\/www.africa-press.net\/cotedivoire\/politique\/ministere-de-leconomie-niale-kaba-passe-le-temoin-a-adama-coulibaly-dans-un-elan-de-continuite-strategique#breadcrumb\"},\"inLanguage\":\"fr-FR\",\"potentialAction\":[{\"@type\":\"ReadAction\",\"target\":[\"https:\/\/www.africa-press.net\/cotedivoire\/politique\/ministere-de-leconomie-niale-kaba-passe-le-temoin-a-adama-coulibaly-dans-un-elan-de-continuite-strategique\"]}]},{\"@type\":\"ImageObject\",\"inLanguage\":\"fr-FR\",\"@id\":\"https:\/\/www.africa-press.net\/cotedivoire\/politique\/ministere-de-leconomie-niale-kaba-passe-le-temoin-a-adama-coulibaly-dans-un-elan-de-continuite-strategique#primaryimage\",\"url\":\"https:\/\/static.africa-press.net\/cote\/sites\/43\/2026\/01\/sm_1769631267.271814.jpg\",\"contentUrl\":\"https:\/\/static.africa-press.net\/cote\/sites\/43\/2026\/01\/sm_1769631267.271814.jpg\",\"width\":600,\"height\":480,\"caption\":\"Minist\u00e8re de l'\u00e9conomie, Nial\u00e9 Kaba passe le t\u00e9moin \u00e0 Adama Coulibaly dans un \u00e9lan de continuit\u00e9 strat\u00e9gique\"},{\"@type\":\"BreadcrumbList\",\"@id\":\"https:\/\/www.africa-press.net\/cotedivoire\/politique\/ministere-de-leconomie-niale-kaba-passe-le-temoin-a-adama-coulibaly-dans-un-elan-de-continuite-strategique#breadcrumb\",\"itemListElement\":[{\"@type\":\"ListItem\",\"position\":1,\"name\":\"Accueil\",\"item\":\"https:\/\/www.africa-press.net\/cotedivoire\/\"},{\"@type\":\"ListItem\",\"position\":2,\"name\":\"Minist\u00e8re de l&rsquo;\u00e9conomie, Nial\u00e9 Kaba passe le t\u00e9moin \u00e0 Adama Coulibaly dans un \u00e9lan de continuit\u00e9 strat\u00e9gique\"}]},{\"@type\":\"WebSite\",\"@id\":\"https:\/\/www.africa-press.net\/cotedivoire\/#website\",\"url\":\"https:\/\/www.africa-press.net\/cotedivoire\/\",\"name\":\"C\u00f4te d&#039;Ivoire\",\"description\":\"Just another Africa News Agency Sites site\",\"potentialAction\":[{\"@type\":\"SearchAction\",\"target\":{\"@type\":\"EntryPoint\",\"urlTemplate\":\"https:\/\/www.africa-press.net\/cotedivoire\/?s={search_term_string}\"},\"query-input\":{\"@type\":\"PropertyValueSpecification\",\"valueRequired\":true,\"valueName\":\"search_term_string\"}}],\"inLanguage\":\"fr-FR\"},{\"@type\":\"Person\",\"@id\":\"https:\/\/www.africa-press.net\/cotedivoire\/#\/schema\/person\/2b1cf3cd81a31e3cd26889ca66d677f1\",\"name\":\"cfeditorfr\"}]}<\/script>\n<!-- \/ Yoast SEO Premium plugin. -->","yoast_head_json":{"title":"Minist\u00e8re de l'\u00e9conomie, Nial\u00e9 Kaba passe le t\u00e9moin \u00e0 Adama Coulibaly dans un \u00e9lan de continuit\u00e9 strat\u00e9gique - C\u00f4te d&#039;Ivoire","robots":{"index":"index","follow":"follow","max-snippet":"max-snippet:-1","max-image-preview":"max-image-preview:large","max-video-preview":"max-video-preview:-1"},"canonical":"https:\/\/www.africa-press.net\/cotedivoire\/politique\/ministere-de-leconomie-niale-kaba-passe-le-temoin-a-adama-coulibaly-dans-un-elan-de-continuite-strategique","og_locale":"fr_FR","og_type":"article","og_title":"Minist\u00e8re de l'\u00e9conomie, Nial\u00e9 Kaba passe le t\u00e9moin \u00e0 Adama Coulibaly dans un \u00e9lan de continuit\u00e9 strat\u00e9gique","og_description":"Dans un contexte de continuit\u00e9 gouvernementale et de renforcement de l\u2019action publique, une c\u00e9r\u00e9monie officielle de passation de charges s\u2019est tenue au 20\u1d49 \u00e9tage de l\u2019immeuble SCIAM, au Plateau, entre Madame Nial\u00e9 Kaba, d\u00e9sormais Ministre d\u2019\u00c9tat, Ministre des Affaires \u00e9trang\u00e8res et de la Coop\u00e9ration internationale, et Monsieur Adama Coulibaly, reconduit au poste de Ministre de [&hellip;]","og_url":"https:\/\/www.africa-press.net\/cotedivoire\/politique\/ministere-de-leconomie-niale-kaba-passe-le-temoin-a-adama-coulibaly-dans-un-elan-de-continuite-strategique","og_site_name":"C\u00f4te d&#039;Ivoire","article_published_time":"2026-01-28T20:14:27+00:00","author":"cfeditorfr","twitter_card":"summary_large_image","twitter_misc":{"\u00c9crit par":"cfeditorfr","Dur\u00e9e de lecture estim\u00e9e":"3 minutes"},"schema":{"@context":"https:\/\/schema.org","@graph":[{"@type":"Article","@id":"https:\/\/www.africa-press.net\/cotedivoire\/politique\/ministere-de-leconomie-niale-kaba-passe-le-temoin-a-adama-coulibaly-dans-un-elan-de-continuite-strategique#article","isPartOf":{"@id":"https:\/\/www.africa-press.net\/cotedivoire\/politique\/ministere-de-leconomie-niale-kaba-passe-le-temoin-a-adama-coulibaly-dans-un-elan-de-continuite-strategique"},"author":{"name":"cfeditorfr","@id":"https:\/\/www.africa-press.net\/cotedivoire\/#\/schema\/person\/2b1cf3cd81a31e3cd26889ca66d677f1"},"headline":"Minist\u00e8re de l&rsquo;\u00e9conomie, Nial\u00e9 Kaba passe le t\u00e9moin \u00e0 Adama Coulibaly dans un \u00e9lan de continuit\u00e9 strat\u00e9gique","datePublished":"2026-01-28T20:14:27+00:00","mainEntityOfPage":{"@id":"https:\/\/www.africa-press.net\/cotedivoire\/politique\/ministere-de-leconomie-niale-kaba-passe-le-temoin-a-adama-coulibaly-dans-un-elan-de-continuite-strategique"},"wordCount":661,"commentCount":0,"image":{"@id":"https:\/\/www.africa-press.net\/cotedivoire\/politique\/ministere-de-leconomie-niale-kaba-passe-le-temoin-a-adama-coulibaly-dans-un-elan-de-continuite-strategique#primaryimage"},"thumbnailUrl":"https:\/\/static.africa-press.net\/cote\/sites\/43\/2026\/01\/sm_1769631267.271814.jpg","keywords":["Adama Coulibaly","Beugr\u00e9 Mamb\u00e9","charges","\u00e9conomie ivoirienne","finances","Gouvernement","Nial\u00e9 Kaba","passation","publiques"],"articleSection":["\u00c9conomie","Toutes les actualit\u00e9s"],"inLanguage":"fr-FR","potentialAction":[{"@type":"CommentAction","name":"Comment","target":["https:\/\/www.africa-press.net\/cotedivoire\/politique\/ministere-de-leconomie-niale-kaba-passe-le-temoin-a-adama-coulibaly-dans-un-elan-de-continuite-strategique#respond"]}]},{"@type":"WebPage","@id":"https:\/\/www.africa-press.net\/cotedivoire\/politique\/ministere-de-leconomie-niale-kaba-passe-le-temoin-a-adama-coulibaly-dans-un-elan-de-continuite-strategique","url":"https:\/\/www.africa-press.net\/cotedivoire\/politique\/ministere-de-leconomie-niale-kaba-passe-le-temoin-a-adama-coulibaly-dans-un-elan-de-continuite-strategique","name":"Minist\u00e8re de l'\u00e9conomie, Nial\u00e9 Kaba passe le t\u00e9moin \u00e0 Adama Coulibaly dans un \u00e9lan de continuit\u00e9 strat\u00e9gique - C\u00f4te d&#039;Ivoire","isPartOf":{"@id":"https:\/\/www.africa-press.net\/cotedivoire\/#website"},"primaryImageOfPage":{"@id":"https:\/\/www.africa-press.net\/cotedivoire\/politique\/ministere-de-leconomie-niale-kaba-passe-le-temoin-a-adama-coulibaly-dans-un-elan-de-continuite-strategique#primaryimage"},"image":{"@id":"https:\/\/www.africa-press.net\/cotedivoire\/politique\/ministere-de-leconomie-niale-kaba-passe-le-temoin-a-adama-coulibaly-dans-un-elan-de-continuite-strategique#primaryimage"},"thumbnailUrl":"https:\/\/static.africa-press.net\/cote\/sites\/43\/2026\/01\/sm_1769631267.271814.jpg","datePublished":"2026-01-28T20:14:27+00:00","author":{"@id":"https:\/\/www.africa-press.net\/cotedivoire\/#\/schema\/person\/2b1cf3cd81a31e3cd26889ca66d677f1"},"breadcrumb":{"@id":"https:\/\/www.africa-press.net\/cotedivoire\/politique\/ministere-de-leconomie-niale-kaba-passe-le-temoin-a-adama-coulibaly-dans-un-elan-de-continuite-strategique#breadcrumb"},"inLanguage":"fr-FR","potentialAction":[{"@type":"ReadAction","target":["https:\/\/www.africa-press.net\/cotedivoire\/politique\/ministere-de-leconomie-niale-kaba-passe-le-temoin-a-adama-coulibaly-dans-un-elan-de-continuite-strategique"]}]},{"@type":"ImageObject","inLanguage":"fr-FR","@id":"https:\/\/www.africa-press.net\/cotedivoire\/politique\/ministere-de-leconomie-niale-kaba-passe-le-temoin-a-adama-coulibaly-dans-un-elan-de-continuite-strategique#primaryimage","url":"https:\/\/static.africa-press.net\/cote\/sites\/43\/2026\/01\/sm_1769631267.271814.jpg","contentUrl":"https:\/\/static.africa-press.net\/cote\/sites\/43\/2026\/01\/sm_1769631267.271814.jpg","width":600,"height":480,"caption":"Minist\u00e8re de l'\u00e9conomie, Nial\u00e9 Kaba passe le t\u00e9moin \u00e0 Adama Coulibaly dans un \u00e9lan de continuit\u00e9 strat\u00e9gique"},{"@type":"BreadcrumbList","@id":"https:\/\/www.africa-press.net\/cotedivoire\/politique\/ministere-de-leconomie-niale-kaba-passe-le-temoin-a-adama-coulibaly-dans-un-elan-de-continuite-strategique#breadcrumb","itemListElement":[{"@type":"ListItem","position":1,"name":"Accueil","item":"https:\/\/www.africa-press.net\/cotedivoire\/"},{"@type":"ListItem","position":2,"name":"Minist\u00e8re de l&rsquo;\u00e9conomie, Nial\u00e9 Kaba passe le t\u00e9moin \u00e0 Adama Coulibaly dans un \u00e9lan de continuit\u00e9 strat\u00e9gique"}]},{"@type":"WebSite","@id":"https:\/\/www.africa-press.net\/cotedivoire\/#website","url":"https:\/\/www.africa-press.net\/cotedivoire\/","name":"C\u00f4te d&#039;Ivoire","description":"Just another Africa News Agency Sites site","potentialAction":[{"@type":"SearchAction","target":{"@type":"EntryPoint","urlTemplate":"https:\/\/www.africa-press.net\/cotedivoire\/?s={search_term_string}"},"query-input":{"@type":"PropertyValueSpecification","valueRequired":true,"valueName":"search_term_string"}}],"inLanguage":"fr-FR"},{"@type":"Person","@id":"https:\/\/www.africa-press.net\/cotedivoire\/#\/schema\/person\/2b1cf3cd81a31e3cd26889ca66d677f1","name":"cfeditorfr"}]}},"_links":{"self":[{"href":"https:\/\/www.africa-press.net\/cotedivoire\/wp-json\/wp\/v2\/posts\/111863","targetHints":{"allow":["GET"]}}],"collection":[{"href":"https:\/\/www.africa-press.net\/cotedivoire\/wp-json\/wp\/v2\/posts"}],"about":[{"href":"https:\/\/www.africa-press.net\/cotedivoire\/wp-json\/wp\/v2\/types\/post"}],"author":[{"embeddable":true,"href":"https:\/\/www.africa-press.net\/cotedivoire\/wp-json\/wp\/v2\/users\/82"}],"replies":[{"embeddable":true,"href":"https:\/\/www.africa-press.net\/cotedivoire\/wp-json\/wp\/v2\/comments?post=111863"}],"version-history":[{"count":0,"href":"https:\/\/www.africa-press.net\/cotedivoire\/wp-json\/wp\/v2\/posts\/111863\/revisions"}],"wp:featuredmedia":[{"embeddable":true,"href":"https:\/\/www.africa-press.net\/cotedivoire\/wp-json\/wp\/v2\/media\/111862"}],"wp:attachment":[{"href":"https:\/\/www.africa-press.net\/cotedivoire\/wp-json\/wp\/v2\/media?parent=111863"}],"wp:term":[{"taxonomy":"category","embeddable":true,"href":"https:\/\/www.africa-press.net\/cotedivoire\/wp-json\/wp\/v2\/categories?post=111863"},{"taxonomy":"post_tag","embeddable":true,"href":"https:\/\/www.africa-press.net\/cotedivoire\/wp-json\/wp\/v2\/tags?post=111863"}],"curies":[{"name":"wp","href":"https:\/\/api.w.org\/{rel}","templated":true}]}}