{"id":111869,"date":"2026-01-28T20:17:27","date_gmt":"2026-01-28T20:17:27","guid":{"rendered":"https:\/\/www.africa-press.net\/cotedivoire\/politique\/cherte-de-la-vie-ecole-en-crise-democratie-fragilisee-ble-goude-lance-un-nouveau-contrat-social-fonde-sur-lessentiel-et-les-priorites"},"modified":"2026-01-28T20:17:27","modified_gmt":"2026-01-28T20:17:27","slug":"cherte-de-la-vie-ecole-en-crise-democratie-fragilisee-ble-goude-lance-un-nouveau-contrat-social-fonde-sur-lessentiel-et-les-priorites","status":"publish","type":"post","link":"https:\/\/www.africa-press.net\/cotedivoire\/politique\/cherte-de-la-vie-ecole-en-crise-democratie-fragilisee-ble-goude-lance-un-nouveau-contrat-social-fonde-sur-lessentiel-et-les-priorites","title":{"rendered":"Chert\u00e9 de la vie, \u00e9cole en crise, d\u00e9mocratie fragilis\u00e9e&#8230;, Bl\u00e9 Goud\u00e9 lance un nouveau contrat social fond\u00e9 sur l&rsquo;essentiel et les priorit\u00e9s"},"content":{"rendered":"<p>\u00c0 l\u2019occasion d\u2019une conf\u00e9rence publique tenue au Plateau, le pr\u00e9sident du Congr\u00e8s panafricain pour la justice et l\u2019\u00e9galit\u00e9 des peuples (COJEP), Charles Bl\u00e9 Goud\u00e9, a livr\u00e9 une adresse politique dense et engag\u00e9e, dans laquelle il appelle \u00e0 une refondation d\u00e9mocratique, sociale et institutionnelle de la C\u00f4te d\u2019Ivoire. Un discours \u00e0 la fois critique, programmatique et porteur d\u2019espoir, plac\u00e9 sous le th\u00e8me : \u00ab Une autre C\u00f4te d\u2019Ivoire est encore possible \u00bb.<\/p>\n<p>Revenant sur l\u2019ann\u00e9e politique 2025, domin\u00e9e par l\u2019\u00e9lection pr\u00e9sidentielle d\u2019octobre et les l\u00e9gislatives de d\u00e9cembre, Charles Bl\u00e9 Goud\u00e9 a rappel\u00e9 les efforts entrepris par l\u2019opposition pour promouvoir le dialogue et obtenir des \u00e9lections inclusives et apais\u00e9es.<\/p>\n<p>Il a toutefois regrett\u00e9 l\u2019\u00e9chec des r\u00e9formes \u00e9lectorales attendues, notamment la r\u00e9vision de la liste \u00e9lectorale et la r\u00e9int\u00e9gration de certains leaders politiques radi\u00e9s.<\/p>\n<p>Assumant le choix de la participation \u00e9lectorale, malgr\u00e9 un contexte de menaces et de violences, il a reconnu que l\u2019objectif de l\u2019alternance n\u2019a pas \u00e9t\u00e9 atteint, au prix de nouvelles victimes. Le pr\u00e9sident du COJEP a demand\u00e9 la lib\u00e9ration des prisonniers li\u00e9s aux violences post-\u00e9lectorales et observ\u00e9 une minute de silence en hommage aux victimes, notamment celles de Nahi\u00f4 et le sous-lieutenant Daniogo Kl\u00e9non Lassina, d\u00e9c\u00e9d\u00e9 dans l\u2019exercice de ses fonctions.<\/p>\n<p>Constatant que les pouvoirs ex\u00e9cutif et l\u00e9gislatif sont d\u00e9sormais enti\u00e8rement d\u00e9tenus par le RHDP, Charles Bl\u00e9 Goud\u00e9 a d\u00e9nonc\u00e9 une situation en d\u00e9calage avec les id\u00e9aux du multipartisme instaur\u00e9 dans les ann\u00e9es 1990.<\/p>\n<p>Il a alert\u00e9 sur une d\u00e9mocratie affaiblie, marqu\u00e9e par la m\u00e9fiance des citoyens envers les institutions et une abstention \u00e9lectorale croissante.<\/p>\n<p>Pour lui, le moment est venu de reprendre le dialogue politique afin d\u2019engager des r\u00e9formes institutionnelles et \u00e9lectorales profondes, indispensables \u00e0 la stabilit\u00e9 durable du pays.<\/p>\n<p>Sur le plan socio-\u00e9conomique, le leader du COJEP a dress\u00e9 un tableau sombre du quotidien des Ivoiriens. Malgr\u00e9 une croissance macro\u00e9conomique soutenue, celle-ci reste, selon lui, peu inclusive.<\/p>\n<p>La chert\u00e9 de la vie, la hausse des loyers, des denr\u00e9es alimentaires et des mat\u00e9riaux de construction, ainsi que les difficult\u00e9s d\u2019acc\u00e8s \u00e0 l\u2019emploi et aux soins, p\u00e8sent lourdement sur les m\u00e9nages.<\/p>\n<p>Il a \u00e9galement point\u00e9 la crise du syst\u00e8me \u00e9ducatif, citant des chiffres alarmants de la Banque mondiale et de l\u2019UNESCO : 83 % des enfants ivoiriens de 10 ans ne savent ni lire ni comprendre un texte adapt\u00e9 \u00e0 leur \u00e2ge. L\u2019exclusion de pr\u00e8s de 1 300 \u00e9l\u00e8ves dans la r\u00e9gion d\u2019Adzop\u00e9 en 2024-2025 en serait, selon lui, une illustration frappante.<\/p>\n<p>Face \u00e0 ce diagnostic, Charles Bl\u00e9 Goud\u00e9 propose un nouveau contrat social, fond\u00e9 sur le principe de \u00ab Gouverner par l\u2019essentiel et les priorit\u00e9s \u00bb.<\/p>\n<p>Il affirme sa volont\u00e9 de placer le peuple au c\u0153ur de l\u2019action publique, en privil\u00e9giant l\u2019efficacit\u00e9, la transparence, la justice sociale et la redevabilit\u00e9.<\/p>\n<p>Son projet s\u2019articule autour de neuf grands axes, parmi lesquels, la refondation du syst\u00e8me \u00e9ducatif, avec une r\u00e9forme profonde de l\u2019apprentissage et la valorisation du m\u00e9tier d\u2019enseignant, l\u2019emploi des jeunes, \u00e0 travers la formation professionnelle, l\u2019entrepreneuriat et la cr\u00e9ation de p\u00f4les \u00e9conomiques r\u00e9gionaux, un syst\u00e8me de sant\u00e9 moderne et accessible, visant \u00e0 relever l\u2019esp\u00e9rance de vie des Ivoiriens \u00e0 70 ans ;<\/p>\n<p>une protection sociale inclusive pour lutter contre la pauvret\u00e9 qui touche pr\u00e8s de 47 % de la population, la modernisation de l\u2019agriculture, pour garantir la souverainet\u00e9 alimentaire et am\u00e9liorer les revenus des paysans, une administration publique int\u00e8gre, digitalis\u00e9e et r\u00e9solument engag\u00e9e contre la corruption et enfin, une r\u00e9forme profonde de la d\u00e9mocratie et des institutions, incluant la limitation stricte des mandats pr\u00e9sidentiels, la r\u00e9forme de l\u2019organe \u00e9lectoral et la suppression d\u2019institutions jug\u00e9es non essentielles.<\/p>\n<p>Se projetant dans l\u2019avenir, Charles Bl\u00e9 Goud\u00e9 a r\u00e9affirm\u00e9 son ambition d\u2019acc\u00e9der d\u00e9mocratiquement \u00e0 la pr\u00e9sidence de la R\u00e9publique, entour\u00e9 d\u2019une \u00e9quipe qu\u2019il dit proche des r\u00e9alit\u00e9s sociales.<\/p>\n<p>Il a appel\u00e9 au rassemblement de toutes les filles et de tous les fils de la C\u00f4te d\u2019Ivoire, au-del\u00e0 des clivages politiques, pour restaurer la dignit\u00e9, l\u2019unit\u00e9 et la souverainet\u00e9 du peuple.<\/p>\n<p>\u00ab Je ressens chaque coup que la vie vous inflige. Je partage votre douleur sociale. Votre voix, je vais la porter \u00bb, a-t-il d\u00e9clar\u00e9, concluant son adresse par un message d\u2019espoir et de d\u00e9termination.<\/p>\n<p>Pour le pr\u00e9sident du COJEP, le choix est clair : refuser la fatalit\u00e9 et b\u00e2tir ensemble une C\u00f4te d\u2019Ivoire plus juste, solidaire et d\u00e9mocratique.<\/p>\n<p>Oui, insiste-t-il, une autre C\u00f4te d\u2019Ivoire est encore possible.<\/p>\n<p>Wassimagnon<\/p>\n","protected":false},"excerpt":{"rendered":"<p>\u00c0 l\u2019occasion d\u2019une conf\u00e9rence publique tenue au Plateau, le pr\u00e9sident du Congr\u00e8s panafricain pour la justice et l\u2019\u00e9galit\u00e9 des peuples (COJEP), Charles Bl\u00e9 Goud\u00e9, a livr\u00e9 une adresse politique dense et engag\u00e9e, dans laquelle il appelle \u00e0 une refondation d\u00e9mocratique, sociale et institutionnelle de la C\u00f4te d\u2019Ivoire. Un discours \u00e0 la fois critique, programmatique et [&hellip;]<\/p>\n","protected":false},"author":82,"featured_media":111868,"comment_status":"open","ping_status":"closed","sticky":false,"template":"","format":"standard","meta":{"footnotes":""},"categories":[2,10],"tags":[2299,493,7509,12418,15973,55,18614,13953,2846],"class_list":["post-111869","post","type-post","status-publish","format-standard","has-post-thumbnail","hentry","category-politique","category-toutes-les-actualites","tag-charles-ble-goude","tag-cojep","tag-democratie","tag-education-3","tag-institutionnelles","tag-justice","tag-politique-ivoirienne","tag-reformes","tag-sociale"],"yoast_head":"<!-- This site is optimized with the Yoast SEO Premium plugin v26.1 (Yoast SEO v27.0) - https:\/\/yoast.com\/product\/yoast-seo-premium-wordpress\/ -->\n<title>Chert\u00e9 de la vie, \u00e9cole en crise, d\u00e9mocratie fragilis\u00e9e..., Bl\u00e9 Goud\u00e9 lance un nouveau contrat social fond\u00e9 sur l&#039;essentiel et les priorit\u00e9s - C\u00f4te d&#039;Ivoire<\/title>\n<meta name=\"robots\" content=\"index, follow, max-snippet:-1, max-image-preview:large, max-video-preview:-1\" \/>\n<link rel=\"canonical\" href=\"https:\/\/www.africa-press.net\/cotedivoire\/politique\/cherte-de-la-vie-ecole-en-crise-democratie-fragilisee-ble-goude-lance-un-nouveau-contrat-social-fonde-sur-lessentiel-et-les-priorites\" \/>\n<meta property=\"og:locale\" content=\"fr_FR\" \/>\n<meta property=\"og:type\" content=\"article\" \/>\n<meta property=\"og:title\" content=\"Chert\u00e9 de la vie, \u00e9cole en crise, d\u00e9mocratie fragilis\u00e9e..., Bl\u00e9 Goud\u00e9 lance un nouveau contrat social fond\u00e9 sur l&#039;essentiel et les priorit\u00e9s\" \/>\n<meta property=\"og:description\" content=\"\u00c0 l\u2019occasion d\u2019une conf\u00e9rence publique tenue au Plateau, le pr\u00e9sident du Congr\u00e8s panafricain pour la justice et l\u2019\u00e9galit\u00e9 des peuples (COJEP), Charles Bl\u00e9 Goud\u00e9, a livr\u00e9 une adresse politique dense et engag\u00e9e, dans laquelle il appelle \u00e0 une refondation d\u00e9mocratique, sociale et institutionnelle de la C\u00f4te d\u2019Ivoire. Un discours \u00e0 la fois critique, programmatique et [&hellip;]\" \/>\n<meta property=\"og:url\" content=\"https:\/\/www.africa-press.net\/cotedivoire\/politique\/cherte-de-la-vie-ecole-en-crise-democratie-fragilisee-ble-goude-lance-un-nouveau-contrat-social-fonde-sur-lessentiel-et-les-priorites\" \/>\n<meta property=\"og:site_name\" content=\"C\u00f4te d&#039;Ivoire\" \/>\n<meta property=\"article:published_time\" content=\"2026-01-28T20:17:27+00:00\" \/>\n<meta name=\"author\" content=\"cfeditorfr\" \/>\n<meta name=\"twitter:card\" content=\"summary_large_image\" \/>\n<meta name=\"twitter:label1\" content=\"\u00c9crit par\" \/>\n\t<meta name=\"twitter:data1\" content=\"cfeditorfr\" \/>\n\t<meta name=\"twitter:label2\" content=\"Dur\u00e9e de lecture estim\u00e9e\" \/>\n\t<meta name=\"twitter:data2\" content=\"4 minutes\" \/>\n<script type=\"application\/ld+json\" class=\"yoast-schema-graph\">{\"@context\":\"https:\/\/schema.org\",\"@graph\":[{\"@type\":\"Article\",\"@id\":\"https:\/\/www.africa-press.net\/cotedivoire\/politique\/cherte-de-la-vie-ecole-en-crise-democratie-fragilisee-ble-goude-lance-un-nouveau-contrat-social-fonde-sur-lessentiel-et-les-priorites#article\",\"isPartOf\":{\"@id\":\"https:\/\/www.africa-press.net\/cotedivoire\/politique\/cherte-de-la-vie-ecole-en-crise-democratie-fragilisee-ble-goude-lance-un-nouveau-contrat-social-fonde-sur-lessentiel-et-les-priorites\"},\"author\":{\"name\":\"cfeditorfr\",\"@id\":\"https:\/\/www.africa-press.net\/cotedivoire\/#\/schema\/person\/2b1cf3cd81a31e3cd26889ca66d677f1\"},\"headline\":\"Chert\u00e9 de la vie, \u00e9cole en crise, d\u00e9mocratie fragilis\u00e9e&#8230;, Bl\u00e9 Goud\u00e9 lance un nouveau contrat social fond\u00e9 sur l&rsquo;essentiel et les priorit\u00e9s\",\"datePublished\":\"2026-01-28T20:17:27+00:00\",\"mainEntityOfPage\":{\"@id\":\"https:\/\/www.africa-press.net\/cotedivoire\/politique\/cherte-de-la-vie-ecole-en-crise-democratie-fragilisee-ble-goude-lance-un-nouveau-contrat-social-fonde-sur-lessentiel-et-les-priorites\"},\"wordCount\":841,\"commentCount\":0,\"image\":{\"@id\":\"https:\/\/www.africa-press.net\/cotedivoire\/politique\/cherte-de-la-vie-ecole-en-crise-democratie-fragilisee-ble-goude-lance-un-nouveau-contrat-social-fonde-sur-lessentiel-et-les-priorites#primaryimage\"},\"thumbnailUrl\":\"https:\/\/static.africa-press.net\/cote\/sites\/43\/2026\/01\/sm_1769631447.116782.jpg\",\"keywords\":[\"Charles Bl\u00e9 Goud\u00e9\",\"Cojep\",\"D\u00e9mocratie\",\"\u00e9ducation\",\"institutionnelles\",\"Justice\",\"politique ivoirienne\",\"r\u00e9formes\",\"sociale\"],\"articleSection\":[\"Politique\",\"Toutes les actualit\u00e9s\"],\"inLanguage\":\"fr-FR\",\"potentialAction\":[{\"@type\":\"CommentAction\",\"name\":\"Comment\",\"target\":[\"https:\/\/www.africa-press.net\/cotedivoire\/politique\/cherte-de-la-vie-ecole-en-crise-democratie-fragilisee-ble-goude-lance-un-nouveau-contrat-social-fonde-sur-lessentiel-et-les-priorites#respond\"]}]},{\"@type\":\"WebPage\",\"@id\":\"https:\/\/www.africa-press.net\/cotedivoire\/politique\/cherte-de-la-vie-ecole-en-crise-democratie-fragilisee-ble-goude-lance-un-nouveau-contrat-social-fonde-sur-lessentiel-et-les-priorites\",\"url\":\"https:\/\/www.africa-press.net\/cotedivoire\/politique\/cherte-de-la-vie-ecole-en-crise-democratie-fragilisee-ble-goude-lance-un-nouveau-contrat-social-fonde-sur-lessentiel-et-les-priorites\",\"name\":\"Chert\u00e9 de la vie, \u00e9cole en crise, d\u00e9mocratie fragilis\u00e9e..., Bl\u00e9 Goud\u00e9 lance un nouveau contrat social fond\u00e9 sur l'essentiel et les priorit\u00e9s - C\u00f4te d&#039;Ivoire\",\"isPartOf\":{\"@id\":\"https:\/\/www.africa-press.net\/cotedivoire\/#website\"},\"primaryImageOfPage\":{\"@id\":\"https:\/\/www.africa-press.net\/cotedivoire\/politique\/cherte-de-la-vie-ecole-en-crise-democratie-fragilisee-ble-goude-lance-un-nouveau-contrat-social-fonde-sur-lessentiel-et-les-priorites#primaryimage\"},\"image\":{\"@id\":\"https:\/\/www.africa-press.net\/cotedivoire\/politique\/cherte-de-la-vie-ecole-en-crise-democratie-fragilisee-ble-goude-lance-un-nouveau-contrat-social-fonde-sur-lessentiel-et-les-priorites#primaryimage\"},\"thumbnailUrl\":\"https:\/\/static.africa-press.net\/cote\/sites\/43\/2026\/01\/sm_1769631447.116782.jpg\",\"datePublished\":\"2026-01-28T20:17:27+00:00\",\"author\":{\"@id\":\"https:\/\/www.africa-press.net\/cotedivoire\/#\/schema\/person\/2b1cf3cd81a31e3cd26889ca66d677f1\"},\"breadcrumb\":{\"@id\":\"https:\/\/www.africa-press.net\/cotedivoire\/politique\/cherte-de-la-vie-ecole-en-crise-democratie-fragilisee-ble-goude-lance-un-nouveau-contrat-social-fonde-sur-lessentiel-et-les-priorites#breadcrumb\"},\"inLanguage\":\"fr-FR\",\"potentialAction\":[{\"@type\":\"ReadAction\",\"target\":[\"https:\/\/www.africa-press.net\/cotedivoire\/politique\/cherte-de-la-vie-ecole-en-crise-democratie-fragilisee-ble-goude-lance-un-nouveau-contrat-social-fonde-sur-lessentiel-et-les-priorites\"]}]},{\"@type\":\"ImageObject\",\"inLanguage\":\"fr-FR\",\"@id\":\"https:\/\/www.africa-press.net\/cotedivoire\/politique\/cherte-de-la-vie-ecole-en-crise-democratie-fragilisee-ble-goude-lance-un-nouveau-contrat-social-fonde-sur-lessentiel-et-les-priorites#primaryimage\",\"url\":\"https:\/\/static.africa-press.net\/cote\/sites\/43\/2026\/01\/sm_1769631447.116782.jpg\",\"contentUrl\":\"https:\/\/static.africa-press.net\/cote\/sites\/43\/2026\/01\/sm_1769631447.116782.jpg\",\"width\":600,\"height\":450,\"caption\":\"Chert\u00e9 de la vie, \u00e9cole en crise, d\u00e9mocratie fragilis\u00e9e..., Bl\u00e9 Goud\u00e9 lance un nouveau contrat social fond\u00e9 sur l'essentiel et les priorit\u00e9s\"},{\"@type\":\"BreadcrumbList\",\"@id\":\"https:\/\/www.africa-press.net\/cotedivoire\/politique\/cherte-de-la-vie-ecole-en-crise-democratie-fragilisee-ble-goude-lance-un-nouveau-contrat-social-fonde-sur-lessentiel-et-les-priorites#breadcrumb\",\"itemListElement\":[{\"@type\":\"ListItem\",\"position\":1,\"name\":\"Accueil\",\"item\":\"https:\/\/www.africa-press.net\/cotedivoire\/\"},{\"@type\":\"ListItem\",\"position\":2,\"name\":\"Chert\u00e9 de la vie, \u00e9cole en crise, d\u00e9mocratie fragilis\u00e9e&#8230;, Bl\u00e9 Goud\u00e9 lance un nouveau contrat social fond\u00e9 sur l&rsquo;essentiel et les priorit\u00e9s\"}]},{\"@type\":\"WebSite\",\"@id\":\"https:\/\/www.africa-press.net\/cotedivoire\/#website\",\"url\":\"https:\/\/www.africa-press.net\/cotedivoire\/\",\"name\":\"C\u00f4te d&#039;Ivoire\",\"description\":\"Just another Africa News Agency Sites site\",\"potentialAction\":[{\"@type\":\"SearchAction\",\"target\":{\"@type\":\"EntryPoint\",\"urlTemplate\":\"https:\/\/www.africa-press.net\/cotedivoire\/?s={search_term_string}\"},\"query-input\":{\"@type\":\"PropertyValueSpecification\",\"valueRequired\":true,\"valueName\":\"search_term_string\"}}],\"inLanguage\":\"fr-FR\"},{\"@type\":\"Person\",\"@id\":\"https:\/\/www.africa-press.net\/cotedivoire\/#\/schema\/person\/2b1cf3cd81a31e3cd26889ca66d677f1\",\"name\":\"cfeditorfr\"}]}<\/script>\n<!-- \/ Yoast SEO Premium plugin. -->","yoast_head_json":{"title":"Chert\u00e9 de la vie, \u00e9cole en crise, d\u00e9mocratie fragilis\u00e9e..., Bl\u00e9 Goud\u00e9 lance un nouveau contrat social fond\u00e9 sur l'essentiel et les priorit\u00e9s - C\u00f4te d&#039;Ivoire","robots":{"index":"index","follow":"follow","max-snippet":"max-snippet:-1","max-image-preview":"max-image-preview:large","max-video-preview":"max-video-preview:-1"},"canonical":"https:\/\/www.africa-press.net\/cotedivoire\/politique\/cherte-de-la-vie-ecole-en-crise-democratie-fragilisee-ble-goude-lance-un-nouveau-contrat-social-fonde-sur-lessentiel-et-les-priorites","og_locale":"fr_FR","og_type":"article","og_title":"Chert\u00e9 de la vie, \u00e9cole en crise, d\u00e9mocratie fragilis\u00e9e..., Bl\u00e9 Goud\u00e9 lance un nouveau contrat social fond\u00e9 sur l'essentiel et les priorit\u00e9s","og_description":"\u00c0 l\u2019occasion d\u2019une conf\u00e9rence publique tenue au Plateau, le pr\u00e9sident du Congr\u00e8s panafricain pour la justice et l\u2019\u00e9galit\u00e9 des peuples (COJEP), Charles Bl\u00e9 Goud\u00e9, a livr\u00e9 une adresse politique dense et engag\u00e9e, dans laquelle il appelle \u00e0 une refondation d\u00e9mocratique, sociale et institutionnelle de la C\u00f4te d\u2019Ivoire. Un discours \u00e0 la fois critique, programmatique et [&hellip;]","og_url":"https:\/\/www.africa-press.net\/cotedivoire\/politique\/cherte-de-la-vie-ecole-en-crise-democratie-fragilisee-ble-goude-lance-un-nouveau-contrat-social-fonde-sur-lessentiel-et-les-priorites","og_site_name":"C\u00f4te d&#039;Ivoire","article_published_time":"2026-01-28T20:17:27+00:00","author":"cfeditorfr","twitter_card":"summary_large_image","twitter_misc":{"\u00c9crit par":"cfeditorfr","Dur\u00e9e de lecture estim\u00e9e":"4 minutes"},"schema":{"@context":"https:\/\/schema.org","@graph":[{"@type":"Article","@id":"https:\/\/www.africa-press.net\/cotedivoire\/politique\/cherte-de-la-vie-ecole-en-crise-democratie-fragilisee-ble-goude-lance-un-nouveau-contrat-social-fonde-sur-lessentiel-et-les-priorites#article","isPartOf":{"@id":"https:\/\/www.africa-press.net\/cotedivoire\/politique\/cherte-de-la-vie-ecole-en-crise-democratie-fragilisee-ble-goude-lance-un-nouveau-contrat-social-fonde-sur-lessentiel-et-les-priorites"},"author":{"name":"cfeditorfr","@id":"https:\/\/www.africa-press.net\/cotedivoire\/#\/schema\/person\/2b1cf3cd81a31e3cd26889ca66d677f1"},"headline":"Chert\u00e9 de la vie, \u00e9cole en crise, d\u00e9mocratie fragilis\u00e9e&#8230;, Bl\u00e9 Goud\u00e9 lance un nouveau contrat social fond\u00e9 sur l&rsquo;essentiel et les priorit\u00e9s","datePublished":"2026-01-28T20:17:27+00:00","mainEntityOfPage":{"@id":"https:\/\/www.africa-press.net\/cotedivoire\/politique\/cherte-de-la-vie-ecole-en-crise-democratie-fragilisee-ble-goude-lance-un-nouveau-contrat-social-fonde-sur-lessentiel-et-les-priorites"},"wordCount":841,"commentCount":0,"image":{"@id":"https:\/\/www.africa-press.net\/cotedivoire\/politique\/cherte-de-la-vie-ecole-en-crise-democratie-fragilisee-ble-goude-lance-un-nouveau-contrat-social-fonde-sur-lessentiel-et-les-priorites#primaryimage"},"thumbnailUrl":"https:\/\/static.africa-press.net\/cote\/sites\/43\/2026\/01\/sm_1769631447.116782.jpg","keywords":["Charles Bl\u00e9 Goud\u00e9","Cojep","D\u00e9mocratie","\u00e9ducation","institutionnelles","Justice","politique ivoirienne","r\u00e9formes","sociale"],"articleSection":["Politique","Toutes les actualit\u00e9s"],"inLanguage":"fr-FR","potentialAction":[{"@type":"CommentAction","name":"Comment","target":["https:\/\/www.africa-press.net\/cotedivoire\/politique\/cherte-de-la-vie-ecole-en-crise-democratie-fragilisee-ble-goude-lance-un-nouveau-contrat-social-fonde-sur-lessentiel-et-les-priorites#respond"]}]},{"@type":"WebPage","@id":"https:\/\/www.africa-press.net\/cotedivoire\/politique\/cherte-de-la-vie-ecole-en-crise-democratie-fragilisee-ble-goude-lance-un-nouveau-contrat-social-fonde-sur-lessentiel-et-les-priorites","url":"https:\/\/www.africa-press.net\/cotedivoire\/politique\/cherte-de-la-vie-ecole-en-crise-democratie-fragilisee-ble-goude-lance-un-nouveau-contrat-social-fonde-sur-lessentiel-et-les-priorites","name":"Chert\u00e9 de la vie, \u00e9cole en crise, d\u00e9mocratie fragilis\u00e9e..., Bl\u00e9 Goud\u00e9 lance un nouveau contrat social fond\u00e9 sur l'essentiel et les priorit\u00e9s - C\u00f4te d&#039;Ivoire","isPartOf":{"@id":"https:\/\/www.africa-press.net\/cotedivoire\/#website"},"primaryImageOfPage":{"@id":"https:\/\/www.africa-press.net\/cotedivoire\/politique\/cherte-de-la-vie-ecole-en-crise-democratie-fragilisee-ble-goude-lance-un-nouveau-contrat-social-fonde-sur-lessentiel-et-les-priorites#primaryimage"},"image":{"@id":"https:\/\/www.africa-press.net\/cotedivoire\/politique\/cherte-de-la-vie-ecole-en-crise-democratie-fragilisee-ble-goude-lance-un-nouveau-contrat-social-fonde-sur-lessentiel-et-les-priorites#primaryimage"},"thumbnailUrl":"https:\/\/static.africa-press.net\/cote\/sites\/43\/2026\/01\/sm_1769631447.116782.jpg","datePublished":"2026-01-28T20:17:27+00:00","author":{"@id":"https:\/\/www.africa-press.net\/cotedivoire\/#\/schema\/person\/2b1cf3cd81a31e3cd26889ca66d677f1"},"breadcrumb":{"@id":"https:\/\/www.africa-press.net\/cotedivoire\/politique\/cherte-de-la-vie-ecole-en-crise-democratie-fragilisee-ble-goude-lance-un-nouveau-contrat-social-fonde-sur-lessentiel-et-les-priorites#breadcrumb"},"inLanguage":"fr-FR","potentialAction":[{"@type":"ReadAction","target":["https:\/\/www.africa-press.net\/cotedivoire\/politique\/cherte-de-la-vie-ecole-en-crise-democratie-fragilisee-ble-goude-lance-un-nouveau-contrat-social-fonde-sur-lessentiel-et-les-priorites"]}]},{"@type":"ImageObject","inLanguage":"fr-FR","@id":"https:\/\/www.africa-press.net\/cotedivoire\/politique\/cherte-de-la-vie-ecole-en-crise-democratie-fragilisee-ble-goude-lance-un-nouveau-contrat-social-fonde-sur-lessentiel-et-les-priorites#primaryimage","url":"https:\/\/static.africa-press.net\/cote\/sites\/43\/2026\/01\/sm_1769631447.116782.jpg","contentUrl":"https:\/\/static.africa-press.net\/cote\/sites\/43\/2026\/01\/sm_1769631447.116782.jpg","width":600,"height":450,"caption":"Chert\u00e9 de la vie, \u00e9cole en crise, d\u00e9mocratie fragilis\u00e9e..., Bl\u00e9 Goud\u00e9 lance un nouveau contrat social fond\u00e9 sur l'essentiel et les priorit\u00e9s"},{"@type":"BreadcrumbList","@id":"https:\/\/www.africa-press.net\/cotedivoire\/politique\/cherte-de-la-vie-ecole-en-crise-democratie-fragilisee-ble-goude-lance-un-nouveau-contrat-social-fonde-sur-lessentiel-et-les-priorites#breadcrumb","itemListElement":[{"@type":"ListItem","position":1,"name":"Accueil","item":"https:\/\/www.africa-press.net\/cotedivoire\/"},{"@type":"ListItem","position":2,"name":"Chert\u00e9 de la vie, \u00e9cole en crise, d\u00e9mocratie fragilis\u00e9e&#8230;, Bl\u00e9 Goud\u00e9 lance un nouveau contrat social fond\u00e9 sur l&rsquo;essentiel et les priorit\u00e9s"}]},{"@type":"WebSite","@id":"https:\/\/www.africa-press.net\/cotedivoire\/#website","url":"https:\/\/www.africa-press.net\/cotedivoire\/","name":"C\u00f4te d&#039;Ivoire","description":"Just another Africa News Agency Sites site","potentialAction":[{"@type":"SearchAction","target":{"@type":"EntryPoint","urlTemplate":"https:\/\/www.africa-press.net\/cotedivoire\/?s={search_term_string}"},"query-input":{"@type":"PropertyValueSpecification","valueRequired":true,"valueName":"search_term_string"}}],"inLanguage":"fr-FR"},{"@type":"Person","@id":"https:\/\/www.africa-press.net\/cotedivoire\/#\/schema\/person\/2b1cf3cd81a31e3cd26889ca66d677f1","name":"cfeditorfr"}]}},"_links":{"self":[{"href":"https:\/\/www.africa-press.net\/cotedivoire\/wp-json\/wp\/v2\/posts\/111869","targetHints":{"allow":["GET"]}}],"collection":[{"href":"https:\/\/www.africa-press.net\/cotedivoire\/wp-json\/wp\/v2\/posts"}],"about":[{"href":"https:\/\/www.africa-press.net\/cotedivoire\/wp-json\/wp\/v2\/types\/post"}],"author":[{"embeddable":true,"href":"https:\/\/www.africa-press.net\/cotedivoire\/wp-json\/wp\/v2\/users\/82"}],"replies":[{"embeddable":true,"href":"https:\/\/www.africa-press.net\/cotedivoire\/wp-json\/wp\/v2\/comments?post=111869"}],"version-history":[{"count":0,"href":"https:\/\/www.africa-press.net\/cotedivoire\/wp-json\/wp\/v2\/posts\/111869\/revisions"}],"wp:featuredmedia":[{"embeddable":true,"href":"https:\/\/www.africa-press.net\/cotedivoire\/wp-json\/wp\/v2\/media\/111868"}],"wp:attachment":[{"href":"https:\/\/www.africa-press.net\/cotedivoire\/wp-json\/wp\/v2\/media?parent=111869"}],"wp:term":[{"taxonomy":"category","embeddable":true,"href":"https:\/\/www.africa-press.net\/cotedivoire\/wp-json\/wp\/v2\/categories?post=111869"},{"taxonomy":"post_tag","embeddable":true,"href":"https:\/\/www.africa-press.net\/cotedivoire\/wp-json\/wp\/v2\/tags?post=111869"}],"curies":[{"name":"wp","href":"https:\/\/api.w.org\/{rel}","templated":true}]}}