{"id":111873,"date":"2026-01-29T11:11:38","date_gmt":"2026-01-29T11:11:38","guid":{"rendered":"https:\/\/www.africa-press.net\/cotedivoire\/politique\/ble-goude-propose-un-nouveau-contrat-social-essentiel"},"modified":"2026-01-29T11:11:38","modified_gmt":"2026-01-29T11:11:38","slug":"ble-goude-propose-un-nouveau-contrat-social-essentiel","status":"publish","type":"post","link":"https:\/\/www.africa-press.net\/cotedivoire\/politique\/ble-goude-propose-un-nouveau-contrat-social-essentiel","title":{"rendered":"Bl\u00e9 Goud\u00e9 Propose Un Nouveau Contrat Social Essentiel"},"content":{"rendered":"<p><span style=\"color: #ff6600\"><strong>Africa-Press &#8211; C\u00f4te d&rsquo;Ivoire. <\/strong><\/span>A\u0300 l\u2019occasion d\u2019une confe\u0301rence publique tenue au Plateau, le pre\u0301sident du Congre\u0300s panafricain pour la justice et l\u2019e\u0301galite\u0301 des peuples (COJEP), Charles Ble\u0301 Goude\u0301, a livre\u0301 une adresse politique dense et engage\u0301e, dans laquelle il appelle a\u0300 une refondation de\u0301mocratique, sociale et institutionnelle de la Co\u0302te d\u2019Ivoire. Un discours a\u0300 la fois critique, programmatique et porteur d\u2019espoir, place\u0301 sous le the\u0300me: \u00ab Une autre Co\u0302te d\u2019Ivoire est encore possible \u00bb.<\/p>\n<p>Revenant sur l\u2019anne\u0301e politique 2025, domine\u0301e par l\u2019e\u0301lection pre\u0301sidentielle d\u2019octobre et les le\u0301gislatives de de\u0301cembre, Charles Ble\u0301 Goude\u0301 a rappele\u0301 les efforts entrepris par l\u2019opposition pour promouvoir le dialogue et obtenir des e\u0301lections inclusives et apaise\u0301es.<\/p>\n<p>Il a toutefois regrette\u0301 l\u2019e\u0301chec des re\u0301formes e\u0301lectorales attendues, notamment la re\u0301vision de la liste e\u0301lectorale et la re\u0301inte\u0301gration de certains leaders politiques radie\u0301s.<\/p>\n<p>Assumant le choix de la participation e\u0301lectorale, malgre\u0301 un contexte de menaces et de violences, il a reconnu que l\u2019objectif de l\u2019alternance n\u2019a pas e\u0301te\u0301 atteint, au prix de nouvelles victimes. Le pre\u0301sident du COJEP a demande\u0301 la libe\u0301ration des prisonniers lie\u0301s aux violences post-e\u0301lectorales et observe\u0301 une minute de silence en hommage aux victimes, notamment celles de Nahio\u0302 et le sous-lieutenant Daniogo Kle\u0301non Lassina, de\u0301ce\u0301de\u0301 dans l\u2019exercice de ses fonctions.<\/p>\n<p>Constatant que les pouvoirs exe\u0301cutif et le\u0301gislatif sont de\u0301sormais entie\u0300rement de\u0301tenus par le RHDP, Charles Ble\u0301 Goude\u0301 a de\u0301nonce\u0301 une situation en de\u0301calage avec les ide\u0301aux du multipartisme instaure\u0301 dans les anne\u0301es 1990.<\/p>\n<p>Il a alerte\u0301 sur une de\u0301mocratie affaiblie, marque\u0301e par la me\u0301fiance des citoyens envers les institutions et une abstention e\u0301lectorale croissante.<\/p>\n<p>Pour lui, le moment est venu de reprendre le dialogue politique afin d\u2019engager des re\u0301formes institutionnelles et e\u0301lectorales profondes, indispensables a\u0300 la stabilite\u0301 durable du pays.<\/p>\n<p>Sur le plan socio-e\u0301conomique, le leader du COJEP a dresse\u0301 un tableau sombre du quotidien des Ivoiriens. Malgre\u0301 une croissance macroe\u0301conomique soutenue, celle-ci reste, selon lui, peu inclusive.<\/p>\n<p>La cherte\u0301 de la vie, la hausse des loyers, des denre\u0301es alimentaires et des mate\u0301riaux de construction, ainsi que les difficulte\u0301s d\u2019acce\u0300s a\u0300 l\u2019emploi et aux soins, pe\u0300sent lourdement sur les me\u0301nages.<\/p>\n<p>Il a e\u0301galement pointe\u0301 la crise du syste\u0300me e\u0301ducatif, citant des chiffres alarmants de la Banque mondiale et de l\u2019UNESCO: 83 % des enfants ivoiriens de 10 ans ne savent ni lire ni comprendre un texte adapte\u0301 a\u0300 leur a\u0302ge. L\u2019exclusion de pre\u0300s de 1 300 e\u0301le\u0300ves dans la re\u0301gion d\u2019Adzope\u0301 en 2024-2025 en serait, selon lui, une illustration frappante.<\/p>\n<p>Face a\u0300 ce diagnostic, Charles Ble\u0301 Goude\u0301 propose un nouveau contrat social, fonde\u0301 sur le principe de \u00ab Gouverner par l\u2019essentiel et les priorite\u0301s \u00bb.<\/p>\n<p>Il affirme sa volonte\u0301 de placer le peuple au c\u0153ur de l\u2019action publique, en privile\u0301giant l\u2019efficacite\u0301, la transparence, la justice sociale et la redevabilite\u0301.<\/p>\n<p>Son projet s\u2019articule autour de neuf grands axes, parmi lesquels, la refondation du syste\u0300me e\u0301ducatif, avec une re\u0301forme profonde de l\u2019apprentissage et la valorisation du me\u0301tier d\u2019enseignant, l\u2019emploi des jeunes, a\u0300 travers la formation professionnelle, l\u2019entrepreneuriat et la cre\u0301ation de po\u0302les e\u0301conomiques re\u0301gionaux, un syste\u0300me de sante\u0301 moderne et accessible, visant a\u0300 relever l\u2019espe\u0301rance de vie des Ivoiriens a\u0300 70 ans ;<\/p>\n<p>une protection sociale inclusive pour lutter contre la pauvrete\u0301 qui touche pre\u0300s de 47 % de la population, la modernisation de l\u2019agriculture, pour garantir la souverainete\u0301 alimentaire et ame\u0301liorer les revenus des paysans, une administration publique inte\u0300gre, digitalise\u0301e et re\u0301solument engage\u0301e contre la corruption et enfin, une re\u0301forme profonde de la de\u0301mocratie et des institutions, incluant la limitation stricte des mandats pre\u0301sidentiels, la re\u0301forme de l\u2019organe e\u0301lectoral et la suppression d\u2019institutions juge\u0301es non essentielles.<\/p>\n<p>Se projetant dans l\u2019avenir, Charles Ble\u0301 Goude\u0301 a re\u0301affirme\u0301 son ambition d\u2019acce\u0301der de\u0301mocratiquement a\u0300 la pre\u0301sidence de la Re\u0301publique, entoure\u0301 d\u2019une e\u0301quipe qu\u2019il dit proche des re\u0301alite\u0301s sociales.<\/p>\n<p>Il a appele\u0301 au rassemblement de toutes les filles et de tous les fils de la Co\u0302te d\u2019Ivoire, au-dela\u0300 des clivages politiques, pour restaurer la dignite\u0301, l\u2019unite\u0301 et la souverainete\u0301 du peuple.<\/p>\n<p>\u00ab Je ressens chaque coup que la vie vous inflige. Je partage votre douleur sociale. Votre voix, je vais la porter \u00bb, a-t-il de\u0301clare\u0301, concluant son adresse par un message d\u2019espoir et de de\u0301termination.<\/p>\n<p>Pour le pre\u0301sident du COJEP, le choix est clair: refuser la fatalite\u0301 et ba\u0302tir ensemble une Co\u0302te d\u2019Ivoire plus juste, solidaire et de\u0301mocratique.<\/p>\n<p>Oui, insiste-t-il, une autre Co\u0302te d\u2019Ivoire est encore possible.<\/p>\n<p><strong>Pour plus d&rsquo;informations et d&rsquo;analyses sur la <span style=\"color: #ff6600\">C\u00f4te d&rsquo;Ivoire<\/span>, suivez <span style=\"color: #ff6600\">Africa-Press<span style=\"color: #ff6600\"><\/span><\/strong><\/p>\n","protected":false},"excerpt":{"rendered":"<p>Africa-Press &#8211; C\u00f4te d&rsquo;Ivoire. A\u0300 l\u2019occasion d\u2019une confe\u0301rence publique tenue au Plateau, le pre\u0301sident du Congre\u0300s panafricain pour la justice et l\u2019e\u0301galite\u0301 des peuples (COJEP), Charles Ble\u0301 Goude\u0301, a livre\u0301 une adresse politique dense et engage\u0301e, dans laquelle il appelle a\u0300 une refondation de\u0301mocratique, sociale et institutionnelle de la Co\u0302te d\u2019Ivoire. Un discours a\u0300 la [&hellip;]<\/p>\n","protected":false},"author":82,"featured_media":111872,"comment_status":"open","ping_status":"closed","sticky":false,"template":"","format":"standard","meta":{"footnotes":""},"categories":[2,10],"tags":[2299,493,37,7509,12418,15973,55,18614,13953,2846],"class_list":["post-111873","post","type-post","status-publish","format-standard","has-post-thumbnail","hentry","category-politique","category-toutes-les-actualites","tag-charles-ble-goude","tag-cojep","tag-cote-divoire-2","tag-democratie","tag-education-3","tag-institutionnelles","tag-justice","tag-politique-ivoirienne","tag-reformes","tag-sociale"],"yoast_head":"<!-- This site is optimized with the Yoast SEO Premium plugin v26.1 (Yoast SEO v27.0) - https:\/\/yoast.com\/product\/yoast-seo-premium-wordpress\/ -->\n<title>Bl\u00e9 Goud\u00e9 Propose Un Nouveau Contrat Social Essentiel - C\u00f4te d&#039;Ivoire<\/title>\n<meta name=\"robots\" content=\"index, follow, max-snippet:-1, max-image-preview:large, max-video-preview:-1\" \/>\n<link rel=\"canonical\" href=\"https:\/\/www.africa-press.net\/cotedivoire\/politique\/ble-goude-propose-un-nouveau-contrat-social-essentiel\" \/>\n<meta property=\"og:locale\" content=\"fr_FR\" \/>\n<meta property=\"og:type\" content=\"article\" \/>\n<meta property=\"og:title\" content=\"Bl\u00e9 Goud\u00e9 Propose Un Nouveau Contrat Social Essentiel\" \/>\n<meta property=\"og:description\" content=\"Africa-Press &#8211; C\u00f4te d&rsquo;Ivoire. A\u0300 l\u2019occasion d\u2019une confe\u0301rence publique tenue au Plateau, le pre\u0301sident du Congre\u0300s panafricain pour la justice et l\u2019e\u0301galite\u0301 des peuples (COJEP), Charles Ble\u0301 Goude\u0301, a livre\u0301 une adresse politique dense et engage\u0301e, dans laquelle il appelle a\u0300 une refondation de\u0301mocratique, sociale et institutionnelle de la Co\u0302te d\u2019Ivoire. Un discours a\u0300 la [&hellip;]\" \/>\n<meta property=\"og:url\" content=\"https:\/\/www.africa-press.net\/cotedivoire\/politique\/ble-goude-propose-un-nouveau-contrat-social-essentiel\" \/>\n<meta property=\"og:site_name\" content=\"C\u00f4te d&#039;Ivoire\" \/>\n<meta property=\"article:published_time\" content=\"2026-01-29T11:11:38+00:00\" \/>\n<meta name=\"author\" content=\"cfeditorfr\" \/>\n<meta name=\"twitter:card\" content=\"summary_large_image\" \/>\n<meta name=\"twitter:label1\" content=\"\u00c9crit par\" \/>\n\t<meta name=\"twitter:data1\" content=\"cfeditorfr\" \/>\n\t<meta name=\"twitter:label2\" content=\"Dur\u00e9e de lecture estim\u00e9e\" \/>\n\t<meta name=\"twitter:data2\" content=\"4 minutes\" \/>\n<script type=\"application\/ld+json\" class=\"yoast-schema-graph\">{\"@context\":\"https:\/\/schema.org\",\"@graph\":[{\"@type\":\"Article\",\"@id\":\"https:\/\/www.africa-press.net\/cotedivoire\/politique\/ble-goude-propose-un-nouveau-contrat-social-essentiel#article\",\"isPartOf\":{\"@id\":\"https:\/\/www.africa-press.net\/cotedivoire\/politique\/ble-goude-propose-un-nouveau-contrat-social-essentiel\"},\"author\":{\"name\":\"cfeditorfr\",\"@id\":\"https:\/\/www.africa-press.net\/cotedivoire\/#\/schema\/person\/2b1cf3cd81a31e3cd26889ca66d677f1\"},\"headline\":\"Bl\u00e9 Goud\u00e9 Propose Un Nouveau Contrat Social Essentiel\",\"datePublished\":\"2026-01-29T11:11:38+00:00\",\"mainEntityOfPage\":{\"@id\":\"https:\/\/www.africa-press.net\/cotedivoire\/politique\/ble-goude-propose-un-nouveau-contrat-social-essentiel\"},\"wordCount\":872,\"commentCount\":0,\"image\":{\"@id\":\"https:\/\/www.africa-press.net\/cotedivoire\/politique\/ble-goude-propose-un-nouveau-contrat-social-essentiel#primaryimage\"},\"thumbnailUrl\":\"https:\/\/static.africa-press.net\/cote\/sites\/43\/2026\/01\/sm_1769672540.941217.jpg\",\"keywords\":[\"Charles Bl\u00e9 Goud\u00e9\",\"Cojep\",\"C\u00f4te d'Ivoire\",\"D\u00e9mocratie\",\"\u00e9ducation\",\"institutionnelles\",\"Justice\",\"politique ivoirienne\",\"r\u00e9formes\",\"sociale\"],\"articleSection\":[\"Politique\",\"Toutes les actualit\u00e9s\"],\"inLanguage\":\"fr-FR\",\"potentialAction\":[{\"@type\":\"CommentAction\",\"name\":\"Comment\",\"target\":[\"https:\/\/www.africa-press.net\/cotedivoire\/politique\/ble-goude-propose-un-nouveau-contrat-social-essentiel#respond\"]}]},{\"@type\":\"WebPage\",\"@id\":\"https:\/\/www.africa-press.net\/cotedivoire\/politique\/ble-goude-propose-un-nouveau-contrat-social-essentiel\",\"url\":\"https:\/\/www.africa-press.net\/cotedivoire\/politique\/ble-goude-propose-un-nouveau-contrat-social-essentiel\",\"name\":\"Bl\u00e9 Goud\u00e9 Propose Un Nouveau Contrat Social Essentiel - C\u00f4te d&#039;Ivoire\",\"isPartOf\":{\"@id\":\"https:\/\/www.africa-press.net\/cotedivoire\/#website\"},\"primaryImageOfPage\":{\"@id\":\"https:\/\/www.africa-press.net\/cotedivoire\/politique\/ble-goude-propose-un-nouveau-contrat-social-essentiel#primaryimage\"},\"image\":{\"@id\":\"https:\/\/www.africa-press.net\/cotedivoire\/politique\/ble-goude-propose-un-nouveau-contrat-social-essentiel#primaryimage\"},\"thumbnailUrl\":\"https:\/\/static.africa-press.net\/cote\/sites\/43\/2026\/01\/sm_1769672540.941217.jpg\",\"datePublished\":\"2026-01-29T11:11:38+00:00\",\"author\":{\"@id\":\"https:\/\/www.africa-press.net\/cotedivoire\/#\/schema\/person\/2b1cf3cd81a31e3cd26889ca66d677f1\"},\"breadcrumb\":{\"@id\":\"https:\/\/www.africa-press.net\/cotedivoire\/politique\/ble-goude-propose-un-nouveau-contrat-social-essentiel#breadcrumb\"},\"inLanguage\":\"fr-FR\",\"potentialAction\":[{\"@type\":\"ReadAction\",\"target\":[\"https:\/\/www.africa-press.net\/cotedivoire\/politique\/ble-goude-propose-un-nouveau-contrat-social-essentiel\"]}]},{\"@type\":\"ImageObject\",\"inLanguage\":\"fr-FR\",\"@id\":\"https:\/\/www.africa-press.net\/cotedivoire\/politique\/ble-goude-propose-un-nouveau-contrat-social-essentiel#primaryimage\",\"url\":\"https:\/\/static.africa-press.net\/cote\/sites\/43\/2026\/01\/sm_1769672540.941217.jpg\",\"contentUrl\":\"https:\/\/static.africa-press.net\/cote\/sites\/43\/2026\/01\/sm_1769672540.941217.jpg\",\"width\":720,\"height\":540,\"caption\":\"Bl\u00e9 Goud\u00e9 Propose Un Nouveau Contrat Social Essentiel\"},{\"@type\":\"BreadcrumbList\",\"@id\":\"https:\/\/www.africa-press.net\/cotedivoire\/politique\/ble-goude-propose-un-nouveau-contrat-social-essentiel#breadcrumb\",\"itemListElement\":[{\"@type\":\"ListItem\",\"position\":1,\"name\":\"Accueil\",\"item\":\"https:\/\/www.africa-press.net\/cotedivoire\/\"},{\"@type\":\"ListItem\",\"position\":2,\"name\":\"Bl\u00e9 Goud\u00e9 Propose Un Nouveau Contrat Social Essentiel\"}]},{\"@type\":\"WebSite\",\"@id\":\"https:\/\/www.africa-press.net\/cotedivoire\/#website\",\"url\":\"https:\/\/www.africa-press.net\/cotedivoire\/\",\"name\":\"C\u00f4te d&#039;Ivoire\",\"description\":\"Just another Africa News Agency Sites site\",\"potentialAction\":[{\"@type\":\"SearchAction\",\"target\":{\"@type\":\"EntryPoint\",\"urlTemplate\":\"https:\/\/www.africa-press.net\/cotedivoire\/?s={search_term_string}\"},\"query-input\":{\"@type\":\"PropertyValueSpecification\",\"valueRequired\":true,\"valueName\":\"search_term_string\"}}],\"inLanguage\":\"fr-FR\"},{\"@type\":\"Person\",\"@id\":\"https:\/\/www.africa-press.net\/cotedivoire\/#\/schema\/person\/2b1cf3cd81a31e3cd26889ca66d677f1\",\"name\":\"cfeditorfr\"}]}<\/script>\n<!-- \/ Yoast SEO Premium plugin. -->","yoast_head_json":{"title":"Bl\u00e9 Goud\u00e9 Propose Un Nouveau Contrat Social Essentiel - C\u00f4te d&#039;Ivoire","robots":{"index":"index","follow":"follow","max-snippet":"max-snippet:-1","max-image-preview":"max-image-preview:large","max-video-preview":"max-video-preview:-1"},"canonical":"https:\/\/www.africa-press.net\/cotedivoire\/politique\/ble-goude-propose-un-nouveau-contrat-social-essentiel","og_locale":"fr_FR","og_type":"article","og_title":"Bl\u00e9 Goud\u00e9 Propose Un Nouveau Contrat Social Essentiel","og_description":"Africa-Press &#8211; C\u00f4te d&rsquo;Ivoire. A\u0300 l\u2019occasion d\u2019une confe\u0301rence publique tenue au Plateau, le pre\u0301sident du Congre\u0300s panafricain pour la justice et l\u2019e\u0301galite\u0301 des peuples (COJEP), Charles Ble\u0301 Goude\u0301, a livre\u0301 une adresse politique dense et engage\u0301e, dans laquelle il appelle a\u0300 une refondation de\u0301mocratique, sociale et institutionnelle de la Co\u0302te d\u2019Ivoire. Un discours a\u0300 la [&hellip;]","og_url":"https:\/\/www.africa-press.net\/cotedivoire\/politique\/ble-goude-propose-un-nouveau-contrat-social-essentiel","og_site_name":"C\u00f4te d&#039;Ivoire","article_published_time":"2026-01-29T11:11:38+00:00","author":"cfeditorfr","twitter_card":"summary_large_image","twitter_misc":{"\u00c9crit par":"cfeditorfr","Dur\u00e9e de lecture estim\u00e9e":"4 minutes"},"schema":{"@context":"https:\/\/schema.org","@graph":[{"@type":"Article","@id":"https:\/\/www.africa-press.net\/cotedivoire\/politique\/ble-goude-propose-un-nouveau-contrat-social-essentiel#article","isPartOf":{"@id":"https:\/\/www.africa-press.net\/cotedivoire\/politique\/ble-goude-propose-un-nouveau-contrat-social-essentiel"},"author":{"name":"cfeditorfr","@id":"https:\/\/www.africa-press.net\/cotedivoire\/#\/schema\/person\/2b1cf3cd81a31e3cd26889ca66d677f1"},"headline":"Bl\u00e9 Goud\u00e9 Propose Un Nouveau Contrat Social Essentiel","datePublished":"2026-01-29T11:11:38+00:00","mainEntityOfPage":{"@id":"https:\/\/www.africa-press.net\/cotedivoire\/politique\/ble-goude-propose-un-nouveau-contrat-social-essentiel"},"wordCount":872,"commentCount":0,"image":{"@id":"https:\/\/www.africa-press.net\/cotedivoire\/politique\/ble-goude-propose-un-nouveau-contrat-social-essentiel#primaryimage"},"thumbnailUrl":"https:\/\/static.africa-press.net\/cote\/sites\/43\/2026\/01\/sm_1769672540.941217.jpg","keywords":["Charles Bl\u00e9 Goud\u00e9","Cojep","C\u00f4te d'Ivoire","D\u00e9mocratie","\u00e9ducation","institutionnelles","Justice","politique ivoirienne","r\u00e9formes","sociale"],"articleSection":["Politique","Toutes les actualit\u00e9s"],"inLanguage":"fr-FR","potentialAction":[{"@type":"CommentAction","name":"Comment","target":["https:\/\/www.africa-press.net\/cotedivoire\/politique\/ble-goude-propose-un-nouveau-contrat-social-essentiel#respond"]}]},{"@type":"WebPage","@id":"https:\/\/www.africa-press.net\/cotedivoire\/politique\/ble-goude-propose-un-nouveau-contrat-social-essentiel","url":"https:\/\/www.africa-press.net\/cotedivoire\/politique\/ble-goude-propose-un-nouveau-contrat-social-essentiel","name":"Bl\u00e9 Goud\u00e9 Propose Un Nouveau Contrat Social Essentiel - C\u00f4te d&#039;Ivoire","isPartOf":{"@id":"https:\/\/www.africa-press.net\/cotedivoire\/#website"},"primaryImageOfPage":{"@id":"https:\/\/www.africa-press.net\/cotedivoire\/politique\/ble-goude-propose-un-nouveau-contrat-social-essentiel#primaryimage"},"image":{"@id":"https:\/\/www.africa-press.net\/cotedivoire\/politique\/ble-goude-propose-un-nouveau-contrat-social-essentiel#primaryimage"},"thumbnailUrl":"https:\/\/static.africa-press.net\/cote\/sites\/43\/2026\/01\/sm_1769672540.941217.jpg","datePublished":"2026-01-29T11:11:38+00:00","author":{"@id":"https:\/\/www.africa-press.net\/cotedivoire\/#\/schema\/person\/2b1cf3cd81a31e3cd26889ca66d677f1"},"breadcrumb":{"@id":"https:\/\/www.africa-press.net\/cotedivoire\/politique\/ble-goude-propose-un-nouveau-contrat-social-essentiel#breadcrumb"},"inLanguage":"fr-FR","potentialAction":[{"@type":"ReadAction","target":["https:\/\/www.africa-press.net\/cotedivoire\/politique\/ble-goude-propose-un-nouveau-contrat-social-essentiel"]}]},{"@type":"ImageObject","inLanguage":"fr-FR","@id":"https:\/\/www.africa-press.net\/cotedivoire\/politique\/ble-goude-propose-un-nouveau-contrat-social-essentiel#primaryimage","url":"https:\/\/static.africa-press.net\/cote\/sites\/43\/2026\/01\/sm_1769672540.941217.jpg","contentUrl":"https:\/\/static.africa-press.net\/cote\/sites\/43\/2026\/01\/sm_1769672540.941217.jpg","width":720,"height":540,"caption":"Bl\u00e9 Goud\u00e9 Propose Un Nouveau Contrat Social Essentiel"},{"@type":"BreadcrumbList","@id":"https:\/\/www.africa-press.net\/cotedivoire\/politique\/ble-goude-propose-un-nouveau-contrat-social-essentiel#breadcrumb","itemListElement":[{"@type":"ListItem","position":1,"name":"Accueil","item":"https:\/\/www.africa-press.net\/cotedivoire\/"},{"@type":"ListItem","position":2,"name":"Bl\u00e9 Goud\u00e9 Propose Un Nouveau Contrat Social Essentiel"}]},{"@type":"WebSite","@id":"https:\/\/www.africa-press.net\/cotedivoire\/#website","url":"https:\/\/www.africa-press.net\/cotedivoire\/","name":"C\u00f4te d&#039;Ivoire","description":"Just another Africa News Agency Sites site","potentialAction":[{"@type":"SearchAction","target":{"@type":"EntryPoint","urlTemplate":"https:\/\/www.africa-press.net\/cotedivoire\/?s={search_term_string}"},"query-input":{"@type":"PropertyValueSpecification","valueRequired":true,"valueName":"search_term_string"}}],"inLanguage":"fr-FR"},{"@type":"Person","@id":"https:\/\/www.africa-press.net\/cotedivoire\/#\/schema\/person\/2b1cf3cd81a31e3cd26889ca66d677f1","name":"cfeditorfr"}]}},"_links":{"self":[{"href":"https:\/\/www.africa-press.net\/cotedivoire\/wp-json\/wp\/v2\/posts\/111873","targetHints":{"allow":["GET"]}}],"collection":[{"href":"https:\/\/www.africa-press.net\/cotedivoire\/wp-json\/wp\/v2\/posts"}],"about":[{"href":"https:\/\/www.africa-press.net\/cotedivoire\/wp-json\/wp\/v2\/types\/post"}],"author":[{"embeddable":true,"href":"https:\/\/www.africa-press.net\/cotedivoire\/wp-json\/wp\/v2\/users\/82"}],"replies":[{"embeddable":true,"href":"https:\/\/www.africa-press.net\/cotedivoire\/wp-json\/wp\/v2\/comments?post=111873"}],"version-history":[{"count":0,"href":"https:\/\/www.africa-press.net\/cotedivoire\/wp-json\/wp\/v2\/posts\/111873\/revisions"}],"wp:featuredmedia":[{"embeddable":true,"href":"https:\/\/www.africa-press.net\/cotedivoire\/wp-json\/wp\/v2\/media\/111872"}],"wp:attachment":[{"href":"https:\/\/www.africa-press.net\/cotedivoire\/wp-json\/wp\/v2\/media?parent=111873"}],"wp:term":[{"taxonomy":"category","embeddable":true,"href":"https:\/\/www.africa-press.net\/cotedivoire\/wp-json\/wp\/v2\/categories?post=111873"},{"taxonomy":"post_tag","embeddable":true,"href":"https:\/\/www.africa-press.net\/cotedivoire\/wp-json\/wp\/v2\/tags?post=111873"}],"curies":[{"name":"wp","href":"https:\/\/api.w.org\/{rel}","templated":true}]}}