{"id":111879,"date":"2026-01-29T16:27:04","date_gmt":"2026-01-29T16:27:04","guid":{"rendered":"https:\/\/www.africa-press.net\/cotedivoire\/politique\/irrespect-dun-symbole-republicain-la-justice-tranche-dans-laffaire-ramatoulaye-dj-15-jours-de-prison-ferme-et-300-000-fcfa-damende"},"modified":"2026-01-29T16:27:04","modified_gmt":"2026-01-29T16:27:04","slug":"irrespect-dun-symbole-republicain-la-justice-tranche-dans-laffaire-ramatoulaye-dj-15-jours-de-prison-ferme-et-300-000-fcfa-damende","status":"publish","type":"post","link":"https:\/\/www.africa-press.net\/cotedivoire\/politique\/irrespect-dun-symbole-republicain-la-justice-tranche-dans-laffaire-ramatoulaye-dj-15-jours-de-prison-ferme-et-300-000-fcfa-damende","title":{"rendered":"Irrespect d&rsquo;un symbole r\u00e9publicain, la justice tranche dans l&rsquo;affaire Ramatoulaye Dj, 15 jours de prison ferme  et 300.000 FCFA d&rsquo;amende"},"content":{"rendered":"<p>Ramatoulaye Dj (Ph Koaci)<\/p>\n<p>La justice a rendu son verdict dans l\u2019affaire impliquant l\u2019artiste humoriste Ramatoulaye Dj, poursuivi pour irrespect envers l\u2019un des symboles de la R\u00e9publique. \u00c0 l\u2019issue de la proc\u00e9dure, le tribunal a reconnu l\u2019humoriste coupable des faits qui lui \u00e9taient reproch\u00e9s et a prononc\u00e9 une s\u00e9rie de sanctions m\u00ealant peine privative de libert\u00e9, sanction financi\u00e8re et mesure mat\u00e9rielle.<\/p>\n<p>Selon la d\u00e9cision rendue, Ramatoulaye Dj a \u00e9t\u00e9 condamn\u00e9 \u00e0 quinze jours de prison ferme, assortis de trois mois de prison avec sursis. \u00c0 ces peines s\u2019ajoute une amende de 300 000 francs CFA. La juridiction a \u00e9galement ordonn\u00e9 la confiscation du t\u00e9l\u00e9phone utilis\u00e9 pour la publication incrimin\u00e9e, consid\u00e9rant cet objet comme l\u2019instrument ayant servi \u00e0 la commission de l\u2019infraction.<\/p>\n<p>Cette affaire relance le d\u00e9bat sur les limites de l\u2019expression artistique et humoristique lorsqu\u2019elle touche aux symboles de l\u2019\u00c9tat. Si certains estiment que la d\u00e9cision de justice vise \u00e0 rappeler le caract\u00e8re sacr\u00e9 de ces symboles et la n\u00e9cessit\u00e9 de les prot\u00e9ger, d\u2019autres y voient un signal fort adress\u00e9 aux acteurs du monde culturel sur la responsabilit\u00e9 qui accompagne la libert\u00e9 de cr\u00e9ation, notamment \u00e0 l\u2019\u00e8re des r\u00e9seaux sociaux.<\/p>\n<p>Quoi qu\u2019il en soit, ce verdict marque une \u00e9tape importante dans le traitement judiciaire des infractions li\u00e9es au respect des symboles r\u00e9publicains et souligne la volont\u00e9 des autorit\u00e9s judiciaires de faire appliquer la loi, ind\u00e9pendamment du statut public ou artistique de la personne mise en cause.<\/p>\n<p>Jean Chresus, Abidjan<\/p>\n","protected":false},"excerpt":{"rendered":"<p>Ramatoulaye Dj (Ph Koaci) La justice a rendu son verdict dans l\u2019affaire impliquant l\u2019artiste humoriste Ramatoulaye Dj, poursuivi pour irrespect envers l\u2019un des symboles de la R\u00e9publique. \u00c0 l\u2019issue de la proc\u00e9dure, le tribunal a reconnu l\u2019humoriste coupable des faits qui lui \u00e9taient reproch\u00e9s et a prononc\u00e9 une s\u00e9rie de sanctions m\u00ealant peine privative de [&hellip;]<\/p>\n","protected":false},"author":82,"featured_media":111878,"comment_status":"open","ping_status":"closed","sticky":false,"template":"","format":"standard","meta":{"footnotes":""},"categories":[2,10],"tags":[3099,6738,20157,551,713,20158,945],"class_list":["post-111879","post","type-post","status-publish","format-standard","has-post-thumbnail","hentry","category-politique","category-toutes-les-actualites","tag-drapeau","tag-etat-3","tag-humour","tag-prison","tag-procedure","tag-ramatoulaye","tag-tribunal"],"yoast_head":"<!-- This site is optimized with the Yoast SEO Premium plugin v26.1 (Yoast SEO v27.0) - https:\/\/yoast.com\/product\/yoast-seo-premium-wordpress\/ -->\n<title>Irrespect d&#039;un symbole r\u00e9publicain, la justice tranche dans l&#039;affaire Ramatoulaye Dj, 15 jours de prison ferme et 300.000 FCFA d&#039;amende - C\u00f4te d&#039;Ivoire<\/title>\n<meta name=\"robots\" content=\"index, follow, max-snippet:-1, max-image-preview:large, max-video-preview:-1\" \/>\n<link rel=\"canonical\" href=\"https:\/\/www.africa-press.net\/cotedivoire\/politique\/irrespect-dun-symbole-republicain-la-justice-tranche-dans-laffaire-ramatoulaye-dj-15-jours-de-prison-ferme-et-300-000-fcfa-damende\" \/>\n<meta property=\"og:locale\" content=\"fr_FR\" \/>\n<meta property=\"og:type\" content=\"article\" \/>\n<meta property=\"og:title\" content=\"Irrespect d&#039;un symbole r\u00e9publicain, la justice tranche dans l&#039;affaire Ramatoulaye Dj, 15 jours de prison ferme et 300.000 FCFA d&#039;amende\" \/>\n<meta property=\"og:description\" content=\"Ramatoulaye Dj (Ph Koaci) La justice a rendu son verdict dans l\u2019affaire impliquant l\u2019artiste humoriste Ramatoulaye Dj, poursuivi pour irrespect envers l\u2019un des symboles de la R\u00e9publique. \u00c0 l\u2019issue de la proc\u00e9dure, le tribunal a reconnu l\u2019humoriste coupable des faits qui lui \u00e9taient reproch\u00e9s et a prononc\u00e9 une s\u00e9rie de sanctions m\u00ealant peine privative de [&hellip;]\" \/>\n<meta property=\"og:url\" content=\"https:\/\/www.africa-press.net\/cotedivoire\/politique\/irrespect-dun-symbole-republicain-la-justice-tranche-dans-laffaire-ramatoulaye-dj-15-jours-de-prison-ferme-et-300-000-fcfa-damende\" \/>\n<meta property=\"og:site_name\" content=\"C\u00f4te d&#039;Ivoire\" \/>\n<meta property=\"article:published_time\" content=\"2026-01-29T16:27:04+00:00\" \/>\n<meta name=\"author\" content=\"cfeditorfr\" \/>\n<meta name=\"twitter:card\" content=\"summary_large_image\" \/>\n<meta name=\"twitter:label1\" content=\"\u00c9crit par\" \/>\n\t<meta name=\"twitter:data1\" content=\"cfeditorfr\" \/>\n\t<meta name=\"twitter:label2\" content=\"Dur\u00e9e de lecture estim\u00e9e\" \/>\n\t<meta name=\"twitter:data2\" content=\"1 minute\" \/>\n<script type=\"application\/ld+json\" class=\"yoast-schema-graph\">{\"@context\":\"https:\/\/schema.org\",\"@graph\":[{\"@type\":\"Article\",\"@id\":\"https:\/\/www.africa-press.net\/cotedivoire\/politique\/irrespect-dun-symbole-republicain-la-justice-tranche-dans-laffaire-ramatoulaye-dj-15-jours-de-prison-ferme-et-300-000-fcfa-damende#article\",\"isPartOf\":{\"@id\":\"https:\/\/www.africa-press.net\/cotedivoire\/politique\/irrespect-dun-symbole-republicain-la-justice-tranche-dans-laffaire-ramatoulaye-dj-15-jours-de-prison-ferme-et-300-000-fcfa-damende\"},\"author\":{\"name\":\"cfeditorfr\",\"@id\":\"https:\/\/www.africa-press.net\/cotedivoire\/#\/schema\/person\/2b1cf3cd81a31e3cd26889ca66d677f1\"},\"headline\":\"Irrespect d&rsquo;un symbole r\u00e9publicain, la justice tranche dans l&rsquo;affaire Ramatoulaye Dj, 15 jours de prison ferme et 300.000 FCFA d&rsquo;amende\",\"datePublished\":\"2026-01-29T16:27:04+00:00\",\"mainEntityOfPage\":{\"@id\":\"https:\/\/www.africa-press.net\/cotedivoire\/politique\/irrespect-dun-symbole-republicain-la-justice-tranche-dans-laffaire-ramatoulaye-dj-15-jours-de-prison-ferme-et-300-000-fcfa-damende\"},\"wordCount\":290,\"commentCount\":0,\"image\":{\"@id\":\"https:\/\/www.africa-press.net\/cotedivoire\/politique\/irrespect-dun-symbole-republicain-la-justice-tranche-dans-laffaire-ramatoulaye-dj-15-jours-de-prison-ferme-et-300-000-fcfa-damende#primaryimage\"},\"thumbnailUrl\":\"https:\/\/static.africa-press.net\/cote\/sites\/43\/2026\/01\/sm_1769704024.66051.jpg\",\"keywords\":[\"drapeau\",\"\u00c9tat\",\"humour\",\"prison\",\"proc\u00e9dure\",\"Ramatoulaye\",\"Tribunal\"],\"articleSection\":[\"Politique\",\"Toutes les actualit\u00e9s\"],\"inLanguage\":\"fr-FR\",\"potentialAction\":[{\"@type\":\"CommentAction\",\"name\":\"Comment\",\"target\":[\"https:\/\/www.africa-press.net\/cotedivoire\/politique\/irrespect-dun-symbole-republicain-la-justice-tranche-dans-laffaire-ramatoulaye-dj-15-jours-de-prison-ferme-et-300-000-fcfa-damende#respond\"]}]},{\"@type\":\"WebPage\",\"@id\":\"https:\/\/www.africa-press.net\/cotedivoire\/politique\/irrespect-dun-symbole-republicain-la-justice-tranche-dans-laffaire-ramatoulaye-dj-15-jours-de-prison-ferme-et-300-000-fcfa-damende\",\"url\":\"https:\/\/www.africa-press.net\/cotedivoire\/politique\/irrespect-dun-symbole-republicain-la-justice-tranche-dans-laffaire-ramatoulaye-dj-15-jours-de-prison-ferme-et-300-000-fcfa-damende\",\"name\":\"Irrespect d'un symbole r\u00e9publicain, la justice tranche dans l'affaire Ramatoulaye Dj, 15 jours de prison ferme et 300.000 FCFA d'amende - C\u00f4te d&#039;Ivoire\",\"isPartOf\":{\"@id\":\"https:\/\/www.africa-press.net\/cotedivoire\/#website\"},\"primaryImageOfPage\":{\"@id\":\"https:\/\/www.africa-press.net\/cotedivoire\/politique\/irrespect-dun-symbole-republicain-la-justice-tranche-dans-laffaire-ramatoulaye-dj-15-jours-de-prison-ferme-et-300-000-fcfa-damende#primaryimage\"},\"image\":{\"@id\":\"https:\/\/www.africa-press.net\/cotedivoire\/politique\/irrespect-dun-symbole-republicain-la-justice-tranche-dans-laffaire-ramatoulaye-dj-15-jours-de-prison-ferme-et-300-000-fcfa-damende#primaryimage\"},\"thumbnailUrl\":\"https:\/\/static.africa-press.net\/cote\/sites\/43\/2026\/01\/sm_1769704024.66051.jpg\",\"datePublished\":\"2026-01-29T16:27:04+00:00\",\"author\":{\"@id\":\"https:\/\/www.africa-press.net\/cotedivoire\/#\/schema\/person\/2b1cf3cd81a31e3cd26889ca66d677f1\"},\"breadcrumb\":{\"@id\":\"https:\/\/www.africa-press.net\/cotedivoire\/politique\/irrespect-dun-symbole-republicain-la-justice-tranche-dans-laffaire-ramatoulaye-dj-15-jours-de-prison-ferme-et-300-000-fcfa-damende#breadcrumb\"},\"inLanguage\":\"fr-FR\",\"potentialAction\":[{\"@type\":\"ReadAction\",\"target\":[\"https:\/\/www.africa-press.net\/cotedivoire\/politique\/irrespect-dun-symbole-republicain-la-justice-tranche-dans-laffaire-ramatoulaye-dj-15-jours-de-prison-ferme-et-300-000-fcfa-damende\"]}]},{\"@type\":\"ImageObject\",\"inLanguage\":\"fr-FR\",\"@id\":\"https:\/\/www.africa-press.net\/cotedivoire\/politique\/irrespect-dun-symbole-republicain-la-justice-tranche-dans-laffaire-ramatoulaye-dj-15-jours-de-prison-ferme-et-300-000-fcfa-damende#primaryimage\",\"url\":\"https:\/\/static.africa-press.net\/cote\/sites\/43\/2026\/01\/sm_1769704024.66051.jpg\",\"contentUrl\":\"https:\/\/static.africa-press.net\/cote\/sites\/43\/2026\/01\/sm_1769704024.66051.jpg\",\"width\":600,\"height\":300,\"caption\":\"Irrespect d'un symbole r\u00e9publicain, la justice tranche dans l'affaire Ramatoulaye Dj, 15 jours de prison ferme et 300.000 FCFA d'amende\"},{\"@type\":\"BreadcrumbList\",\"@id\":\"https:\/\/www.africa-press.net\/cotedivoire\/politique\/irrespect-dun-symbole-republicain-la-justice-tranche-dans-laffaire-ramatoulaye-dj-15-jours-de-prison-ferme-et-300-000-fcfa-damende#breadcrumb\",\"itemListElement\":[{\"@type\":\"ListItem\",\"position\":1,\"name\":\"Accueil\",\"item\":\"https:\/\/www.africa-press.net\/cotedivoire\/\"},{\"@type\":\"ListItem\",\"position\":2,\"name\":\"Irrespect d&rsquo;un symbole r\u00e9publicain, la justice tranche dans l&rsquo;affaire Ramatoulaye Dj, 15 jours de prison ferme et 300.000 FCFA d&rsquo;amende\"}]},{\"@type\":\"WebSite\",\"@id\":\"https:\/\/www.africa-press.net\/cotedivoire\/#website\",\"url\":\"https:\/\/www.africa-press.net\/cotedivoire\/\",\"name\":\"C\u00f4te d&#039;Ivoire\",\"description\":\"Just another Africa News Agency Sites site\",\"potentialAction\":[{\"@type\":\"SearchAction\",\"target\":{\"@type\":\"EntryPoint\",\"urlTemplate\":\"https:\/\/www.africa-press.net\/cotedivoire\/?s={search_term_string}\"},\"query-input\":{\"@type\":\"PropertyValueSpecification\",\"valueRequired\":true,\"valueName\":\"search_term_string\"}}],\"inLanguage\":\"fr-FR\"},{\"@type\":\"Person\",\"@id\":\"https:\/\/www.africa-press.net\/cotedivoire\/#\/schema\/person\/2b1cf3cd81a31e3cd26889ca66d677f1\",\"name\":\"cfeditorfr\"}]}<\/script>\n<!-- \/ Yoast SEO Premium plugin. -->","yoast_head_json":{"title":"Irrespect d'un symbole r\u00e9publicain, la justice tranche dans l'affaire Ramatoulaye Dj, 15 jours de prison ferme et 300.000 FCFA d'amende - C\u00f4te d&#039;Ivoire","robots":{"index":"index","follow":"follow","max-snippet":"max-snippet:-1","max-image-preview":"max-image-preview:large","max-video-preview":"max-video-preview:-1"},"canonical":"https:\/\/www.africa-press.net\/cotedivoire\/politique\/irrespect-dun-symbole-republicain-la-justice-tranche-dans-laffaire-ramatoulaye-dj-15-jours-de-prison-ferme-et-300-000-fcfa-damende","og_locale":"fr_FR","og_type":"article","og_title":"Irrespect d'un symbole r\u00e9publicain, la justice tranche dans l'affaire Ramatoulaye Dj, 15 jours de prison ferme et 300.000 FCFA d'amende","og_description":"Ramatoulaye Dj (Ph Koaci) La justice a rendu son verdict dans l\u2019affaire impliquant l\u2019artiste humoriste Ramatoulaye Dj, poursuivi pour irrespect envers l\u2019un des symboles de la R\u00e9publique. \u00c0 l\u2019issue de la proc\u00e9dure, le tribunal a reconnu l\u2019humoriste coupable des faits qui lui \u00e9taient reproch\u00e9s et a prononc\u00e9 une s\u00e9rie de sanctions m\u00ealant peine privative de [&hellip;]","og_url":"https:\/\/www.africa-press.net\/cotedivoire\/politique\/irrespect-dun-symbole-republicain-la-justice-tranche-dans-laffaire-ramatoulaye-dj-15-jours-de-prison-ferme-et-300-000-fcfa-damende","og_site_name":"C\u00f4te d&#039;Ivoire","article_published_time":"2026-01-29T16:27:04+00:00","author":"cfeditorfr","twitter_card":"summary_large_image","twitter_misc":{"\u00c9crit par":"cfeditorfr","Dur\u00e9e de lecture estim\u00e9e":"1 minute"},"schema":{"@context":"https:\/\/schema.org","@graph":[{"@type":"Article","@id":"https:\/\/www.africa-press.net\/cotedivoire\/politique\/irrespect-dun-symbole-republicain-la-justice-tranche-dans-laffaire-ramatoulaye-dj-15-jours-de-prison-ferme-et-300-000-fcfa-damende#article","isPartOf":{"@id":"https:\/\/www.africa-press.net\/cotedivoire\/politique\/irrespect-dun-symbole-republicain-la-justice-tranche-dans-laffaire-ramatoulaye-dj-15-jours-de-prison-ferme-et-300-000-fcfa-damende"},"author":{"name":"cfeditorfr","@id":"https:\/\/www.africa-press.net\/cotedivoire\/#\/schema\/person\/2b1cf3cd81a31e3cd26889ca66d677f1"},"headline":"Irrespect d&rsquo;un symbole r\u00e9publicain, la justice tranche dans l&rsquo;affaire Ramatoulaye Dj, 15 jours de prison ferme et 300.000 FCFA d&rsquo;amende","datePublished":"2026-01-29T16:27:04+00:00","mainEntityOfPage":{"@id":"https:\/\/www.africa-press.net\/cotedivoire\/politique\/irrespect-dun-symbole-republicain-la-justice-tranche-dans-laffaire-ramatoulaye-dj-15-jours-de-prison-ferme-et-300-000-fcfa-damende"},"wordCount":290,"commentCount":0,"image":{"@id":"https:\/\/www.africa-press.net\/cotedivoire\/politique\/irrespect-dun-symbole-republicain-la-justice-tranche-dans-laffaire-ramatoulaye-dj-15-jours-de-prison-ferme-et-300-000-fcfa-damende#primaryimage"},"thumbnailUrl":"https:\/\/static.africa-press.net\/cote\/sites\/43\/2026\/01\/sm_1769704024.66051.jpg","keywords":["drapeau","\u00c9tat","humour","prison","proc\u00e9dure","Ramatoulaye","Tribunal"],"articleSection":["Politique","Toutes les actualit\u00e9s"],"inLanguage":"fr-FR","potentialAction":[{"@type":"CommentAction","name":"Comment","target":["https:\/\/www.africa-press.net\/cotedivoire\/politique\/irrespect-dun-symbole-republicain-la-justice-tranche-dans-laffaire-ramatoulaye-dj-15-jours-de-prison-ferme-et-300-000-fcfa-damende#respond"]}]},{"@type":"WebPage","@id":"https:\/\/www.africa-press.net\/cotedivoire\/politique\/irrespect-dun-symbole-republicain-la-justice-tranche-dans-laffaire-ramatoulaye-dj-15-jours-de-prison-ferme-et-300-000-fcfa-damende","url":"https:\/\/www.africa-press.net\/cotedivoire\/politique\/irrespect-dun-symbole-republicain-la-justice-tranche-dans-laffaire-ramatoulaye-dj-15-jours-de-prison-ferme-et-300-000-fcfa-damende","name":"Irrespect d'un symbole r\u00e9publicain, la justice tranche dans l'affaire Ramatoulaye Dj, 15 jours de prison ferme et 300.000 FCFA d'amende - C\u00f4te d&#039;Ivoire","isPartOf":{"@id":"https:\/\/www.africa-press.net\/cotedivoire\/#website"},"primaryImageOfPage":{"@id":"https:\/\/www.africa-press.net\/cotedivoire\/politique\/irrespect-dun-symbole-republicain-la-justice-tranche-dans-laffaire-ramatoulaye-dj-15-jours-de-prison-ferme-et-300-000-fcfa-damende#primaryimage"},"image":{"@id":"https:\/\/www.africa-press.net\/cotedivoire\/politique\/irrespect-dun-symbole-republicain-la-justice-tranche-dans-laffaire-ramatoulaye-dj-15-jours-de-prison-ferme-et-300-000-fcfa-damende#primaryimage"},"thumbnailUrl":"https:\/\/static.africa-press.net\/cote\/sites\/43\/2026\/01\/sm_1769704024.66051.jpg","datePublished":"2026-01-29T16:27:04+00:00","author":{"@id":"https:\/\/www.africa-press.net\/cotedivoire\/#\/schema\/person\/2b1cf3cd81a31e3cd26889ca66d677f1"},"breadcrumb":{"@id":"https:\/\/www.africa-press.net\/cotedivoire\/politique\/irrespect-dun-symbole-republicain-la-justice-tranche-dans-laffaire-ramatoulaye-dj-15-jours-de-prison-ferme-et-300-000-fcfa-damende#breadcrumb"},"inLanguage":"fr-FR","potentialAction":[{"@type":"ReadAction","target":["https:\/\/www.africa-press.net\/cotedivoire\/politique\/irrespect-dun-symbole-republicain-la-justice-tranche-dans-laffaire-ramatoulaye-dj-15-jours-de-prison-ferme-et-300-000-fcfa-damende"]}]},{"@type":"ImageObject","inLanguage":"fr-FR","@id":"https:\/\/www.africa-press.net\/cotedivoire\/politique\/irrespect-dun-symbole-republicain-la-justice-tranche-dans-laffaire-ramatoulaye-dj-15-jours-de-prison-ferme-et-300-000-fcfa-damende#primaryimage","url":"https:\/\/static.africa-press.net\/cote\/sites\/43\/2026\/01\/sm_1769704024.66051.jpg","contentUrl":"https:\/\/static.africa-press.net\/cote\/sites\/43\/2026\/01\/sm_1769704024.66051.jpg","width":600,"height":300,"caption":"Irrespect d'un symbole r\u00e9publicain, la justice tranche dans l'affaire Ramatoulaye Dj, 15 jours de prison ferme et 300.000 FCFA d'amende"},{"@type":"BreadcrumbList","@id":"https:\/\/www.africa-press.net\/cotedivoire\/politique\/irrespect-dun-symbole-republicain-la-justice-tranche-dans-laffaire-ramatoulaye-dj-15-jours-de-prison-ferme-et-300-000-fcfa-damende#breadcrumb","itemListElement":[{"@type":"ListItem","position":1,"name":"Accueil","item":"https:\/\/www.africa-press.net\/cotedivoire\/"},{"@type":"ListItem","position":2,"name":"Irrespect d&rsquo;un symbole r\u00e9publicain, la justice tranche dans l&rsquo;affaire Ramatoulaye Dj, 15 jours de prison ferme et 300.000 FCFA d&rsquo;amende"}]},{"@type":"WebSite","@id":"https:\/\/www.africa-press.net\/cotedivoire\/#website","url":"https:\/\/www.africa-press.net\/cotedivoire\/","name":"C\u00f4te d&#039;Ivoire","description":"Just another Africa News Agency Sites site","potentialAction":[{"@type":"SearchAction","target":{"@type":"EntryPoint","urlTemplate":"https:\/\/www.africa-press.net\/cotedivoire\/?s={search_term_string}"},"query-input":{"@type":"PropertyValueSpecification","valueRequired":true,"valueName":"search_term_string"}}],"inLanguage":"fr-FR"},{"@type":"Person","@id":"https:\/\/www.africa-press.net\/cotedivoire\/#\/schema\/person\/2b1cf3cd81a31e3cd26889ca66d677f1","name":"cfeditorfr"}]}},"_links":{"self":[{"href":"https:\/\/www.africa-press.net\/cotedivoire\/wp-json\/wp\/v2\/posts\/111879","targetHints":{"allow":["GET"]}}],"collection":[{"href":"https:\/\/www.africa-press.net\/cotedivoire\/wp-json\/wp\/v2\/posts"}],"about":[{"href":"https:\/\/www.africa-press.net\/cotedivoire\/wp-json\/wp\/v2\/types\/post"}],"author":[{"embeddable":true,"href":"https:\/\/www.africa-press.net\/cotedivoire\/wp-json\/wp\/v2\/users\/82"}],"replies":[{"embeddable":true,"href":"https:\/\/www.africa-press.net\/cotedivoire\/wp-json\/wp\/v2\/comments?post=111879"}],"version-history":[{"count":0,"href":"https:\/\/www.africa-press.net\/cotedivoire\/wp-json\/wp\/v2\/posts\/111879\/revisions"}],"wp:featuredmedia":[{"embeddable":true,"href":"https:\/\/www.africa-press.net\/cotedivoire\/wp-json\/wp\/v2\/media\/111878"}],"wp:attachment":[{"href":"https:\/\/www.africa-press.net\/cotedivoire\/wp-json\/wp\/v2\/media?parent=111879"}],"wp:term":[{"taxonomy":"category","embeddable":true,"href":"https:\/\/www.africa-press.net\/cotedivoire\/wp-json\/wp\/v2\/categories?post=111879"},{"taxonomy":"post_tag","embeddable":true,"href":"https:\/\/www.africa-press.net\/cotedivoire\/wp-json\/wp\/v2\/tags?post=111879"}],"curies":[{"name":"wp","href":"https:\/\/api.w.org\/{rel}","templated":true}]}}