{"id":111887,"date":"2026-01-29T16:28:38","date_gmt":"2026-01-29T16:28:38","guid":{"rendered":"https:\/\/www.africa-press.net\/cotedivoire\/politique\/ministere-du-plan-et-du-developpement-souleymane-diarrassouba-sinstalle-et-promet-de-consolider-les-acquis"},"modified":"2026-01-29T16:28:38","modified_gmt":"2026-01-29T16:28:38","slug":"ministere-du-plan-et-du-developpement-souleymane-diarrassouba-sinstalle-et-promet-de-consolider-les-acquis","status":"publish","type":"post","link":"https:\/\/www.africa-press.net\/cotedivoire\/politique\/ministere-du-plan-et-du-developpement-souleymane-diarrassouba-sinstalle-et-promet-de-consolider-les-acquis","title":{"rendered":"Minist\u00e8re du Plan et du D\u00e9veloppement, Souleymane Diarrassouba s&rsquo;installe et promet de consolider les acquis"},"content":{"rendered":"<p>La c\u00e9r\u00e9monie officielle de passation de charges au Minist\u00e8re du Plan et du D\u00e9veloppement s\u2019est tenue au 20\u1d49 \u00e9tage de l\u2019immeuble SCIAM, au Plateau, marquant l\u2019entr\u00e9e en fonction du Docteur Souleymane Diarrassouba \u00e0 la t\u00eate de ce d\u00e9partement strat\u00e9gique.<\/p>\n<p>L\u2019\u00e9v\u00e9nement s\u2019inscrit dans le cadre de la nouvelle organisation gouvernementale issue du d\u00e9cret n\u00b02026-08 du 23 avril 2026, portant nomination des membres du Gouvernement conduit par le Premier ministre Robert Beugr\u00e9 Mamb\u00e9.<\/p>\n<p>La c\u00e9r\u00e9monie s\u2019est d\u00e9roul\u00e9e en pr\u00e9sence de Madame Nial\u00e9 Kaba, Ministre d\u2019\u00c9tat, Ministre des Affaires \u00e9trang\u00e8res et de la Coop\u00e9ration internationale, Monsieur Charlemagne Da, Secr\u00e9taire g\u00e9n\u00e9ral du Gouvernement, ainsi que de nombreux cadres, collaborateurs et partenaires institutionnels.<\/p>\n<p>Dans son discours de prise de fonction, le nouveau ministre a exprim\u00e9 sa profonde gratitude au Pr\u00e9sident de la R\u00e9publique, SEM Alassane Ouattara, pour la confiance plac\u00e9e en lui \u00e0 la t\u00eate de ce minist\u00e8re cl\u00e9. Il a \u00e9galement salu\u00e9 le leadership du Premier ministre et rendu un hommage appuy\u00e9 \u00e0 sa pr\u00e9d\u00e9cesseure, Madame Nial\u00e9 Kaba, pour le travail rigoureux et structurant accompli durant ses ann\u00e9es \u00e0 la t\u00eate du d\u00e9partement.<\/p>\n<p>Affirmant que son action s\u2019inscrira sous le sceau de la continuit\u00e9, Souleymane Diarrassouba a rappel\u00e9 que la planification et le d\u00e9veloppement exigent une vision de long terme. Il s\u2019est engag\u00e9 \u00e0 consolider les acquis et \u00e0 poursuivre les chantiers en cours pour la transformation structurelle de l\u2019\u00e9conomie ivoirienne.<\/p>\n<p>S\u2019adressant aux \u00e9quipes du minist\u00e8re, il a d\u00e9clin\u00e9 les principes qui guideront son action, qu\u2019il a qualifi\u00e9s de \u00ab bornes lumineuses \u00bb, la coh\u00e9sion et le travail d\u2019\u00e9quipe, la transparence dans la gestion publique, la loyaut\u00e9 envers l\u2019\u00c9tat et le service exclusif de l\u2019int\u00e9r\u00eat g\u00e9n\u00e9ral.<\/p>\n<p>Tr\u00e8s \u00e9mue, Madame Nial\u00e9 Kaba a retrac\u00e9 son parcours \u00e0 la t\u00eate du Minist\u00e8re du Plan et du D\u00e9veloppement, qu\u2019elle a dirig\u00e9 pendant pr\u00e8s de dix ans, avant d\u2019occuper les fonctions de Ministre de l\u2019\u00c9conomie, du Plan et du D\u00e9veloppement, puis de Ministre d\u2019\u00c9tat, Ministre des Affaires \u00e9trang\u00e8res et de la Coop\u00e9ration internationale.<\/p>\n<p>Elle a exprim\u00e9 sa reconnaissance au Chef de l\u2019\u00c9tat pour la confiance constante dont elle a b\u00e9n\u00e9fici\u00e9 depuis 2016, avant d\u2019adresser ses f\u00e9licitations et ses v\u0153ux de succ\u00e8s \u00e0 Souleymane Diarrassouba, dont elle a salu\u00e9 l\u2019exp\u00e9rience et la parfaite connaissance des enjeux \u00e9conomiques et de planification.<\/p>\n<p>La ministre d\u2019\u00c9tat a rappel\u00e9 les missions fondamentales du minist\u00e8re, notamment la planification strat\u00e9gique, le suivi-\u00e9valuation des politiques publiques, l\u2019am\u00e9nagement du territoire, la coordination de la coop\u00e9ration internationale et la production statistique nationale.<\/p>\n<p>Au titre du bilan, plusieurs r\u00e9alisations majeures ont \u00e9t\u00e9 mises en avant, l\u2019\u00e9laboration et la mise en \u0153uvre des Plans nationaux de d\u00e9veloppement (PND) 2016-2020 et 2021-2025, ayant soutenu une croissance r\u00e9siliente et une r\u00e9duction significative de la pauvret\u00e9, la finalisation du PND 2026-2030, en attente d\u2019adoption parlementaire, l\u2019\u00e9laboration du Sch\u00e9ma national d\u2019am\u00e9nagement du territoire, outil cl\u00e9 pour un d\u00e9veloppement \u00e9quilibr\u00e9 et durable, le renforcement de la coordination avec les partenaires techniques et financiers, notamment les institutions financi\u00e8res internationales et le syst\u00e8me des Nations unies et les r\u00e9formes du syst\u00e8me statistique national, incluant le RGPH, le rebasage des comptes nationaux, le recensement g\u00e9n\u00e9ral des entreprises et la pr\u00e9paration de la Strat\u00e9gie nationale de d\u00e9veloppement de la statistique 2026-2030.<\/p>\n<p>Elle a \u00e9galement \u00e9voqu\u00e9 les chantiers \u00e0 poursuivre, notamment la r\u00e9forme statistique, l\u2019adoption d\u00e9finitive des documents strat\u00e9giques et le projet de si\u00e8ge de l\u2019INS.<\/p>\n<p>Le Secr\u00e9taire g\u00e9n\u00e9ral du Gouvernement, Charlemagne Da, a rappel\u00e9 le fondement juridique de la c\u00e9r\u00e9monie avant de saluer la nomination de Madame Nial\u00e9 Kaba \u00e0 la diplomatie ivoirienne, ainsi que l\u2019arriv\u00e9e de Souleymane Diarrassouba, reconnu pour son engagement et son ardeur au travail.<\/p>\n<p>La c\u00e9r\u00e9monie s\u2019est achev\u00e9e par la transmission solennelle des dossiers et la signature du proc\u00e8s-verbal de passation de charges, scellant officiellement le passage de t\u00e9moin \u00e0 la t\u00eate du Minist\u00e8re du Plan et du D\u00e9veloppement.<\/p>\n<p>Wassimagnon<\/p>\n","protected":false},"excerpt":{"rendered":"<p>La c\u00e9r\u00e9monie officielle de passation de charges au Minist\u00e8re du Plan et du D\u00e9veloppement s\u2019est tenue au 20\u1d49 \u00e9tage de l\u2019immeuble SCIAM, au Plateau, marquant l\u2019entr\u00e9e en fonction du Docteur Souleymane Diarrassouba \u00e0 la t\u00eate de ce d\u00e9partement strat\u00e9gique. L\u2019\u00e9v\u00e9nement s\u2019inscrit dans le cadre de la nouvelle organisation gouvernementale issue du d\u00e9cret n\u00b02026-08 du 23 [&hellip;]<\/p>\n","protected":false},"author":82,"featured_media":111886,"comment_status":"open","ping_status":"closed","sticky":false,"template":"","format":"standard","meta":{"footnotes":""},"categories":[2,10],"tags":[5709,1583,1549,5059,4673,648,20092,3316,733],"class_list":["post-111887","post","type-post","status-publish","format-standard","has-post-thumbnail","hentry","category-politique","category-toutes-les-actualites","tag-charges","tag-developpement","tag-gouvernance","tag-niale-kaba-2","tag-passation","tag-plan","tag-pnd-2030","tag-publique","tag-souleymane-diarrassouba"],"yoast_head":"<!-- This site is optimized with the Yoast SEO Premium plugin v26.1 (Yoast SEO v27.0) - https:\/\/yoast.com\/product\/yoast-seo-premium-wordpress\/ -->\n<title>Minist\u00e8re du Plan et du D\u00e9veloppement, Souleymane Diarrassouba s&#039;installe et promet de consolider les acquis - C\u00f4te d&#039;Ivoire<\/title>\n<meta name=\"robots\" content=\"index, follow, max-snippet:-1, max-image-preview:large, max-video-preview:-1\" \/>\n<link rel=\"canonical\" href=\"https:\/\/www.africa-press.net\/cotedivoire\/politique\/ministere-du-plan-et-du-developpement-souleymane-diarrassouba-sinstalle-et-promet-de-consolider-les-acquis\" \/>\n<meta property=\"og:locale\" content=\"fr_FR\" \/>\n<meta property=\"og:type\" content=\"article\" \/>\n<meta property=\"og:title\" content=\"Minist\u00e8re du Plan et du D\u00e9veloppement, Souleymane Diarrassouba s&#039;installe et promet de consolider les acquis\" \/>\n<meta property=\"og:description\" content=\"La c\u00e9r\u00e9monie officielle de passation de charges au Minist\u00e8re du Plan et du D\u00e9veloppement s\u2019est tenue au 20\u1d49 \u00e9tage de l\u2019immeuble SCIAM, au Plateau, marquant l\u2019entr\u00e9e en fonction du Docteur Souleymane Diarrassouba \u00e0 la t\u00eate de ce d\u00e9partement strat\u00e9gique. L\u2019\u00e9v\u00e9nement s\u2019inscrit dans le cadre de la nouvelle organisation gouvernementale issue du d\u00e9cret n\u00b02026-08 du 23 [&hellip;]\" \/>\n<meta property=\"og:url\" content=\"https:\/\/www.africa-press.net\/cotedivoire\/politique\/ministere-du-plan-et-du-developpement-souleymane-diarrassouba-sinstalle-et-promet-de-consolider-les-acquis\" \/>\n<meta property=\"og:site_name\" content=\"C\u00f4te d&#039;Ivoire\" \/>\n<meta property=\"article:published_time\" content=\"2026-01-29T16:28:38+00:00\" \/>\n<meta name=\"author\" content=\"cfeditorfr\" \/>\n<meta name=\"twitter:card\" content=\"summary_large_image\" \/>\n<meta name=\"twitter:label1\" content=\"\u00c9crit par\" \/>\n\t<meta name=\"twitter:data1\" content=\"cfeditorfr\" \/>\n\t<meta name=\"twitter:label2\" content=\"Dur\u00e9e de lecture estim\u00e9e\" \/>\n\t<meta name=\"twitter:data2\" content=\"4 minutes\" \/>\n<script type=\"application\/ld+json\" class=\"yoast-schema-graph\">{\"@context\":\"https:\/\/schema.org\",\"@graph\":[{\"@type\":\"Article\",\"@id\":\"https:\/\/www.africa-press.net\/cotedivoire\/politique\/ministere-du-plan-et-du-developpement-souleymane-diarrassouba-sinstalle-et-promet-de-consolider-les-acquis#article\",\"isPartOf\":{\"@id\":\"https:\/\/www.africa-press.net\/cotedivoire\/politique\/ministere-du-plan-et-du-developpement-souleymane-diarrassouba-sinstalle-et-promet-de-consolider-les-acquis\"},\"author\":{\"name\":\"cfeditorfr\",\"@id\":\"https:\/\/www.africa-press.net\/cotedivoire\/#\/schema\/person\/2b1cf3cd81a31e3cd26889ca66d677f1\"},\"headline\":\"Minist\u00e8re du Plan et du D\u00e9veloppement, Souleymane Diarrassouba s&rsquo;installe et promet de consolider les acquis\",\"datePublished\":\"2026-01-29T16:28:38+00:00\",\"mainEntityOfPage\":{\"@id\":\"https:\/\/www.africa-press.net\/cotedivoire\/politique\/ministere-du-plan-et-du-developpement-souleymane-diarrassouba-sinstalle-et-promet-de-consolider-les-acquis\"},\"wordCount\":751,\"commentCount\":0,\"image\":{\"@id\":\"https:\/\/www.africa-press.net\/cotedivoire\/politique\/ministere-du-plan-et-du-developpement-souleymane-diarrassouba-sinstalle-et-promet-de-consolider-les-acquis#primaryimage\"},\"thumbnailUrl\":\"https:\/\/static.africa-press.net\/cote\/sites\/43\/2026\/01\/sm_1769704118.413576.jpg\",\"keywords\":[\"charges\",\"d\u00e9veloppement\",\"Gouvernance\",\"Nial\u00e9 Kaba\",\"passation\",\"plan\",\"PND 2030\",\"Publique\",\"Souleymane Diarrassouba\"],\"articleSection\":[\"Politique\",\"Toutes les actualit\u00e9s\"],\"inLanguage\":\"fr-FR\",\"potentialAction\":[{\"@type\":\"CommentAction\",\"name\":\"Comment\",\"target\":[\"https:\/\/www.africa-press.net\/cotedivoire\/politique\/ministere-du-plan-et-du-developpement-souleymane-diarrassouba-sinstalle-et-promet-de-consolider-les-acquis#respond\"]}]},{\"@type\":\"WebPage\",\"@id\":\"https:\/\/www.africa-press.net\/cotedivoire\/politique\/ministere-du-plan-et-du-developpement-souleymane-diarrassouba-sinstalle-et-promet-de-consolider-les-acquis\",\"url\":\"https:\/\/www.africa-press.net\/cotedivoire\/politique\/ministere-du-plan-et-du-developpement-souleymane-diarrassouba-sinstalle-et-promet-de-consolider-les-acquis\",\"name\":\"Minist\u00e8re du Plan et du D\u00e9veloppement, Souleymane Diarrassouba s'installe et promet de consolider les acquis - C\u00f4te d&#039;Ivoire\",\"isPartOf\":{\"@id\":\"https:\/\/www.africa-press.net\/cotedivoire\/#website\"},\"primaryImageOfPage\":{\"@id\":\"https:\/\/www.africa-press.net\/cotedivoire\/politique\/ministere-du-plan-et-du-developpement-souleymane-diarrassouba-sinstalle-et-promet-de-consolider-les-acquis#primaryimage\"},\"image\":{\"@id\":\"https:\/\/www.africa-press.net\/cotedivoire\/politique\/ministere-du-plan-et-du-developpement-souleymane-diarrassouba-sinstalle-et-promet-de-consolider-les-acquis#primaryimage\"},\"thumbnailUrl\":\"https:\/\/static.africa-press.net\/cote\/sites\/43\/2026\/01\/sm_1769704118.413576.jpg\",\"datePublished\":\"2026-01-29T16:28:38+00:00\",\"author\":{\"@id\":\"https:\/\/www.africa-press.net\/cotedivoire\/#\/schema\/person\/2b1cf3cd81a31e3cd26889ca66d677f1\"},\"breadcrumb\":{\"@id\":\"https:\/\/www.africa-press.net\/cotedivoire\/politique\/ministere-du-plan-et-du-developpement-souleymane-diarrassouba-sinstalle-et-promet-de-consolider-les-acquis#breadcrumb\"},\"inLanguage\":\"fr-FR\",\"potentialAction\":[{\"@type\":\"ReadAction\",\"target\":[\"https:\/\/www.africa-press.net\/cotedivoire\/politique\/ministere-du-plan-et-du-developpement-souleymane-diarrassouba-sinstalle-et-promet-de-consolider-les-acquis\"]}]},{\"@type\":\"ImageObject\",\"inLanguage\":\"fr-FR\",\"@id\":\"https:\/\/www.africa-press.net\/cotedivoire\/politique\/ministere-du-plan-et-du-developpement-souleymane-diarrassouba-sinstalle-et-promet-de-consolider-les-acquis#primaryimage\",\"url\":\"https:\/\/static.africa-press.net\/cote\/sites\/43\/2026\/01\/sm_1769704118.413576.jpg\",\"contentUrl\":\"https:\/\/static.africa-press.net\/cote\/sites\/43\/2026\/01\/sm_1769704118.413576.jpg\",\"width\":600,\"height\":400,\"caption\":\"Minist\u00e8re du Plan et du D\u00e9veloppement, Souleymane Diarrassouba s'installe et promet de consolider les acquis\"},{\"@type\":\"BreadcrumbList\",\"@id\":\"https:\/\/www.africa-press.net\/cotedivoire\/politique\/ministere-du-plan-et-du-developpement-souleymane-diarrassouba-sinstalle-et-promet-de-consolider-les-acquis#breadcrumb\",\"itemListElement\":[{\"@type\":\"ListItem\",\"position\":1,\"name\":\"Accueil\",\"item\":\"https:\/\/www.africa-press.net\/cotedivoire\/\"},{\"@type\":\"ListItem\",\"position\":2,\"name\":\"Minist\u00e8re du Plan et du D\u00e9veloppement, Souleymane Diarrassouba s&rsquo;installe et promet de consolider les acquis\"}]},{\"@type\":\"WebSite\",\"@id\":\"https:\/\/www.africa-press.net\/cotedivoire\/#website\",\"url\":\"https:\/\/www.africa-press.net\/cotedivoire\/\",\"name\":\"C\u00f4te d&#039;Ivoire\",\"description\":\"Just another Africa News Agency Sites site\",\"potentialAction\":[{\"@type\":\"SearchAction\",\"target\":{\"@type\":\"EntryPoint\",\"urlTemplate\":\"https:\/\/www.africa-press.net\/cotedivoire\/?s={search_term_string}\"},\"query-input\":{\"@type\":\"PropertyValueSpecification\",\"valueRequired\":true,\"valueName\":\"search_term_string\"}}],\"inLanguage\":\"fr-FR\"},{\"@type\":\"Person\",\"@id\":\"https:\/\/www.africa-press.net\/cotedivoire\/#\/schema\/person\/2b1cf3cd81a31e3cd26889ca66d677f1\",\"name\":\"cfeditorfr\"}]}<\/script>\n<!-- \/ Yoast SEO Premium plugin. -->","yoast_head_json":{"title":"Minist\u00e8re du Plan et du D\u00e9veloppement, Souleymane Diarrassouba s'installe et promet de consolider les acquis - C\u00f4te d&#039;Ivoire","robots":{"index":"index","follow":"follow","max-snippet":"max-snippet:-1","max-image-preview":"max-image-preview:large","max-video-preview":"max-video-preview:-1"},"canonical":"https:\/\/www.africa-press.net\/cotedivoire\/politique\/ministere-du-plan-et-du-developpement-souleymane-diarrassouba-sinstalle-et-promet-de-consolider-les-acquis","og_locale":"fr_FR","og_type":"article","og_title":"Minist\u00e8re du Plan et du D\u00e9veloppement, Souleymane Diarrassouba s'installe et promet de consolider les acquis","og_description":"La c\u00e9r\u00e9monie officielle de passation de charges au Minist\u00e8re du Plan et du D\u00e9veloppement s\u2019est tenue au 20\u1d49 \u00e9tage de l\u2019immeuble SCIAM, au Plateau, marquant l\u2019entr\u00e9e en fonction du Docteur Souleymane Diarrassouba \u00e0 la t\u00eate de ce d\u00e9partement strat\u00e9gique. L\u2019\u00e9v\u00e9nement s\u2019inscrit dans le cadre de la nouvelle organisation gouvernementale issue du d\u00e9cret n\u00b02026-08 du 23 [&hellip;]","og_url":"https:\/\/www.africa-press.net\/cotedivoire\/politique\/ministere-du-plan-et-du-developpement-souleymane-diarrassouba-sinstalle-et-promet-de-consolider-les-acquis","og_site_name":"C\u00f4te d&#039;Ivoire","article_published_time":"2026-01-29T16:28:38+00:00","author":"cfeditorfr","twitter_card":"summary_large_image","twitter_misc":{"\u00c9crit par":"cfeditorfr","Dur\u00e9e de lecture estim\u00e9e":"4 minutes"},"schema":{"@context":"https:\/\/schema.org","@graph":[{"@type":"Article","@id":"https:\/\/www.africa-press.net\/cotedivoire\/politique\/ministere-du-plan-et-du-developpement-souleymane-diarrassouba-sinstalle-et-promet-de-consolider-les-acquis#article","isPartOf":{"@id":"https:\/\/www.africa-press.net\/cotedivoire\/politique\/ministere-du-plan-et-du-developpement-souleymane-diarrassouba-sinstalle-et-promet-de-consolider-les-acquis"},"author":{"name":"cfeditorfr","@id":"https:\/\/www.africa-press.net\/cotedivoire\/#\/schema\/person\/2b1cf3cd81a31e3cd26889ca66d677f1"},"headline":"Minist\u00e8re du Plan et du D\u00e9veloppement, Souleymane Diarrassouba s&rsquo;installe et promet de consolider les acquis","datePublished":"2026-01-29T16:28:38+00:00","mainEntityOfPage":{"@id":"https:\/\/www.africa-press.net\/cotedivoire\/politique\/ministere-du-plan-et-du-developpement-souleymane-diarrassouba-sinstalle-et-promet-de-consolider-les-acquis"},"wordCount":751,"commentCount":0,"image":{"@id":"https:\/\/www.africa-press.net\/cotedivoire\/politique\/ministere-du-plan-et-du-developpement-souleymane-diarrassouba-sinstalle-et-promet-de-consolider-les-acquis#primaryimage"},"thumbnailUrl":"https:\/\/static.africa-press.net\/cote\/sites\/43\/2026\/01\/sm_1769704118.413576.jpg","keywords":["charges","d\u00e9veloppement","Gouvernance","Nial\u00e9 Kaba","passation","plan","PND 2030","Publique","Souleymane Diarrassouba"],"articleSection":["Politique","Toutes les actualit\u00e9s"],"inLanguage":"fr-FR","potentialAction":[{"@type":"CommentAction","name":"Comment","target":["https:\/\/www.africa-press.net\/cotedivoire\/politique\/ministere-du-plan-et-du-developpement-souleymane-diarrassouba-sinstalle-et-promet-de-consolider-les-acquis#respond"]}]},{"@type":"WebPage","@id":"https:\/\/www.africa-press.net\/cotedivoire\/politique\/ministere-du-plan-et-du-developpement-souleymane-diarrassouba-sinstalle-et-promet-de-consolider-les-acquis","url":"https:\/\/www.africa-press.net\/cotedivoire\/politique\/ministere-du-plan-et-du-developpement-souleymane-diarrassouba-sinstalle-et-promet-de-consolider-les-acquis","name":"Minist\u00e8re du Plan et du D\u00e9veloppement, Souleymane Diarrassouba s'installe et promet de consolider les acquis - C\u00f4te d&#039;Ivoire","isPartOf":{"@id":"https:\/\/www.africa-press.net\/cotedivoire\/#website"},"primaryImageOfPage":{"@id":"https:\/\/www.africa-press.net\/cotedivoire\/politique\/ministere-du-plan-et-du-developpement-souleymane-diarrassouba-sinstalle-et-promet-de-consolider-les-acquis#primaryimage"},"image":{"@id":"https:\/\/www.africa-press.net\/cotedivoire\/politique\/ministere-du-plan-et-du-developpement-souleymane-diarrassouba-sinstalle-et-promet-de-consolider-les-acquis#primaryimage"},"thumbnailUrl":"https:\/\/static.africa-press.net\/cote\/sites\/43\/2026\/01\/sm_1769704118.413576.jpg","datePublished":"2026-01-29T16:28:38+00:00","author":{"@id":"https:\/\/www.africa-press.net\/cotedivoire\/#\/schema\/person\/2b1cf3cd81a31e3cd26889ca66d677f1"},"breadcrumb":{"@id":"https:\/\/www.africa-press.net\/cotedivoire\/politique\/ministere-du-plan-et-du-developpement-souleymane-diarrassouba-sinstalle-et-promet-de-consolider-les-acquis#breadcrumb"},"inLanguage":"fr-FR","potentialAction":[{"@type":"ReadAction","target":["https:\/\/www.africa-press.net\/cotedivoire\/politique\/ministere-du-plan-et-du-developpement-souleymane-diarrassouba-sinstalle-et-promet-de-consolider-les-acquis"]}]},{"@type":"ImageObject","inLanguage":"fr-FR","@id":"https:\/\/www.africa-press.net\/cotedivoire\/politique\/ministere-du-plan-et-du-developpement-souleymane-diarrassouba-sinstalle-et-promet-de-consolider-les-acquis#primaryimage","url":"https:\/\/static.africa-press.net\/cote\/sites\/43\/2026\/01\/sm_1769704118.413576.jpg","contentUrl":"https:\/\/static.africa-press.net\/cote\/sites\/43\/2026\/01\/sm_1769704118.413576.jpg","width":600,"height":400,"caption":"Minist\u00e8re du Plan et du D\u00e9veloppement, Souleymane Diarrassouba s'installe et promet de consolider les acquis"},{"@type":"BreadcrumbList","@id":"https:\/\/www.africa-press.net\/cotedivoire\/politique\/ministere-du-plan-et-du-developpement-souleymane-diarrassouba-sinstalle-et-promet-de-consolider-les-acquis#breadcrumb","itemListElement":[{"@type":"ListItem","position":1,"name":"Accueil","item":"https:\/\/www.africa-press.net\/cotedivoire\/"},{"@type":"ListItem","position":2,"name":"Minist\u00e8re du Plan et du D\u00e9veloppement, Souleymane Diarrassouba s&rsquo;installe et promet de consolider les acquis"}]},{"@type":"WebSite","@id":"https:\/\/www.africa-press.net\/cotedivoire\/#website","url":"https:\/\/www.africa-press.net\/cotedivoire\/","name":"C\u00f4te d&#039;Ivoire","description":"Just another Africa News Agency Sites site","potentialAction":[{"@type":"SearchAction","target":{"@type":"EntryPoint","urlTemplate":"https:\/\/www.africa-press.net\/cotedivoire\/?s={search_term_string}"},"query-input":{"@type":"PropertyValueSpecification","valueRequired":true,"valueName":"search_term_string"}}],"inLanguage":"fr-FR"},{"@type":"Person","@id":"https:\/\/www.africa-press.net\/cotedivoire\/#\/schema\/person\/2b1cf3cd81a31e3cd26889ca66d677f1","name":"cfeditorfr"}]}},"_links":{"self":[{"href":"https:\/\/www.africa-press.net\/cotedivoire\/wp-json\/wp\/v2\/posts\/111887","targetHints":{"allow":["GET"]}}],"collection":[{"href":"https:\/\/www.africa-press.net\/cotedivoire\/wp-json\/wp\/v2\/posts"}],"about":[{"href":"https:\/\/www.africa-press.net\/cotedivoire\/wp-json\/wp\/v2\/types\/post"}],"author":[{"embeddable":true,"href":"https:\/\/www.africa-press.net\/cotedivoire\/wp-json\/wp\/v2\/users\/82"}],"replies":[{"embeddable":true,"href":"https:\/\/www.africa-press.net\/cotedivoire\/wp-json\/wp\/v2\/comments?post=111887"}],"version-history":[{"count":0,"href":"https:\/\/www.africa-press.net\/cotedivoire\/wp-json\/wp\/v2\/posts\/111887\/revisions"}],"wp:featuredmedia":[{"embeddable":true,"href":"https:\/\/www.africa-press.net\/cotedivoire\/wp-json\/wp\/v2\/media\/111886"}],"wp:attachment":[{"href":"https:\/\/www.africa-press.net\/cotedivoire\/wp-json\/wp\/v2\/media?parent=111887"}],"wp:term":[{"taxonomy":"category","embeddable":true,"href":"https:\/\/www.africa-press.net\/cotedivoire\/wp-json\/wp\/v2\/categories?post=111887"},{"taxonomy":"post_tag","embeddable":true,"href":"https:\/\/www.africa-press.net\/cotedivoire\/wp-json\/wp\/v2\/tags?post=111887"}],"curies":[{"name":"wp","href":"https:\/\/api.w.org\/{rel}","templated":true}]}}