{"id":111895,"date":"2026-01-29T16:30:12","date_gmt":"2026-01-29T16:30:12","guid":{"rendered":"https:\/\/www.africa-press.net\/cotedivoire\/politique\/voeux-au-president-de-la-republique-ladministration-territoriale-reclame-une-decentralisation-aboutie-et-un-statut-clair-de-lelu-local"},"modified":"2026-01-29T16:30:12","modified_gmt":"2026-01-29T16:30:12","slug":"voeux-au-president-de-la-republique-ladministration-territoriale-reclame-une-decentralisation-aboutie-et-un-statut-clair-de-lelu-local","status":"publish","type":"post","link":"https:\/\/www.africa-press.net\/cotedivoire\/politique\/voeux-au-president-de-la-republique-ladministration-territoriale-reclame-une-decentralisation-aboutie-et-un-statut-clair-de-lelu-local","title":{"rendered":"V\u0153ux au Pr\u00e9sident de la R\u00e9publique, l&rsquo;administration territoriale r\u00e9clame une d\u00e9centralisation aboutie et un statut clair de l&rsquo;\u00e9lu local"},"content":{"rendered":"<p>\u00c0 l\u2019occasion de la traditionnelle c\u00e9r\u00e9monie de pr\u00e9sentation des v\u0153ux du Nouvel An au Pr\u00e9sident de la R\u00e9publique, le corps pr\u00e9fectoral, les pr\u00e9sidents des conseils r\u00e9gionaux et les maires ont exprim\u00e9, par la voix de leur porte-parole Kouadio Kouassi Eug\u00e8ne, pr\u00e9fet hors grade et pr\u00e9fet de la r\u00e9gion du Djuablin, leur attachement aux valeurs r\u00e9publicaines, leur loyaut\u00e9 institutionnelle, mais aussi leurs attentes fortes en mati\u00e8re de d\u00e9centralisation et de gouvernance territoriale.<\/p>\n<p>Dans un discours dense et solennel, Kouadio Kouassi Eug\u00e8ne a, au nom de l\u2019ensemble des repr\u00e9sentants de l\u2019administration territoriale et des collectivit\u00e9s locales, pr\u00e9sent\u00e9 au Chef de l\u2019\u00c9tat des v\u0153ux de sant\u00e9, de long\u00e9vit\u00e9 et de pleine r\u00e9ussite dans la conduite du programme de d\u00e9veloppement de la C\u00f4te d\u2019Ivoire. Il a \u00e9galement adress\u00e9 des v\u0153ux chaleureux \u00e0 la Premi\u00e8re Dame et \u00e0 la famille pr\u00e9sidentielle.<\/p>\n<p>Le porte-parole a salu\u00e9 la r\u00e9\u00e9lection du Pr\u00e9sident Alassane Ouattara le 25 octobre dernier avec 89,77 % des suffrages, qualifiant cette victoire de \u00ab communion forte entre un Pr\u00e9sident et son peuple \u00bb. Les pr\u00e9fets, pr\u00e9sidents de r\u00e9gion et maires ont r\u00e9affirm\u00e9 leur engagement total \u00e0 accompagner l\u2019action gouvernementale et \u00e0 \u0153uvrer pour une administration territoriale plus efficace, plus performante et plus proche des populations.<\/p>\n<p>Au nom du corps pr\u00e9fectoral, Kouadio Kouassi Eug\u00e8ne a insist\u00e9 sur la d\u00e9termination des autorit\u00e9s administratives \u00e0 renforcer la paix et la coh\u00e9sion sociale sur l\u2019ensemble du territoire national. Les comit\u00e9s d\u00e9partementaux de s\u00e9curit\u00e9 seront davantage mobilis\u00e9s dans la lutte contre les fl\u00e9aux majeurs que sont la drogue, l\u2019orpaillage clandestin, le grand banditisme, la corruption, la fuite des produits d\u2019exportation, l\u2019ins\u00e9curit\u00e9 routi\u00e8re et le d\u00e9sordre urbain.<\/p>\n<p>Il a \u00e9galement salu\u00e9 l\u2019am\u00e9lioration continue des conditions de travail des pr\u00e9fets, rendue possible sous l\u2019impulsion du ministre de l\u2019Int\u00e9rieur et de la S\u00e9curit\u00e9, avec la construction ou la r\u00e9habilitation de 187 pr\u00e9fectures, sous-pr\u00e9fectures et r\u00e9sidences fonctionnelles, ainsi que la dotation syst\u00e9matique en v\u00e9hicules et \u00e9quipements administratifs.<\/p>\n<p>Les revendications majeures des \u00e9lus locaux<\/p>\n<p>Les pr\u00e9sidents de conseils r\u00e9gionaux et les maires ont profit\u00e9 de cette tribune pour formuler deux revendications majeures :<\/p>\n<p>La finalisation et l\u2019adoption de la loi portant statut de l\u2019\u00e9lu local, attendue de longue date ;<\/p>\n<p>La mise en \u0153uvre effective des 16 domaines de comp\u00e9tences transf\u00e9r\u00e9es, encore non appliqu\u00e9es, plus de vingt ans apr\u00e8s la promulgation de la loi sur la d\u00e9centralisation.<\/p>\n<p>Ils ont \u00e9galement salu\u00e9 les progr\u00e8s enregistr\u00e9s dans le financement des collectivit\u00e9s territoriales, avec un passage des dotations de 257 milliards FCFA en 2022 \u00e0 pr\u00e8s de 480 milliards FCFA en 2026, traduisant la volont\u00e9 de l\u2019\u00c9tat de renforcer l\u2019autonomie financi\u00e8re locale.<\/p>\n<p>Prenant la parole, le Pr\u00e9sident de la R\u00e9publique a remerci\u00e9 ses interlocuteurs pour leurs v\u0153ux et pour l\u2019esprit de responsabilit\u00e9 et de loyaut\u00e9 exprim\u00e9. Il a salu\u00e9 le r\u00f4le essentiel jou\u00e9 par les pr\u00e9fets, pr\u00e9sidents de r\u00e9gion et maires dans la continuit\u00e9 de l\u2019action publique et la stabilit\u00e9 institutionnelle du pays.<\/p>\n<p>Le Chef de l\u2019\u00c9tat s\u2019est f\u00e9licit\u00e9 du professionnalisme du corps pr\u00e9fectoral lors des \u00e9lections pr\u00e9sidentielle et l\u00e9gislatives de 2025, qui ont permis de garantir un climat apais\u00e9, s\u00e9curis\u00e9 et d\u00e9mocratique sur l\u2019ensemble du territoire.<\/p>\n<p>Concernant les revendications des \u00e9lus locaux, Alassane Ouattara a assur\u00e9 que, les textes relatifs au transfert de comp\u00e9tences feront l\u2019objet d\u2019un examen attentif par le gouvernement, le cadre juridique du statut de l\u2019\u00e9lu local est reconnu comme une priorit\u00e9, afin de consolider le r\u00f4le institutionnel des collectivit\u00e9s territoriales.<\/p>\n<p>Il a \u00e9galement r\u00e9affirm\u00e9 la volont\u00e9 de l\u2019\u00c9tat de poursuivre la modernisation de l\u2019administration et des finances publiques, tout en renfor\u00e7ant la gouvernance locale participative et inclusive.<\/p>\n<p>Le Pr\u00e9sident de la R\u00e9publique pour finir, a invit\u00e9 l\u2019ensemble des pr\u00e9fets, pr\u00e9sidents de conseils r\u00e9gionaux et maires \u00e0 demeurer des relais efficaces de l\u2019action gouvernementale, soulignant que leur r\u00f4le est d\u00e9terminant pour la r\u00e9ussite des politiques publiques et la consolidation de la paix sociale.<\/p>\n<p>\u00ab Ensemble, poursuivons la marche de la C\u00f4te d\u2019Ivoire dans la stabilit\u00e9, la solidarit\u00e9 et le progr\u00e8s partag\u00e9 \u00bb, a-t-il d\u00e9clar\u00e9, avant d\u2019adresser \u00e0 tous ses v\u0153ux de sant\u00e9, de succ\u00e8s et de bonheur pour l\u2019ann\u00e9e 2026.<\/p>\n<p>Wassimagnon<\/p>\n","protected":false},"excerpt":{"rendered":"<p>\u00c0 l\u2019occasion de la traditionnelle c\u00e9r\u00e9monie de pr\u00e9sentation des v\u0153ux du Nouvel An au Pr\u00e9sident de la R\u00e9publique, le corps pr\u00e9fectoral, les pr\u00e9sidents des conseils r\u00e9gionaux et les maires ont exprim\u00e9, par la voix de leur porte-parole Kouadio Kouassi Eug\u00e8ne, pr\u00e9fet hors grade et pr\u00e9fet de la r\u00e9gion du Djuablin, leur attachement aux valeurs r\u00e9publicaines, [&hellip;]<\/p>\n","protected":false},"author":82,"featured_media":111894,"comment_status":"open","ping_status":"closed","sticky":false,"template":"","format":"standard","meta":{"footnotes":""},"categories":[2,10],"tags":[38,1106,14760,6572,1549,6774,3349,1105,20141],"class_list":["post-111895","post","type-post","status-publish","format-standard","has-post-thumbnail","hentry","category-politique","category-toutes-les-actualites","tag-alassane-ouattara","tag-collectivites","tag-corps-prefectoral","tag-decentralisation","tag-gouvernance","tag-locale","tag-maires","tag-territoriales","tag-voeux2026"],"yoast_head":"<!-- This site is optimized with the Yoast SEO Premium plugin v26.1 (Yoast SEO v27.0) - https:\/\/yoast.com\/product\/yoast-seo-premium-wordpress\/ -->\n<title>V\u0153ux au Pr\u00e9sident de la R\u00e9publique, l&#039;administration territoriale r\u00e9clame une d\u00e9centralisation aboutie et un statut clair de l&#039;\u00e9lu local - C\u00f4te d&#039;Ivoire<\/title>\n<meta name=\"robots\" content=\"index, follow, max-snippet:-1, max-image-preview:large, max-video-preview:-1\" \/>\n<link rel=\"canonical\" href=\"https:\/\/www.africa-press.net\/cotedivoire\/politique\/voeux-au-president-de-la-republique-ladministration-territoriale-reclame-une-decentralisation-aboutie-et-un-statut-clair-de-lelu-local\" \/>\n<meta property=\"og:locale\" content=\"fr_FR\" \/>\n<meta property=\"og:type\" content=\"article\" \/>\n<meta property=\"og:title\" content=\"V\u0153ux au Pr\u00e9sident de la R\u00e9publique, l&#039;administration territoriale r\u00e9clame une d\u00e9centralisation aboutie et un statut clair de l&#039;\u00e9lu local\" \/>\n<meta property=\"og:description\" content=\"\u00c0 l\u2019occasion de la traditionnelle c\u00e9r\u00e9monie de pr\u00e9sentation des v\u0153ux du Nouvel An au Pr\u00e9sident de la R\u00e9publique, le corps pr\u00e9fectoral, les pr\u00e9sidents des conseils r\u00e9gionaux et les maires ont exprim\u00e9, par la voix de leur porte-parole Kouadio Kouassi Eug\u00e8ne, pr\u00e9fet hors grade et pr\u00e9fet de la r\u00e9gion du Djuablin, leur attachement aux valeurs r\u00e9publicaines, [&hellip;]\" \/>\n<meta property=\"og:url\" content=\"https:\/\/www.africa-press.net\/cotedivoire\/politique\/voeux-au-president-de-la-republique-ladministration-territoriale-reclame-une-decentralisation-aboutie-et-un-statut-clair-de-lelu-local\" \/>\n<meta property=\"og:site_name\" content=\"C\u00f4te d&#039;Ivoire\" \/>\n<meta property=\"article:published_time\" content=\"2026-01-29T16:30:12+00:00\" \/>\n<meta name=\"author\" content=\"cfeditorfr\" \/>\n<meta name=\"twitter:card\" content=\"summary_large_image\" \/>\n<meta name=\"twitter:label1\" content=\"\u00c9crit par\" \/>\n\t<meta name=\"twitter:data1\" content=\"cfeditorfr\" \/>\n\t<meta name=\"twitter:label2\" content=\"Dur\u00e9e de lecture estim\u00e9e\" \/>\n\t<meta name=\"twitter:data2\" content=\"4 minutes\" \/>\n<script type=\"application\/ld+json\" class=\"yoast-schema-graph\">{\"@context\":\"https:\/\/schema.org\",\"@graph\":[{\"@type\":\"Article\",\"@id\":\"https:\/\/www.africa-press.net\/cotedivoire\/politique\/voeux-au-president-de-la-republique-ladministration-territoriale-reclame-une-decentralisation-aboutie-et-un-statut-clair-de-lelu-local#article\",\"isPartOf\":{\"@id\":\"https:\/\/www.africa-press.net\/cotedivoire\/politique\/voeux-au-president-de-la-republique-ladministration-territoriale-reclame-une-decentralisation-aboutie-et-un-statut-clair-de-lelu-local\"},\"author\":{\"name\":\"cfeditorfr\",\"@id\":\"https:\/\/www.africa-press.net\/cotedivoire\/#\/schema\/person\/2b1cf3cd81a31e3cd26889ca66d677f1\"},\"headline\":\"V\u0153ux au Pr\u00e9sident de la R\u00e9publique, l&rsquo;administration territoriale r\u00e9clame une d\u00e9centralisation aboutie et un statut clair de l&rsquo;\u00e9lu local\",\"datePublished\":\"2026-01-29T16:30:12+00:00\",\"mainEntityOfPage\":{\"@id\":\"https:\/\/www.africa-press.net\/cotedivoire\/politique\/voeux-au-president-de-la-republique-ladministration-territoriale-reclame-une-decentralisation-aboutie-et-un-statut-clair-de-lelu-local\"},\"wordCount\":803,\"commentCount\":0,\"image\":{\"@id\":\"https:\/\/www.africa-press.net\/cotedivoire\/politique\/voeux-au-president-de-la-republique-ladministration-territoriale-reclame-une-decentralisation-aboutie-et-un-statut-clair-de-lelu-local#primaryimage\"},\"thumbnailUrl\":\"https:\/\/static.africa-press.net\/cote\/sites\/43\/2026\/01\/sm_1769704212.470187.jpg\",\"keywords\":[\"Alassane Ouattara\",\"collectivit\u00e9s\",\"corps pr\u00e9fectoral\",\"d\u00e9centralisation\",\"Gouvernance\",\"locale\",\"Maires\",\"territoriales\",\"V\u0153ux2026\"],\"articleSection\":[\"Politique\",\"Toutes les actualit\u00e9s\"],\"inLanguage\":\"fr-FR\",\"potentialAction\":[{\"@type\":\"CommentAction\",\"name\":\"Comment\",\"target\":[\"https:\/\/www.africa-press.net\/cotedivoire\/politique\/voeux-au-president-de-la-republique-ladministration-territoriale-reclame-une-decentralisation-aboutie-et-un-statut-clair-de-lelu-local#respond\"]}]},{\"@type\":\"WebPage\",\"@id\":\"https:\/\/www.africa-press.net\/cotedivoire\/politique\/voeux-au-president-de-la-republique-ladministration-territoriale-reclame-une-decentralisation-aboutie-et-un-statut-clair-de-lelu-local\",\"url\":\"https:\/\/www.africa-press.net\/cotedivoire\/politique\/voeux-au-president-de-la-republique-ladministration-territoriale-reclame-une-decentralisation-aboutie-et-un-statut-clair-de-lelu-local\",\"name\":\"V\u0153ux au Pr\u00e9sident de la R\u00e9publique, l'administration territoriale r\u00e9clame une d\u00e9centralisation aboutie et un statut clair de l'\u00e9lu local - C\u00f4te d&#039;Ivoire\",\"isPartOf\":{\"@id\":\"https:\/\/www.africa-press.net\/cotedivoire\/#website\"},\"primaryImageOfPage\":{\"@id\":\"https:\/\/www.africa-press.net\/cotedivoire\/politique\/voeux-au-president-de-la-republique-ladministration-territoriale-reclame-une-decentralisation-aboutie-et-un-statut-clair-de-lelu-local#primaryimage\"},\"image\":{\"@id\":\"https:\/\/www.africa-press.net\/cotedivoire\/politique\/voeux-au-president-de-la-republique-ladministration-territoriale-reclame-une-decentralisation-aboutie-et-un-statut-clair-de-lelu-local#primaryimage\"},\"thumbnailUrl\":\"https:\/\/static.africa-press.net\/cote\/sites\/43\/2026\/01\/sm_1769704212.470187.jpg\",\"datePublished\":\"2026-01-29T16:30:12+00:00\",\"author\":{\"@id\":\"https:\/\/www.africa-press.net\/cotedivoire\/#\/schema\/person\/2b1cf3cd81a31e3cd26889ca66d677f1\"},\"breadcrumb\":{\"@id\":\"https:\/\/www.africa-press.net\/cotedivoire\/politique\/voeux-au-president-de-la-republique-ladministration-territoriale-reclame-une-decentralisation-aboutie-et-un-statut-clair-de-lelu-local#breadcrumb\"},\"inLanguage\":\"fr-FR\",\"potentialAction\":[{\"@type\":\"ReadAction\",\"target\":[\"https:\/\/www.africa-press.net\/cotedivoire\/politique\/voeux-au-president-de-la-republique-ladministration-territoriale-reclame-une-decentralisation-aboutie-et-un-statut-clair-de-lelu-local\"]}]},{\"@type\":\"ImageObject\",\"inLanguage\":\"fr-FR\",\"@id\":\"https:\/\/www.africa-press.net\/cotedivoire\/politique\/voeux-au-president-de-la-republique-ladministration-territoriale-reclame-une-decentralisation-aboutie-et-un-statut-clair-de-lelu-local#primaryimage\",\"url\":\"https:\/\/static.africa-press.net\/cote\/sites\/43\/2026\/01\/sm_1769704212.470187.jpg\",\"contentUrl\":\"https:\/\/static.africa-press.net\/cote\/sites\/43\/2026\/01\/sm_1769704212.470187.jpg\",\"width\":600,\"height\":286,\"caption\":\"V\u0153ux au Pr\u00e9sident de la R\u00e9publique, l'administration territoriale r\u00e9clame une d\u00e9centralisation aboutie et un statut clair de l'\u00e9lu local\"},{\"@type\":\"BreadcrumbList\",\"@id\":\"https:\/\/www.africa-press.net\/cotedivoire\/politique\/voeux-au-president-de-la-republique-ladministration-territoriale-reclame-une-decentralisation-aboutie-et-un-statut-clair-de-lelu-local#breadcrumb\",\"itemListElement\":[{\"@type\":\"ListItem\",\"position\":1,\"name\":\"Accueil\",\"item\":\"https:\/\/www.africa-press.net\/cotedivoire\/\"},{\"@type\":\"ListItem\",\"position\":2,\"name\":\"V\u0153ux au Pr\u00e9sident de la R\u00e9publique, l&rsquo;administration territoriale r\u00e9clame une d\u00e9centralisation aboutie et un statut clair de l&rsquo;\u00e9lu local\"}]},{\"@type\":\"WebSite\",\"@id\":\"https:\/\/www.africa-press.net\/cotedivoire\/#website\",\"url\":\"https:\/\/www.africa-press.net\/cotedivoire\/\",\"name\":\"C\u00f4te d&#039;Ivoire\",\"description\":\"Just another Africa News Agency Sites site\",\"potentialAction\":[{\"@type\":\"SearchAction\",\"target\":{\"@type\":\"EntryPoint\",\"urlTemplate\":\"https:\/\/www.africa-press.net\/cotedivoire\/?s={search_term_string}\"},\"query-input\":{\"@type\":\"PropertyValueSpecification\",\"valueRequired\":true,\"valueName\":\"search_term_string\"}}],\"inLanguage\":\"fr-FR\"},{\"@type\":\"Person\",\"@id\":\"https:\/\/www.africa-press.net\/cotedivoire\/#\/schema\/person\/2b1cf3cd81a31e3cd26889ca66d677f1\",\"name\":\"cfeditorfr\"}]}<\/script>\n<!-- \/ Yoast SEO Premium plugin. -->","yoast_head_json":{"title":"V\u0153ux au Pr\u00e9sident de la R\u00e9publique, l'administration territoriale r\u00e9clame une d\u00e9centralisation aboutie et un statut clair de l'\u00e9lu local - C\u00f4te d&#039;Ivoire","robots":{"index":"index","follow":"follow","max-snippet":"max-snippet:-1","max-image-preview":"max-image-preview:large","max-video-preview":"max-video-preview:-1"},"canonical":"https:\/\/www.africa-press.net\/cotedivoire\/politique\/voeux-au-president-de-la-republique-ladministration-territoriale-reclame-une-decentralisation-aboutie-et-un-statut-clair-de-lelu-local","og_locale":"fr_FR","og_type":"article","og_title":"V\u0153ux au Pr\u00e9sident de la R\u00e9publique, l'administration territoriale r\u00e9clame une d\u00e9centralisation aboutie et un statut clair de l'\u00e9lu local","og_description":"\u00c0 l\u2019occasion de la traditionnelle c\u00e9r\u00e9monie de pr\u00e9sentation des v\u0153ux du Nouvel An au Pr\u00e9sident de la R\u00e9publique, le corps pr\u00e9fectoral, les pr\u00e9sidents des conseils r\u00e9gionaux et les maires ont exprim\u00e9, par la voix de leur porte-parole Kouadio Kouassi Eug\u00e8ne, pr\u00e9fet hors grade et pr\u00e9fet de la r\u00e9gion du Djuablin, leur attachement aux valeurs r\u00e9publicaines, [&hellip;]","og_url":"https:\/\/www.africa-press.net\/cotedivoire\/politique\/voeux-au-president-de-la-republique-ladministration-territoriale-reclame-une-decentralisation-aboutie-et-un-statut-clair-de-lelu-local","og_site_name":"C\u00f4te d&#039;Ivoire","article_published_time":"2026-01-29T16:30:12+00:00","author":"cfeditorfr","twitter_card":"summary_large_image","twitter_misc":{"\u00c9crit par":"cfeditorfr","Dur\u00e9e de lecture estim\u00e9e":"4 minutes"},"schema":{"@context":"https:\/\/schema.org","@graph":[{"@type":"Article","@id":"https:\/\/www.africa-press.net\/cotedivoire\/politique\/voeux-au-president-de-la-republique-ladministration-territoriale-reclame-une-decentralisation-aboutie-et-un-statut-clair-de-lelu-local#article","isPartOf":{"@id":"https:\/\/www.africa-press.net\/cotedivoire\/politique\/voeux-au-president-de-la-republique-ladministration-territoriale-reclame-une-decentralisation-aboutie-et-un-statut-clair-de-lelu-local"},"author":{"name":"cfeditorfr","@id":"https:\/\/www.africa-press.net\/cotedivoire\/#\/schema\/person\/2b1cf3cd81a31e3cd26889ca66d677f1"},"headline":"V\u0153ux au Pr\u00e9sident de la R\u00e9publique, l&rsquo;administration territoriale r\u00e9clame une d\u00e9centralisation aboutie et un statut clair de l&rsquo;\u00e9lu local","datePublished":"2026-01-29T16:30:12+00:00","mainEntityOfPage":{"@id":"https:\/\/www.africa-press.net\/cotedivoire\/politique\/voeux-au-president-de-la-republique-ladministration-territoriale-reclame-une-decentralisation-aboutie-et-un-statut-clair-de-lelu-local"},"wordCount":803,"commentCount":0,"image":{"@id":"https:\/\/www.africa-press.net\/cotedivoire\/politique\/voeux-au-president-de-la-republique-ladministration-territoriale-reclame-une-decentralisation-aboutie-et-un-statut-clair-de-lelu-local#primaryimage"},"thumbnailUrl":"https:\/\/static.africa-press.net\/cote\/sites\/43\/2026\/01\/sm_1769704212.470187.jpg","keywords":["Alassane Ouattara","collectivit\u00e9s","corps pr\u00e9fectoral","d\u00e9centralisation","Gouvernance","locale","Maires","territoriales","V\u0153ux2026"],"articleSection":["Politique","Toutes les actualit\u00e9s"],"inLanguage":"fr-FR","potentialAction":[{"@type":"CommentAction","name":"Comment","target":["https:\/\/www.africa-press.net\/cotedivoire\/politique\/voeux-au-president-de-la-republique-ladministration-territoriale-reclame-une-decentralisation-aboutie-et-un-statut-clair-de-lelu-local#respond"]}]},{"@type":"WebPage","@id":"https:\/\/www.africa-press.net\/cotedivoire\/politique\/voeux-au-president-de-la-republique-ladministration-territoriale-reclame-une-decentralisation-aboutie-et-un-statut-clair-de-lelu-local","url":"https:\/\/www.africa-press.net\/cotedivoire\/politique\/voeux-au-president-de-la-republique-ladministration-territoriale-reclame-une-decentralisation-aboutie-et-un-statut-clair-de-lelu-local","name":"V\u0153ux au Pr\u00e9sident de la R\u00e9publique, l'administration territoriale r\u00e9clame une d\u00e9centralisation aboutie et un statut clair de l'\u00e9lu local - C\u00f4te d&#039;Ivoire","isPartOf":{"@id":"https:\/\/www.africa-press.net\/cotedivoire\/#website"},"primaryImageOfPage":{"@id":"https:\/\/www.africa-press.net\/cotedivoire\/politique\/voeux-au-president-de-la-republique-ladministration-territoriale-reclame-une-decentralisation-aboutie-et-un-statut-clair-de-lelu-local#primaryimage"},"image":{"@id":"https:\/\/www.africa-press.net\/cotedivoire\/politique\/voeux-au-president-de-la-republique-ladministration-territoriale-reclame-une-decentralisation-aboutie-et-un-statut-clair-de-lelu-local#primaryimage"},"thumbnailUrl":"https:\/\/static.africa-press.net\/cote\/sites\/43\/2026\/01\/sm_1769704212.470187.jpg","datePublished":"2026-01-29T16:30:12+00:00","author":{"@id":"https:\/\/www.africa-press.net\/cotedivoire\/#\/schema\/person\/2b1cf3cd81a31e3cd26889ca66d677f1"},"breadcrumb":{"@id":"https:\/\/www.africa-press.net\/cotedivoire\/politique\/voeux-au-president-de-la-republique-ladministration-territoriale-reclame-une-decentralisation-aboutie-et-un-statut-clair-de-lelu-local#breadcrumb"},"inLanguage":"fr-FR","potentialAction":[{"@type":"ReadAction","target":["https:\/\/www.africa-press.net\/cotedivoire\/politique\/voeux-au-president-de-la-republique-ladministration-territoriale-reclame-une-decentralisation-aboutie-et-un-statut-clair-de-lelu-local"]}]},{"@type":"ImageObject","inLanguage":"fr-FR","@id":"https:\/\/www.africa-press.net\/cotedivoire\/politique\/voeux-au-president-de-la-republique-ladministration-territoriale-reclame-une-decentralisation-aboutie-et-un-statut-clair-de-lelu-local#primaryimage","url":"https:\/\/static.africa-press.net\/cote\/sites\/43\/2026\/01\/sm_1769704212.470187.jpg","contentUrl":"https:\/\/static.africa-press.net\/cote\/sites\/43\/2026\/01\/sm_1769704212.470187.jpg","width":600,"height":286,"caption":"V\u0153ux au Pr\u00e9sident de la R\u00e9publique, l'administration territoriale r\u00e9clame une d\u00e9centralisation aboutie et un statut clair de l'\u00e9lu local"},{"@type":"BreadcrumbList","@id":"https:\/\/www.africa-press.net\/cotedivoire\/politique\/voeux-au-president-de-la-republique-ladministration-territoriale-reclame-une-decentralisation-aboutie-et-un-statut-clair-de-lelu-local#breadcrumb","itemListElement":[{"@type":"ListItem","position":1,"name":"Accueil","item":"https:\/\/www.africa-press.net\/cotedivoire\/"},{"@type":"ListItem","position":2,"name":"V\u0153ux au Pr\u00e9sident de la R\u00e9publique, l&rsquo;administration territoriale r\u00e9clame une d\u00e9centralisation aboutie et un statut clair de l&rsquo;\u00e9lu local"}]},{"@type":"WebSite","@id":"https:\/\/www.africa-press.net\/cotedivoire\/#website","url":"https:\/\/www.africa-press.net\/cotedivoire\/","name":"C\u00f4te d&#039;Ivoire","description":"Just another Africa News Agency Sites site","potentialAction":[{"@type":"SearchAction","target":{"@type":"EntryPoint","urlTemplate":"https:\/\/www.africa-press.net\/cotedivoire\/?s={search_term_string}"},"query-input":{"@type":"PropertyValueSpecification","valueRequired":true,"valueName":"search_term_string"}}],"inLanguage":"fr-FR"},{"@type":"Person","@id":"https:\/\/www.africa-press.net\/cotedivoire\/#\/schema\/person\/2b1cf3cd81a31e3cd26889ca66d677f1","name":"cfeditorfr"}]}},"_links":{"self":[{"href":"https:\/\/www.africa-press.net\/cotedivoire\/wp-json\/wp\/v2\/posts\/111895","targetHints":{"allow":["GET"]}}],"collection":[{"href":"https:\/\/www.africa-press.net\/cotedivoire\/wp-json\/wp\/v2\/posts"}],"about":[{"href":"https:\/\/www.africa-press.net\/cotedivoire\/wp-json\/wp\/v2\/types\/post"}],"author":[{"embeddable":true,"href":"https:\/\/www.africa-press.net\/cotedivoire\/wp-json\/wp\/v2\/users\/82"}],"replies":[{"embeddable":true,"href":"https:\/\/www.africa-press.net\/cotedivoire\/wp-json\/wp\/v2\/comments?post=111895"}],"version-history":[{"count":0,"href":"https:\/\/www.africa-press.net\/cotedivoire\/wp-json\/wp\/v2\/posts\/111895\/revisions"}],"wp:featuredmedia":[{"embeddable":true,"href":"https:\/\/www.africa-press.net\/cotedivoire\/wp-json\/wp\/v2\/media\/111894"}],"wp:attachment":[{"href":"https:\/\/www.africa-press.net\/cotedivoire\/wp-json\/wp\/v2\/media?parent=111895"}],"wp:term":[{"taxonomy":"category","embeddable":true,"href":"https:\/\/www.africa-press.net\/cotedivoire\/wp-json\/wp\/v2\/categories?post=111895"},{"taxonomy":"post_tag","embeddable":true,"href":"https:\/\/www.africa-press.net\/cotedivoire\/wp-json\/wp\/v2\/tags?post=111895"}],"curies":[{"name":"wp","href":"https:\/\/api.w.org\/{rel}","templated":true}]}}