{"id":111899,"date":"2026-01-29T16:31:03","date_gmt":"2026-01-29T16:31:03","guid":{"rendered":"https:\/\/www.africa-press.net\/cotedivoire\/politique\/securite-nationale-alassane-ouattara-salue-la-montee-en-puissance-des-forces-armees-et-reaffirme-son-soutien-a-une-defense-souveraine-et-moderne"},"modified":"2026-01-29T16:31:03","modified_gmt":"2026-01-29T16:31:03","slug":"securite-nationale-alassane-ouattara-salue-la-montee-en-puissance-des-forces-armees-et-reaffirme-son-soutien-a-une-defense-souveraine-et-moderne","status":"publish","type":"post","link":"https:\/\/www.africa-press.net\/cotedivoire\/politique\/securite-nationale-alassane-ouattara-salue-la-montee-en-puissance-des-forces-armees-et-reaffirme-son-soutien-a-une-defense-souveraine-et-moderne","title":{"rendered":"S\u00e9curit\u00e9 nationale, Alassane Ouattara salue la mont\u00e9e en puissance des forces arm\u00e9es et r\u00e9affirme son soutien \u00e0 une d\u00e9fense souveraine et moderne"},"content":{"rendered":"<p>\u00c0 l\u2019occasion de la traditionnelle c\u00e9r\u00e9monie de pr\u00e9sentation des v\u0153ux des Forces de d\u00e9fense et de s\u00e9curit\u00e9 (FDS) au Pr\u00e9sident de la R\u00e9publique, Chef supr\u00eame des arm\u00e9es, le g\u00e9n\u00e9ral d\u2019arm\u00e9e Lacina Doumbia, chef d\u2019\u00e9tat-major g\u00e9n\u00e9ral des arm\u00e9es, a livr\u00e9 une adresse dense et strat\u00e9gique, marqu\u00e9e par un engagement sans faille des forces arm\u00e9es en faveur de la R\u00e9publique. En retour, le Pr\u00e9sident Alassane Ouattara a salu\u00e9 les performances, la loyaut\u00e9 et le professionnalisme des FDS, tout en r\u00e9affirmant sa volont\u00e9 de poursuivre la modernisation de l\u2019appareil s\u00e9curitaire ivoirien.<\/p>\n<p>Au nom des arm\u00e9es, de la Gendarmerie nationale, de la Police nationale, des Douanes ivoiriennes, des Eaux et For\u00eats et des Affaires maritimes, le g\u00e9n\u00e9ral Lacina Doumbia a pr\u00e9sent\u00e9 au Chef de l\u2019\u00c9tat ses v\u0153ux de sant\u00e9, de long\u00e9vit\u00e9, de paix et de succ\u00e8s pour l\u2019ann\u00e9e 2026, les \u00e9tendant \u00e0 la Premi\u00e8re Dame, aux institutions de la R\u00e9publique et \u00e0 l\u2019ensemble du gouvernement.<\/p>\n<p>Il a rappel\u00e9 que cette c\u00e9r\u00e9monie s\u2019inscrivait \u00e0 la fois dans le respect des traditions r\u00e9publicaines et dans la continuit\u00e9 du lien hi\u00e9rarchique et institutionnel entre les forces arm\u00e9es et le Chef supr\u00eame des arm\u00e9es.<\/p>\n<p>Le chef d\u2019\u00e9tat-major g\u00e9n\u00e9ral des arm\u00e9es a exprim\u00e9 la profonde gratitude des forces de d\u00e9fense et de s\u00e9curit\u00e9 pour les nombreuses promotions, nominations et d\u00e9corations accord\u00e9es en 2025, qualifi\u00e9e d\u2019\u00ab ann\u00e9e exceptionnelle \u00bb. Il a notamment soulign\u00e9 sa promotion historique au rang de g\u00e9n\u00e9ral d\u2019arm\u00e9e, une premi\u00e8re dans l\u2019histoire militaire ivoirienne, qu\u2019il a interpr\u00e9t\u00e9e comme une marque de confiance mais aussi comme une responsabilit\u00e9 accrue.<\/p>\n<p>\u00ab Nous recevons ces distinctions comme un encouragement \u00e0 davantage de professionnalisme et d\u2019ardeur au service de la C\u00f4te d\u2019Ivoire \u00bb, a-t-il d\u00e9clar\u00e9.<\/p>\n<p>Le g\u00e9n\u00e9ral Lacina Doumbia a dress\u00e9 un tableau d\u00e9taill\u00e9 des actions men\u00e9es en 2025, dans un contexte marqu\u00e9 par l\u2019instabilit\u00e9 r\u00e9gionale, les menaces transfrontali\u00e8res, les mutations g\u00e9ostrat\u00e9giques et les \u00e9ch\u00e9ances \u00e9lectorales nationales.<\/p>\n<p>Les forces arm\u00e9es ivoiriennes ont notamment, r\u00e9ajust\u00e9 leurs partenariats militaires strat\u00e9giques, avec la r\u00e9duction du dispositif fran\u00e7ais et l\u2019ouverture \u00e0 de nouveaux partenaires, renforc\u00e9 la surveillance des fronti\u00e8res et investi les nouveaux espaces de conflictualit\u00e9, notamment le cyberespace et le champ informationnel, modernis\u00e9 leurs capacit\u00e9s gr\u00e2ce \u00e0 l\u2019acquisition d\u2019\u00e9quipements technologiques avanc\u00e9s et \u00e0 la mont\u00e9e en comp\u00e9tence des \u00e9coles et centres de formation militaires.<\/p>\n<p>Le chef d\u2019\u00e9tat-major a salu\u00e9 l\u2019action de la Gendarmerie nationale dans la lutte contre le grand banditisme et l\u2019orpaillage ill\u00e9gal, les efforts de la Police nationale \u00e0 travers la police de proximit\u00e9 et la s\u00e9curisation des personnes et des biens, la modernisation des Douanes ivoiriennes, ayant abouti \u00e0 la certification ISO 9001 version 2015, l\u2019engagement des Eaux et For\u00eats dans la reconstitution du couvert forestier \u00e0 l\u2019horizon 2030 et les performances des Affaires maritimes dans la s\u00e9curisation des espaces portuaires et lagunaires.<\/p>\n<p>Au-del\u00e0 du bilan, le g\u00e9n\u00e9ral Lacina Doumbia a plaid\u00e9 pour le renforcement de l\u2019esprit de d\u00e9fense au sein de la population, notamment chez les jeunes, la poursuite de la modernisation technologique et juridique des forces, une vigilance op\u00e9rationnelle accrue face aux menaces futures.<\/p>\n<p>Il a r\u00e9affirm\u00e9 l\u2019engagement ind\u00e9fectible des forces arm\u00e9es \u00e0 demeurer le rempart de la R\u00e9publique, rendant un hommage appuy\u00e9 aux soldats tomb\u00e9s au champ d\u2019honneur et \u00e0 ceux engag\u00e9s sur les th\u00e9\u00e2tres d\u2019op\u00e9rations int\u00e9rieurs et ext\u00e9rieurs.<\/p>\n<p>Prenant la parole, le Pr\u00e9sident de la R\u00e9publique a exprim\u00e9 sa satisfaction face au professionnalisme et \u00e0 la discipline des forces de d\u00e9fense et de s\u00e9curit\u00e9. Il a salu\u00e9 la transformation profonde de l\u2019arm\u00e9e ivoirienne, restaur\u00e9e dans sa cr\u00e9dibilit\u00e9 et sa relation de confiance avec la population.<\/p>\n<p>Le Chef de l\u2019\u00c9tat a assur\u00e9 que les efforts se poursuivraient pour am\u00e9liorer les conditions de travail des forces, consolider les capacit\u00e9s op\u00e9rationnelles et maintenir un appareil s\u00e9curitaire fort, souverain et cr\u00e9dible.<\/p>\n<p>Il a \u00e9galement f\u00e9licit\u00e9 les forces pour la s\u00e9curisation r\u00e9ussie des \u00e9lections de 2025 et pour leur contribution \u00e0 la stabilit\u00e9 nationale et r\u00e9gionale.<\/p>\n<p>Saluant l\u2019initiative visant \u00e0 promouvoir l\u2019esprit de d\u00e9fense et le civisme, Alassane Ouattara a rappel\u00e9 que la jeunesse demeure au c\u0153ur des politiques publiques, appelant les forces \u00e0 accompagner cette dynamique de formation citoyenne.<\/p>\n<p>En somme, le Pr\u00e9sident de la R\u00e9publique a r\u00e9it\u00e9r\u00e9 sa confiance et son soutien aux forces de d\u00e9fense et de s\u00e9curit\u00e9, les exhortant \u00e0 maintenir leur posture de loyaut\u00e9, de vigilance et de professionnalisme pour garantir la paix, la stabilit\u00e9 et le rayonnement de la C\u00f4te d\u2019Ivoire.<\/p>\n<p>Wassimagnon<\/p>\n","protected":false},"excerpt":{"rendered":"<p>\u00c0 l\u2019occasion de la traditionnelle c\u00e9r\u00e9monie de pr\u00e9sentation des v\u0153ux des Forces de d\u00e9fense et de s\u00e9curit\u00e9 (FDS) au Pr\u00e9sident de la R\u00e9publique, Chef supr\u00eame des arm\u00e9es, le g\u00e9n\u00e9ral d\u2019arm\u00e9e Lacina Doumbia, chef d\u2019\u00e9tat-major g\u00e9n\u00e9ral des arm\u00e9es, a livr\u00e9 une adresse dense et strat\u00e9gique, marqu\u00e9e par un engagement sans faille des forces arm\u00e9es en faveur [&hellip;]<\/p>\n","protected":false},"author":82,"featured_media":111898,"comment_status":"open","ping_status":"closed","sticky":false,"template":"","format":"standard","meta":{"footnotes":""},"categories":[2,20,10],"tags":[38,3754,649,3085,19936,305,600,3109,9649,20167],"class_list":["post-111899","post","type-post","status-publish","format-standard","has-post-thumbnail","hentry","category-politique","category-top-nouvelles","category-toutes-les-actualites","tag-alassane-ouattara","tag-armee-ivoirienne","tag-defense","tag-forces","tag-lacina-doumbia","tag-nationale","tag-paix","tag-securite-2","tag-stabilite","tag-voeux-2026"],"yoast_head":"<!-- This site is optimized with the Yoast SEO Premium plugin v26.1 (Yoast SEO v27.0) - https:\/\/yoast.com\/product\/yoast-seo-premium-wordpress\/ -->\n<title>S\u00e9curit\u00e9 nationale, Alassane Ouattara salue la mont\u00e9e en puissance des forces arm\u00e9es et r\u00e9affirme son soutien \u00e0 une d\u00e9fense souveraine et moderne - C\u00f4te d&#039;Ivoire<\/title>\n<meta name=\"robots\" content=\"index, follow, max-snippet:-1, max-image-preview:large, max-video-preview:-1\" \/>\n<link rel=\"canonical\" href=\"https:\/\/www.africa-press.net\/cotedivoire\/politique\/securite-nationale-alassane-ouattara-salue-la-montee-en-puissance-des-forces-armees-et-reaffirme-son-soutien-a-une-defense-souveraine-et-moderne\" \/>\n<meta property=\"og:locale\" content=\"fr_FR\" \/>\n<meta property=\"og:type\" content=\"article\" \/>\n<meta property=\"og:title\" content=\"S\u00e9curit\u00e9 nationale, Alassane Ouattara salue la mont\u00e9e en puissance des forces arm\u00e9es et r\u00e9affirme son soutien \u00e0 une d\u00e9fense souveraine et moderne\" \/>\n<meta property=\"og:description\" content=\"\u00c0 l\u2019occasion de la traditionnelle c\u00e9r\u00e9monie de pr\u00e9sentation des v\u0153ux des Forces de d\u00e9fense et de s\u00e9curit\u00e9 (FDS) au Pr\u00e9sident de la R\u00e9publique, Chef supr\u00eame des arm\u00e9es, le g\u00e9n\u00e9ral d\u2019arm\u00e9e Lacina Doumbia, chef d\u2019\u00e9tat-major g\u00e9n\u00e9ral des arm\u00e9es, a livr\u00e9 une adresse dense et strat\u00e9gique, marqu\u00e9e par un engagement sans faille des forces arm\u00e9es en faveur [&hellip;]\" \/>\n<meta property=\"og:url\" content=\"https:\/\/www.africa-press.net\/cotedivoire\/politique\/securite-nationale-alassane-ouattara-salue-la-montee-en-puissance-des-forces-armees-et-reaffirme-son-soutien-a-une-defense-souveraine-et-moderne\" \/>\n<meta property=\"og:site_name\" content=\"C\u00f4te d&#039;Ivoire\" \/>\n<meta property=\"article:published_time\" content=\"2026-01-29T16:31:03+00:00\" \/>\n<meta name=\"author\" content=\"cfeditorfr\" \/>\n<meta name=\"twitter:card\" content=\"summary_large_image\" \/>\n<meta name=\"twitter:label1\" content=\"\u00c9crit par\" \/>\n\t<meta name=\"twitter:data1\" content=\"cfeditorfr\" \/>\n\t<meta name=\"twitter:label2\" content=\"Dur\u00e9e de lecture estim\u00e9e\" \/>\n\t<meta name=\"twitter:data2\" content=\"4 minutes\" \/>\n<script type=\"application\/ld+json\" class=\"yoast-schema-graph\">{\"@context\":\"https:\/\/schema.org\",\"@graph\":[{\"@type\":\"Article\",\"@id\":\"https:\/\/www.africa-press.net\/cotedivoire\/politique\/securite-nationale-alassane-ouattara-salue-la-montee-en-puissance-des-forces-armees-et-reaffirme-son-soutien-a-une-defense-souveraine-et-moderne#article\",\"isPartOf\":{\"@id\":\"https:\/\/www.africa-press.net\/cotedivoire\/politique\/securite-nationale-alassane-ouattara-salue-la-montee-en-puissance-des-forces-armees-et-reaffirme-son-soutien-a-une-defense-souveraine-et-moderne\"},\"author\":{\"name\":\"cfeditorfr\",\"@id\":\"https:\/\/www.africa-press.net\/cotedivoire\/#\/schema\/person\/2b1cf3cd81a31e3cd26889ca66d677f1\"},\"headline\":\"S\u00e9curit\u00e9 nationale, Alassane Ouattara salue la mont\u00e9e en puissance des forces arm\u00e9es et r\u00e9affirme son soutien \u00e0 une d\u00e9fense souveraine et moderne\",\"datePublished\":\"2026-01-29T16:31:03+00:00\",\"mainEntityOfPage\":{\"@id\":\"https:\/\/www.africa-press.net\/cotedivoire\/politique\/securite-nationale-alassane-ouattara-salue-la-montee-en-puissance-des-forces-armees-et-reaffirme-son-soutien-a-une-defense-souveraine-et-moderne\"},\"wordCount\":867,\"commentCount\":0,\"image\":{\"@id\":\"https:\/\/www.africa-press.net\/cotedivoire\/politique\/securite-nationale-alassane-ouattara-salue-la-montee-en-puissance-des-forces-armees-et-reaffirme-son-soutien-a-une-defense-souveraine-et-moderne#primaryimage\"},\"thumbnailUrl\":\"https:\/\/static.africa-press.net\/cote\/sites\/43\/2026\/01\/sm_1769704263.841687.jpg\",\"keywords\":[\"Alassane Ouattara\",\"arm\u00e9e ivoirienne\",\"D\u00e9fense\",\"forces\",\"Lacina Doumbia\",\"nationale\",\"paix\",\"S\u00e9curit\u00e9\",\"stabilit\u00e9\",\"V\u0153ux 2026\"],\"articleSection\":[\"Politique\",\"Top Nouvelles\",\"Toutes les actualit\u00e9s\"],\"inLanguage\":\"fr-FR\",\"potentialAction\":[{\"@type\":\"CommentAction\",\"name\":\"Comment\",\"target\":[\"https:\/\/www.africa-press.net\/cotedivoire\/politique\/securite-nationale-alassane-ouattara-salue-la-montee-en-puissance-des-forces-armees-et-reaffirme-son-soutien-a-une-defense-souveraine-et-moderne#respond\"]}]},{\"@type\":\"WebPage\",\"@id\":\"https:\/\/www.africa-press.net\/cotedivoire\/politique\/securite-nationale-alassane-ouattara-salue-la-montee-en-puissance-des-forces-armees-et-reaffirme-son-soutien-a-une-defense-souveraine-et-moderne\",\"url\":\"https:\/\/www.africa-press.net\/cotedivoire\/politique\/securite-nationale-alassane-ouattara-salue-la-montee-en-puissance-des-forces-armees-et-reaffirme-son-soutien-a-une-defense-souveraine-et-moderne\",\"name\":\"S\u00e9curit\u00e9 nationale, Alassane Ouattara salue la mont\u00e9e en puissance des forces arm\u00e9es et r\u00e9affirme son soutien \u00e0 une d\u00e9fense souveraine et moderne - C\u00f4te d&#039;Ivoire\",\"isPartOf\":{\"@id\":\"https:\/\/www.africa-press.net\/cotedivoire\/#website\"},\"primaryImageOfPage\":{\"@id\":\"https:\/\/www.africa-press.net\/cotedivoire\/politique\/securite-nationale-alassane-ouattara-salue-la-montee-en-puissance-des-forces-armees-et-reaffirme-son-soutien-a-une-defense-souveraine-et-moderne#primaryimage\"},\"image\":{\"@id\":\"https:\/\/www.africa-press.net\/cotedivoire\/politique\/securite-nationale-alassane-ouattara-salue-la-montee-en-puissance-des-forces-armees-et-reaffirme-son-soutien-a-une-defense-souveraine-et-moderne#primaryimage\"},\"thumbnailUrl\":\"https:\/\/static.africa-press.net\/cote\/sites\/43\/2026\/01\/sm_1769704263.841687.jpg\",\"datePublished\":\"2026-01-29T16:31:03+00:00\",\"author\":{\"@id\":\"https:\/\/www.africa-press.net\/cotedivoire\/#\/schema\/person\/2b1cf3cd81a31e3cd26889ca66d677f1\"},\"breadcrumb\":{\"@id\":\"https:\/\/www.africa-press.net\/cotedivoire\/politique\/securite-nationale-alassane-ouattara-salue-la-montee-en-puissance-des-forces-armees-et-reaffirme-son-soutien-a-une-defense-souveraine-et-moderne#breadcrumb\"},\"inLanguage\":\"fr-FR\",\"potentialAction\":[{\"@type\":\"ReadAction\",\"target\":[\"https:\/\/www.africa-press.net\/cotedivoire\/politique\/securite-nationale-alassane-ouattara-salue-la-montee-en-puissance-des-forces-armees-et-reaffirme-son-soutien-a-une-defense-souveraine-et-moderne\"]}]},{\"@type\":\"ImageObject\",\"inLanguage\":\"fr-FR\",\"@id\":\"https:\/\/www.africa-press.net\/cotedivoire\/politique\/securite-nationale-alassane-ouattara-salue-la-montee-en-puissance-des-forces-armees-et-reaffirme-son-soutien-a-une-defense-souveraine-et-moderne#primaryimage\",\"url\":\"https:\/\/static.africa-press.net\/cote\/sites\/43\/2026\/01\/sm_1769704263.841687.jpg\",\"contentUrl\":\"https:\/\/static.africa-press.net\/cote\/sites\/43\/2026\/01\/sm_1769704263.841687.jpg\",\"width\":600,\"height\":287,\"caption\":\"S\u00e9curit\u00e9 nationale, Alassane Ouattara salue la mont\u00e9e en puissance des forces arm\u00e9es et r\u00e9affirme son soutien \u00e0 une d\u00e9fense souveraine et moderne\"},{\"@type\":\"BreadcrumbList\",\"@id\":\"https:\/\/www.africa-press.net\/cotedivoire\/politique\/securite-nationale-alassane-ouattara-salue-la-montee-en-puissance-des-forces-armees-et-reaffirme-son-soutien-a-une-defense-souveraine-et-moderne#breadcrumb\",\"itemListElement\":[{\"@type\":\"ListItem\",\"position\":1,\"name\":\"Accueil\",\"item\":\"https:\/\/www.africa-press.net\/cotedivoire\/\"},{\"@type\":\"ListItem\",\"position\":2,\"name\":\"S\u00e9curit\u00e9 nationale, Alassane Ouattara salue la mont\u00e9e en puissance des forces arm\u00e9es et r\u00e9affirme son soutien \u00e0 une d\u00e9fense souveraine et moderne\"}]},{\"@type\":\"WebSite\",\"@id\":\"https:\/\/www.africa-press.net\/cotedivoire\/#website\",\"url\":\"https:\/\/www.africa-press.net\/cotedivoire\/\",\"name\":\"C\u00f4te d&#039;Ivoire\",\"description\":\"Just another Africa News Agency Sites site\",\"potentialAction\":[{\"@type\":\"SearchAction\",\"target\":{\"@type\":\"EntryPoint\",\"urlTemplate\":\"https:\/\/www.africa-press.net\/cotedivoire\/?s={search_term_string}\"},\"query-input\":{\"@type\":\"PropertyValueSpecification\",\"valueRequired\":true,\"valueName\":\"search_term_string\"}}],\"inLanguage\":\"fr-FR\"},{\"@type\":\"Person\",\"@id\":\"https:\/\/www.africa-press.net\/cotedivoire\/#\/schema\/person\/2b1cf3cd81a31e3cd26889ca66d677f1\",\"name\":\"cfeditorfr\"}]}<\/script>\n<!-- \/ Yoast SEO Premium plugin. -->","yoast_head_json":{"title":"S\u00e9curit\u00e9 nationale, Alassane Ouattara salue la mont\u00e9e en puissance des forces arm\u00e9es et r\u00e9affirme son soutien \u00e0 une d\u00e9fense souveraine et moderne - C\u00f4te d&#039;Ivoire","robots":{"index":"index","follow":"follow","max-snippet":"max-snippet:-1","max-image-preview":"max-image-preview:large","max-video-preview":"max-video-preview:-1"},"canonical":"https:\/\/www.africa-press.net\/cotedivoire\/politique\/securite-nationale-alassane-ouattara-salue-la-montee-en-puissance-des-forces-armees-et-reaffirme-son-soutien-a-une-defense-souveraine-et-moderne","og_locale":"fr_FR","og_type":"article","og_title":"S\u00e9curit\u00e9 nationale, Alassane Ouattara salue la mont\u00e9e en puissance des forces arm\u00e9es et r\u00e9affirme son soutien \u00e0 une d\u00e9fense souveraine et moderne","og_description":"\u00c0 l\u2019occasion de la traditionnelle c\u00e9r\u00e9monie de pr\u00e9sentation des v\u0153ux des Forces de d\u00e9fense et de s\u00e9curit\u00e9 (FDS) au Pr\u00e9sident de la R\u00e9publique, Chef supr\u00eame des arm\u00e9es, le g\u00e9n\u00e9ral d\u2019arm\u00e9e Lacina Doumbia, chef d\u2019\u00e9tat-major g\u00e9n\u00e9ral des arm\u00e9es, a livr\u00e9 une adresse dense et strat\u00e9gique, marqu\u00e9e par un engagement sans faille des forces arm\u00e9es en faveur [&hellip;]","og_url":"https:\/\/www.africa-press.net\/cotedivoire\/politique\/securite-nationale-alassane-ouattara-salue-la-montee-en-puissance-des-forces-armees-et-reaffirme-son-soutien-a-une-defense-souveraine-et-moderne","og_site_name":"C\u00f4te d&#039;Ivoire","article_published_time":"2026-01-29T16:31:03+00:00","author":"cfeditorfr","twitter_card":"summary_large_image","twitter_misc":{"\u00c9crit par":"cfeditorfr","Dur\u00e9e de lecture estim\u00e9e":"4 minutes"},"schema":{"@context":"https:\/\/schema.org","@graph":[{"@type":"Article","@id":"https:\/\/www.africa-press.net\/cotedivoire\/politique\/securite-nationale-alassane-ouattara-salue-la-montee-en-puissance-des-forces-armees-et-reaffirme-son-soutien-a-une-defense-souveraine-et-moderne#article","isPartOf":{"@id":"https:\/\/www.africa-press.net\/cotedivoire\/politique\/securite-nationale-alassane-ouattara-salue-la-montee-en-puissance-des-forces-armees-et-reaffirme-son-soutien-a-une-defense-souveraine-et-moderne"},"author":{"name":"cfeditorfr","@id":"https:\/\/www.africa-press.net\/cotedivoire\/#\/schema\/person\/2b1cf3cd81a31e3cd26889ca66d677f1"},"headline":"S\u00e9curit\u00e9 nationale, Alassane Ouattara salue la mont\u00e9e en puissance des forces arm\u00e9es et r\u00e9affirme son soutien \u00e0 une d\u00e9fense souveraine et moderne","datePublished":"2026-01-29T16:31:03+00:00","mainEntityOfPage":{"@id":"https:\/\/www.africa-press.net\/cotedivoire\/politique\/securite-nationale-alassane-ouattara-salue-la-montee-en-puissance-des-forces-armees-et-reaffirme-son-soutien-a-une-defense-souveraine-et-moderne"},"wordCount":867,"commentCount":0,"image":{"@id":"https:\/\/www.africa-press.net\/cotedivoire\/politique\/securite-nationale-alassane-ouattara-salue-la-montee-en-puissance-des-forces-armees-et-reaffirme-son-soutien-a-une-defense-souveraine-et-moderne#primaryimage"},"thumbnailUrl":"https:\/\/static.africa-press.net\/cote\/sites\/43\/2026\/01\/sm_1769704263.841687.jpg","keywords":["Alassane Ouattara","arm\u00e9e ivoirienne","D\u00e9fense","forces","Lacina Doumbia","nationale","paix","S\u00e9curit\u00e9","stabilit\u00e9","V\u0153ux 2026"],"articleSection":["Politique","Top Nouvelles","Toutes les actualit\u00e9s"],"inLanguage":"fr-FR","potentialAction":[{"@type":"CommentAction","name":"Comment","target":["https:\/\/www.africa-press.net\/cotedivoire\/politique\/securite-nationale-alassane-ouattara-salue-la-montee-en-puissance-des-forces-armees-et-reaffirme-son-soutien-a-une-defense-souveraine-et-moderne#respond"]}]},{"@type":"WebPage","@id":"https:\/\/www.africa-press.net\/cotedivoire\/politique\/securite-nationale-alassane-ouattara-salue-la-montee-en-puissance-des-forces-armees-et-reaffirme-son-soutien-a-une-defense-souveraine-et-moderne","url":"https:\/\/www.africa-press.net\/cotedivoire\/politique\/securite-nationale-alassane-ouattara-salue-la-montee-en-puissance-des-forces-armees-et-reaffirme-son-soutien-a-une-defense-souveraine-et-moderne","name":"S\u00e9curit\u00e9 nationale, Alassane Ouattara salue la mont\u00e9e en puissance des forces arm\u00e9es et r\u00e9affirme son soutien \u00e0 une d\u00e9fense souveraine et moderne - C\u00f4te d&#039;Ivoire","isPartOf":{"@id":"https:\/\/www.africa-press.net\/cotedivoire\/#website"},"primaryImageOfPage":{"@id":"https:\/\/www.africa-press.net\/cotedivoire\/politique\/securite-nationale-alassane-ouattara-salue-la-montee-en-puissance-des-forces-armees-et-reaffirme-son-soutien-a-une-defense-souveraine-et-moderne#primaryimage"},"image":{"@id":"https:\/\/www.africa-press.net\/cotedivoire\/politique\/securite-nationale-alassane-ouattara-salue-la-montee-en-puissance-des-forces-armees-et-reaffirme-son-soutien-a-une-defense-souveraine-et-moderne#primaryimage"},"thumbnailUrl":"https:\/\/static.africa-press.net\/cote\/sites\/43\/2026\/01\/sm_1769704263.841687.jpg","datePublished":"2026-01-29T16:31:03+00:00","author":{"@id":"https:\/\/www.africa-press.net\/cotedivoire\/#\/schema\/person\/2b1cf3cd81a31e3cd26889ca66d677f1"},"breadcrumb":{"@id":"https:\/\/www.africa-press.net\/cotedivoire\/politique\/securite-nationale-alassane-ouattara-salue-la-montee-en-puissance-des-forces-armees-et-reaffirme-son-soutien-a-une-defense-souveraine-et-moderne#breadcrumb"},"inLanguage":"fr-FR","potentialAction":[{"@type":"ReadAction","target":["https:\/\/www.africa-press.net\/cotedivoire\/politique\/securite-nationale-alassane-ouattara-salue-la-montee-en-puissance-des-forces-armees-et-reaffirme-son-soutien-a-une-defense-souveraine-et-moderne"]}]},{"@type":"ImageObject","inLanguage":"fr-FR","@id":"https:\/\/www.africa-press.net\/cotedivoire\/politique\/securite-nationale-alassane-ouattara-salue-la-montee-en-puissance-des-forces-armees-et-reaffirme-son-soutien-a-une-defense-souveraine-et-moderne#primaryimage","url":"https:\/\/static.africa-press.net\/cote\/sites\/43\/2026\/01\/sm_1769704263.841687.jpg","contentUrl":"https:\/\/static.africa-press.net\/cote\/sites\/43\/2026\/01\/sm_1769704263.841687.jpg","width":600,"height":287,"caption":"S\u00e9curit\u00e9 nationale, Alassane Ouattara salue la mont\u00e9e en puissance des forces arm\u00e9es et r\u00e9affirme son soutien \u00e0 une d\u00e9fense souveraine et moderne"},{"@type":"BreadcrumbList","@id":"https:\/\/www.africa-press.net\/cotedivoire\/politique\/securite-nationale-alassane-ouattara-salue-la-montee-en-puissance-des-forces-armees-et-reaffirme-son-soutien-a-une-defense-souveraine-et-moderne#breadcrumb","itemListElement":[{"@type":"ListItem","position":1,"name":"Accueil","item":"https:\/\/www.africa-press.net\/cotedivoire\/"},{"@type":"ListItem","position":2,"name":"S\u00e9curit\u00e9 nationale, Alassane Ouattara salue la mont\u00e9e en puissance des forces arm\u00e9es et r\u00e9affirme son soutien \u00e0 une d\u00e9fense souveraine et moderne"}]},{"@type":"WebSite","@id":"https:\/\/www.africa-press.net\/cotedivoire\/#website","url":"https:\/\/www.africa-press.net\/cotedivoire\/","name":"C\u00f4te d&#039;Ivoire","description":"Just another Africa News Agency Sites site","potentialAction":[{"@type":"SearchAction","target":{"@type":"EntryPoint","urlTemplate":"https:\/\/www.africa-press.net\/cotedivoire\/?s={search_term_string}"},"query-input":{"@type":"PropertyValueSpecification","valueRequired":true,"valueName":"search_term_string"}}],"inLanguage":"fr-FR"},{"@type":"Person","@id":"https:\/\/www.africa-press.net\/cotedivoire\/#\/schema\/person\/2b1cf3cd81a31e3cd26889ca66d677f1","name":"cfeditorfr"}]}},"_links":{"self":[{"href":"https:\/\/www.africa-press.net\/cotedivoire\/wp-json\/wp\/v2\/posts\/111899","targetHints":{"allow":["GET"]}}],"collection":[{"href":"https:\/\/www.africa-press.net\/cotedivoire\/wp-json\/wp\/v2\/posts"}],"about":[{"href":"https:\/\/www.africa-press.net\/cotedivoire\/wp-json\/wp\/v2\/types\/post"}],"author":[{"embeddable":true,"href":"https:\/\/www.africa-press.net\/cotedivoire\/wp-json\/wp\/v2\/users\/82"}],"replies":[{"embeddable":true,"href":"https:\/\/www.africa-press.net\/cotedivoire\/wp-json\/wp\/v2\/comments?post=111899"}],"version-history":[{"count":0,"href":"https:\/\/www.africa-press.net\/cotedivoire\/wp-json\/wp\/v2\/posts\/111899\/revisions"}],"wp:featuredmedia":[{"embeddable":true,"href":"https:\/\/www.africa-press.net\/cotedivoire\/wp-json\/wp\/v2\/media\/111898"}],"wp:attachment":[{"href":"https:\/\/www.africa-press.net\/cotedivoire\/wp-json\/wp\/v2\/media?parent=111899"}],"wp:term":[{"taxonomy":"category","embeddable":true,"href":"https:\/\/www.africa-press.net\/cotedivoire\/wp-json\/wp\/v2\/categories?post=111899"},{"taxonomy":"post_tag","embeddable":true,"href":"https:\/\/www.africa-press.net\/cotedivoire\/wp-json\/wp\/v2\/tags?post=111899"}],"curies":[{"name":"wp","href":"https:\/\/api.w.org\/{rel}","templated":true}]}}