{"id":11192,"date":"2021-08-11T13:34:46","date_gmt":"2021-08-11T13:34:46","guid":{"rendered":"https:\/\/www.africa-press.net\/cotedivoire\/?p=11192"},"modified":"2021-08-11T21:08:31","modified_gmt":"2021-08-11T21:08:31","slug":"de-la-fracture-intellectuelle-entre-lafrique-et-le-reste-du-monde","status":"publish","type":"post","link":"https:\/\/www.africa-press.net\/cotedivoire\/culture-et-art\/de-la-fracture-intellectuelle-entre-lafrique-et-le-reste-du-monde","title":{"rendered":"De la fracture intellectuelle entre l\u2019Afrique et le reste du monde\u2026"},"content":{"rendered":"<p><span style=\"color: #ff6600\"><strong><a href=\"https:\/\/www.africa-press.net\/\">Africa-Press<\/a> &#8211; <a href=\"https:\/\/www.africa-press.net\/cotedivoire\">C\u00f4te d&rsquo;Ivoire<\/a>. <\/strong><\/span>Il y a une fracture intellectuelle entre l\u2019Afrique et le reste du monde qui est ind\u00e9niable au regard des productions et r\u00e9sultats mondiaux: m\u00e9dicaments, vaccins, avions, trains, bateaux, automobiles, plates-formes p\u00e9troli\u00e8res, syst\u00e8mes de navigation, syst\u00e8mes de paiement, produits financiers, th\u00e9ories, concepts, m\u00e9thodologies, m\u00e9dailles olympiques, troph\u00e9es sportifs, etc.<\/p>\n<p>Le chemin peut \u00eatre long pour r\u00e9duire cette fracture intellectuelle mais il n\u2019est pas impossible.<\/p>\n<p>Le syst\u00e8me \u00e9ducatif est l\u2019\u00e9pine dorsale de la r\u00e9duction de cette fracture intellectuelle mais il est dans un \u00e9cosyst\u00e8me qui favorise cette fracture intellectuelle. Il est en lien avec un syst\u00e8me social, un syst\u00e8me culturel, un syst\u00e8me politique, un syst\u00e8me \u00e9conomique qui n\u2019est pas neutre dans cette fracture intellectuelle.<\/p>\n<p>Certes, il faudrait changer profond\u00e9ment le syst\u00e8me \u00e9ducatif. Et en C\u00f4te d\u2019Ivoire, il y a environ 6 mois de r\u00e9flexion avec des \u00c9tats g\u00e9n\u00e9raux. Mais les autres syst\u00e8mes ne sont pas en reste.<\/p>\n<p>Nous qui sommes pass\u00e9s par des structures \u00e9litistes du syst\u00e8me \u00e9ducatif avons une grande part de responsabilit\u00e9. Avec tous, nous avons un r\u00f4le majeur dans la cr\u00e9ation d\u2019un \u00e9cosyst\u00e8me favorable \u00e0 la r\u00e9duction de cette fracture intellectuelle.<\/p>\n<p>Nous avons un certain devoir \u00e0 tirer nos syst\u00e8mes vers le haut, \u00e0 \u00e9lever intellectuellement nos syst\u00e8mes au rang des syst\u00e8mes des soci\u00e9t\u00e9s de r\u00e9f\u00e9rence en mati\u00e8re de progr\u00e8s social, \u00e9conomique et technologique. Nous avons un certain devoir \u00e0 nous \u00e9lever intellectuement au niveau des populations des soci\u00e9t\u00e9s de r\u00e9f\u00e9rence en mati\u00e8re de progr\u00e8s social, \u00e9conomique et technologique.<\/p>\n<p>La fracture intellectuelle nous exclut socialement et nous marginalise par rapport au reste du monde.<\/p>\n<p>&nbsp;<\/p>\n","protected":false},"excerpt":{"rendered":"<p>Africa-Press &#8211; C\u00f4te d&rsquo;Ivoire. Il y a une fracture intellectuelle entre l\u2019Afrique et le reste du monde qui est ind\u00e9niable au regard des productions et r\u00e9sultats mondiaux: m\u00e9dicaments, vaccins, avions, trains, bateaux, automobiles, plates-formes p\u00e9troli\u00e8res, syst\u00e8mes de navigation, syst\u00e8mes de paiement, produits financiers, th\u00e9ories, concepts, m\u00e9thodologies, m\u00e9dailles olympiques, troph\u00e9es sportifs, etc. Le chemin peut \u00eatre [&hellip;]<\/p>\n","protected":false},"author":82,"featured_media":11191,"comment_status":"open","ping_status":"closed","sticky":false,"template":"","format":"standard","meta":{"footnotes":""},"categories":[5,11,10],"tags":[56,63,29],"class_list":["post-11192","post","type-post","status-publish","format-standard","has-post-thumbnail","hentry","category-culture-et-art","category-homepage-french","category-toutes-les-actualites","tag-africa-press","tag-africa-press-cote-divoire","tag-cote-divoire"],"yoast_head":"<!-- This site is optimized with the Yoast SEO Premium plugin v26.1 (Yoast SEO v27.0) - https:\/\/yoast.com\/product\/yoast-seo-premium-wordpress\/ -->\n<title>De la fracture intellectuelle entre l\u2019Afrique et le reste du monde\u2026 - C\u00f4te d&#039;Ivoire<\/title>\n<meta name=\"description\" content=\"Il y a une fracture intellectuelle entre l\u2019Afrique et le reste du monde qui est ind\u00e9niable au regard des productions et ...\" \/>\n<meta name=\"robots\" content=\"index, follow, max-snippet:-1, max-image-preview:large, max-video-preview:-1\" \/>\n<link rel=\"canonical\" href=\"https:\/\/www.africa-press.net\/cotedivoire\/culture-et-art\/de-la-fracture-intellectuelle-entre-lafrique-et-le-reste-du-monde\" \/>\n<meta property=\"og:locale\" content=\"fr_FR\" \/>\n<meta property=\"og:type\" content=\"article\" \/>\n<meta property=\"og:title\" content=\"De la fracture intellectuelle entre l\u2019Afrique et le reste du monde\u2026\" \/>\n<meta property=\"og:description\" content=\"Il y a une fracture intellectuelle entre l\u2019Afrique et le reste du monde qui est ind\u00e9niable au regard des productions et ...\" \/>\n<meta property=\"og:url\" content=\"https:\/\/www.africa-press.net\/cotedivoire\/culture-et-art\/de-la-fracture-intellectuelle-entre-lafrique-et-le-reste-du-monde\" \/>\n<meta property=\"og:site_name\" content=\"C\u00f4te d&#039;Ivoire\" \/>\n<meta property=\"article:published_time\" content=\"2021-08-11T13:34:46+00:00\" \/>\n<meta property=\"article:modified_time\" content=\"2021-08-11T21:08:31+00:00\" \/>\n<meta property=\"og:image\" content=\"https:\/\/static.africa-press.net\/cote\/sites\/43\/2021\/08\/img-6113c39fc66a4.jpg\" \/>\n\t<meta property=\"og:image:width\" content=\"720\" \/>\n\t<meta property=\"og:image:height\" content=\"404\" \/>\n\t<meta property=\"og:image:type\" content=\"image\/jpeg\" \/>\n<meta name=\"author\" content=\"cfeditorfr\" \/>\n<meta name=\"twitter:card\" content=\"summary_large_image\" \/>\n<meta name=\"twitter:label1\" content=\"\u00c9crit par\" \/>\n\t<meta name=\"twitter:data1\" content=\"cfeditorfr\" \/>\n\t<meta name=\"twitter:label2\" content=\"Dur\u00e9e de lecture estim\u00e9e\" \/>\n\t<meta name=\"twitter:data2\" content=\"2 minutes\" \/>\n<script type=\"application\/ld+json\" class=\"yoast-schema-graph\">{\"@context\":\"https:\/\/schema.org\",\"@graph\":[{\"@type\":\"Article\",\"@id\":\"https:\/\/www.africa-press.net\/cotedivoire\/culture-et-art\/de-la-fracture-intellectuelle-entre-lafrique-et-le-reste-du-monde#article\",\"isPartOf\":{\"@id\":\"https:\/\/www.africa-press.net\/cotedivoire\/culture-et-art\/de-la-fracture-intellectuelle-entre-lafrique-et-le-reste-du-monde\"},\"author\":{\"name\":\"cfeditorfr\",\"@id\":\"https:\/\/www.africa-press.net\/cotedivoire\/#\/schema\/person\/2b1cf3cd81a31e3cd26889ca66d677f1\"},\"headline\":\"De la fracture intellectuelle entre l\u2019Afrique et le reste du monde\u2026\",\"datePublished\":\"2021-08-11T13:34:46+00:00\",\"dateModified\":\"2021-08-11T21:08:31+00:00\",\"mainEntityOfPage\":{\"@id\":\"https:\/\/www.africa-press.net\/cotedivoire\/culture-et-art\/de-la-fracture-intellectuelle-entre-lafrique-et-le-reste-du-monde\"},\"wordCount\":321,\"commentCount\":0,\"image\":{\"@id\":\"https:\/\/www.africa-press.net\/cotedivoire\/culture-et-art\/de-la-fracture-intellectuelle-entre-lafrique-et-le-reste-du-monde#primaryimage\"},\"thumbnailUrl\":\"https:\/\/static.africa-press.net\/cote\/sites\/43\/2021\/08\/img-6113c39fc66a4.jpg\",\"keywords\":[\"Africa Press\",\"Africa Press-C\u00f4te d'Ivoire\",\"C\u00d4TE D'IVOIRE\"],\"articleSection\":[\"Culture et Art\",\"homepage-french\",\"Toutes les actualit\u00e9s\"],\"inLanguage\":\"fr-FR\",\"potentialAction\":[{\"@type\":\"CommentAction\",\"name\":\"Comment\",\"target\":[\"https:\/\/www.africa-press.net\/cotedivoire\/culture-et-art\/de-la-fracture-intellectuelle-entre-lafrique-et-le-reste-du-monde#respond\"]}]},{\"@type\":\"WebPage\",\"@id\":\"https:\/\/www.africa-press.net\/cotedivoire\/culture-et-art\/de-la-fracture-intellectuelle-entre-lafrique-et-le-reste-du-monde\",\"url\":\"https:\/\/www.africa-press.net\/cotedivoire\/culture-et-art\/de-la-fracture-intellectuelle-entre-lafrique-et-le-reste-du-monde\",\"name\":\"De la fracture intellectuelle entre l\u2019Afrique et le reste du monde\u2026 - C\u00f4te d&#039;Ivoire\",\"isPartOf\":{\"@id\":\"https:\/\/www.africa-press.net\/cotedivoire\/#website\"},\"primaryImageOfPage\":{\"@id\":\"https:\/\/www.africa-press.net\/cotedivoire\/culture-et-art\/de-la-fracture-intellectuelle-entre-lafrique-et-le-reste-du-monde#primaryimage\"},\"image\":{\"@id\":\"https:\/\/www.africa-press.net\/cotedivoire\/culture-et-art\/de-la-fracture-intellectuelle-entre-lafrique-et-le-reste-du-monde#primaryimage\"},\"thumbnailUrl\":\"https:\/\/static.africa-press.net\/cote\/sites\/43\/2021\/08\/img-6113c39fc66a4.jpg\",\"datePublished\":\"2021-08-11T13:34:46+00:00\",\"dateModified\":\"2021-08-11T21:08:31+00:00\",\"author\":{\"@id\":\"https:\/\/www.africa-press.net\/cotedivoire\/#\/schema\/person\/2b1cf3cd81a31e3cd26889ca66d677f1\"},\"description\":\"Il y a une fracture intellectuelle entre l\u2019Afrique et le reste du monde qui est ind\u00e9niable au regard des productions et ...\",\"breadcrumb\":{\"@id\":\"https:\/\/www.africa-press.net\/cotedivoire\/culture-et-art\/de-la-fracture-intellectuelle-entre-lafrique-et-le-reste-du-monde#breadcrumb\"},\"inLanguage\":\"fr-FR\",\"potentialAction\":[{\"@type\":\"ReadAction\",\"target\":[\"https:\/\/www.africa-press.net\/cotedivoire\/culture-et-art\/de-la-fracture-intellectuelle-entre-lafrique-et-le-reste-du-monde\"]}]},{\"@type\":\"ImageObject\",\"inLanguage\":\"fr-FR\",\"@id\":\"https:\/\/www.africa-press.net\/cotedivoire\/culture-et-art\/de-la-fracture-intellectuelle-entre-lafrique-et-le-reste-du-monde#primaryimage\",\"url\":\"https:\/\/static.africa-press.net\/cote\/sites\/43\/2021\/08\/img-6113c39fc66a4.jpg\",\"contentUrl\":\"https:\/\/static.africa-press.net\/cote\/sites\/43\/2021\/08\/img-6113c39fc66a4.jpg\",\"width\":720,\"height\":404,\"caption\":\"De la fracture intellectuelle entre l\u2019Afrique et le reste du monde\u2026\"},{\"@type\":\"BreadcrumbList\",\"@id\":\"https:\/\/www.africa-press.net\/cotedivoire\/culture-et-art\/de-la-fracture-intellectuelle-entre-lafrique-et-le-reste-du-monde#breadcrumb\",\"itemListElement\":[{\"@type\":\"ListItem\",\"position\":1,\"name\":\"Accueil\",\"item\":\"https:\/\/www.africa-press.net\/cotedivoire\/\"},{\"@type\":\"ListItem\",\"position\":2,\"name\":\"De la fracture intellectuelle entre l\u2019Afrique et le reste du monde\u2026\"}]},{\"@type\":\"WebSite\",\"@id\":\"https:\/\/www.africa-press.net\/cotedivoire\/#website\",\"url\":\"https:\/\/www.africa-press.net\/cotedivoire\/\",\"name\":\"C\u00f4te d&#039;Ivoire\",\"description\":\"Just another Africa News Agency Sites site\",\"potentialAction\":[{\"@type\":\"SearchAction\",\"target\":{\"@type\":\"EntryPoint\",\"urlTemplate\":\"https:\/\/www.africa-press.net\/cotedivoire\/?s={search_term_string}\"},\"query-input\":{\"@type\":\"PropertyValueSpecification\",\"valueRequired\":true,\"valueName\":\"search_term_string\"}}],\"inLanguage\":\"fr-FR\"},{\"@type\":\"Person\",\"@id\":\"https:\/\/www.africa-press.net\/cotedivoire\/#\/schema\/person\/2b1cf3cd81a31e3cd26889ca66d677f1\",\"name\":\"cfeditorfr\"}]}<\/script>\n<!-- \/ Yoast SEO Premium plugin. -->","yoast_head_json":{"title":"De la fracture intellectuelle entre l\u2019Afrique et le reste du monde\u2026 - C\u00f4te d&#039;Ivoire","description":"Il y a une fracture intellectuelle entre l\u2019Afrique et le reste du monde qui est ind\u00e9niable au regard des productions et ...","robots":{"index":"index","follow":"follow","max-snippet":"max-snippet:-1","max-image-preview":"max-image-preview:large","max-video-preview":"max-video-preview:-1"},"canonical":"https:\/\/www.africa-press.net\/cotedivoire\/culture-et-art\/de-la-fracture-intellectuelle-entre-lafrique-et-le-reste-du-monde","og_locale":"fr_FR","og_type":"article","og_title":"De la fracture intellectuelle entre l\u2019Afrique et le reste du monde\u2026","og_description":"Il y a une fracture intellectuelle entre l\u2019Afrique et le reste du monde qui est ind\u00e9niable au regard des productions et ...","og_url":"https:\/\/www.africa-press.net\/cotedivoire\/culture-et-art\/de-la-fracture-intellectuelle-entre-lafrique-et-le-reste-du-monde","og_site_name":"C\u00f4te d&#039;Ivoire","article_published_time":"2021-08-11T13:34:46+00:00","article_modified_time":"2021-08-11T21:08:31+00:00","og_image":[{"width":720,"height":404,"url":"https:\/\/static.africa-press.net\/cote\/sites\/43\/2021\/08\/img-6113c39fc66a4.jpg","type":"image\/jpeg"}],"author":"cfeditorfr","twitter_card":"summary_large_image","twitter_misc":{"\u00c9crit par":"cfeditorfr","Dur\u00e9e de lecture estim\u00e9e":"2 minutes"},"schema":{"@context":"https:\/\/schema.org","@graph":[{"@type":"Article","@id":"https:\/\/www.africa-press.net\/cotedivoire\/culture-et-art\/de-la-fracture-intellectuelle-entre-lafrique-et-le-reste-du-monde#article","isPartOf":{"@id":"https:\/\/www.africa-press.net\/cotedivoire\/culture-et-art\/de-la-fracture-intellectuelle-entre-lafrique-et-le-reste-du-monde"},"author":{"name":"cfeditorfr","@id":"https:\/\/www.africa-press.net\/cotedivoire\/#\/schema\/person\/2b1cf3cd81a31e3cd26889ca66d677f1"},"headline":"De la fracture intellectuelle entre l\u2019Afrique et le reste du monde\u2026","datePublished":"2021-08-11T13:34:46+00:00","dateModified":"2021-08-11T21:08:31+00:00","mainEntityOfPage":{"@id":"https:\/\/www.africa-press.net\/cotedivoire\/culture-et-art\/de-la-fracture-intellectuelle-entre-lafrique-et-le-reste-du-monde"},"wordCount":321,"commentCount":0,"image":{"@id":"https:\/\/www.africa-press.net\/cotedivoire\/culture-et-art\/de-la-fracture-intellectuelle-entre-lafrique-et-le-reste-du-monde#primaryimage"},"thumbnailUrl":"https:\/\/static.africa-press.net\/cote\/sites\/43\/2021\/08\/img-6113c39fc66a4.jpg","keywords":["Africa Press","Africa Press-C\u00f4te d'Ivoire","C\u00d4TE D'IVOIRE"],"articleSection":["Culture et Art","homepage-french","Toutes les actualit\u00e9s"],"inLanguage":"fr-FR","potentialAction":[{"@type":"CommentAction","name":"Comment","target":["https:\/\/www.africa-press.net\/cotedivoire\/culture-et-art\/de-la-fracture-intellectuelle-entre-lafrique-et-le-reste-du-monde#respond"]}]},{"@type":"WebPage","@id":"https:\/\/www.africa-press.net\/cotedivoire\/culture-et-art\/de-la-fracture-intellectuelle-entre-lafrique-et-le-reste-du-monde","url":"https:\/\/www.africa-press.net\/cotedivoire\/culture-et-art\/de-la-fracture-intellectuelle-entre-lafrique-et-le-reste-du-monde","name":"De la fracture intellectuelle entre l\u2019Afrique et le reste du monde\u2026 - C\u00f4te d&#039;Ivoire","isPartOf":{"@id":"https:\/\/www.africa-press.net\/cotedivoire\/#website"},"primaryImageOfPage":{"@id":"https:\/\/www.africa-press.net\/cotedivoire\/culture-et-art\/de-la-fracture-intellectuelle-entre-lafrique-et-le-reste-du-monde#primaryimage"},"image":{"@id":"https:\/\/www.africa-press.net\/cotedivoire\/culture-et-art\/de-la-fracture-intellectuelle-entre-lafrique-et-le-reste-du-monde#primaryimage"},"thumbnailUrl":"https:\/\/static.africa-press.net\/cote\/sites\/43\/2021\/08\/img-6113c39fc66a4.jpg","datePublished":"2021-08-11T13:34:46+00:00","dateModified":"2021-08-11T21:08:31+00:00","author":{"@id":"https:\/\/www.africa-press.net\/cotedivoire\/#\/schema\/person\/2b1cf3cd81a31e3cd26889ca66d677f1"},"description":"Il y a une fracture intellectuelle entre l\u2019Afrique et le reste du monde qui est ind\u00e9niable au regard des productions et ...","breadcrumb":{"@id":"https:\/\/www.africa-press.net\/cotedivoire\/culture-et-art\/de-la-fracture-intellectuelle-entre-lafrique-et-le-reste-du-monde#breadcrumb"},"inLanguage":"fr-FR","potentialAction":[{"@type":"ReadAction","target":["https:\/\/www.africa-press.net\/cotedivoire\/culture-et-art\/de-la-fracture-intellectuelle-entre-lafrique-et-le-reste-du-monde"]}]},{"@type":"ImageObject","inLanguage":"fr-FR","@id":"https:\/\/www.africa-press.net\/cotedivoire\/culture-et-art\/de-la-fracture-intellectuelle-entre-lafrique-et-le-reste-du-monde#primaryimage","url":"https:\/\/static.africa-press.net\/cote\/sites\/43\/2021\/08\/img-6113c39fc66a4.jpg","contentUrl":"https:\/\/static.africa-press.net\/cote\/sites\/43\/2021\/08\/img-6113c39fc66a4.jpg","width":720,"height":404,"caption":"De la fracture intellectuelle entre l\u2019Afrique et le reste du monde\u2026"},{"@type":"BreadcrumbList","@id":"https:\/\/www.africa-press.net\/cotedivoire\/culture-et-art\/de-la-fracture-intellectuelle-entre-lafrique-et-le-reste-du-monde#breadcrumb","itemListElement":[{"@type":"ListItem","position":1,"name":"Accueil","item":"https:\/\/www.africa-press.net\/cotedivoire\/"},{"@type":"ListItem","position":2,"name":"De la fracture intellectuelle entre l\u2019Afrique et le reste du monde\u2026"}]},{"@type":"WebSite","@id":"https:\/\/www.africa-press.net\/cotedivoire\/#website","url":"https:\/\/www.africa-press.net\/cotedivoire\/","name":"C\u00f4te d&#039;Ivoire","description":"Just another Africa News Agency Sites site","potentialAction":[{"@type":"SearchAction","target":{"@type":"EntryPoint","urlTemplate":"https:\/\/www.africa-press.net\/cotedivoire\/?s={search_term_string}"},"query-input":{"@type":"PropertyValueSpecification","valueRequired":true,"valueName":"search_term_string"}}],"inLanguage":"fr-FR"},{"@type":"Person","@id":"https:\/\/www.africa-press.net\/cotedivoire\/#\/schema\/person\/2b1cf3cd81a31e3cd26889ca66d677f1","name":"cfeditorfr"}]}},"_links":{"self":[{"href":"https:\/\/www.africa-press.net\/cotedivoire\/wp-json\/wp\/v2\/posts\/11192","targetHints":{"allow":["GET"]}}],"collection":[{"href":"https:\/\/www.africa-press.net\/cotedivoire\/wp-json\/wp\/v2\/posts"}],"about":[{"href":"https:\/\/www.africa-press.net\/cotedivoire\/wp-json\/wp\/v2\/types\/post"}],"author":[{"embeddable":true,"href":"https:\/\/www.africa-press.net\/cotedivoire\/wp-json\/wp\/v2\/users\/82"}],"replies":[{"embeddable":true,"href":"https:\/\/www.africa-press.net\/cotedivoire\/wp-json\/wp\/v2\/comments?post=11192"}],"version-history":[{"count":0,"href":"https:\/\/www.africa-press.net\/cotedivoire\/wp-json\/wp\/v2\/posts\/11192\/revisions"}],"wp:featuredmedia":[{"embeddable":true,"href":"https:\/\/www.africa-press.net\/cotedivoire\/wp-json\/wp\/v2\/media\/11191"}],"wp:attachment":[{"href":"https:\/\/www.africa-press.net\/cotedivoire\/wp-json\/wp\/v2\/media?parent=11192"}],"wp:term":[{"taxonomy":"category","embeddable":true,"href":"https:\/\/www.africa-press.net\/cotedivoire\/wp-json\/wp\/v2\/categories?post=11192"},{"taxonomy":"post_tag","embeddable":true,"href":"https:\/\/www.africa-press.net\/cotedivoire\/wp-json\/wp\/v2\/tags?post=11192"}],"curies":[{"name":"wp","href":"https:\/\/api.w.org\/{rel}","templated":true}]}}