{"id":11195,"date":"2021-08-11T13:41:18","date_gmt":"2021-08-11T13:41:18","guid":{"rendered":"https:\/\/www.africa-press.net\/cotedivoire\/?p=11195"},"modified":"2021-08-11T21:09:14","modified_gmt":"2021-08-11T21:09:14","slug":"cote-divoire-koulibaly-invite-a-reprendre-le-combat-avec-laurent-gbagbo","status":"publish","type":"post","link":"https:\/\/www.africa-press.net\/cotedivoire\/politique\/cote-divoire-koulibaly-invite-a-reprendre-le-combat-avec-laurent-gbagbo","title":{"rendered":"Koulibaly invit\u00e9 \u00e0 reprendre le combat avec Laurent Gbagbo"},"content":{"rendered":"<p><span style=\"color: #ff6600\"><strong><a href=\"https:\/\/www.africa-press.net\/\">Africa-Press<\/a> &#8211; <a href=\"https:\/\/www.africa-press.net\/cotedivoire\">C\u00f4te d&rsquo;Ivoire<\/a>. <\/strong><\/span>Vous savez tout le respect que je vous voue pour votre grande intelligence et vos id\u00e9es mais surtout pour votre pragmatisme dans les propositions de solutions aux difficult\u00e9s sociales des populations. Cependant, permettez moi ce petit regard.<\/p>\n<p>Dix ans apr\u00e8s votre choix d\u2019essayer votre propre aventure politique par la cr\u00e9ation de LIDER, vous conviendrez avec moi que le bilan pour vous m\u00eame est maigre. Je ne vais pas les \u00e9num\u00e9rer ici puisque vous tirez certainement la m\u00eame conclusion.<\/p>\n<p>M\u00eame si les Ivoiriens savent tous que vous \u00eates cet homme droit, incorruptible, avec des id\u00e9es pour un veritable changement de cap et que votre franc-parler \u00e0 tous \u00e9gards est rest\u00e9 intact, cela ne suffit pas, malheureusement, dans le contexte politique ivoirien, \u00e0 obtenir les suffrages des \u00e9lecteurs. Hors comme beaucoup d\u2019Ivoiriens et meme d\u2019Africains le pensent encore, vous avez encore votre place.<\/p>\n<p>C\u2019est pourquoi, je viens vous prier de saisir l\u2019opportunit\u00e9 du nouveau parti politique propos\u00e9 par le Pr\u00e9sident Laurent Gbagbo. Vous retrouverez ainsi votre base naturelle et cela vous fera rebondir \u00e0 coup s\u00fbr.<\/p>\n<p>Et je crois, tous ceux qui vous ont suivi ou vous ont rejoint n\u2019auront aucun mal \u00e0 vous suivre \u00e0 nouveau car je sais que m\u00eame dans leur d\u00e9termination pour votre philosophie, ils esp\u00e8rent tous dans le silence, une occasion pareille qui vous permettra de mieux vous exprimer.<\/p>\n<p>Gardez votre franc-parler, la C\u00f4te d\u2019Ivoire en a besoin. Et c\u2019est pour cela que vous devez saisir cette opportunit\u00e9 unique de retrouver ce grand rassemblement des d\u00e9mocrates annonc\u00e9.<\/p>\n<p>J\u2019esp\u00e8re que mon message vous trouvera. Et que vous ferez le pas. Bien respectueusement, Merci pour votre attention.<\/p>\n<p>&nbsp;<\/p>\n","protected":false},"excerpt":{"rendered":"<p>Africa-Press &#8211; C\u00f4te d&rsquo;Ivoire. Vous savez tout le respect que je vous voue pour votre grande intelligence et vos id\u00e9es mais surtout pour votre pragmatisme dans les propositions de solutions aux difficult\u00e9s sociales des populations. Cependant, permettez moi ce petit regard. Dix ans apr\u00e8s votre choix d\u2019essayer votre propre aventure politique par la cr\u00e9ation de [&hellip;]<\/p>\n","protected":false},"author":82,"featured_media":11194,"comment_status":"open","ping_status":"closed","sticky":false,"template":"","format":"standard","meta":{"footnotes":""},"categories":[11,2,20,10],"tags":[56,63,29],"class_list":["post-11195","post","type-post","status-publish","format-standard","has-post-thumbnail","hentry","category-homepage-french","category-politique","category-top-nouvelles","category-toutes-les-actualites","tag-africa-press","tag-africa-press-cote-divoire","tag-cote-divoire"],"yoast_head":"<!-- This site is optimized with the Yoast SEO Premium plugin v26.1 (Yoast SEO v27.0) - https:\/\/yoast.com\/product\/yoast-seo-premium-wordpress\/ -->\n<title>Koulibaly invit\u00e9 \u00e0 reprendre le combat avec Laurent Gbagbo - C\u00f4te d&#039;Ivoire<\/title>\n<meta name=\"description\" content=\"Lu pour vous Lettre ouverte \u00e0 MK ! Prof. Mamadou Koulibaly, Vous savez tout le respect que je vous voue pour votre gr ...\" \/>\n<meta name=\"robots\" content=\"index, follow, max-snippet:-1, max-image-preview:large, max-video-preview:-1\" \/>\n<link rel=\"canonical\" href=\"https:\/\/www.africa-press.net\/cotedivoire\/politique\/cote-divoire-koulibaly-invite-a-reprendre-le-combat-avec-laurent-gbagbo\" \/>\n<meta property=\"og:locale\" content=\"fr_FR\" \/>\n<meta property=\"og:type\" content=\"article\" \/>\n<meta property=\"og:title\" content=\"Koulibaly invit\u00e9 \u00e0 reprendre le combat avec Laurent Gbagbo\" \/>\n<meta property=\"og:description\" content=\"Lu pour vous Lettre ouverte \u00e0 MK ! Prof. Mamadou Koulibaly, Vous savez tout le respect que je vous voue pour votre gr ...\" \/>\n<meta property=\"og:url\" content=\"https:\/\/www.africa-press.net\/cotedivoire\/politique\/cote-divoire-koulibaly-invite-a-reprendre-le-combat-avec-laurent-gbagbo\" \/>\n<meta property=\"og:site_name\" content=\"C\u00f4te d&#039;Ivoire\" \/>\n<meta property=\"article:published_time\" content=\"2021-08-11T13:41:18+00:00\" \/>\n<meta property=\"article:modified_time\" content=\"2021-08-11T21:09:14+00:00\" \/>\n<meta property=\"og:image\" content=\"https:\/\/static.africa-press.net\/cote\/sites\/43\/2021\/08\/img-6113c3be9090a.jpg\" \/>\n\t<meta property=\"og:image:width\" content=\"720\" \/>\n\t<meta property=\"og:image:height\" content=\"517\" \/>\n\t<meta property=\"og:image:type\" content=\"image\/jpeg\" \/>\n<meta name=\"author\" content=\"cfeditorfr\" \/>\n<meta name=\"twitter:card\" content=\"summary_large_image\" \/>\n<meta name=\"twitter:label1\" content=\"\u00c9crit par\" \/>\n\t<meta name=\"twitter:data1\" content=\"cfeditorfr\" \/>\n\t<meta name=\"twitter:label2\" content=\"Dur\u00e9e de lecture estim\u00e9e\" \/>\n\t<meta name=\"twitter:data2\" content=\"2 minutes\" \/>\n<script type=\"application\/ld+json\" class=\"yoast-schema-graph\">{\"@context\":\"https:\/\/schema.org\",\"@graph\":[{\"@type\":\"Article\",\"@id\":\"https:\/\/www.africa-press.net\/cotedivoire\/politique\/cote-divoire-koulibaly-invite-a-reprendre-le-combat-avec-laurent-gbagbo#article\",\"isPartOf\":{\"@id\":\"https:\/\/www.africa-press.net\/cotedivoire\/politique\/cote-divoire-koulibaly-invite-a-reprendre-le-combat-avec-laurent-gbagbo\"},\"author\":{\"name\":\"cfeditorfr\",\"@id\":\"https:\/\/www.africa-press.net\/cotedivoire\/#\/schema\/person\/2b1cf3cd81a31e3cd26889ca66d677f1\"},\"headline\":\"Koulibaly invit\u00e9 \u00e0 reprendre le combat avec Laurent Gbagbo\",\"datePublished\":\"2021-08-11T13:41:18+00:00\",\"dateModified\":\"2021-08-11T21:09:14+00:00\",\"mainEntityOfPage\":{\"@id\":\"https:\/\/www.africa-press.net\/cotedivoire\/politique\/cote-divoire-koulibaly-invite-a-reprendre-le-combat-avec-laurent-gbagbo\"},\"wordCount\":304,\"commentCount\":0,\"image\":{\"@id\":\"https:\/\/www.africa-press.net\/cotedivoire\/politique\/cote-divoire-koulibaly-invite-a-reprendre-le-combat-avec-laurent-gbagbo#primaryimage\"},\"thumbnailUrl\":\"https:\/\/static.africa-press.net\/cote\/sites\/43\/2021\/08\/img-6113c3be9090a.jpg\",\"keywords\":[\"Africa Press\",\"Africa Press-C\u00f4te d'Ivoire\",\"C\u00d4TE D'IVOIRE\"],\"articleSection\":[\"homepage-french\",\"Politique\",\"Top Nouvelles\",\"Toutes les actualit\u00e9s\"],\"inLanguage\":\"fr-FR\",\"potentialAction\":[{\"@type\":\"CommentAction\",\"name\":\"Comment\",\"target\":[\"https:\/\/www.africa-press.net\/cotedivoire\/politique\/cote-divoire-koulibaly-invite-a-reprendre-le-combat-avec-laurent-gbagbo#respond\"]}]},{\"@type\":\"WebPage\",\"@id\":\"https:\/\/www.africa-press.net\/cotedivoire\/politique\/cote-divoire-koulibaly-invite-a-reprendre-le-combat-avec-laurent-gbagbo\",\"url\":\"https:\/\/www.africa-press.net\/cotedivoire\/politique\/cote-divoire-koulibaly-invite-a-reprendre-le-combat-avec-laurent-gbagbo\",\"name\":\"Koulibaly invit\u00e9 \u00e0 reprendre le combat avec Laurent Gbagbo - C\u00f4te d&#039;Ivoire\",\"isPartOf\":{\"@id\":\"https:\/\/www.africa-press.net\/cotedivoire\/#website\"},\"primaryImageOfPage\":{\"@id\":\"https:\/\/www.africa-press.net\/cotedivoire\/politique\/cote-divoire-koulibaly-invite-a-reprendre-le-combat-avec-laurent-gbagbo#primaryimage\"},\"image\":{\"@id\":\"https:\/\/www.africa-press.net\/cotedivoire\/politique\/cote-divoire-koulibaly-invite-a-reprendre-le-combat-avec-laurent-gbagbo#primaryimage\"},\"thumbnailUrl\":\"https:\/\/static.africa-press.net\/cote\/sites\/43\/2021\/08\/img-6113c3be9090a.jpg\",\"datePublished\":\"2021-08-11T13:41:18+00:00\",\"dateModified\":\"2021-08-11T21:09:14+00:00\",\"author\":{\"@id\":\"https:\/\/www.africa-press.net\/cotedivoire\/#\/schema\/person\/2b1cf3cd81a31e3cd26889ca66d677f1\"},\"description\":\"Lu pour vous Lettre ouverte \u00e0 MK ! Prof. Mamadou Koulibaly, Vous savez tout le respect que je vous voue pour votre gr ...\",\"breadcrumb\":{\"@id\":\"https:\/\/www.africa-press.net\/cotedivoire\/politique\/cote-divoire-koulibaly-invite-a-reprendre-le-combat-avec-laurent-gbagbo#breadcrumb\"},\"inLanguage\":\"fr-FR\",\"potentialAction\":[{\"@type\":\"ReadAction\",\"target\":[\"https:\/\/www.africa-press.net\/cotedivoire\/politique\/cote-divoire-koulibaly-invite-a-reprendre-le-combat-avec-laurent-gbagbo\"]}]},{\"@type\":\"ImageObject\",\"inLanguage\":\"fr-FR\",\"@id\":\"https:\/\/www.africa-press.net\/cotedivoire\/politique\/cote-divoire-koulibaly-invite-a-reprendre-le-combat-avec-laurent-gbagbo#primaryimage\",\"url\":\"https:\/\/static.africa-press.net\/cote\/sites\/43\/2021\/08\/img-6113c3be9090a.jpg\",\"contentUrl\":\"https:\/\/static.africa-press.net\/cote\/sites\/43\/2021\/08\/img-6113c3be9090a.jpg\",\"width\":720,\"height\":517,\"caption\":\"C\u00f4te-d\u2019Ivoire: Koulibaly invit\u00e9 \u00e0 reprendre le combat avec Laurent Gbagbo\"},{\"@type\":\"BreadcrumbList\",\"@id\":\"https:\/\/www.africa-press.net\/cotedivoire\/politique\/cote-divoire-koulibaly-invite-a-reprendre-le-combat-avec-laurent-gbagbo#breadcrumb\",\"itemListElement\":[{\"@type\":\"ListItem\",\"position\":1,\"name\":\"Accueil\",\"item\":\"https:\/\/www.africa-press.net\/cotedivoire\/\"},{\"@type\":\"ListItem\",\"position\":2,\"name\":\"Koulibaly invit\u00e9 \u00e0 reprendre le combat avec Laurent Gbagbo\"}]},{\"@type\":\"WebSite\",\"@id\":\"https:\/\/www.africa-press.net\/cotedivoire\/#website\",\"url\":\"https:\/\/www.africa-press.net\/cotedivoire\/\",\"name\":\"C\u00f4te d&#039;Ivoire\",\"description\":\"Just another Africa News Agency Sites site\",\"potentialAction\":[{\"@type\":\"SearchAction\",\"target\":{\"@type\":\"EntryPoint\",\"urlTemplate\":\"https:\/\/www.africa-press.net\/cotedivoire\/?s={search_term_string}\"},\"query-input\":{\"@type\":\"PropertyValueSpecification\",\"valueRequired\":true,\"valueName\":\"search_term_string\"}}],\"inLanguage\":\"fr-FR\"},{\"@type\":\"Person\",\"@id\":\"https:\/\/www.africa-press.net\/cotedivoire\/#\/schema\/person\/2b1cf3cd81a31e3cd26889ca66d677f1\",\"name\":\"cfeditorfr\"}]}<\/script>\n<!-- \/ Yoast SEO Premium plugin. -->","yoast_head_json":{"title":"Koulibaly invit\u00e9 \u00e0 reprendre le combat avec Laurent Gbagbo - C\u00f4te d&#039;Ivoire","description":"Lu pour vous Lettre ouverte \u00e0 MK ! Prof. Mamadou Koulibaly, Vous savez tout le respect que je vous voue pour votre gr ...","robots":{"index":"index","follow":"follow","max-snippet":"max-snippet:-1","max-image-preview":"max-image-preview:large","max-video-preview":"max-video-preview:-1"},"canonical":"https:\/\/www.africa-press.net\/cotedivoire\/politique\/cote-divoire-koulibaly-invite-a-reprendre-le-combat-avec-laurent-gbagbo","og_locale":"fr_FR","og_type":"article","og_title":"Koulibaly invit\u00e9 \u00e0 reprendre le combat avec Laurent Gbagbo","og_description":"Lu pour vous Lettre ouverte \u00e0 MK ! Prof. Mamadou Koulibaly, Vous savez tout le respect que je vous voue pour votre gr ...","og_url":"https:\/\/www.africa-press.net\/cotedivoire\/politique\/cote-divoire-koulibaly-invite-a-reprendre-le-combat-avec-laurent-gbagbo","og_site_name":"C\u00f4te d&#039;Ivoire","article_published_time":"2021-08-11T13:41:18+00:00","article_modified_time":"2021-08-11T21:09:14+00:00","og_image":[{"width":720,"height":517,"url":"https:\/\/static.africa-press.net\/cote\/sites\/43\/2021\/08\/img-6113c3be9090a.jpg","type":"image\/jpeg"}],"author":"cfeditorfr","twitter_card":"summary_large_image","twitter_misc":{"\u00c9crit par":"cfeditorfr","Dur\u00e9e de lecture estim\u00e9e":"2 minutes"},"schema":{"@context":"https:\/\/schema.org","@graph":[{"@type":"Article","@id":"https:\/\/www.africa-press.net\/cotedivoire\/politique\/cote-divoire-koulibaly-invite-a-reprendre-le-combat-avec-laurent-gbagbo#article","isPartOf":{"@id":"https:\/\/www.africa-press.net\/cotedivoire\/politique\/cote-divoire-koulibaly-invite-a-reprendre-le-combat-avec-laurent-gbagbo"},"author":{"name":"cfeditorfr","@id":"https:\/\/www.africa-press.net\/cotedivoire\/#\/schema\/person\/2b1cf3cd81a31e3cd26889ca66d677f1"},"headline":"Koulibaly invit\u00e9 \u00e0 reprendre le combat avec Laurent Gbagbo","datePublished":"2021-08-11T13:41:18+00:00","dateModified":"2021-08-11T21:09:14+00:00","mainEntityOfPage":{"@id":"https:\/\/www.africa-press.net\/cotedivoire\/politique\/cote-divoire-koulibaly-invite-a-reprendre-le-combat-avec-laurent-gbagbo"},"wordCount":304,"commentCount":0,"image":{"@id":"https:\/\/www.africa-press.net\/cotedivoire\/politique\/cote-divoire-koulibaly-invite-a-reprendre-le-combat-avec-laurent-gbagbo#primaryimage"},"thumbnailUrl":"https:\/\/static.africa-press.net\/cote\/sites\/43\/2021\/08\/img-6113c3be9090a.jpg","keywords":["Africa Press","Africa Press-C\u00f4te d'Ivoire","C\u00d4TE D'IVOIRE"],"articleSection":["homepage-french","Politique","Top Nouvelles","Toutes les actualit\u00e9s"],"inLanguage":"fr-FR","potentialAction":[{"@type":"CommentAction","name":"Comment","target":["https:\/\/www.africa-press.net\/cotedivoire\/politique\/cote-divoire-koulibaly-invite-a-reprendre-le-combat-avec-laurent-gbagbo#respond"]}]},{"@type":"WebPage","@id":"https:\/\/www.africa-press.net\/cotedivoire\/politique\/cote-divoire-koulibaly-invite-a-reprendre-le-combat-avec-laurent-gbagbo","url":"https:\/\/www.africa-press.net\/cotedivoire\/politique\/cote-divoire-koulibaly-invite-a-reprendre-le-combat-avec-laurent-gbagbo","name":"Koulibaly invit\u00e9 \u00e0 reprendre le combat avec Laurent Gbagbo - C\u00f4te d&#039;Ivoire","isPartOf":{"@id":"https:\/\/www.africa-press.net\/cotedivoire\/#website"},"primaryImageOfPage":{"@id":"https:\/\/www.africa-press.net\/cotedivoire\/politique\/cote-divoire-koulibaly-invite-a-reprendre-le-combat-avec-laurent-gbagbo#primaryimage"},"image":{"@id":"https:\/\/www.africa-press.net\/cotedivoire\/politique\/cote-divoire-koulibaly-invite-a-reprendre-le-combat-avec-laurent-gbagbo#primaryimage"},"thumbnailUrl":"https:\/\/static.africa-press.net\/cote\/sites\/43\/2021\/08\/img-6113c3be9090a.jpg","datePublished":"2021-08-11T13:41:18+00:00","dateModified":"2021-08-11T21:09:14+00:00","author":{"@id":"https:\/\/www.africa-press.net\/cotedivoire\/#\/schema\/person\/2b1cf3cd81a31e3cd26889ca66d677f1"},"description":"Lu pour vous Lettre ouverte \u00e0 MK ! Prof. Mamadou Koulibaly, Vous savez tout le respect que je vous voue pour votre gr ...","breadcrumb":{"@id":"https:\/\/www.africa-press.net\/cotedivoire\/politique\/cote-divoire-koulibaly-invite-a-reprendre-le-combat-avec-laurent-gbagbo#breadcrumb"},"inLanguage":"fr-FR","potentialAction":[{"@type":"ReadAction","target":["https:\/\/www.africa-press.net\/cotedivoire\/politique\/cote-divoire-koulibaly-invite-a-reprendre-le-combat-avec-laurent-gbagbo"]}]},{"@type":"ImageObject","inLanguage":"fr-FR","@id":"https:\/\/www.africa-press.net\/cotedivoire\/politique\/cote-divoire-koulibaly-invite-a-reprendre-le-combat-avec-laurent-gbagbo#primaryimage","url":"https:\/\/static.africa-press.net\/cote\/sites\/43\/2021\/08\/img-6113c3be9090a.jpg","contentUrl":"https:\/\/static.africa-press.net\/cote\/sites\/43\/2021\/08\/img-6113c3be9090a.jpg","width":720,"height":517,"caption":"C\u00f4te-d\u2019Ivoire: Koulibaly invit\u00e9 \u00e0 reprendre le combat avec Laurent Gbagbo"},{"@type":"BreadcrumbList","@id":"https:\/\/www.africa-press.net\/cotedivoire\/politique\/cote-divoire-koulibaly-invite-a-reprendre-le-combat-avec-laurent-gbagbo#breadcrumb","itemListElement":[{"@type":"ListItem","position":1,"name":"Accueil","item":"https:\/\/www.africa-press.net\/cotedivoire\/"},{"@type":"ListItem","position":2,"name":"Koulibaly invit\u00e9 \u00e0 reprendre le combat avec Laurent Gbagbo"}]},{"@type":"WebSite","@id":"https:\/\/www.africa-press.net\/cotedivoire\/#website","url":"https:\/\/www.africa-press.net\/cotedivoire\/","name":"C\u00f4te d&#039;Ivoire","description":"Just another Africa News Agency Sites site","potentialAction":[{"@type":"SearchAction","target":{"@type":"EntryPoint","urlTemplate":"https:\/\/www.africa-press.net\/cotedivoire\/?s={search_term_string}"},"query-input":{"@type":"PropertyValueSpecification","valueRequired":true,"valueName":"search_term_string"}}],"inLanguage":"fr-FR"},{"@type":"Person","@id":"https:\/\/www.africa-press.net\/cotedivoire\/#\/schema\/person\/2b1cf3cd81a31e3cd26889ca66d677f1","name":"cfeditorfr"}]}},"_links":{"self":[{"href":"https:\/\/www.africa-press.net\/cotedivoire\/wp-json\/wp\/v2\/posts\/11195","targetHints":{"allow":["GET"]}}],"collection":[{"href":"https:\/\/www.africa-press.net\/cotedivoire\/wp-json\/wp\/v2\/posts"}],"about":[{"href":"https:\/\/www.africa-press.net\/cotedivoire\/wp-json\/wp\/v2\/types\/post"}],"author":[{"embeddable":true,"href":"https:\/\/www.africa-press.net\/cotedivoire\/wp-json\/wp\/v2\/users\/82"}],"replies":[{"embeddable":true,"href":"https:\/\/www.africa-press.net\/cotedivoire\/wp-json\/wp\/v2\/comments?post=11195"}],"version-history":[{"count":0,"href":"https:\/\/www.africa-press.net\/cotedivoire\/wp-json\/wp\/v2\/posts\/11195\/revisions"}],"wp:featuredmedia":[{"embeddable":true,"href":"https:\/\/www.africa-press.net\/cotedivoire\/wp-json\/wp\/v2\/media\/11194"}],"wp:attachment":[{"href":"https:\/\/www.africa-press.net\/cotedivoire\/wp-json\/wp\/v2\/media?parent=11195"}],"wp:term":[{"taxonomy":"category","embeddable":true,"href":"https:\/\/www.africa-press.net\/cotedivoire\/wp-json\/wp\/v2\/categories?post=11195"},{"taxonomy":"post_tag","embeddable":true,"href":"https:\/\/www.africa-press.net\/cotedivoire\/wp-json\/wp\/v2\/tags?post=11195"}],"curies":[{"name":"wp","href":"https:\/\/api.w.org\/{rel}","templated":true}]}}